{"id":2012,"date":"2024-08-13T14:01:03","date_gmt":"2024-08-13T17:01:03","guid":{"rendered":"https:\/\/www.fiemg.com.br\/regional-vale-do-aco\/noticias\/fiemg-vale-do-aco-apoia-1-forum-agroindustria-legal\/"},"modified":"2024-08-13T14:01:03","modified_gmt":"2024-08-13T17:01:03","slug":"fiemg-vale-do-aco-apoia-1-forum-agroindustria-legal","status":"publish","type":"noticias","link":"https:\/\/www.fiemg.com.br\/regional-vale-do-aco\/noticias\/fiemg-vale-do-aco-apoia-1-forum-agroindustria-legal\/","title":{"rendered":"FIEMG Vale do A\u00e7o apoia 1\u00b0\u00a0F\u00f3rum Agroind\u00fastria Legal"},"content":{"rendered":"\n<figure class=\"wp-block-image aligncenter size-full is-resized\"><img fetchpriority=\"high\" decoding=\"async\" width=\"716\" height=\"436\" src=\"https:\/\/www.fiemg.com.br\/regional-vale-do-aco\/wp-content\/uploads\/sites\/22\/2024\/08\/Forum-Emater.jpg\" alt=\"\" class=\"wp-image-2014\" style=\"width:686px;height:auto\" srcset=\"https:\/\/www.fiemg.com.br\/regional-vale-do-aco\/wp-content\/uploads\/sites\/22\/2024\/08\/Forum-Emater.jpg 716w, https:\/\/www.fiemg.com.br\/regional-vale-do-aco\/wp-content\/uploads\/sites\/22\/2024\/08\/Forum-Emater-300x183.jpg 300w\" sizes=\"(max-width: 716px) 100vw, 716px\" \/><\/figure>\n\n\n\n<p><\/p>\n\n\n\n<p>Vem a\u00ed o 1\u00b0 F\u00f3rum Estadual Agroind\u00fastria Legal. A iniciativa da Emater e do Sicoob Credcooper ter\u00e1 como tema central a Legaliza\u00e7\u00e3o de Agroind\u00fastrias de Pequeno e M\u00e9dio Porte em Minas Gerais \u2013 Desafios e Oportunidades.<\/p>\n\n\n\n<p>O evento ser\u00e1 no dia 22 de Agosto, \u00e0s 13h, no audit\u00f3rio da Federa\u00e7\u00e3o das Ind\u00fastrias, em Ipatinga, com o apoio da FIEMG Regional Vale do A\u00e7o e da Ag\u00eancia de Desenvolvimento da Regi\u00e3o Metropolitana do Vale do A\u00e7o.<\/p>\n\n\n\n<p>Na oportunidade ser\u00e1 ministrada a palestra sobre o tema, com Alexandre Censi &#8211; Pesquisador da Secretaria da Agricultura, Pecu\u00e1ria e Desenvolvimento Rural do Estado do Rio Grande do Sul, Mestre em Extens\u00e3o Rural e M\u00e9dico Veterin\u00e1rio pela UFMS; seguida de pain\u00e9is com Milton Fl\u00e1vio Nunes \u2013 Gerente do Departamento T\u00e9cnico da Emater MG&nbsp; e Engenheiro Agr\u00f4nomo; Caio C\u00e9sar Coimbra \u2013 Subsecret\u00e1rio de Pol\u00edtica e Economia Agropecu\u00e1ria, Mestre em Defesa Sanit\u00e1ria Vegetal e Especialista em Planejamento Agropecu\u00e1rio; Andr\u00e9 Santos Duch \u2013 Gerente de Inspe\u00e7\u00e3o de Produtos de Origem Animal no IMA, Graduado em Medicina Veterin\u00e1ria pela PUC e Mestre em Ci\u00eancia e Tecnologia de Alimentos pela UFJF e \u00c2ngela Vieira \u2013 Diretora da Vigil\u00e2ncia Sanit\u00e1ria de Alimentos e Vigil\u00e2ncia Ambiental da Secretaria de Estado de Sa\u00fade de Minas Gerais.<\/p>\n\n\n\n<p>\u201cEsse F\u00f3rum promover\u00e1 um espa\u00e7o de escuta e constru\u00e7\u00e3o de propostas envolvendo agricultores, empreendedores, gestores e t\u00e9cnicos dos \u00f3rg\u00e3os respons\u00e1veis, visando a padroniza\u00e7\u00e3o e simplifica\u00e7\u00e3o de servi\u00e7os, garantindo ao mesmo tempo, a seguran\u00e7a dos alimentos e a legaliza\u00e7\u00e3o das agroind\u00fastrias de pequeno e m\u00e9dio porte\u201d, destaca Jo\u00e3o Batista Alves, Presidente da FIEMG Regional Vale do A\u00e7o.<\/p>\n\n\n\n<p>Interessados poder\u00e3o se inscrever&nbsp;<a href=\"https:\/\/docs.google.com\/forms\/d\/e\/1FAIpQLSd8lU5NewTttjavYvRktDO783FpppLgNPxD8fx-RZnMnMNYuA\/viewform\" target=\"_blank\" rel=\"noreferrer noopener\">neste link<\/a>. Lembrando que as vagas s\u00e3o limitadas e as inscri\u00e7\u00f5es gratuitas. Mais informa\u00e7\u00f5es: 31 97522-0170.<\/p>\n\n\n\n<p><\/p>\n\n\n\n<p><\/p>\n\n\n\n<p><em>Aline Alves Ferreira Mendon\u00e7a<\/em><br><strong>Imprensa Regional Vale do A\u00e7o<\/strong><\/p>\n","protected":false},"featured_media":2013,"template":"","categories":[15],"tags":[66,81],"class_list":["post-2012","noticias","type-noticias","status-publish","has-post-thumbnail","hentry","category-desenvolvimento-industrial","tag-fiemg","tag-industria"],"acf":[],"yoast_head":"<!-- This site is optimized with the Yoast SEO plugin v26.2 - https:\/\/yoast.com\/wordpress\/plugins\/seo\/ -->\n<title>FIEMG Vale do A\u00e7o apoia 1\u00b0\u00a0F\u00f3rum Agroind\u00fastria Legal - Regional Vale do a\u00e7o<\/title>\n<meta name=\"description\" content=\"Evento ser\u00e1 no dia 22\/08, em Ipatinga\" \/>\n<meta name=\"robots\" content=\"index, follow, max-snippet:-1, max-image-preview:large, max-video-preview:-1\" \/>\n<link rel=\"canonical\" href=\"https:\/\/www.fiemg.com.br\/regional-vale-do-aco\/noticias\/fiemg-vale-do-aco-apoia-1-forum-agroindustria-legal\/\" \/>\n<meta property=\"og:locale\" content=\"pt_BR\" \/>\n<meta property=\"og:type\" content=\"article\" \/>\n<meta property=\"og:title\" content=\"FIEMG Vale do A\u00e7o apoia 1\u00b0\u00a0F\u00f3rum Agroind\u00fastria Legal - Regional Vale do a\u00e7o\" \/>\n<meta property=\"og:description\" content=\"Evento ser\u00e1 no dia 22\/08, em Ipatinga\" \/>\n<meta property=\"og:url\" content=\"https:\/\/www.fiemg.com.br\/regional-vale-do-aco\/noticias\/fiemg-vale-do-aco-apoia-1-forum-agroindustria-legal\/\" \/>\n<meta property=\"og:site_name\" content=\"Regional Vale do a\u00e7o\" \/>\n<meta property=\"og:image\" content=\"https:\/\/www.fiemg.com.br\/regional-vale-do-aco\/wp-content\/uploads\/sites\/22\/2024\/08\/Forum-Emater-1.jpg\" \/>\n\t<meta property=\"og:image:width\" content=\"300\" \/>\n\t<meta property=\"og:image:height\" content=\"300\" \/>\n\t<meta property=\"og:image:type\" content=\"image\/jpeg\" \/>\n<meta name=\"twitter:card\" content=\"summary_large_image\" \/>\n<meta name=\"twitter:label1\" content=\"Est. tempo de leitura\" \/>\n\t<meta name=\"twitter:data1\" content=\"2 minutos\" \/>\n<script type=\"application\/ld+json\" class=\"yoast-schema-graph\">{\"@context\":\"https:\/\/schema.org\",\"@graph\":[{\"@type\":\"WebPage\",\"@id\":\"https:\/\/www.fiemg.com.br\/regional-vale-do-aco\/noticias\/fiemg-vale-do-aco-apoia-1-forum-agroindustria-legal\/\",\"url\":\"https:\/\/www.fiemg.com.br\/regional-vale-do-aco\/noticias\/fiemg-vale-do-aco-apoia-1-forum-agroindustria-legal\/\",\"name\":\"FIEMG Vale do A\u00e7o apoia 1\u00b0\u00a0F\u00f3rum Agroind\u00fastria Legal - Regional Vale do a\u00e7o\",\"isPartOf\":{\"@id\":\"https:\/\/www.fiemg.com.br\/regional-vale-do-aco\/#website\"},\"primaryImageOfPage\":{\"@id\":\"https:\/\/www.fiemg.com.br\/regional-vale-do-aco\/noticias\/fiemg-vale-do-aco-apoia-1-forum-agroindustria-legal\/#primaryimage\"},\"image\":{\"@id\":\"https:\/\/www.fiemg.com.br\/regional-vale-do-aco\/noticias\/fiemg-vale-do-aco-apoia-1-forum-agroindustria-legal\/#primaryimage\"},\"thumbnailUrl\":\"https:\/\/www.fiemg.com.br\/regional-vale-do-aco\/wp-content\/uploads\/sites\/22\/2024\/08\/Forum-Emater-1.jpg\",\"datePublished\":\"2024-08-13T17:01:03+00:00\",\"description\":\"Evento ser\u00e1 no dia 22\/08, em Ipatinga\",\"breadcrumb\":{\"@id\":\"https:\/\/www.fiemg.com.br\/regional-vale-do-aco\/noticias\/fiemg-vale-do-aco-apoia-1-forum-agroindustria-legal\/#breadcrumb\"},\"inLanguage\":\"pt-BR\",\"potentialAction\":[{\"@type\":\"ReadAction\",\"target\":[\"https:\/\/www.fiemg.com.br\/regional-vale-do-aco\/noticias\/fiemg-vale-do-aco-apoia-1-forum-agroindustria-legal\/\"]}]},{\"@type\":\"ImageObject\",\"inLanguage\":\"pt-BR\",\"@id\":\"https:\/\/www.fiemg.com.br\/regional-vale-do-aco\/noticias\/fiemg-vale-do-aco-apoia-1-forum-agroindustria-legal\/#primaryimage\",\"url\":\"https:\/\/www.fiemg.com.br\/regional-vale-do-aco\/wp-content\/uploads\/sites\/22\/2024\/08\/Forum-Emater-1.jpg\",\"contentUrl\":\"https:\/\/www.fiemg.com.br\/regional-vale-do-aco\/wp-content\/uploads\/sites\/22\/2024\/08\/Forum-Emater-1.jpg\",\"width\":300,\"height\":300},{\"@type\":\"BreadcrumbList\",\"@id\":\"https:\/\/www.fiemg.com.br\/regional-vale-do-aco\/noticias\/fiemg-vale-do-aco-apoia-1-forum-agroindustria-legal\/#breadcrumb\",\"itemListElement\":[{\"@type\":\"ListItem\",\"position\":1,\"name\":\"In\u00edcio\",\"item\":\"https:\/\/www.fiemg.com.br\/regional-vale-do-aco\/\"},{\"@type\":\"ListItem\",\"position\":2,\"name\":\"FIEMG Vale do A\u00e7o apoia 1\u00b0\u00a0F\u00f3rum Agroind\u00fastria Legal\"}]},{\"@type\":\"WebSite\",\"@id\":\"https:\/\/www.fiemg.com.br\/regional-vale-do-aco\/#website\",\"url\":\"https:\/\/www.fiemg.com.br\/regional-vale-do-aco\/\",\"name\":\"Regional Vale do a\u00e7o\",\"description\":\"Federa\u00e7\u00e3o das Ind\u00fastrias do Estado de Minas Gerais\",\"publisher\":{\"@id\":\"https:\/\/www.fiemg.com.br\/regional-vale-do-aco\/#organization\"},\"potentialAction\":[{\"@type\":\"SearchAction\",\"target\":{\"@type\":\"EntryPoint\",\"urlTemplate\":\"https:\/\/www.fiemg.com.br\/regional-vale-do-aco\/?s={search_term_string}\"},\"query-input\":{\"@type\":\"PropertyValueSpecification\",\"valueRequired\":true,\"valueName\":\"search_term_string\"}}],\"inLanguage\":\"pt-BR\"},{\"@type\":\"Organization\",\"@id\":\"https:\/\/www.fiemg.com.br\/regional-vale-do-aco\/#organization\",\"name\":\"Regional Vale do a\u00e7o\",\"url\":\"https:\/\/www.fiemg.com.br\/regional-vale-do-aco\/\",\"logo\":{\"@type\":\"ImageObject\",\"inLanguage\":\"pt-BR\",\"@id\":\"https:\/\/www.fiemg.com.br\/regional-vale-do-aco\/#\/schema\/logo\/image\/\",\"url\":\"https:\/\/www.fiemg.com.br\/regional-vale-do-aco\/wp-content\/uploads\/sites\/22\/2023\/02\/Ativo-1.png\",\"contentUrl\":\"https:\/\/www.fiemg.com.br\/regional-vale-do-aco\/wp-content\/uploads\/sites\/22\/2023\/02\/Ativo-1.png\",\"width\":563,\"height\":149,\"caption\":\"Regional Vale do a\u00e7o\"},\"image\":{\"@id\":\"https:\/\/www.fiemg.com.br\/regional-vale-do-aco\/#\/schema\/logo\/image\/\"}}]}<\/script>\n<!-- \/ Yoast SEO plugin. -->","yoast_head_json":{"title":"FIEMG Vale do A\u00e7o apoia 1\u00b0\u00a0F\u00f3rum Agroind\u00fastria Legal - Regional Vale do a\u00e7o","description":"Evento ser\u00e1 no dia 22\/08, em Ipatinga","robots":{"index":"index","follow":"follow","max-snippet":"max-snippet:-1","max-image-preview":"max-image-preview:large","max-video-preview":"max-video-preview:-1"},"canonical":"https:\/\/www.fiemg.com.br\/regional-vale-do-aco\/noticias\/fiemg-vale-do-aco-apoia-1-forum-agroindustria-legal\/","og_locale":"pt_BR","og_type":"article","og_title":"FIEMG Vale do A\u00e7o apoia 1\u00b0\u00a0F\u00f3rum Agroind\u00fastria Legal - Regional Vale do a\u00e7o","og_description":"Evento ser\u00e1 no dia 22\/08, em Ipatinga","og_url":"https:\/\/www.fiemg.com.br\/regional-vale-do-aco\/noticias\/fiemg-vale-do-aco-apoia-1-forum-agroindustria-legal\/","og_site_name":"Regional Vale do a\u00e7o","og_image":[{"width":300,"height":300,"url":"https:\/\/www.fiemg.com.br\/regional-vale-do-aco\/wp-content\/uploads\/sites\/22\/2024\/08\/Forum-Emater-1.jpg","type":"image\/jpeg"}],"twitter_card":"summary_large_image","twitter_misc":{"Est. tempo de leitura":"2 minutos"},"schema":{"@context":"https:\/\/schema.org","@graph":[{"@type":"WebPage","@id":"https:\/\/www.fiemg.com.br\/regional-vale-do-aco\/noticias\/fiemg-vale-do-aco-apoia-1-forum-agroindustria-legal\/","url":"https:\/\/www.fiemg.com.br\/regional-vale-do-aco\/noticias\/fiemg-vale-do-aco-apoia-1-forum-agroindustria-legal\/","name":"FIEMG Vale do A\u00e7o apoia 1\u00b0\u00a0F\u00f3rum Agroind\u00fastria Legal - Regional Vale do a\u00e7o","isPartOf":{"@id":"https:\/\/www.fiemg.com.br\/regional-vale-do-aco\/#website"},"primaryImageOfPage":{"@id":"https:\/\/www.fiemg.com.br\/regional-vale-do-aco\/noticias\/fiemg-vale-do-aco-apoia-1-forum-agroindustria-legal\/#primaryimage"},"image":{"@id":"https:\/\/www.fiemg.com.br\/regional-vale-do-aco\/noticias\/fiemg-vale-do-aco-apoia-1-forum-agroindustria-legal\/#primaryimage"},"thumbnailUrl":"https:\/\/www.fiemg.com.br\/regional-vale-do-aco\/wp-content\/uploads\/sites\/22\/2024\/08\/Forum-Emater-1.jpg","datePublished":"2024-08-13T17:01:03+00:00","description":"Evento ser\u00e1 no dia 22\/08, em Ipatinga","breadcrumb":{"@id":"https:\/\/www.fiemg.com.br\/regional-vale-do-aco\/noticias\/fiemg-vale-do-aco-apoia-1-forum-agroindustria-legal\/#breadcrumb"},"inLanguage":"pt-BR","potentialAction":[{"@type":"ReadAction","target":["https:\/\/www.fiemg.com.br\/regional-vale-do-aco\/noticias\/fiemg-vale-do-aco-apoia-1-forum-agroindustria-legal\/"]}]},{"@type":"ImageObject","inLanguage":"pt-BR","@id":"https:\/\/www.fiemg.com.br\/regional-vale-do-aco\/noticias\/fiemg-vale-do-aco-apoia-1-forum-agroindustria-legal\/#primaryimage","url":"https:\/\/www.fiemg.com.br\/regional-vale-do-aco\/wp-content\/uploads\/sites\/22\/2024\/08\/Forum-Emater-1.jpg","contentUrl":"https:\/\/www.fiemg.com.br\/regional-vale-do-aco\/wp-content\/uploads\/sites\/22\/2024\/08\/Forum-Emater-1.jpg","width":300,"height":300},{"@type":"BreadcrumbList","@id":"https:\/\/www.fiemg.com.br\/regional-vale-do-aco\/noticias\/fiemg-vale-do-aco-apoia-1-forum-agroindustria-legal\/#breadcrumb","itemListElement":[{"@type":"ListItem","position":1,"name":"In\u00edcio","item":"https:\/\/www.fiemg.com.br\/regional-vale-do-aco\/"},{"@type":"ListItem","position":2,"name":"FIEMG Vale do A\u00e7o apoia 1\u00b0\u00a0F\u00f3rum Agroind\u00fastria Legal"}]},{"@type":"WebSite","@id":"https:\/\/www.fiemg.com.br\/regional-vale-do-aco\/#website","url":"https:\/\/www.fiemg.com.br\/regional-vale-do-aco\/","name":"Regional Vale do a\u00e7o","description":"Federa\u00e7\u00e3o das Ind\u00fastrias do Estado de Minas Gerais","publisher":{"@id":"https:\/\/www.fiemg.com.br\/regional-vale-do-aco\/#organization"},"potentialAction":[{"@type":"SearchAction","target":{"@type":"EntryPoint","urlTemplate":"https:\/\/www.fiemg.com.br\/regional-vale-do-aco\/?s={search_term_string}"},"query-input":{"@type":"PropertyValueSpecification","valueRequired":true,"valueName":"search_term_string"}}],"inLanguage":"pt-BR"},{"@type":"Organization","@id":"https:\/\/www.fiemg.com.br\/regional-vale-do-aco\/#organization","name":"Regional Vale do a\u00e7o","url":"https:\/\/www.fiemg.com.br\/regional-vale-do-aco\/","logo":{"@type":"ImageObject","inLanguage":"pt-BR","@id":"https:\/\/www.fiemg.com.br\/regional-vale-do-aco\/#\/schema\/logo\/image\/","url":"https:\/\/www.fiemg.com.br\/regional-vale-do-aco\/wp-content\/uploads\/sites\/22\/2023\/02\/Ativo-1.png","contentUrl":"https:\/\/www.fiemg.com.br\/regional-vale-do-aco\/wp-content\/uploads\/sites\/22\/2023\/02\/Ativo-1.png","width":563,"height":149,"caption":"Regional Vale do a\u00e7o"},"image":{"@id":"https:\/\/www.fiemg.com.br\/regional-vale-do-aco\/#\/schema\/logo\/image\/"}}]}},"_links":{"self":[{"href":"https:\/\/www.fiemg.com.br\/regional-vale-do-aco\/wp-json\/wp\/v2\/noticias\/2012","targetHints":{"allow":["GET"]}}],"collection":[{"href":"https:\/\/www.fiemg.com.br\/regional-vale-do-aco\/wp-json\/wp\/v2\/noticias"}],"about":[{"href":"https:\/\/www.fiemg.com.br\/regional-vale-do-aco\/wp-json\/wp\/v2\/types\/noticias"}],"wp:featuredmedia":[{"embeddable":true,"href":"https:\/\/www.fiemg.com.br\/regional-vale-do-aco\/wp-json\/wp\/v2\/media\/2013"}],"wp:attachment":[{"href":"https:\/\/www.fiemg.com.br\/regional-vale-do-aco\/wp-json\/wp\/v2\/media?parent=2012"}],"wp:term":[{"taxonomy":"category","embeddable":true,"href":"https:\/\/www.fiemg.com.br\/regional-vale-do-aco\/wp-json\/wp\/v2\/categories?post=2012"},{"taxonomy":"post_tag","embeddable":true,"href":"https:\/\/www.fiemg.com.br\/regional-vale-do-aco\/wp-json\/wp\/v2\/tags?post=2012"}],"curies":[{"name":"wp","href":"https:\/\/api.w.org\/{rel}","templated":true}]}}