{"id":2016,"date":"2024-08-19T13:44:56","date_gmt":"2024-08-19T16:44:56","guid":{"rendered":"https:\/\/www.fiemg.com.br\/regional-vale-do-aco\/noticias\/minas-summit-no-trecho-chega-no-vale-do-aco\/"},"modified":"2024-08-19T13:44:57","modified_gmt":"2024-08-19T16:44:57","slug":"minas-summit-no-trecho-chega-no-vale-do-aco","status":"publish","type":"noticias","link":"https:\/\/www.fiemg.com.br\/regional-vale-do-aco\/noticias\/minas-summit-no-trecho-chega-no-vale-do-aco\/","title":{"rendered":"Minas Summit no Trecho chega no Vale do A\u00e7o"},"content":{"rendered":"\n<p>A FIEMG Regional Vale do A\u00e7o, em Ipatinga, ser\u00e1 palco da primeira edi\u00e7\u00e3o do Minas Summit no Trecho, no pr\u00f3ximo dia 26 de setembro, das 14h \u00e0s 20h. O evento \u00e9 uma extens\u00e3o itinerante do renomado Minas Summit, que tem por objetivo fortalecer os ecossistemas locais, levando inova\u00e7\u00e3o, conhecimento e oportunidades de desenvolvimento para a regi\u00e3o. Ao todo, 10 cidades de mineiras receber\u00e3o o evento com uma programa\u00e7\u00e3o gratuita e acess\u00edvel. <\/p>\n\n\n\n<p>Minas Summit no Trecho foi concebido para ampliar o impacto do Minas Summit, permitindo que as melhores pr\u00e1ticas, discuss\u00f5es e oportunidades geradas no evento principal sejam acess\u00edveis a uma audi\u00eancia ainda maior, diretamente nas comunidades locais. Este movimento visa transformar o potencial das regi\u00f5es em a\u00e7\u00f5es concretas que impulsionem o crescimento econ\u00f4mico e social. Em Ipatinga, a parceria com a FIEMG Regional Vale do A\u00e7o refor\u00e7a o compromisso de impulsionar o crescimento e a conex\u00e3o das comunidades locais.<\/p>\n\n\n\n<p><strong>Por que participar?<\/strong><\/p>\n\n\n\n<ul class=\"wp-block-list\">\n<li><strong>Fortalecimento dos ecossistemas regionais: <\/strong>O evento busca promover a conex\u00e3o entre diferentes atores do ecossistema local, desde startups e empresas estabelecidas at\u00e9 institui\u00e7\u00f5es de ensino e \u00f3rg\u00e3os p\u00fablicos.<\/li>\n\n\n\n<li><strong>Capacita\u00e7\u00e3o e inspira\u00e7\u00e3o: <\/strong>Com uma programa\u00e7\u00e3o diversa, o Minas Summit no Trecho oferece uma rica gama de conte\u00fados voltados para o empreendedorismo, inova\u00e7\u00e3o e desenvolvimento econ\u00f4mico, trazendo insights valiosos para todos os participantes.<\/li>\n\n\n\n<li><strong>Gratuito e acess\u00edvel: <\/strong>Acreditamos que o conhecimento e as oportunidades devem ser acess\u00edveis a todos. Por isso, o evento \u00e9 totalmente gratuito, garantindo que qualquer pessoa interessada possa participar e contribuir para o crescimento de sua regi\u00e3o.<\/li>\n\n\n\n<li><strong>Extens\u00e3o do Minas Summit: <\/strong>Leve a experi\u00eancia e o conte\u00fado de um dos maiores eventos de inova\u00e7\u00e3o de Minas Gerais para sua cidade.<\/li>\n<\/ul>\n\n\n\n<p><strong>Cidades e datas: <\/strong>O evento passar\u00e1 por 10 cidades de Minas Gerais, com in\u00edcio no dia 29 de agosto e t\u00e9rmino em 1 de outubro. Confira as cidades participantes e n\u00e3o perca a oportunidade de fazer parte dessa iniciativa pioneira.<\/p>\n\n\n\n<ul class=\"wp-block-list\">\n<li>Uberaba: 29 de agosto de 2024<\/li>\n\n\n\n<li>Uberl\u00e2ndia: 02 de setembro de 2024<\/li>\n\n\n\n<li>Patos de Minas: 03 de setembro de 2024<\/li>\n\n\n\n<li>Arax\u00e1: 05 de setembro de 2024<\/li>\n\n\n\n<li>Sete Lagoas: 10 de setembro de 2024<\/li>\n\n\n\n<li>Juiz de Fora: 12 de setembro de 2024<\/li>\n\n\n\n<li>Governador Valadares: 24 de setembro de 2024<\/li>\n\n\n\n<li>Vale do A\u00e7o: 26 de setembro de 2024<\/li>\n\n\n\n<li>Formiga: 01 de outubro de 2024<\/li>\n<\/ul>\n\n\n\n<p>Para mais informa\u00e7\u00f5es sobre o evento e como se inscrever, visite o site <a href=\"https:\/\/minassummit.com\/\">minassummit.com\/<\/a><\/p>\n","protected":false},"featured_media":2017,"template":"","categories":[15],"tags":[],"class_list":["post-2016","noticias","type-noticias","status-publish","has-post-thumbnail","hentry","category-desenvolvimento-industrial"],"acf":[],"yoast_head":"<!-- This site is optimized with the Yoast SEO plugin v26.2 - https:\/\/yoast.com\/wordpress\/plugins\/seo\/ -->\n<title>Minas Summit no Trecho chega no Vale do A\u00e7o - Regional Vale do a\u00e7o<\/title>\n<meta name=\"robots\" content=\"index, follow, max-snippet:-1, max-image-preview:large, max-video-preview:-1\" \/>\n<link rel=\"canonical\" href=\"https:\/\/www.fiemg.com.br\/regional-vale-do-aco\/noticias\/minas-summit-no-trecho-chega-no-vale-do-aco\/\" \/>\n<meta property=\"og:locale\" content=\"pt_BR\" \/>\n<meta property=\"og:type\" content=\"article\" \/>\n<meta property=\"og:title\" content=\"Minas Summit no Trecho chega no Vale do A\u00e7o - Regional Vale do a\u00e7o\" \/>\n<meta property=\"og:description\" content=\"A FIEMG Regional Vale do A\u00e7o, em Ipatinga, ser\u00e1 palco da primeira edi\u00e7\u00e3o do Minas Summit no Trecho, no pr\u00f3ximo dia 26 de setembro, das 14h \u00e0s 20h. O evento \u00e9 uma extens\u00e3o itinerante do renomado Minas Summit, que tem por objetivo fortalecer os ecossistemas locais, levando inova\u00e7\u00e3o, conhecimento e oportunidades de desenvolvimento para a [&hellip;]\" \/>\n<meta property=\"og:url\" content=\"https:\/\/www.fiemg.com.br\/regional-vale-do-aco\/noticias\/minas-summit-no-trecho-chega-no-vale-do-aco\/\" \/>\n<meta property=\"og:site_name\" content=\"Regional Vale do a\u00e7o\" \/>\n<meta property=\"article:modified_time\" content=\"2024-08-19T16:44:57+00:00\" \/>\n<meta property=\"og:image\" content=\"https:\/\/www.fiemg.com.br\/regional-vale-do-aco\/wp-content\/uploads\/sites\/22\/2024\/08\/Carrossel_ValeDoAco_01-1.png\" \/>\n\t<meta property=\"og:image:width\" content=\"1080\" \/>\n\t<meta property=\"og:image:height\" content=\"1080\" \/>\n\t<meta property=\"og:image:type\" content=\"image\/png\" \/>\n<meta name=\"twitter:card\" content=\"summary_large_image\" \/>\n<meta name=\"twitter:label1\" content=\"Est. tempo de leitura\" \/>\n\t<meta name=\"twitter:data1\" content=\"3 minutos\" \/>\n<script type=\"application\/ld+json\" class=\"yoast-schema-graph\">{\"@context\":\"https:\/\/schema.org\",\"@graph\":[{\"@type\":\"WebPage\",\"@id\":\"https:\/\/www.fiemg.com.br\/regional-vale-do-aco\/noticias\/minas-summit-no-trecho-chega-no-vale-do-aco\/\",\"url\":\"https:\/\/www.fiemg.com.br\/regional-vale-do-aco\/noticias\/minas-summit-no-trecho-chega-no-vale-do-aco\/\",\"name\":\"Minas Summit no Trecho chega no Vale do A\u00e7o - Regional Vale do a\u00e7o\",\"isPartOf\":{\"@id\":\"https:\/\/www.fiemg.com.br\/regional-vale-do-aco\/#website\"},\"primaryImageOfPage\":{\"@id\":\"https:\/\/www.fiemg.com.br\/regional-vale-do-aco\/noticias\/minas-summit-no-trecho-chega-no-vale-do-aco\/#primaryimage\"},\"image\":{\"@id\":\"https:\/\/www.fiemg.com.br\/regional-vale-do-aco\/noticias\/minas-summit-no-trecho-chega-no-vale-do-aco\/#primaryimage\"},\"thumbnailUrl\":\"https:\/\/www.fiemg.com.br\/regional-vale-do-aco\/wp-content\/uploads\/sites\/22\/2024\/08\/Carrossel_ValeDoAco_01-1.png\",\"datePublished\":\"2024-08-19T16:44:56+00:00\",\"dateModified\":\"2024-08-19T16:44:57+00:00\",\"breadcrumb\":{\"@id\":\"https:\/\/www.fiemg.com.br\/regional-vale-do-aco\/noticias\/minas-summit-no-trecho-chega-no-vale-do-aco\/#breadcrumb\"},\"inLanguage\":\"pt-BR\",\"potentialAction\":[{\"@type\":\"ReadAction\",\"target\":[\"https:\/\/www.fiemg.com.br\/regional-vale-do-aco\/noticias\/minas-summit-no-trecho-chega-no-vale-do-aco\/\"]}]},{\"@type\":\"ImageObject\",\"inLanguage\":\"pt-BR\",\"@id\":\"https:\/\/www.fiemg.com.br\/regional-vale-do-aco\/noticias\/minas-summit-no-trecho-chega-no-vale-do-aco\/#primaryimage\",\"url\":\"https:\/\/www.fiemg.com.br\/regional-vale-do-aco\/wp-content\/uploads\/sites\/22\/2024\/08\/Carrossel_ValeDoAco_01-1.png\",\"contentUrl\":\"https:\/\/www.fiemg.com.br\/regional-vale-do-aco\/wp-content\/uploads\/sites\/22\/2024\/08\/Carrossel_ValeDoAco_01-1.png\",\"width\":1080,\"height\":1080,\"caption\":\"Minas Summit no Trecho chega no Vale do A\u00e7o\"},{\"@type\":\"BreadcrumbList\",\"@id\":\"https:\/\/www.fiemg.com.br\/regional-vale-do-aco\/noticias\/minas-summit-no-trecho-chega-no-vale-do-aco\/#breadcrumb\",\"itemListElement\":[{\"@type\":\"ListItem\",\"position\":1,\"name\":\"In\u00edcio\",\"item\":\"https:\/\/www.fiemg.com.br\/regional-vale-do-aco\/\"},{\"@type\":\"ListItem\",\"position\":2,\"name\":\"Minas Summit no Trecho chega no Vale do A\u00e7o\"}]},{\"@type\":\"WebSite\",\"@id\":\"https:\/\/www.fiemg.com.br\/regional-vale-do-aco\/#website\",\"url\":\"https:\/\/www.fiemg.com.br\/regional-vale-do-aco\/\",\"name\":\"Regional Vale do a\u00e7o\",\"description\":\"Federa\u00e7\u00e3o das Ind\u00fastrias do Estado de Minas Gerais\",\"publisher\":{\"@id\":\"https:\/\/www.fiemg.com.br\/regional-vale-do-aco\/#organization\"},\"potentialAction\":[{\"@type\":\"SearchAction\",\"target\":{\"@type\":\"EntryPoint\",\"urlTemplate\":\"https:\/\/www.fiemg.com.br\/regional-vale-do-aco\/?s={search_term_string}\"},\"query-input\":{\"@type\":\"PropertyValueSpecification\",\"valueRequired\":true,\"valueName\":\"search_term_string\"}}],\"inLanguage\":\"pt-BR\"},{\"@type\":\"Organization\",\"@id\":\"https:\/\/www.fiemg.com.br\/regional-vale-do-aco\/#organization\",\"name\":\"Regional Vale do a\u00e7o\",\"url\":\"https:\/\/www.fiemg.com.br\/regional-vale-do-aco\/\",\"logo\":{\"@type\":\"ImageObject\",\"inLanguage\":\"pt-BR\",\"@id\":\"https:\/\/www.fiemg.com.br\/regional-vale-do-aco\/#\/schema\/logo\/image\/\",\"url\":\"https:\/\/www.fiemg.com.br\/regional-vale-do-aco\/wp-content\/uploads\/sites\/22\/2023\/02\/Ativo-1.png\",\"contentUrl\":\"https:\/\/www.fiemg.com.br\/regional-vale-do-aco\/wp-content\/uploads\/sites\/22\/2023\/02\/Ativo-1.png\",\"width\":563,\"height\":149,\"caption\":\"Regional Vale do a\u00e7o\"},\"image\":{\"@id\":\"https:\/\/www.fiemg.com.br\/regional-vale-do-aco\/#\/schema\/logo\/image\/\"}}]}<\/script>\n<!-- \/ Yoast SEO plugin. -->","yoast_head_json":{"title":"Minas Summit no Trecho chega no Vale do A\u00e7o - Regional Vale do a\u00e7o","robots":{"index":"index","follow":"follow","max-snippet":"max-snippet:-1","max-image-preview":"max-image-preview:large","max-video-preview":"max-video-preview:-1"},"canonical":"https:\/\/www.fiemg.com.br\/regional-vale-do-aco\/noticias\/minas-summit-no-trecho-chega-no-vale-do-aco\/","og_locale":"pt_BR","og_type":"article","og_title":"Minas Summit no Trecho chega no Vale do A\u00e7o - Regional Vale do a\u00e7o","og_description":"A FIEMG Regional Vale do A\u00e7o, em Ipatinga, ser\u00e1 palco da primeira edi\u00e7\u00e3o do Minas Summit no Trecho, no pr\u00f3ximo dia 26 de setembro, das 14h \u00e0s 20h. O evento \u00e9 uma extens\u00e3o itinerante do renomado Minas Summit, que tem por objetivo fortalecer os ecossistemas locais, levando inova\u00e7\u00e3o, conhecimento e oportunidades de desenvolvimento para a [&hellip;]","og_url":"https:\/\/www.fiemg.com.br\/regional-vale-do-aco\/noticias\/minas-summit-no-trecho-chega-no-vale-do-aco\/","og_site_name":"Regional Vale do a\u00e7o","article_modified_time":"2024-08-19T16:44:57+00:00","og_image":[{"width":1080,"height":1080,"url":"https:\/\/www.fiemg.com.br\/regional-vale-do-aco\/wp-content\/uploads\/sites\/22\/2024\/08\/Carrossel_ValeDoAco_01-1.png","type":"image\/png"}],"twitter_card":"summary_large_image","twitter_misc":{"Est. tempo de leitura":"3 minutos"},"schema":{"@context":"https:\/\/schema.org","@graph":[{"@type":"WebPage","@id":"https:\/\/www.fiemg.com.br\/regional-vale-do-aco\/noticias\/minas-summit-no-trecho-chega-no-vale-do-aco\/","url":"https:\/\/www.fiemg.com.br\/regional-vale-do-aco\/noticias\/minas-summit-no-trecho-chega-no-vale-do-aco\/","name":"Minas Summit no Trecho chega no Vale do A\u00e7o - Regional Vale do a\u00e7o","isPartOf":{"@id":"https:\/\/www.fiemg.com.br\/regional-vale-do-aco\/#website"},"primaryImageOfPage":{"@id":"https:\/\/www.fiemg.com.br\/regional-vale-do-aco\/noticias\/minas-summit-no-trecho-chega-no-vale-do-aco\/#primaryimage"},"image":{"@id":"https:\/\/www.fiemg.com.br\/regional-vale-do-aco\/noticias\/minas-summit-no-trecho-chega-no-vale-do-aco\/#primaryimage"},"thumbnailUrl":"https:\/\/www.fiemg.com.br\/regional-vale-do-aco\/wp-content\/uploads\/sites\/22\/2024\/08\/Carrossel_ValeDoAco_01-1.png","datePublished":"2024-08-19T16:44:56+00:00","dateModified":"2024-08-19T16:44:57+00:00","breadcrumb":{"@id":"https:\/\/www.fiemg.com.br\/regional-vale-do-aco\/noticias\/minas-summit-no-trecho-chega-no-vale-do-aco\/#breadcrumb"},"inLanguage":"pt-BR","potentialAction":[{"@type":"ReadAction","target":["https:\/\/www.fiemg.com.br\/regional-vale-do-aco\/noticias\/minas-summit-no-trecho-chega-no-vale-do-aco\/"]}]},{"@type":"ImageObject","inLanguage":"pt-BR","@id":"https:\/\/www.fiemg.com.br\/regional-vale-do-aco\/noticias\/minas-summit-no-trecho-chega-no-vale-do-aco\/#primaryimage","url":"https:\/\/www.fiemg.com.br\/regional-vale-do-aco\/wp-content\/uploads\/sites\/22\/2024\/08\/Carrossel_ValeDoAco_01-1.png","contentUrl":"https:\/\/www.fiemg.com.br\/regional-vale-do-aco\/wp-content\/uploads\/sites\/22\/2024\/08\/Carrossel_ValeDoAco_01-1.png","width":1080,"height":1080,"caption":"Minas Summit no Trecho chega no Vale do A\u00e7o"},{"@type":"BreadcrumbList","@id":"https:\/\/www.fiemg.com.br\/regional-vale-do-aco\/noticias\/minas-summit-no-trecho-chega-no-vale-do-aco\/#breadcrumb","itemListElement":[{"@type":"ListItem","position":1,"name":"In\u00edcio","item":"https:\/\/www.fiemg.com.br\/regional-vale-do-aco\/"},{"@type":"ListItem","position":2,"name":"Minas Summit no Trecho chega no Vale do A\u00e7o"}]},{"@type":"WebSite","@id":"https:\/\/www.fiemg.com.br\/regional-vale-do-aco\/#website","url":"https:\/\/www.fiemg.com.br\/regional-vale-do-aco\/","name":"Regional Vale do a\u00e7o","description":"Federa\u00e7\u00e3o das Ind\u00fastrias do Estado de Minas Gerais","publisher":{"@id":"https:\/\/www.fiemg.com.br\/regional-vale-do-aco\/#organization"},"potentialAction":[{"@type":"SearchAction","target":{"@type":"EntryPoint","urlTemplate":"https:\/\/www.fiemg.com.br\/regional-vale-do-aco\/?s={search_term_string}"},"query-input":{"@type":"PropertyValueSpecification","valueRequired":true,"valueName":"search_term_string"}}],"inLanguage":"pt-BR"},{"@type":"Organization","@id":"https:\/\/www.fiemg.com.br\/regional-vale-do-aco\/#organization","name":"Regional Vale do a\u00e7o","url":"https:\/\/www.fiemg.com.br\/regional-vale-do-aco\/","logo":{"@type":"ImageObject","inLanguage":"pt-BR","@id":"https:\/\/www.fiemg.com.br\/regional-vale-do-aco\/#\/schema\/logo\/image\/","url":"https:\/\/www.fiemg.com.br\/regional-vale-do-aco\/wp-content\/uploads\/sites\/22\/2023\/02\/Ativo-1.png","contentUrl":"https:\/\/www.fiemg.com.br\/regional-vale-do-aco\/wp-content\/uploads\/sites\/22\/2023\/02\/Ativo-1.png","width":563,"height":149,"caption":"Regional Vale do a\u00e7o"},"image":{"@id":"https:\/\/www.fiemg.com.br\/regional-vale-do-aco\/#\/schema\/logo\/image\/"}}]}},"_links":{"self":[{"href":"https:\/\/www.fiemg.com.br\/regional-vale-do-aco\/wp-json\/wp\/v2\/noticias\/2016","targetHints":{"allow":["GET"]}}],"collection":[{"href":"https:\/\/www.fiemg.com.br\/regional-vale-do-aco\/wp-json\/wp\/v2\/noticias"}],"about":[{"href":"https:\/\/www.fiemg.com.br\/regional-vale-do-aco\/wp-json\/wp\/v2\/types\/noticias"}],"wp:featuredmedia":[{"embeddable":true,"href":"https:\/\/www.fiemg.com.br\/regional-vale-do-aco\/wp-json\/wp\/v2\/media\/2017"}],"wp:attachment":[{"href":"https:\/\/www.fiemg.com.br\/regional-vale-do-aco\/wp-json\/wp\/v2\/media?parent=2016"}],"wp:term":[{"taxonomy":"category","embeddable":true,"href":"https:\/\/www.fiemg.com.br\/regional-vale-do-aco\/wp-json\/wp\/v2\/categories?post=2016"},{"taxonomy":"post_tag","embeddable":true,"href":"https:\/\/www.fiemg.com.br\/regional-vale-do-aco\/wp-json\/wp\/v2\/tags?post=2016"}],"curies":[{"name":"wp","href":"https:\/\/api.w.org\/{rel}","templated":true}]}}