{"id":2057,"date":"2024-10-01T15:49:00","date_gmt":"2024-10-01T18:49:00","guid":{"rendered":"https:\/\/www.fiemg.com.br\/regional-vale-do-aco\/?post_type=noticias&#038;p=2057"},"modified":"2024-10-08T16:53:58","modified_gmt":"2024-10-08T19:53:58","slug":"7a-edicao-do-conecta-abordara-inteligencia-artificial-e-seus-impactos-na-cultura-organizacional","status":"publish","type":"noticias","link":"https:\/\/www.fiemg.com.br\/regional-vale-do-aco\/noticias\/7a-edicao-do-conecta-abordara-inteligencia-artificial-e-seus-impactos-na-cultura-organizacional\/","title":{"rendered":"7\u00aa edi\u00e7\u00e3o do Conecta abordar\u00e1 Intelig\u00eancia Artificial e seus impactos na Cultura Organizacional"},"content":{"rendered":"\n<p>A Intelig\u00eancia Artificial seus benef\u00edcios e impactos e o processo de mudan\u00e7a na cultura organizacional das empresas ser\u00e3o o tema da 7\u00aa edi\u00e7\u00e3o do Conecta, iniciativa do grupo t\u00e9cnico de Recursos Humanos do Conselho Estrat\u00e9gico daFIEMG Vale do A\u00e7o, composto pela ArcelorMittal Monlevade, Aperam, Cenibra e Usiminas. &nbsp;O evento ser\u00e1 no dia 09 de outubro, das 8h \u00e0s 12h30, na sede da FIEMG, em Ipatinga. Interessados poder\u00e3o se inscrever, gratuitamente, pelo Sympla, atrav\u00e9s&nbsp;<a rel=\"noreferrer noopener\" target=\"_blank\" href=\"https:\/\/www.sympla.com.br\/evento\/conecta-2024-inovar-para-sobreviver-e-prosperar\/2625620?_gl=1*2rinlr*_gcl_au*MzcyOTQ5MTYxLjE3MjQyNTYyMTY.*_ga*MTQ2NjI5NDgyMy4xNzE2MjI1MDM5*_ga_KXH10SQTZF*MTcyNjA3MDA5Mi4xNS4xLjE3MjYwNzIxMDkuMzkuMC4xMTMzMDcyNDA3\">deste link<\/a>.<\/p>\n\n\n\n<p>\u201cEste ano discutiremos os desafios e oportunidades da intelig\u00eancia artificial, como as empresas est\u00e3o lidando com as transforma\u00e7\u00f5es provocadas pelas novas tecnologias, destacando a relev\u00e2ncia da intelig\u00eancia artificial, incluindo o ChatGPT, e suas implica\u00e7\u00f5es nas ind\u00fastrias, a mudan\u00e7a no perfil profissional e o processo de mudan\u00e7a cultural que as empresas est\u00e3o promovendo para sobreviver e prosperar\u201d, explica Nicolas da Silva, Assistente T\u00e9cnico da FIEMG Regional Vale do A\u00e7o.<\/p>\n\n\n\n<p>O Conecta 2024 \u00e9 uma realiza\u00e7\u00e3o da FIEMG Regional Vale do A\u00e7o, ArcelorMittal Monlevade, Aperam, Cenibra e Usiminas; com Apoio da Confedera\u00e7\u00e3o Nacional das Ind\u00fastrias (CNI), Funda\u00e7\u00e3o S\u00e3o Francisco Xavier (FSFX), Deeple e Patroc\u00ednio da Vale e Thermon.<\/p>\n\n\n\n<p><strong><em>Origem<\/em><\/strong><\/p>\n\n\n\n<p>Criado em 2018, o Conecta surgiu da necessidade das empresas \u00e2ncoras em ter no Vale do A\u00e7o um evento exclusivo que promova integra\u00e7\u00e3o e capacita\u00e7\u00e3o, alinhado \u00e0s melhores pr\u00e1ticas, al\u00e9m do ensejo para discutir desafios e oportunidades que gerem resultados e crescimento para as ind\u00fastrias e para a cadeia produtiva.<\/p>\n\n\n\n<p>Mais informa\u00e7\u00f5es sobre o Conecta: 31 3822-1414 ou&nbsp;<a href=\"mailto:regional-va@fiemg.com.br\">regional-va@fiemg.com.br<\/a><\/p>\n","protected":false},"featured_media":2058,"template":"","categories":[15],"tags":[],"class_list":["post-2057","noticias","type-noticias","status-publish","has-post-thumbnail","hentry","category-desenvolvimento-industrial"],"acf":[],"yoast_head":"<!-- This site is optimized with the Yoast SEO plugin v26.2 - https:\/\/yoast.com\/wordpress\/plugins\/seo\/ -->\n<title>7\u00aa edi\u00e7\u00e3o do Conecta abordar\u00e1 Intelig\u00eancia Artificial e seus impactos na Cultura Organizacional - Regional Vale do a\u00e7o<\/title>\n<meta name=\"robots\" content=\"index, follow, max-snippet:-1, max-image-preview:large, max-video-preview:-1\" \/>\n<link rel=\"canonical\" href=\"https:\/\/www.fiemg.com.br\/regional-vale-do-aco\/noticias\/7a-edicao-do-conecta-abordara-inteligencia-artificial-e-seus-impactos-na-cultura-organizacional\/\" \/>\n<meta property=\"og:locale\" content=\"pt_BR\" \/>\n<meta property=\"og:type\" content=\"article\" \/>\n<meta property=\"og:title\" content=\"7\u00aa edi\u00e7\u00e3o do Conecta abordar\u00e1 Intelig\u00eancia Artificial e seus impactos na Cultura Organizacional - Regional Vale do a\u00e7o\" \/>\n<meta property=\"og:description\" content=\"A Intelig\u00eancia Artificial seus benef\u00edcios e impactos e o processo de mudan\u00e7a na cultura organizacional das empresas ser\u00e3o o tema da 7\u00aa edi\u00e7\u00e3o do Conecta, iniciativa do grupo t\u00e9cnico de Recursos Humanos do Conselho Estrat\u00e9gico daFIEMG Vale do A\u00e7o, composto pela ArcelorMittal Monlevade, Aperam, Cenibra e Usiminas. &nbsp;O evento ser\u00e1 no dia 09 de outubro, [&hellip;]\" \/>\n<meta property=\"og:url\" content=\"https:\/\/www.fiemg.com.br\/regional-vale-do-aco\/noticias\/7a-edicao-do-conecta-abordara-inteligencia-artificial-e-seus-impactos-na-cultura-organizacional\/\" \/>\n<meta property=\"og:site_name\" content=\"Regional Vale do a\u00e7o\" \/>\n<meta property=\"article:modified_time\" content=\"2024-10-08T19:53:58+00:00\" \/>\n<meta property=\"og:image\" content=\"https:\/\/www.fiemg.com.br\/regional-vale-do-aco\/wp-content\/uploads\/sites\/22\/2024\/10\/FEED.png\" \/>\n\t<meta property=\"og:image:width\" content=\"1080\" \/>\n\t<meta property=\"og:image:height\" content=\"1080\" \/>\n\t<meta property=\"og:image:type\" content=\"image\/png\" \/>\n<meta name=\"twitter:card\" content=\"summary_large_image\" \/>\n<meta name=\"twitter:label1\" content=\"Est. tempo de leitura\" \/>\n\t<meta name=\"twitter:data1\" content=\"2 minutos\" \/>\n<script type=\"application\/ld+json\" class=\"yoast-schema-graph\">{\"@context\":\"https:\/\/schema.org\",\"@graph\":[{\"@type\":\"WebPage\",\"@id\":\"https:\/\/www.fiemg.com.br\/regional-vale-do-aco\/noticias\/7a-edicao-do-conecta-abordara-inteligencia-artificial-e-seus-impactos-na-cultura-organizacional\/\",\"url\":\"https:\/\/www.fiemg.com.br\/regional-vale-do-aco\/noticias\/7a-edicao-do-conecta-abordara-inteligencia-artificial-e-seus-impactos-na-cultura-organizacional\/\",\"name\":\"7\u00aa edi\u00e7\u00e3o do Conecta abordar\u00e1 Intelig\u00eancia Artificial e seus impactos na Cultura Organizacional - Regional Vale do a\u00e7o\",\"isPartOf\":{\"@id\":\"https:\/\/www.fiemg.com.br\/regional-vale-do-aco\/#website\"},\"primaryImageOfPage\":{\"@id\":\"https:\/\/www.fiemg.com.br\/regional-vale-do-aco\/noticias\/7a-edicao-do-conecta-abordara-inteligencia-artificial-e-seus-impactos-na-cultura-organizacional\/#primaryimage\"},\"image\":{\"@id\":\"https:\/\/www.fiemg.com.br\/regional-vale-do-aco\/noticias\/7a-edicao-do-conecta-abordara-inteligencia-artificial-e-seus-impactos-na-cultura-organizacional\/#primaryimage\"},\"thumbnailUrl\":\"https:\/\/www.fiemg.com.br\/regional-vale-do-aco\/wp-content\/uploads\/sites\/22\/2024\/10\/FEED.png\",\"datePublished\":\"2024-10-01T18:49:00+00:00\",\"dateModified\":\"2024-10-08T19:53:58+00:00\",\"breadcrumb\":{\"@id\":\"https:\/\/www.fiemg.com.br\/regional-vale-do-aco\/noticias\/7a-edicao-do-conecta-abordara-inteligencia-artificial-e-seus-impactos-na-cultura-organizacional\/#breadcrumb\"},\"inLanguage\":\"pt-BR\",\"potentialAction\":[{\"@type\":\"ReadAction\",\"target\":[\"https:\/\/www.fiemg.com.br\/regional-vale-do-aco\/noticias\/7a-edicao-do-conecta-abordara-inteligencia-artificial-e-seus-impactos-na-cultura-organizacional\/\"]}]},{\"@type\":\"ImageObject\",\"inLanguage\":\"pt-BR\",\"@id\":\"https:\/\/www.fiemg.com.br\/regional-vale-do-aco\/noticias\/7a-edicao-do-conecta-abordara-inteligencia-artificial-e-seus-impactos-na-cultura-organizacional\/#primaryimage\",\"url\":\"https:\/\/www.fiemg.com.br\/regional-vale-do-aco\/wp-content\/uploads\/sites\/22\/2024\/10\/FEED.png\",\"contentUrl\":\"https:\/\/www.fiemg.com.br\/regional-vale-do-aco\/wp-content\/uploads\/sites\/22\/2024\/10\/FEED.png\",\"width\":1080,\"height\":1080},{\"@type\":\"BreadcrumbList\",\"@id\":\"https:\/\/www.fiemg.com.br\/regional-vale-do-aco\/noticias\/7a-edicao-do-conecta-abordara-inteligencia-artificial-e-seus-impactos-na-cultura-organizacional\/#breadcrumb\",\"itemListElement\":[{\"@type\":\"ListItem\",\"position\":1,\"name\":\"In\u00edcio\",\"item\":\"https:\/\/www.fiemg.com.br\/regional-vale-do-aco\/\"},{\"@type\":\"ListItem\",\"position\":2,\"name\":\"7\u00aa edi\u00e7\u00e3o do Conecta abordar\u00e1 Intelig\u00eancia Artificial e seus impactos na Cultura Organizacional\"}]},{\"@type\":\"WebSite\",\"@id\":\"https:\/\/www.fiemg.com.br\/regional-vale-do-aco\/#website\",\"url\":\"https:\/\/www.fiemg.com.br\/regional-vale-do-aco\/\",\"name\":\"Regional Vale do a\u00e7o\",\"description\":\"Federa\u00e7\u00e3o das Ind\u00fastrias do Estado de Minas Gerais\",\"publisher\":{\"@id\":\"https:\/\/www.fiemg.com.br\/regional-vale-do-aco\/#organization\"},\"potentialAction\":[{\"@type\":\"SearchAction\",\"target\":{\"@type\":\"EntryPoint\",\"urlTemplate\":\"https:\/\/www.fiemg.com.br\/regional-vale-do-aco\/?s={search_term_string}\"},\"query-input\":{\"@type\":\"PropertyValueSpecification\",\"valueRequired\":true,\"valueName\":\"search_term_string\"}}],\"inLanguage\":\"pt-BR\"},{\"@type\":\"Organization\",\"@id\":\"https:\/\/www.fiemg.com.br\/regional-vale-do-aco\/#organization\",\"name\":\"Regional Vale do a\u00e7o\",\"url\":\"https:\/\/www.fiemg.com.br\/regional-vale-do-aco\/\",\"logo\":{\"@type\":\"ImageObject\",\"inLanguage\":\"pt-BR\",\"@id\":\"https:\/\/www.fiemg.com.br\/regional-vale-do-aco\/#\/schema\/logo\/image\/\",\"url\":\"https:\/\/www.fiemg.com.br\/regional-vale-do-aco\/wp-content\/uploads\/sites\/22\/2023\/02\/Ativo-1.png\",\"contentUrl\":\"https:\/\/www.fiemg.com.br\/regional-vale-do-aco\/wp-content\/uploads\/sites\/22\/2023\/02\/Ativo-1.png\",\"width\":563,\"height\":149,\"caption\":\"Regional Vale do a\u00e7o\"},\"image\":{\"@id\":\"https:\/\/www.fiemg.com.br\/regional-vale-do-aco\/#\/schema\/logo\/image\/\"}}]}<\/script>\n<!-- \/ Yoast SEO plugin. -->","yoast_head_json":{"title":"7\u00aa edi\u00e7\u00e3o do Conecta abordar\u00e1 Intelig\u00eancia Artificial e seus impactos na Cultura Organizacional - Regional Vale do a\u00e7o","robots":{"index":"index","follow":"follow","max-snippet":"max-snippet:-1","max-image-preview":"max-image-preview:large","max-video-preview":"max-video-preview:-1"},"canonical":"https:\/\/www.fiemg.com.br\/regional-vale-do-aco\/noticias\/7a-edicao-do-conecta-abordara-inteligencia-artificial-e-seus-impactos-na-cultura-organizacional\/","og_locale":"pt_BR","og_type":"article","og_title":"7\u00aa edi\u00e7\u00e3o do Conecta abordar\u00e1 Intelig\u00eancia Artificial e seus impactos na Cultura Organizacional - Regional Vale do a\u00e7o","og_description":"A Intelig\u00eancia Artificial seus benef\u00edcios e impactos e o processo de mudan\u00e7a na cultura organizacional das empresas ser\u00e3o o tema da 7\u00aa edi\u00e7\u00e3o do Conecta, iniciativa do grupo t\u00e9cnico de Recursos Humanos do Conselho Estrat\u00e9gico daFIEMG Vale do A\u00e7o, composto pela ArcelorMittal Monlevade, Aperam, Cenibra e Usiminas. &nbsp;O evento ser\u00e1 no dia 09 de outubro, [&hellip;]","og_url":"https:\/\/www.fiemg.com.br\/regional-vale-do-aco\/noticias\/7a-edicao-do-conecta-abordara-inteligencia-artificial-e-seus-impactos-na-cultura-organizacional\/","og_site_name":"Regional Vale do a\u00e7o","article_modified_time":"2024-10-08T19:53:58+00:00","og_image":[{"width":1080,"height":1080,"url":"https:\/\/www.fiemg.com.br\/regional-vale-do-aco\/wp-content\/uploads\/sites\/22\/2024\/10\/FEED.png","type":"image\/png"}],"twitter_card":"summary_large_image","twitter_misc":{"Est. tempo de leitura":"2 minutos"},"schema":{"@context":"https:\/\/schema.org","@graph":[{"@type":"WebPage","@id":"https:\/\/www.fiemg.com.br\/regional-vale-do-aco\/noticias\/7a-edicao-do-conecta-abordara-inteligencia-artificial-e-seus-impactos-na-cultura-organizacional\/","url":"https:\/\/www.fiemg.com.br\/regional-vale-do-aco\/noticias\/7a-edicao-do-conecta-abordara-inteligencia-artificial-e-seus-impactos-na-cultura-organizacional\/","name":"7\u00aa edi\u00e7\u00e3o do Conecta abordar\u00e1 Intelig\u00eancia Artificial e seus impactos na Cultura Organizacional - Regional Vale do a\u00e7o","isPartOf":{"@id":"https:\/\/www.fiemg.com.br\/regional-vale-do-aco\/#website"},"primaryImageOfPage":{"@id":"https:\/\/www.fiemg.com.br\/regional-vale-do-aco\/noticias\/7a-edicao-do-conecta-abordara-inteligencia-artificial-e-seus-impactos-na-cultura-organizacional\/#primaryimage"},"image":{"@id":"https:\/\/www.fiemg.com.br\/regional-vale-do-aco\/noticias\/7a-edicao-do-conecta-abordara-inteligencia-artificial-e-seus-impactos-na-cultura-organizacional\/#primaryimage"},"thumbnailUrl":"https:\/\/www.fiemg.com.br\/regional-vale-do-aco\/wp-content\/uploads\/sites\/22\/2024\/10\/FEED.png","datePublished":"2024-10-01T18:49:00+00:00","dateModified":"2024-10-08T19:53:58+00:00","breadcrumb":{"@id":"https:\/\/www.fiemg.com.br\/regional-vale-do-aco\/noticias\/7a-edicao-do-conecta-abordara-inteligencia-artificial-e-seus-impactos-na-cultura-organizacional\/#breadcrumb"},"inLanguage":"pt-BR","potentialAction":[{"@type":"ReadAction","target":["https:\/\/www.fiemg.com.br\/regional-vale-do-aco\/noticias\/7a-edicao-do-conecta-abordara-inteligencia-artificial-e-seus-impactos-na-cultura-organizacional\/"]}]},{"@type":"ImageObject","inLanguage":"pt-BR","@id":"https:\/\/www.fiemg.com.br\/regional-vale-do-aco\/noticias\/7a-edicao-do-conecta-abordara-inteligencia-artificial-e-seus-impactos-na-cultura-organizacional\/#primaryimage","url":"https:\/\/www.fiemg.com.br\/regional-vale-do-aco\/wp-content\/uploads\/sites\/22\/2024\/10\/FEED.png","contentUrl":"https:\/\/www.fiemg.com.br\/regional-vale-do-aco\/wp-content\/uploads\/sites\/22\/2024\/10\/FEED.png","width":1080,"height":1080},{"@type":"BreadcrumbList","@id":"https:\/\/www.fiemg.com.br\/regional-vale-do-aco\/noticias\/7a-edicao-do-conecta-abordara-inteligencia-artificial-e-seus-impactos-na-cultura-organizacional\/#breadcrumb","itemListElement":[{"@type":"ListItem","position":1,"name":"In\u00edcio","item":"https:\/\/www.fiemg.com.br\/regional-vale-do-aco\/"},{"@type":"ListItem","position":2,"name":"7\u00aa edi\u00e7\u00e3o do Conecta abordar\u00e1 Intelig\u00eancia Artificial e seus impactos na Cultura Organizacional"}]},{"@type":"WebSite","@id":"https:\/\/www.fiemg.com.br\/regional-vale-do-aco\/#website","url":"https:\/\/www.fiemg.com.br\/regional-vale-do-aco\/","name":"Regional Vale do a\u00e7o","description":"Federa\u00e7\u00e3o das Ind\u00fastrias do Estado de Minas Gerais","publisher":{"@id":"https:\/\/www.fiemg.com.br\/regional-vale-do-aco\/#organization"},"potentialAction":[{"@type":"SearchAction","target":{"@type":"EntryPoint","urlTemplate":"https:\/\/www.fiemg.com.br\/regional-vale-do-aco\/?s={search_term_string}"},"query-input":{"@type":"PropertyValueSpecification","valueRequired":true,"valueName":"search_term_string"}}],"inLanguage":"pt-BR"},{"@type":"Organization","@id":"https:\/\/www.fiemg.com.br\/regional-vale-do-aco\/#organization","name":"Regional Vale do a\u00e7o","url":"https:\/\/www.fiemg.com.br\/regional-vale-do-aco\/","logo":{"@type":"ImageObject","inLanguage":"pt-BR","@id":"https:\/\/www.fiemg.com.br\/regional-vale-do-aco\/#\/schema\/logo\/image\/","url":"https:\/\/www.fiemg.com.br\/regional-vale-do-aco\/wp-content\/uploads\/sites\/22\/2023\/02\/Ativo-1.png","contentUrl":"https:\/\/www.fiemg.com.br\/regional-vale-do-aco\/wp-content\/uploads\/sites\/22\/2023\/02\/Ativo-1.png","width":563,"height":149,"caption":"Regional Vale do a\u00e7o"},"image":{"@id":"https:\/\/www.fiemg.com.br\/regional-vale-do-aco\/#\/schema\/logo\/image\/"}}]}},"_links":{"self":[{"href":"https:\/\/www.fiemg.com.br\/regional-vale-do-aco\/wp-json\/wp\/v2\/noticias\/2057","targetHints":{"allow":["GET"]}}],"collection":[{"href":"https:\/\/www.fiemg.com.br\/regional-vale-do-aco\/wp-json\/wp\/v2\/noticias"}],"about":[{"href":"https:\/\/www.fiemg.com.br\/regional-vale-do-aco\/wp-json\/wp\/v2\/types\/noticias"}],"wp:featuredmedia":[{"embeddable":true,"href":"https:\/\/www.fiemg.com.br\/regional-vale-do-aco\/wp-json\/wp\/v2\/media\/2058"}],"wp:attachment":[{"href":"https:\/\/www.fiemg.com.br\/regional-vale-do-aco\/wp-json\/wp\/v2\/media?parent=2057"}],"wp:term":[{"taxonomy":"category","embeddable":true,"href":"https:\/\/www.fiemg.com.br\/regional-vale-do-aco\/wp-json\/wp\/v2\/categories?post=2057"},{"taxonomy":"post_tag","embeddable":true,"href":"https:\/\/www.fiemg.com.br\/regional-vale-do-aco\/wp-json\/wp\/v2\/tags?post=2057"}],"curies":[{"name":"wp","href":"https:\/\/api.w.org\/{rel}","templated":true}]}}