{"id":2095,"date":"2024-10-24T16:45:54","date_gmt":"2024-10-24T19:45:54","guid":{"rendered":"https:\/\/www.fiemg.com.br\/regional-vale-do-aco\/?post_type=noticias&#038;p=2095"},"modified":"2024-10-28T15:29:03","modified_gmt":"2024-10-28T18:29:03","slug":"industrias-compartilham-boas-praticas-de-confiabilidade-humana-e-gestao-do-conhecimento","status":"publish","type":"noticias","link":"https:\/\/www.fiemg.com.br\/regional-vale-do-aco\/noticias\/industrias-compartilham-boas-praticas-de-confiabilidade-humana-e-gestao-do-conhecimento\/","title":{"rendered":"Ind\u00fastrias compartilham boas pr\u00e1ticas de Confiabilidade Humana e Gest\u00e3o do Conhecimento"},"content":{"rendered":"\n<p>Confiabilidade Humana e Gest\u00e3o do Conhecimento foi o tema escolhido pelo Grupo T\u00e9cnico de Manuten\u00e7\u00e3o do Conselho Estrat\u00e9gico da FIEMG Regional Vale do A\u00e7o para um Semin\u00e1rio que aconteceu nessa quinta-feira, 23\/10, no audit\u00f3rio da entidade, em Ipatinga.<\/p>\n\n\n\n<p>O evento reuniu cerca de 400 participantes que conheceram boas pr\u00e1ticas de Confiabilidade Humana do setor de celulose, o Programa Gest\u00e3o do Conhecimento da ArcelorMittal Monlevade, o Programa de treinamento e Gest\u00e3o do Conhecimento, da Aperam, a Confiabilidade Humana na Manuten\u00e7\u00e3o Classe Mundial, &nbsp;apresentado pela Usiminas, Palestra: Comunidades de Pr\u00e1tica (CoP): Superando o desperd\u00edcio de conhecimento com o poder da colabora\u00e7\u00e3o organizacional ministrada pelo SENAI, al\u00e9m de uma mesa redonda com os Gerentes de Manuten\u00e7\u00e3o da ArcelorMittal Monlevade, Aperam, Cenibra e Usiminas e a participa\u00e7\u00e3o do Senai.<\/p>\n\n\n\n<p>Segundo Eliezer de Oliveira, Especialista em Manuten\u00e7\u00e3o na Usiminas, o objetivo foi apresentar as boas pr\u00e1ticas e a troca de experi\u00eancias realizadas entre as empresas \u00e2ncoras durante o ano, dentro do grupo de manuten\u00e7\u00e3o, compartilhar e fortalecer a ind\u00fastria da regi\u00e3o.<\/p>\n\n\n\n<p>\u201cAtingimos o nosso objetivo, tivemos um p\u00fablico expressivo de industri\u00e1rios, al\u00e9m dos alunos do Senai que fortalecem a conex\u00e3o escola-ind\u00fastria. Compartilhamos pr\u00e1ticas e conhecimentos cruciais para o setor de manuten\u00e7\u00e3o\u201d, pontuou.<\/p>\n\n\n\n<p>Ant\u00f4nio Eug\u00eanio Fernandes, Presidente do Sinpava, que na ocasi\u00e3o, representou o presidente da FIEMG, parabenizou o grupo pela iniciativa. \u201cFalar de confiabilidade humana e gest\u00e3o do conhecimento na manuten\u00e7\u00e3o \u00e9 falar de pessoas, probabilidades, seguran\u00e7a, equipamentos, falhas, tempo, condi\u00e7\u00f5es ambientais e recursos dispon\u00edveis. O grande desafio desse semin\u00e1rio \u00e9 que todos esses itens mencionados, trabalhem em sinergia gerando a eficiente gest\u00e3o do conhecimento, o aumento de confiabilidade, disponibilidade e efici\u00eancia operacional dos equipamentos, a fim obtermos benef\u00edcios como aumento da seguran\u00e7a, redu\u00e7\u00e3o de custos, melhoria na qualidade do produto e aumento da vida \u00fatil dos equipamentos\u201d, disse.<\/p>\n\n\n\n<p>Para Adilson Ferraz, Coordenador de Manuten\u00e7\u00e3o El\u00e9trica e Instrumenta\u00e7\u00e3o na Cenibra, o semin\u00e1rio propiciou o compartilhamento de experi\u00eancias. \u201cFoi gratificante compartilhar boas pr\u00e1ticas de confiabilidade humana do setor de celulose com as ind\u00fastrias da regi\u00e3o, parceiras e alunos do Senai, por meio de exemplos pr\u00e1ticos e aplicados nas \u00e1reas de projeto, opera\u00e7\u00e3o e manuten\u00e7\u00e3o. Acredito que quanto mais compartilharmos, mais vamos fortalecer nossas equipes e as ind\u00fastrias da regi\u00e3o\u201d, concluiu.<\/p>\n","protected":false},"featured_media":2097,"template":"","categories":[],"tags":[],"class_list":["post-2095","noticias","type-noticias","status-publish","has-post-thumbnail","hentry"],"acf":[],"yoast_head":"<!-- This site is optimized with the Yoast SEO plugin v26.2 - https:\/\/yoast.com\/wordpress\/plugins\/seo\/ -->\n<title>Ind\u00fastrias compartilham boas pr\u00e1ticas de Confiabilidade Humana e Gest\u00e3o do Conhecimento - Regional Vale do a\u00e7o<\/title>\n<meta name=\"robots\" content=\"index, follow, max-snippet:-1, max-image-preview:large, max-video-preview:-1\" \/>\n<link rel=\"canonical\" href=\"https:\/\/www.fiemg.com.br\/regional-vale-do-aco\/noticias\/industrias-compartilham-boas-praticas-de-confiabilidade-humana-e-gestao-do-conhecimento\/\" \/>\n<meta property=\"og:locale\" content=\"pt_BR\" \/>\n<meta property=\"og:type\" content=\"article\" \/>\n<meta property=\"og:title\" content=\"Ind\u00fastrias compartilham boas pr\u00e1ticas de Confiabilidade Humana e Gest\u00e3o do Conhecimento - Regional Vale do a\u00e7o\" \/>\n<meta property=\"og:description\" content=\"Confiabilidade Humana e Gest\u00e3o do Conhecimento foi o tema escolhido pelo Grupo T\u00e9cnico de Manuten\u00e7\u00e3o do Conselho Estrat\u00e9gico da FIEMG Regional Vale do A\u00e7o para um Semin\u00e1rio que aconteceu nessa quinta-feira, 23\/10, no audit\u00f3rio da entidade, em Ipatinga. O evento reuniu cerca de 400 participantes que conheceram boas pr\u00e1ticas de Confiabilidade Humana do setor de [&hellip;]\" \/>\n<meta property=\"og:url\" content=\"https:\/\/www.fiemg.com.br\/regional-vale-do-aco\/noticias\/industrias-compartilham-boas-praticas-de-confiabilidade-humana-e-gestao-do-conhecimento\/\" \/>\n<meta property=\"og:site_name\" content=\"Regional Vale do a\u00e7o\" \/>\n<meta property=\"article:modified_time\" content=\"2024-10-28T18:29:03+00:00\" \/>\n<meta property=\"og:image\" content=\"https:\/\/www.fiemg.com.br\/regional-vale-do-aco\/wp-content\/uploads\/sites\/22\/2024\/10\/SM-V-scaled.jpg\" \/>\n\t<meta property=\"og:image:width\" content=\"2560\" \/>\n\t<meta property=\"og:image:height\" content=\"1707\" \/>\n\t<meta property=\"og:image:type\" content=\"image\/jpeg\" \/>\n<meta name=\"twitter:card\" content=\"summary_large_image\" \/>\n<meta name=\"twitter:label1\" content=\"Est. tempo de leitura\" \/>\n\t<meta name=\"twitter:data1\" content=\"3 minutos\" \/>\n<script type=\"application\/ld+json\" class=\"yoast-schema-graph\">{\"@context\":\"https:\/\/schema.org\",\"@graph\":[{\"@type\":\"WebPage\",\"@id\":\"https:\/\/www.fiemg.com.br\/regional-vale-do-aco\/noticias\/industrias-compartilham-boas-praticas-de-confiabilidade-humana-e-gestao-do-conhecimento\/\",\"url\":\"https:\/\/www.fiemg.com.br\/regional-vale-do-aco\/noticias\/industrias-compartilham-boas-praticas-de-confiabilidade-humana-e-gestao-do-conhecimento\/\",\"name\":\"Ind\u00fastrias compartilham boas pr\u00e1ticas de Confiabilidade Humana e Gest\u00e3o do Conhecimento - Regional Vale do a\u00e7o\",\"isPartOf\":{\"@id\":\"https:\/\/www.fiemg.com.br\/regional-vale-do-aco\/#website\"},\"primaryImageOfPage\":{\"@id\":\"https:\/\/www.fiemg.com.br\/regional-vale-do-aco\/noticias\/industrias-compartilham-boas-praticas-de-confiabilidade-humana-e-gestao-do-conhecimento\/#primaryimage\"},\"image\":{\"@id\":\"https:\/\/www.fiemg.com.br\/regional-vale-do-aco\/noticias\/industrias-compartilham-boas-praticas-de-confiabilidade-humana-e-gestao-do-conhecimento\/#primaryimage\"},\"thumbnailUrl\":\"https:\/\/www.fiemg.com.br\/regional-vale-do-aco\/wp-content\/uploads\/sites\/22\/2024\/10\/SM-V-scaled.jpg\",\"datePublished\":\"2024-10-24T19:45:54+00:00\",\"dateModified\":\"2024-10-28T18:29:03+00:00\",\"breadcrumb\":{\"@id\":\"https:\/\/www.fiemg.com.br\/regional-vale-do-aco\/noticias\/industrias-compartilham-boas-praticas-de-confiabilidade-humana-e-gestao-do-conhecimento\/#breadcrumb\"},\"inLanguage\":\"pt-BR\",\"potentialAction\":[{\"@type\":\"ReadAction\",\"target\":[\"https:\/\/www.fiemg.com.br\/regional-vale-do-aco\/noticias\/industrias-compartilham-boas-praticas-de-confiabilidade-humana-e-gestao-do-conhecimento\/\"]}]},{\"@type\":\"ImageObject\",\"inLanguage\":\"pt-BR\",\"@id\":\"https:\/\/www.fiemg.com.br\/regional-vale-do-aco\/noticias\/industrias-compartilham-boas-praticas-de-confiabilidade-humana-e-gestao-do-conhecimento\/#primaryimage\",\"url\":\"https:\/\/www.fiemg.com.br\/regional-vale-do-aco\/wp-content\/uploads\/sites\/22\/2024\/10\/SM-V-scaled.jpg\",\"contentUrl\":\"https:\/\/www.fiemg.com.br\/regional-vale-do-aco\/wp-content\/uploads\/sites\/22\/2024\/10\/SM-V-scaled.jpg\",\"width\":2560,\"height\":1707},{\"@type\":\"BreadcrumbList\",\"@id\":\"https:\/\/www.fiemg.com.br\/regional-vale-do-aco\/noticias\/industrias-compartilham-boas-praticas-de-confiabilidade-humana-e-gestao-do-conhecimento\/#breadcrumb\",\"itemListElement\":[{\"@type\":\"ListItem\",\"position\":1,\"name\":\"In\u00edcio\",\"item\":\"https:\/\/www.fiemg.com.br\/regional-vale-do-aco\/\"},{\"@type\":\"ListItem\",\"position\":2,\"name\":\"Ind\u00fastrias compartilham boas pr\u00e1ticas de Confiabilidade Humana e Gest\u00e3o do Conhecimento\"}]},{\"@type\":\"WebSite\",\"@id\":\"https:\/\/www.fiemg.com.br\/regional-vale-do-aco\/#website\",\"url\":\"https:\/\/www.fiemg.com.br\/regional-vale-do-aco\/\",\"name\":\"Regional Vale do a\u00e7o\",\"description\":\"Federa\u00e7\u00e3o das Ind\u00fastrias do Estado de Minas Gerais\",\"publisher\":{\"@id\":\"https:\/\/www.fiemg.com.br\/regional-vale-do-aco\/#organization\"},\"potentialAction\":[{\"@type\":\"SearchAction\",\"target\":{\"@type\":\"EntryPoint\",\"urlTemplate\":\"https:\/\/www.fiemg.com.br\/regional-vale-do-aco\/?s={search_term_string}\"},\"query-input\":{\"@type\":\"PropertyValueSpecification\",\"valueRequired\":true,\"valueName\":\"search_term_string\"}}],\"inLanguage\":\"pt-BR\"},{\"@type\":\"Organization\",\"@id\":\"https:\/\/www.fiemg.com.br\/regional-vale-do-aco\/#organization\",\"name\":\"Regional Vale do a\u00e7o\",\"url\":\"https:\/\/www.fiemg.com.br\/regional-vale-do-aco\/\",\"logo\":{\"@type\":\"ImageObject\",\"inLanguage\":\"pt-BR\",\"@id\":\"https:\/\/www.fiemg.com.br\/regional-vale-do-aco\/#\/schema\/logo\/image\/\",\"url\":\"https:\/\/www.fiemg.com.br\/regional-vale-do-aco\/wp-content\/uploads\/sites\/22\/2023\/02\/Ativo-1.png\",\"contentUrl\":\"https:\/\/www.fiemg.com.br\/regional-vale-do-aco\/wp-content\/uploads\/sites\/22\/2023\/02\/Ativo-1.png\",\"width\":563,\"height\":149,\"caption\":\"Regional Vale do a\u00e7o\"},\"image\":{\"@id\":\"https:\/\/www.fiemg.com.br\/regional-vale-do-aco\/#\/schema\/logo\/image\/\"}}]}<\/script>\n<!-- \/ Yoast SEO plugin. -->","yoast_head_json":{"title":"Ind\u00fastrias compartilham boas pr\u00e1ticas de Confiabilidade Humana e Gest\u00e3o do Conhecimento - Regional Vale do a\u00e7o","robots":{"index":"index","follow":"follow","max-snippet":"max-snippet:-1","max-image-preview":"max-image-preview:large","max-video-preview":"max-video-preview:-1"},"canonical":"https:\/\/www.fiemg.com.br\/regional-vale-do-aco\/noticias\/industrias-compartilham-boas-praticas-de-confiabilidade-humana-e-gestao-do-conhecimento\/","og_locale":"pt_BR","og_type":"article","og_title":"Ind\u00fastrias compartilham boas pr\u00e1ticas de Confiabilidade Humana e Gest\u00e3o do Conhecimento - Regional Vale do a\u00e7o","og_description":"Confiabilidade Humana e Gest\u00e3o do Conhecimento foi o tema escolhido pelo Grupo T\u00e9cnico de Manuten\u00e7\u00e3o do Conselho Estrat\u00e9gico da FIEMG Regional Vale do A\u00e7o para um Semin\u00e1rio que aconteceu nessa quinta-feira, 23\/10, no audit\u00f3rio da entidade, em Ipatinga. O evento reuniu cerca de 400 participantes que conheceram boas pr\u00e1ticas de Confiabilidade Humana do setor de [&hellip;]","og_url":"https:\/\/www.fiemg.com.br\/regional-vale-do-aco\/noticias\/industrias-compartilham-boas-praticas-de-confiabilidade-humana-e-gestao-do-conhecimento\/","og_site_name":"Regional Vale do a\u00e7o","article_modified_time":"2024-10-28T18:29:03+00:00","og_image":[{"width":2560,"height":1707,"url":"https:\/\/www.fiemg.com.br\/regional-vale-do-aco\/wp-content\/uploads\/sites\/22\/2024\/10\/SM-V-scaled.jpg","type":"image\/jpeg"}],"twitter_card":"summary_large_image","twitter_misc":{"Est. tempo de leitura":"3 minutos"},"schema":{"@context":"https:\/\/schema.org","@graph":[{"@type":"WebPage","@id":"https:\/\/www.fiemg.com.br\/regional-vale-do-aco\/noticias\/industrias-compartilham-boas-praticas-de-confiabilidade-humana-e-gestao-do-conhecimento\/","url":"https:\/\/www.fiemg.com.br\/regional-vale-do-aco\/noticias\/industrias-compartilham-boas-praticas-de-confiabilidade-humana-e-gestao-do-conhecimento\/","name":"Ind\u00fastrias compartilham boas pr\u00e1ticas de Confiabilidade Humana e Gest\u00e3o do Conhecimento - Regional Vale do a\u00e7o","isPartOf":{"@id":"https:\/\/www.fiemg.com.br\/regional-vale-do-aco\/#website"},"primaryImageOfPage":{"@id":"https:\/\/www.fiemg.com.br\/regional-vale-do-aco\/noticias\/industrias-compartilham-boas-praticas-de-confiabilidade-humana-e-gestao-do-conhecimento\/#primaryimage"},"image":{"@id":"https:\/\/www.fiemg.com.br\/regional-vale-do-aco\/noticias\/industrias-compartilham-boas-praticas-de-confiabilidade-humana-e-gestao-do-conhecimento\/#primaryimage"},"thumbnailUrl":"https:\/\/www.fiemg.com.br\/regional-vale-do-aco\/wp-content\/uploads\/sites\/22\/2024\/10\/SM-V-scaled.jpg","datePublished":"2024-10-24T19:45:54+00:00","dateModified":"2024-10-28T18:29:03+00:00","breadcrumb":{"@id":"https:\/\/www.fiemg.com.br\/regional-vale-do-aco\/noticias\/industrias-compartilham-boas-praticas-de-confiabilidade-humana-e-gestao-do-conhecimento\/#breadcrumb"},"inLanguage":"pt-BR","potentialAction":[{"@type":"ReadAction","target":["https:\/\/www.fiemg.com.br\/regional-vale-do-aco\/noticias\/industrias-compartilham-boas-praticas-de-confiabilidade-humana-e-gestao-do-conhecimento\/"]}]},{"@type":"ImageObject","inLanguage":"pt-BR","@id":"https:\/\/www.fiemg.com.br\/regional-vale-do-aco\/noticias\/industrias-compartilham-boas-praticas-de-confiabilidade-humana-e-gestao-do-conhecimento\/#primaryimage","url":"https:\/\/www.fiemg.com.br\/regional-vale-do-aco\/wp-content\/uploads\/sites\/22\/2024\/10\/SM-V-scaled.jpg","contentUrl":"https:\/\/www.fiemg.com.br\/regional-vale-do-aco\/wp-content\/uploads\/sites\/22\/2024\/10\/SM-V-scaled.jpg","width":2560,"height":1707},{"@type":"BreadcrumbList","@id":"https:\/\/www.fiemg.com.br\/regional-vale-do-aco\/noticias\/industrias-compartilham-boas-praticas-de-confiabilidade-humana-e-gestao-do-conhecimento\/#breadcrumb","itemListElement":[{"@type":"ListItem","position":1,"name":"In\u00edcio","item":"https:\/\/www.fiemg.com.br\/regional-vale-do-aco\/"},{"@type":"ListItem","position":2,"name":"Ind\u00fastrias compartilham boas pr\u00e1ticas de Confiabilidade Humana e Gest\u00e3o do Conhecimento"}]},{"@type":"WebSite","@id":"https:\/\/www.fiemg.com.br\/regional-vale-do-aco\/#website","url":"https:\/\/www.fiemg.com.br\/regional-vale-do-aco\/","name":"Regional Vale do a\u00e7o","description":"Federa\u00e7\u00e3o das Ind\u00fastrias do Estado de Minas Gerais","publisher":{"@id":"https:\/\/www.fiemg.com.br\/regional-vale-do-aco\/#organization"},"potentialAction":[{"@type":"SearchAction","target":{"@type":"EntryPoint","urlTemplate":"https:\/\/www.fiemg.com.br\/regional-vale-do-aco\/?s={search_term_string}"},"query-input":{"@type":"PropertyValueSpecification","valueRequired":true,"valueName":"search_term_string"}}],"inLanguage":"pt-BR"},{"@type":"Organization","@id":"https:\/\/www.fiemg.com.br\/regional-vale-do-aco\/#organization","name":"Regional Vale do a\u00e7o","url":"https:\/\/www.fiemg.com.br\/regional-vale-do-aco\/","logo":{"@type":"ImageObject","inLanguage":"pt-BR","@id":"https:\/\/www.fiemg.com.br\/regional-vale-do-aco\/#\/schema\/logo\/image\/","url":"https:\/\/www.fiemg.com.br\/regional-vale-do-aco\/wp-content\/uploads\/sites\/22\/2023\/02\/Ativo-1.png","contentUrl":"https:\/\/www.fiemg.com.br\/regional-vale-do-aco\/wp-content\/uploads\/sites\/22\/2023\/02\/Ativo-1.png","width":563,"height":149,"caption":"Regional Vale do a\u00e7o"},"image":{"@id":"https:\/\/www.fiemg.com.br\/regional-vale-do-aco\/#\/schema\/logo\/image\/"}}]}},"_links":{"self":[{"href":"https:\/\/www.fiemg.com.br\/regional-vale-do-aco\/wp-json\/wp\/v2\/noticias\/2095","targetHints":{"allow":["GET"]}}],"collection":[{"href":"https:\/\/www.fiemg.com.br\/regional-vale-do-aco\/wp-json\/wp\/v2\/noticias"}],"about":[{"href":"https:\/\/www.fiemg.com.br\/regional-vale-do-aco\/wp-json\/wp\/v2\/types\/noticias"}],"wp:featuredmedia":[{"embeddable":true,"href":"https:\/\/www.fiemg.com.br\/regional-vale-do-aco\/wp-json\/wp\/v2\/media\/2097"}],"wp:attachment":[{"href":"https:\/\/www.fiemg.com.br\/regional-vale-do-aco\/wp-json\/wp\/v2\/media?parent=2095"}],"wp:term":[{"taxonomy":"category","embeddable":true,"href":"https:\/\/www.fiemg.com.br\/regional-vale-do-aco\/wp-json\/wp\/v2\/categories?post=2095"},{"taxonomy":"post_tag","embeddable":true,"href":"https:\/\/www.fiemg.com.br\/regional-vale-do-aco\/wp-json\/wp\/v2\/tags?post=2095"}],"curies":[{"name":"wp","href":"https:\/\/api.w.org\/{rel}","templated":true}]}}