{"id":2151,"date":"2024-12-20T15:02:00","date_gmt":"2024-12-20T18:02:00","guid":{"rendered":"https:\/\/www.fiemg.com.br\/regional-vale-do-aco\/?post_type=noticias&#038;p=2151"},"modified":"2024-12-20T15:02:02","modified_gmt":"2024-12-20T18:02:02","slug":"senai-certifica-129-tecnicos-em-administracao-e-eletrotecnica-no-vale-do-aco","status":"publish","type":"noticias","link":"https:\/\/www.fiemg.com.br\/regional-vale-do-aco\/noticias\/senai-certifica-129-tecnicos-em-administracao-e-eletrotecnica-no-vale-do-aco\/","title":{"rendered":"SENAI certifica 129 T\u00e9cnicos em Administra\u00e7\u00e3o e Eletrot\u00e9cnica no Vale do A\u00e7o"},"content":{"rendered":"\n<p>As Unidades SENAI de Ipatinga e Tim\u00f3teo certificaram nessa quinta-feira,19\/12, 129 t\u00e9cnicos em Administra\u00e7\u00e3o e Eletrot\u00e9cnica, atrav\u00e9s do Programa Empresa Parceira. A formatura que aconteceu no audit\u00f3rio do Centro Integrado SESI SENAI FIEMG Vale do A\u00e7o teve como Patrono o Presidente da FIEMG Regional Vale do A\u00e7o e Presidente do Sindimiva, Jo\u00e3o Batista Alves.<\/p>\n\n\n\n<p>De acordo com a Supervisora Administrativo, Andreza Lacerda, a escolha do patrono foi um consenso entre a institui\u00e7\u00e3o e os formandos. \u201cO Presidente Jo\u00e3o, al\u00e9m de ser uma inspira\u00e7\u00e3o e refer\u00eancia como l\u00edder e empres\u00e1rio, fomenta e valoriza a forma\u00e7\u00e3o t\u00e9cnica como oportunidade de desenvolvimento das pessoas e de empregabilidade nas ind\u00fastrias da regi\u00e3o\u201d, justificou.<\/p>\n\n\n\n<p>Jo\u00e3o disse que ficou honrado com o convite e desejou sucesso aos novos t\u00e9cnicos. \u201cDediquem-se em tudo que fizerem, voc\u00eas saem daqui hoje com o diploma de uma das melhores escolas profissionalizantes do pa\u00eds. Aproveitem as oportunidades com sabedoria.&nbsp;Que o conhecimento e a busca por qualifica\u00e7\u00e3o sejam constantes na vida de voc\u00eas. Meus sinceros votos de sucesso e de um futuro brilhante\u201d, desejou.<\/p>\n\n\n\n<p>Na oportunidade, o l\u00edder industrial parabenizou o Programa que t\u00eam qualificado in\u00fameros empregados e seus dependentes. \u201cO Programa Empresa parceira \u00e9 uma iniciativa muito bacana que proporciona \u00e0s ind\u00fastrias a chance de investirem no desenvolvimento de novas compet\u00eancias e habilidades de seus empregados atrav\u00e9s da forma\u00e7\u00e3o t\u00e9cnica\u201d, pontuou<\/p>\n\n\n\n<p>O Programa foi implantado no Vale do A\u00e7o em 2022 e j\u00e1 ofertou mais de 850 vagas com bolsas de estudos de 100%. Os cursos t\u00e9cnicos s\u00e3o mediados de forma semipresencial com encontros semanais e ou quinzenais e encontros pr\u00e1ticos realizados nas oficinas e laborat\u00f3rios da institui\u00e7\u00e3o. Nesta edi\u00e7\u00e3o 12 empresas foram parceiras do Programa.<\/p>\n\n\n\n<p>&#8220;Concluir o curso em Eletrot\u00e9cnica foi uma experi\u00eancia transformadora. A bolsa de estudo foi um incentivo significativo que me permitiu desenvolver habilidades t\u00e9cnicas e te\u00f3ricas em uma \u00e1rea que tenho paix\u00e3o. A pr\u00e1tica em laborat\u00f3rios equipados com tecnologia de ponta e o apoio da equipe foram fundamentais para minha forma\u00e7\u00e3o. Hoje sinto-me preparado para enfrentar os desafios do mercado de trabalho e contribuir com todo conhecimento adquirido\u201d, destacou Elbert Lima.<\/p>\n","protected":false},"featured_media":2152,"template":"","categories":[15],"tags":[],"class_list":["post-2151","noticias","type-noticias","status-publish","has-post-thumbnail","hentry","category-desenvolvimento-industrial"],"acf":[],"yoast_head":"<!-- This site is optimized with the Yoast SEO plugin v26.2 - https:\/\/yoast.com\/wordpress\/plugins\/seo\/ -->\n<title>SENAI certifica 129 T\u00e9cnicos em Administra\u00e7\u00e3o e Eletrot\u00e9cnica no Vale do A\u00e7o - Regional Vale do a\u00e7o<\/title>\n<meta name=\"robots\" content=\"index, follow, max-snippet:-1, max-image-preview:large, max-video-preview:-1\" \/>\n<link rel=\"canonical\" href=\"https:\/\/www.fiemg.com.br\/regional-vale-do-aco\/noticias\/senai-certifica-129-tecnicos-em-administracao-e-eletrotecnica-no-vale-do-aco\/\" \/>\n<meta property=\"og:locale\" content=\"pt_BR\" \/>\n<meta property=\"og:type\" content=\"article\" \/>\n<meta property=\"og:title\" content=\"SENAI certifica 129 T\u00e9cnicos em Administra\u00e7\u00e3o e Eletrot\u00e9cnica no Vale do A\u00e7o - Regional Vale do a\u00e7o\" \/>\n<meta property=\"og:description\" content=\"As Unidades SENAI de Ipatinga e Tim\u00f3teo certificaram nessa quinta-feira,19\/12, 129 t\u00e9cnicos em Administra\u00e7\u00e3o e Eletrot\u00e9cnica, atrav\u00e9s do Programa Empresa Parceira. A formatura que aconteceu no audit\u00f3rio do Centro Integrado SESI SENAI FIEMG Vale do A\u00e7o teve como Patrono o Presidente da FIEMG Regional Vale do A\u00e7o e Presidente do Sindimiva, Jo\u00e3o Batista Alves. De [&hellip;]\" \/>\n<meta property=\"og:url\" content=\"https:\/\/www.fiemg.com.br\/regional-vale-do-aco\/noticias\/senai-certifica-129-tecnicos-em-administracao-e-eletrotecnica-no-vale-do-aco\/\" \/>\n<meta property=\"og:site_name\" content=\"Regional Vale do a\u00e7o\" \/>\n<meta property=\"article:modified_time\" content=\"2024-12-20T18:02:02+00:00\" \/>\n<meta property=\"og:image\" content=\"https:\/\/www.fiemg.com.br\/regional-vale-do-aco\/wp-content\/uploads\/sites\/22\/2024\/12\/Thumb.png\" \/>\n\t<meta property=\"og:image:width\" content=\"512\" \/>\n\t<meta property=\"og:image:height\" content=\"512\" \/>\n\t<meta property=\"og:image:type\" content=\"image\/png\" \/>\n<meta name=\"twitter:card\" content=\"summary_large_image\" \/>\n<meta name=\"twitter:label1\" content=\"Est. tempo de leitura\" \/>\n\t<meta name=\"twitter:data1\" content=\"3 minutos\" \/>\n<script type=\"application\/ld+json\" class=\"yoast-schema-graph\">{\"@context\":\"https:\/\/schema.org\",\"@graph\":[{\"@type\":\"WebPage\",\"@id\":\"https:\/\/www.fiemg.com.br\/regional-vale-do-aco\/noticias\/senai-certifica-129-tecnicos-em-administracao-e-eletrotecnica-no-vale-do-aco\/\",\"url\":\"https:\/\/www.fiemg.com.br\/regional-vale-do-aco\/noticias\/senai-certifica-129-tecnicos-em-administracao-e-eletrotecnica-no-vale-do-aco\/\",\"name\":\"SENAI certifica 129 T\u00e9cnicos em Administra\u00e7\u00e3o e Eletrot\u00e9cnica no Vale do A\u00e7o - Regional Vale do a\u00e7o\",\"isPartOf\":{\"@id\":\"https:\/\/www.fiemg.com.br\/regional-vale-do-aco\/#website\"},\"primaryImageOfPage\":{\"@id\":\"https:\/\/www.fiemg.com.br\/regional-vale-do-aco\/noticias\/senai-certifica-129-tecnicos-em-administracao-e-eletrotecnica-no-vale-do-aco\/#primaryimage\"},\"image\":{\"@id\":\"https:\/\/www.fiemg.com.br\/regional-vale-do-aco\/noticias\/senai-certifica-129-tecnicos-em-administracao-e-eletrotecnica-no-vale-do-aco\/#primaryimage\"},\"thumbnailUrl\":\"https:\/\/www.fiemg.com.br\/regional-vale-do-aco\/wp-content\/uploads\/sites\/22\/2024\/12\/Thumb.png\",\"datePublished\":\"2024-12-20T18:02:00+00:00\",\"dateModified\":\"2024-12-20T18:02:02+00:00\",\"breadcrumb\":{\"@id\":\"https:\/\/www.fiemg.com.br\/regional-vale-do-aco\/noticias\/senai-certifica-129-tecnicos-em-administracao-e-eletrotecnica-no-vale-do-aco\/#breadcrumb\"},\"inLanguage\":\"pt-BR\",\"potentialAction\":[{\"@type\":\"ReadAction\",\"target\":[\"https:\/\/www.fiemg.com.br\/regional-vale-do-aco\/noticias\/senai-certifica-129-tecnicos-em-administracao-e-eletrotecnica-no-vale-do-aco\/\"]}]},{\"@type\":\"ImageObject\",\"inLanguage\":\"pt-BR\",\"@id\":\"https:\/\/www.fiemg.com.br\/regional-vale-do-aco\/noticias\/senai-certifica-129-tecnicos-em-administracao-e-eletrotecnica-no-vale-do-aco\/#primaryimage\",\"url\":\"https:\/\/www.fiemg.com.br\/regional-vale-do-aco\/wp-content\/uploads\/sites\/22\/2024\/12\/Thumb.png\",\"contentUrl\":\"https:\/\/www.fiemg.com.br\/regional-vale-do-aco\/wp-content\/uploads\/sites\/22\/2024\/12\/Thumb.png\",\"width\":512,\"height\":512},{\"@type\":\"BreadcrumbList\",\"@id\":\"https:\/\/www.fiemg.com.br\/regional-vale-do-aco\/noticias\/senai-certifica-129-tecnicos-em-administracao-e-eletrotecnica-no-vale-do-aco\/#breadcrumb\",\"itemListElement\":[{\"@type\":\"ListItem\",\"position\":1,\"name\":\"In\u00edcio\",\"item\":\"https:\/\/www.fiemg.com.br\/regional-vale-do-aco\/\"},{\"@type\":\"ListItem\",\"position\":2,\"name\":\"SENAI certifica 129 T\u00e9cnicos em Administra\u00e7\u00e3o e Eletrot\u00e9cnica no Vale do A\u00e7o\"}]},{\"@type\":\"WebSite\",\"@id\":\"https:\/\/www.fiemg.com.br\/regional-vale-do-aco\/#website\",\"url\":\"https:\/\/www.fiemg.com.br\/regional-vale-do-aco\/\",\"name\":\"Regional Vale do a\u00e7o\",\"description\":\"Federa\u00e7\u00e3o das Ind\u00fastrias do Estado de Minas Gerais\",\"publisher\":{\"@id\":\"https:\/\/www.fiemg.com.br\/regional-vale-do-aco\/#organization\"},\"potentialAction\":[{\"@type\":\"SearchAction\",\"target\":{\"@type\":\"EntryPoint\",\"urlTemplate\":\"https:\/\/www.fiemg.com.br\/regional-vale-do-aco\/?s={search_term_string}\"},\"query-input\":{\"@type\":\"PropertyValueSpecification\",\"valueRequired\":true,\"valueName\":\"search_term_string\"}}],\"inLanguage\":\"pt-BR\"},{\"@type\":\"Organization\",\"@id\":\"https:\/\/www.fiemg.com.br\/regional-vale-do-aco\/#organization\",\"name\":\"Regional Vale do a\u00e7o\",\"url\":\"https:\/\/www.fiemg.com.br\/regional-vale-do-aco\/\",\"logo\":{\"@type\":\"ImageObject\",\"inLanguage\":\"pt-BR\",\"@id\":\"https:\/\/www.fiemg.com.br\/regional-vale-do-aco\/#\/schema\/logo\/image\/\",\"url\":\"https:\/\/www.fiemg.com.br\/regional-vale-do-aco\/wp-content\/uploads\/sites\/22\/2023\/02\/Ativo-1.png\",\"contentUrl\":\"https:\/\/www.fiemg.com.br\/regional-vale-do-aco\/wp-content\/uploads\/sites\/22\/2023\/02\/Ativo-1.png\",\"width\":563,\"height\":149,\"caption\":\"Regional Vale do a\u00e7o\"},\"image\":{\"@id\":\"https:\/\/www.fiemg.com.br\/regional-vale-do-aco\/#\/schema\/logo\/image\/\"}}]}<\/script>\n<!-- \/ Yoast SEO plugin. -->","yoast_head_json":{"title":"SENAI certifica 129 T\u00e9cnicos em Administra\u00e7\u00e3o e Eletrot\u00e9cnica no Vale do A\u00e7o - Regional Vale do a\u00e7o","robots":{"index":"index","follow":"follow","max-snippet":"max-snippet:-1","max-image-preview":"max-image-preview:large","max-video-preview":"max-video-preview:-1"},"canonical":"https:\/\/www.fiemg.com.br\/regional-vale-do-aco\/noticias\/senai-certifica-129-tecnicos-em-administracao-e-eletrotecnica-no-vale-do-aco\/","og_locale":"pt_BR","og_type":"article","og_title":"SENAI certifica 129 T\u00e9cnicos em Administra\u00e7\u00e3o e Eletrot\u00e9cnica no Vale do A\u00e7o - Regional Vale do a\u00e7o","og_description":"As Unidades SENAI de Ipatinga e Tim\u00f3teo certificaram nessa quinta-feira,19\/12, 129 t\u00e9cnicos em Administra\u00e7\u00e3o e Eletrot\u00e9cnica, atrav\u00e9s do Programa Empresa Parceira. A formatura que aconteceu no audit\u00f3rio do Centro Integrado SESI SENAI FIEMG Vale do A\u00e7o teve como Patrono o Presidente da FIEMG Regional Vale do A\u00e7o e Presidente do Sindimiva, Jo\u00e3o Batista Alves. De [&hellip;]","og_url":"https:\/\/www.fiemg.com.br\/regional-vale-do-aco\/noticias\/senai-certifica-129-tecnicos-em-administracao-e-eletrotecnica-no-vale-do-aco\/","og_site_name":"Regional Vale do a\u00e7o","article_modified_time":"2024-12-20T18:02:02+00:00","og_image":[{"width":512,"height":512,"url":"https:\/\/www.fiemg.com.br\/regional-vale-do-aco\/wp-content\/uploads\/sites\/22\/2024\/12\/Thumb.png","type":"image\/png"}],"twitter_card":"summary_large_image","twitter_misc":{"Est. tempo de leitura":"3 minutos"},"schema":{"@context":"https:\/\/schema.org","@graph":[{"@type":"WebPage","@id":"https:\/\/www.fiemg.com.br\/regional-vale-do-aco\/noticias\/senai-certifica-129-tecnicos-em-administracao-e-eletrotecnica-no-vale-do-aco\/","url":"https:\/\/www.fiemg.com.br\/regional-vale-do-aco\/noticias\/senai-certifica-129-tecnicos-em-administracao-e-eletrotecnica-no-vale-do-aco\/","name":"SENAI certifica 129 T\u00e9cnicos em Administra\u00e7\u00e3o e Eletrot\u00e9cnica no Vale do A\u00e7o - Regional Vale do a\u00e7o","isPartOf":{"@id":"https:\/\/www.fiemg.com.br\/regional-vale-do-aco\/#website"},"primaryImageOfPage":{"@id":"https:\/\/www.fiemg.com.br\/regional-vale-do-aco\/noticias\/senai-certifica-129-tecnicos-em-administracao-e-eletrotecnica-no-vale-do-aco\/#primaryimage"},"image":{"@id":"https:\/\/www.fiemg.com.br\/regional-vale-do-aco\/noticias\/senai-certifica-129-tecnicos-em-administracao-e-eletrotecnica-no-vale-do-aco\/#primaryimage"},"thumbnailUrl":"https:\/\/www.fiemg.com.br\/regional-vale-do-aco\/wp-content\/uploads\/sites\/22\/2024\/12\/Thumb.png","datePublished":"2024-12-20T18:02:00+00:00","dateModified":"2024-12-20T18:02:02+00:00","breadcrumb":{"@id":"https:\/\/www.fiemg.com.br\/regional-vale-do-aco\/noticias\/senai-certifica-129-tecnicos-em-administracao-e-eletrotecnica-no-vale-do-aco\/#breadcrumb"},"inLanguage":"pt-BR","potentialAction":[{"@type":"ReadAction","target":["https:\/\/www.fiemg.com.br\/regional-vale-do-aco\/noticias\/senai-certifica-129-tecnicos-em-administracao-e-eletrotecnica-no-vale-do-aco\/"]}]},{"@type":"ImageObject","inLanguage":"pt-BR","@id":"https:\/\/www.fiemg.com.br\/regional-vale-do-aco\/noticias\/senai-certifica-129-tecnicos-em-administracao-e-eletrotecnica-no-vale-do-aco\/#primaryimage","url":"https:\/\/www.fiemg.com.br\/regional-vale-do-aco\/wp-content\/uploads\/sites\/22\/2024\/12\/Thumb.png","contentUrl":"https:\/\/www.fiemg.com.br\/regional-vale-do-aco\/wp-content\/uploads\/sites\/22\/2024\/12\/Thumb.png","width":512,"height":512},{"@type":"BreadcrumbList","@id":"https:\/\/www.fiemg.com.br\/regional-vale-do-aco\/noticias\/senai-certifica-129-tecnicos-em-administracao-e-eletrotecnica-no-vale-do-aco\/#breadcrumb","itemListElement":[{"@type":"ListItem","position":1,"name":"In\u00edcio","item":"https:\/\/www.fiemg.com.br\/regional-vale-do-aco\/"},{"@type":"ListItem","position":2,"name":"SENAI certifica 129 T\u00e9cnicos em Administra\u00e7\u00e3o e Eletrot\u00e9cnica no Vale do A\u00e7o"}]},{"@type":"WebSite","@id":"https:\/\/www.fiemg.com.br\/regional-vale-do-aco\/#website","url":"https:\/\/www.fiemg.com.br\/regional-vale-do-aco\/","name":"Regional Vale do a\u00e7o","description":"Federa\u00e7\u00e3o das Ind\u00fastrias do Estado de Minas Gerais","publisher":{"@id":"https:\/\/www.fiemg.com.br\/regional-vale-do-aco\/#organization"},"potentialAction":[{"@type":"SearchAction","target":{"@type":"EntryPoint","urlTemplate":"https:\/\/www.fiemg.com.br\/regional-vale-do-aco\/?s={search_term_string}"},"query-input":{"@type":"PropertyValueSpecification","valueRequired":true,"valueName":"search_term_string"}}],"inLanguage":"pt-BR"},{"@type":"Organization","@id":"https:\/\/www.fiemg.com.br\/regional-vale-do-aco\/#organization","name":"Regional Vale do a\u00e7o","url":"https:\/\/www.fiemg.com.br\/regional-vale-do-aco\/","logo":{"@type":"ImageObject","inLanguage":"pt-BR","@id":"https:\/\/www.fiemg.com.br\/regional-vale-do-aco\/#\/schema\/logo\/image\/","url":"https:\/\/www.fiemg.com.br\/regional-vale-do-aco\/wp-content\/uploads\/sites\/22\/2023\/02\/Ativo-1.png","contentUrl":"https:\/\/www.fiemg.com.br\/regional-vale-do-aco\/wp-content\/uploads\/sites\/22\/2023\/02\/Ativo-1.png","width":563,"height":149,"caption":"Regional Vale do a\u00e7o"},"image":{"@id":"https:\/\/www.fiemg.com.br\/regional-vale-do-aco\/#\/schema\/logo\/image\/"}}]}},"_links":{"self":[{"href":"https:\/\/www.fiemg.com.br\/regional-vale-do-aco\/wp-json\/wp\/v2\/noticias\/2151","targetHints":{"allow":["GET"]}}],"collection":[{"href":"https:\/\/www.fiemg.com.br\/regional-vale-do-aco\/wp-json\/wp\/v2\/noticias"}],"about":[{"href":"https:\/\/www.fiemg.com.br\/regional-vale-do-aco\/wp-json\/wp\/v2\/types\/noticias"}],"wp:featuredmedia":[{"embeddable":true,"href":"https:\/\/www.fiemg.com.br\/regional-vale-do-aco\/wp-json\/wp\/v2\/media\/2152"}],"wp:attachment":[{"href":"https:\/\/www.fiemg.com.br\/regional-vale-do-aco\/wp-json\/wp\/v2\/media?parent=2151"}],"wp:term":[{"taxonomy":"category","embeddable":true,"href":"https:\/\/www.fiemg.com.br\/regional-vale-do-aco\/wp-json\/wp\/v2\/categories?post=2151"},{"taxonomy":"post_tag","embeddable":true,"href":"https:\/\/www.fiemg.com.br\/regional-vale-do-aco\/wp-json\/wp\/v2\/tags?post=2151"}],"curies":[{"name":"wp","href":"https:\/\/api.w.org\/{rel}","templated":true}]}}