{"id":2184,"date":"2025-01-29T16:59:31","date_gmt":"2025-01-29T19:59:31","guid":{"rendered":"https:\/\/www.fiemg.com.br\/regional-vale-do-aco\/?post_type=noticias&#038;p=2184"},"modified":"2025-01-29T17:02:22","modified_gmt":"2025-01-29T20:02:22","slug":"bdmg-lanca-credito-emergencial-para-cidades-que-decretaram-estado-de-calamidade","status":"publish","type":"noticias","link":"https:\/\/www.fiemg.com.br\/regional-vale-do-aco\/noticias\/bdmg-lanca-credito-emergencial-para-cidades-que-decretaram-estado-de-calamidade\/","title":{"rendered":"BDMG lan\u00e7a Cr\u00e9dito Emergencial para cidades que decretaram estado de calamidade"},"content":{"rendered":"\n<p>A FIEMG Regional Vale do A\u00e7o, correspondente banc\u00e1rio BDMG, est\u00e1 disponibilizando para as micro e pequenas empresas das cidades que decretaram emerg\u00eancia ou calamidade em fun\u00e7\u00e3o das chuvas, linhas de cr\u00e9dito emergencial e com condi\u00e7\u00f5es diferenciadas.<\/p>\n\n\n\n<p>Para as micro e pequenas empresas, as condi\u00e7\u00f5es s\u00e3o diferenciadas, com taxas fixas de 0,9% ao m\u00eas, prazo de 36 meses e car\u00eancia de seis meses para come\u00e7ar a pagar. J\u00e1 as prefeituras v\u00e3o acessar os financiamentos com taxas de juros de 0,41% ou 0,49% ao m\u00eas + Selic, a depender do \u00cdndice de Desenvolvimento Humano (IDH) do munic\u00edpio, prazo de 84 meses para pagamento e car\u00eancia de 12 meses.<\/p>\n\n\n\n<p>\u201cO BDMG Solid\u00e1rio \u00e9 uma ferramenta importante que apoiar\u00e1 os munic\u00edpios da nossa regi\u00e3o que enfrentaram momentos cr\u00edticos nos \u00faltimos meses, proporcionando os recursos necess\u00e1rios para sua recupera\u00e7\u00e3o econ\u00f4mica\u201d, disse Luiz S\u00e9rgio Martins J\u00fanior, Analista de Rela\u00e7\u00f5es Empresariais da FIEMG.<\/p>\n\n\n\n<p>Mais informa\u00e7\u00f5es na FIEMG Regional Vale do A\u00e7o \u2013 Av. Pedro Linhares Gomes, 5431, Horto \u2013 Ipatinga ou &nbsp;<a href=\"mailto:lsjunior@fiemg.com.br\">lsjunior@fiemg.com.br<\/a> I 31 99775-6145.<\/p>\n","protected":false},"featured_media":2186,"template":"","categories":[],"tags":[],"class_list":["post-2184","noticias","type-noticias","status-publish","has-post-thumbnail","hentry"],"acf":[],"yoast_head":"<!-- This site is optimized with the Yoast SEO plugin v26.2 - https:\/\/yoast.com\/wordpress\/plugins\/seo\/ -->\n<title>BDMG lan\u00e7a Cr\u00e9dito Emergencial para cidades que decretaram estado de calamidade - Regional Vale do a\u00e7o<\/title>\n<meta name=\"robots\" content=\"index, follow, max-snippet:-1, max-image-preview:large, max-video-preview:-1\" \/>\n<link rel=\"canonical\" href=\"https:\/\/www.fiemg.com.br\/regional-vale-do-aco\/noticias\/bdmg-lanca-credito-emergencial-para-cidades-que-decretaram-estado-de-calamidade\/\" \/>\n<meta property=\"og:locale\" content=\"pt_BR\" \/>\n<meta property=\"og:type\" content=\"article\" \/>\n<meta property=\"og:title\" content=\"BDMG lan\u00e7a Cr\u00e9dito Emergencial para cidades que decretaram estado de calamidade - Regional Vale do a\u00e7o\" \/>\n<meta property=\"og:description\" content=\"A FIEMG Regional Vale do A\u00e7o, correspondente banc\u00e1rio BDMG, est\u00e1 disponibilizando para as micro e pequenas empresas das cidades que decretaram emerg\u00eancia ou calamidade em fun\u00e7\u00e3o das chuvas, linhas de cr\u00e9dito emergencial e com condi\u00e7\u00f5es diferenciadas. Para as micro e pequenas empresas, as condi\u00e7\u00f5es s\u00e3o diferenciadas, com taxas fixas de 0,9% ao m\u00eas, prazo de [&hellip;]\" \/>\n<meta property=\"og:url\" content=\"https:\/\/www.fiemg.com.br\/regional-vale-do-aco\/noticias\/bdmg-lanca-credito-emergencial-para-cidades-que-decretaram-estado-de-calamidade\/\" \/>\n<meta property=\"og:site_name\" content=\"Regional Vale do a\u00e7o\" \/>\n<meta property=\"article:modified_time\" content=\"2025-01-29T20:02:22+00:00\" \/>\n<meta property=\"og:image\" content=\"https:\/\/www.fiemg.com.br\/regional-vale-do-aco\/wp-content\/uploads\/sites\/22\/2025\/01\/BDMG-Solidario-IIII.png\" \/>\n\t<meta property=\"og:image:width\" content=\"805\" \/>\n\t<meta property=\"og:image:height\" content=\"659\" \/>\n\t<meta property=\"og:image:type\" content=\"image\/png\" \/>\n<meta name=\"twitter:card\" content=\"summary_large_image\" \/>\n<meta name=\"twitter:label1\" content=\"Est. tempo de leitura\" \/>\n\t<meta name=\"twitter:data1\" content=\"2 minutos\" \/>\n<script type=\"application\/ld+json\" class=\"yoast-schema-graph\">{\"@context\":\"https:\/\/schema.org\",\"@graph\":[{\"@type\":\"WebPage\",\"@id\":\"https:\/\/www.fiemg.com.br\/regional-vale-do-aco\/noticias\/bdmg-lanca-credito-emergencial-para-cidades-que-decretaram-estado-de-calamidade\/\",\"url\":\"https:\/\/www.fiemg.com.br\/regional-vale-do-aco\/noticias\/bdmg-lanca-credito-emergencial-para-cidades-que-decretaram-estado-de-calamidade\/\",\"name\":\"BDMG lan\u00e7a Cr\u00e9dito Emergencial para cidades que decretaram estado de calamidade - Regional Vale do a\u00e7o\",\"isPartOf\":{\"@id\":\"https:\/\/www.fiemg.com.br\/regional-vale-do-aco\/#website\"},\"primaryImageOfPage\":{\"@id\":\"https:\/\/www.fiemg.com.br\/regional-vale-do-aco\/noticias\/bdmg-lanca-credito-emergencial-para-cidades-que-decretaram-estado-de-calamidade\/#primaryimage\"},\"image\":{\"@id\":\"https:\/\/www.fiemg.com.br\/regional-vale-do-aco\/noticias\/bdmg-lanca-credito-emergencial-para-cidades-que-decretaram-estado-de-calamidade\/#primaryimage\"},\"thumbnailUrl\":\"https:\/\/www.fiemg.com.br\/regional-vale-do-aco\/wp-content\/uploads\/sites\/22\/2025\/01\/BDMG-Solidario-IIII.png\",\"datePublished\":\"2025-01-29T19:59:31+00:00\",\"dateModified\":\"2025-01-29T20:02:22+00:00\",\"breadcrumb\":{\"@id\":\"https:\/\/www.fiemg.com.br\/regional-vale-do-aco\/noticias\/bdmg-lanca-credito-emergencial-para-cidades-que-decretaram-estado-de-calamidade\/#breadcrumb\"},\"inLanguage\":\"pt-BR\",\"potentialAction\":[{\"@type\":\"ReadAction\",\"target\":[\"https:\/\/www.fiemg.com.br\/regional-vale-do-aco\/noticias\/bdmg-lanca-credito-emergencial-para-cidades-que-decretaram-estado-de-calamidade\/\"]}]},{\"@type\":\"ImageObject\",\"inLanguage\":\"pt-BR\",\"@id\":\"https:\/\/www.fiemg.com.br\/regional-vale-do-aco\/noticias\/bdmg-lanca-credito-emergencial-para-cidades-que-decretaram-estado-de-calamidade\/#primaryimage\",\"url\":\"https:\/\/www.fiemg.com.br\/regional-vale-do-aco\/wp-content\/uploads\/sites\/22\/2025\/01\/BDMG-Solidario-IIII.png\",\"contentUrl\":\"https:\/\/www.fiemg.com.br\/regional-vale-do-aco\/wp-content\/uploads\/sites\/22\/2025\/01\/BDMG-Solidario-IIII.png\",\"width\":805,\"height\":659},{\"@type\":\"BreadcrumbList\",\"@id\":\"https:\/\/www.fiemg.com.br\/regional-vale-do-aco\/noticias\/bdmg-lanca-credito-emergencial-para-cidades-que-decretaram-estado-de-calamidade\/#breadcrumb\",\"itemListElement\":[{\"@type\":\"ListItem\",\"position\":1,\"name\":\"In\u00edcio\",\"item\":\"https:\/\/www.fiemg.com.br\/regional-vale-do-aco\/\"},{\"@type\":\"ListItem\",\"position\":2,\"name\":\"BDMG lan\u00e7a Cr\u00e9dito Emergencial para cidades que decretaram estado de calamidade\"}]},{\"@type\":\"WebSite\",\"@id\":\"https:\/\/www.fiemg.com.br\/regional-vale-do-aco\/#website\",\"url\":\"https:\/\/www.fiemg.com.br\/regional-vale-do-aco\/\",\"name\":\"Regional Vale do a\u00e7o\",\"description\":\"Federa\u00e7\u00e3o das Ind\u00fastrias do Estado de Minas Gerais\",\"publisher\":{\"@id\":\"https:\/\/www.fiemg.com.br\/regional-vale-do-aco\/#organization\"},\"potentialAction\":[{\"@type\":\"SearchAction\",\"target\":{\"@type\":\"EntryPoint\",\"urlTemplate\":\"https:\/\/www.fiemg.com.br\/regional-vale-do-aco\/?s={search_term_string}\"},\"query-input\":{\"@type\":\"PropertyValueSpecification\",\"valueRequired\":true,\"valueName\":\"search_term_string\"}}],\"inLanguage\":\"pt-BR\"},{\"@type\":\"Organization\",\"@id\":\"https:\/\/www.fiemg.com.br\/regional-vale-do-aco\/#organization\",\"name\":\"Regional Vale do a\u00e7o\",\"url\":\"https:\/\/www.fiemg.com.br\/regional-vale-do-aco\/\",\"logo\":{\"@type\":\"ImageObject\",\"inLanguage\":\"pt-BR\",\"@id\":\"https:\/\/www.fiemg.com.br\/regional-vale-do-aco\/#\/schema\/logo\/image\/\",\"url\":\"https:\/\/www.fiemg.com.br\/regional-vale-do-aco\/wp-content\/uploads\/sites\/22\/2023\/02\/Ativo-1.png\",\"contentUrl\":\"https:\/\/www.fiemg.com.br\/regional-vale-do-aco\/wp-content\/uploads\/sites\/22\/2023\/02\/Ativo-1.png\",\"width\":563,\"height\":149,\"caption\":\"Regional Vale do a\u00e7o\"},\"image\":{\"@id\":\"https:\/\/www.fiemg.com.br\/regional-vale-do-aco\/#\/schema\/logo\/image\/\"}}]}<\/script>\n<!-- \/ Yoast SEO plugin. -->","yoast_head_json":{"title":"BDMG lan\u00e7a Cr\u00e9dito Emergencial para cidades que decretaram estado de calamidade - Regional Vale do a\u00e7o","robots":{"index":"index","follow":"follow","max-snippet":"max-snippet:-1","max-image-preview":"max-image-preview:large","max-video-preview":"max-video-preview:-1"},"canonical":"https:\/\/www.fiemg.com.br\/regional-vale-do-aco\/noticias\/bdmg-lanca-credito-emergencial-para-cidades-que-decretaram-estado-de-calamidade\/","og_locale":"pt_BR","og_type":"article","og_title":"BDMG lan\u00e7a Cr\u00e9dito Emergencial para cidades que decretaram estado de calamidade - Regional Vale do a\u00e7o","og_description":"A FIEMG Regional Vale do A\u00e7o, correspondente banc\u00e1rio BDMG, est\u00e1 disponibilizando para as micro e pequenas empresas das cidades que decretaram emerg\u00eancia ou calamidade em fun\u00e7\u00e3o das chuvas, linhas de cr\u00e9dito emergencial e com condi\u00e7\u00f5es diferenciadas. Para as micro e pequenas empresas, as condi\u00e7\u00f5es s\u00e3o diferenciadas, com taxas fixas de 0,9% ao m\u00eas, prazo de [&hellip;]","og_url":"https:\/\/www.fiemg.com.br\/regional-vale-do-aco\/noticias\/bdmg-lanca-credito-emergencial-para-cidades-que-decretaram-estado-de-calamidade\/","og_site_name":"Regional Vale do a\u00e7o","article_modified_time":"2025-01-29T20:02:22+00:00","og_image":[{"width":805,"height":659,"url":"https:\/\/www.fiemg.com.br\/regional-vale-do-aco\/wp-content\/uploads\/sites\/22\/2025\/01\/BDMG-Solidario-IIII.png","type":"image\/png"}],"twitter_card":"summary_large_image","twitter_misc":{"Est. tempo de leitura":"2 minutos"},"schema":{"@context":"https:\/\/schema.org","@graph":[{"@type":"WebPage","@id":"https:\/\/www.fiemg.com.br\/regional-vale-do-aco\/noticias\/bdmg-lanca-credito-emergencial-para-cidades-que-decretaram-estado-de-calamidade\/","url":"https:\/\/www.fiemg.com.br\/regional-vale-do-aco\/noticias\/bdmg-lanca-credito-emergencial-para-cidades-que-decretaram-estado-de-calamidade\/","name":"BDMG lan\u00e7a Cr\u00e9dito Emergencial para cidades que decretaram estado de calamidade - Regional Vale do a\u00e7o","isPartOf":{"@id":"https:\/\/www.fiemg.com.br\/regional-vale-do-aco\/#website"},"primaryImageOfPage":{"@id":"https:\/\/www.fiemg.com.br\/regional-vale-do-aco\/noticias\/bdmg-lanca-credito-emergencial-para-cidades-que-decretaram-estado-de-calamidade\/#primaryimage"},"image":{"@id":"https:\/\/www.fiemg.com.br\/regional-vale-do-aco\/noticias\/bdmg-lanca-credito-emergencial-para-cidades-que-decretaram-estado-de-calamidade\/#primaryimage"},"thumbnailUrl":"https:\/\/www.fiemg.com.br\/regional-vale-do-aco\/wp-content\/uploads\/sites\/22\/2025\/01\/BDMG-Solidario-IIII.png","datePublished":"2025-01-29T19:59:31+00:00","dateModified":"2025-01-29T20:02:22+00:00","breadcrumb":{"@id":"https:\/\/www.fiemg.com.br\/regional-vale-do-aco\/noticias\/bdmg-lanca-credito-emergencial-para-cidades-que-decretaram-estado-de-calamidade\/#breadcrumb"},"inLanguage":"pt-BR","potentialAction":[{"@type":"ReadAction","target":["https:\/\/www.fiemg.com.br\/regional-vale-do-aco\/noticias\/bdmg-lanca-credito-emergencial-para-cidades-que-decretaram-estado-de-calamidade\/"]}]},{"@type":"ImageObject","inLanguage":"pt-BR","@id":"https:\/\/www.fiemg.com.br\/regional-vale-do-aco\/noticias\/bdmg-lanca-credito-emergencial-para-cidades-que-decretaram-estado-de-calamidade\/#primaryimage","url":"https:\/\/www.fiemg.com.br\/regional-vale-do-aco\/wp-content\/uploads\/sites\/22\/2025\/01\/BDMG-Solidario-IIII.png","contentUrl":"https:\/\/www.fiemg.com.br\/regional-vale-do-aco\/wp-content\/uploads\/sites\/22\/2025\/01\/BDMG-Solidario-IIII.png","width":805,"height":659},{"@type":"BreadcrumbList","@id":"https:\/\/www.fiemg.com.br\/regional-vale-do-aco\/noticias\/bdmg-lanca-credito-emergencial-para-cidades-que-decretaram-estado-de-calamidade\/#breadcrumb","itemListElement":[{"@type":"ListItem","position":1,"name":"In\u00edcio","item":"https:\/\/www.fiemg.com.br\/regional-vale-do-aco\/"},{"@type":"ListItem","position":2,"name":"BDMG lan\u00e7a Cr\u00e9dito Emergencial para cidades que decretaram estado de calamidade"}]},{"@type":"WebSite","@id":"https:\/\/www.fiemg.com.br\/regional-vale-do-aco\/#website","url":"https:\/\/www.fiemg.com.br\/regional-vale-do-aco\/","name":"Regional Vale do a\u00e7o","description":"Federa\u00e7\u00e3o das Ind\u00fastrias do Estado de Minas Gerais","publisher":{"@id":"https:\/\/www.fiemg.com.br\/regional-vale-do-aco\/#organization"},"potentialAction":[{"@type":"SearchAction","target":{"@type":"EntryPoint","urlTemplate":"https:\/\/www.fiemg.com.br\/regional-vale-do-aco\/?s={search_term_string}"},"query-input":{"@type":"PropertyValueSpecification","valueRequired":true,"valueName":"search_term_string"}}],"inLanguage":"pt-BR"},{"@type":"Organization","@id":"https:\/\/www.fiemg.com.br\/regional-vale-do-aco\/#organization","name":"Regional Vale do a\u00e7o","url":"https:\/\/www.fiemg.com.br\/regional-vale-do-aco\/","logo":{"@type":"ImageObject","inLanguage":"pt-BR","@id":"https:\/\/www.fiemg.com.br\/regional-vale-do-aco\/#\/schema\/logo\/image\/","url":"https:\/\/www.fiemg.com.br\/regional-vale-do-aco\/wp-content\/uploads\/sites\/22\/2023\/02\/Ativo-1.png","contentUrl":"https:\/\/www.fiemg.com.br\/regional-vale-do-aco\/wp-content\/uploads\/sites\/22\/2023\/02\/Ativo-1.png","width":563,"height":149,"caption":"Regional Vale do a\u00e7o"},"image":{"@id":"https:\/\/www.fiemg.com.br\/regional-vale-do-aco\/#\/schema\/logo\/image\/"}}]}},"_links":{"self":[{"href":"https:\/\/www.fiemg.com.br\/regional-vale-do-aco\/wp-json\/wp\/v2\/noticias\/2184","targetHints":{"allow":["GET"]}}],"collection":[{"href":"https:\/\/www.fiemg.com.br\/regional-vale-do-aco\/wp-json\/wp\/v2\/noticias"}],"about":[{"href":"https:\/\/www.fiemg.com.br\/regional-vale-do-aco\/wp-json\/wp\/v2\/types\/noticias"}],"wp:featuredmedia":[{"embeddable":true,"href":"https:\/\/www.fiemg.com.br\/regional-vale-do-aco\/wp-json\/wp\/v2\/media\/2186"}],"wp:attachment":[{"href":"https:\/\/www.fiemg.com.br\/regional-vale-do-aco\/wp-json\/wp\/v2\/media?parent=2184"}],"wp:term":[{"taxonomy":"category","embeddable":true,"href":"https:\/\/www.fiemg.com.br\/regional-vale-do-aco\/wp-json\/wp\/v2\/categories?post=2184"},{"taxonomy":"post_tag","embeddable":true,"href":"https:\/\/www.fiemg.com.br\/regional-vale-do-aco\/wp-json\/wp\/v2\/tags?post=2184"}],"curies":[{"name":"wp","href":"https:\/\/api.w.org\/{rel}","templated":true}]}}