{"id":2203,"date":"2025-02-12T13:38:31","date_gmt":"2025-02-12T16:38:31","guid":{"rendered":"https:\/\/www.fiemg.com.br\/regional-vale-do-aco\/?post_type=noticias&#038;p=2203"},"modified":"2025-02-12T13:38:32","modified_gmt":"2025-02-12T16:38:32","slug":"fiemg-92-anos-impulsionando-o-desenvolvimento-de-minas-gerais","status":"publish","type":"noticias","link":"https:\/\/www.fiemg.com.br\/regional-vale-do-aco\/noticias\/fiemg-92-anos-impulsionando-o-desenvolvimento-de-minas-gerais\/","title":{"rendered":"FIEMG: 92 anos impulsionando o desenvolvimento de Minas Gerais"},"content":{"rendered":"\n<p>A Federa\u00e7\u00e3o das Ind\u00fastrias do Estado de Minas Gerais (FIEMG) completa 92 anos consolidando sua posi\u00e7\u00e3o como um dos principais motores do desenvolvimento econ\u00f4mico e social do estado. Desde 1933, a entidade acompanha e impulsiona a evolu\u00e7\u00e3o da ind\u00fastria mineira, fortalecendo a economia e gerando oportunidades para empresas e trabalhadores.<\/p>\n\n\n\n<p><strong>Da industrializa\u00e7\u00e3o ao futuro tecnol\u00f3gico<\/strong>&nbsp;\u2013 Quando o Sistema FIEMG foi fundado, a economia brasileira ainda era baseada na agricultura e na extra\u00e7\u00e3o mineral. Minas Gerais dava os primeiros passos na constru\u00e7\u00e3o de um setor industrial estruturado, com destaque para a siderurgia e a minera\u00e7\u00e3o. Hoje, o cen\u00e1rio \u00e9 outro: a ind\u00fastria mineira abra\u00e7a inova\u00e7\u00e3o e tecnologia, sendo refer\u00eancia nacional em setores como automotivo, aeroespacial, eletroeletr\u00f4nico e biotecnol\u00f3gico. A ado\u00e7\u00e3o de intelig\u00eancia artificial, automa\u00e7\u00e3o e solu\u00e7\u00f5es digitais reflete a moderniza\u00e7\u00e3o e o posicionamento do estado na vanguarda da Ind\u00fastria 4.0.<\/p>\n\n\n\n<p><strong>Educa\u00e7\u00e3o e qualifica\u00e7\u00e3o: um legado que transforma vidas<\/strong>&nbsp;\u2013 Desde a d\u00e9cada de 1940, o Sistema FIEMG investe na educa\u00e7\u00e3o, por meio do SESI-MG, e na capacita\u00e7\u00e3o profissional, atrav\u00e9s do SENAI-MG. O ensino, antes voltado para habilidades operacionais, evoluiu para uma abordagem inovadora, com metodologias digitais e aprendizado baseado em projetos. Atualmente, cerca de 250 mil alunos estudam nas escolas SESI e SENAI, sendo 80 mil em vagas gratuitas. Com esse impacto, a entidade contribui diretamente para a forma\u00e7\u00e3o de profissionais preparados para os desafios do mercado.<\/p>\n\n\n\n<p>Al\u00e9m disso, o Sistema FIEMG alcan\u00e7ou a marca hist\u00f3rica de 1 milh\u00e3o de matr\u00edculas no SENAI e prev\u00ea um investimento de mais de R$ 1,2 bilh\u00e3o na moderniza\u00e7\u00e3o do ensino em todo o estado. O incentivo \u00e0 rob\u00f3tica nas escolas j\u00e1 rendeu mais de 100 pr\u00eamios nacionais e internacionais, e a meta \u00e9 ampliar essa iniciativa para envolver 100 mil alunos em parceria com escolas municipais.<\/p>\n\n\n\n<p><strong>Atra\u00e7\u00e3o de investimentos e crescimento econ\u00f4mico<\/strong>&nbsp;\u2013 Nos \u00faltimos anos, o Sistema FIEMG tem atuado ativamente na atra\u00e7\u00e3o de investimentos para Minas Gerais. Em 2023, iniciativas como o Distrito Industrial de Brumadinho e miss\u00f5es internacionais resultaram na capta\u00e7\u00e3o de R$ 12,3 bilh\u00f5es. Para 2025, a expectativa \u00e9 de mais R$ 9,9 bilh\u00f5es em investimentos, consolidando o estado como um destino estrat\u00e9gico para neg\u00f3cios globais. Eventos como o Brazil Lithium Summit, al\u00e9m de novas miss\u00f5es para EUA, Austr\u00e1lia, China e Jap\u00e3o, fortalecem a conex\u00e3o com investidores internacionais.<\/p>\n\n\n\n<p><strong>Um compromisso com a sociedade<\/strong>&nbsp;\u2013 Muito al\u00e9m da ind\u00fastria, o Sistema FIEMG desempenha um papel essencial na defesa de pol\u00edticas p\u00fablicas que favorecem o crescimento econ\u00f4mico, apoiando micro, pequenas e m\u00e9dias empresas e promovendo a\u00e7\u00f5es que impactam diretamente a sociedade. Com 125 sindicatos filiados e a representa\u00e7\u00e3o de mais de 60 mil ind\u00fastrias, a entidade est\u00e1 presente em 85 cidades mineiras, ampliando seu alcance e influ\u00eancia.<\/p>\n\n\n\n<p>A trajet\u00f3ria do Sistema FIEMG prova que o desenvolvimento econ\u00f4mico e social caminha juntos. Ao completar 92 anos, a entidade reafirma seu compromisso com a inova\u00e7\u00e3o, a qualifica\u00e7\u00e3o profissional e a cria\u00e7\u00e3o de um ambiente de neg\u00f3cios cada vez mais din\u00e2mico e competitivo. Minas Gerais segue avan\u00e7ando, e o Sistema FIEMG continua sendo um pilar fundamental nessa jornada.<br><br><em>Denise Lucas<\/em><br><strong>Imprensa FIEMG<\/strong><\/p>\n","protected":false},"featured_media":2205,"template":"","categories":[],"tags":[],"class_list":["post-2203","noticias","type-noticias","status-publish","has-post-thumbnail","hentry"],"acf":[],"yoast_head":"<!-- This site is optimized with the Yoast SEO plugin v26.2 - https:\/\/yoast.com\/wordpress\/plugins\/seo\/ -->\n<title>FIEMG: 92 anos impulsionando o desenvolvimento de Minas Gerais - Regional Vale do a\u00e7o<\/title>\n<meta name=\"robots\" content=\"index, follow, max-snippet:-1, max-image-preview:large, max-video-preview:-1\" \/>\n<link rel=\"canonical\" href=\"https:\/\/www.fiemg.com.br\/regional-vale-do-aco\/noticias\/fiemg-92-anos-impulsionando-o-desenvolvimento-de-minas-gerais\/\" \/>\n<meta property=\"og:locale\" content=\"pt_BR\" \/>\n<meta property=\"og:type\" content=\"article\" \/>\n<meta property=\"og:title\" content=\"FIEMG: 92 anos impulsionando o desenvolvimento de Minas Gerais - Regional Vale do a\u00e7o\" \/>\n<meta property=\"og:description\" content=\"A Federa\u00e7\u00e3o das Ind\u00fastrias do Estado de Minas Gerais (FIEMG) completa 92 anos consolidando sua posi\u00e7\u00e3o como um dos principais motores do desenvolvimento econ\u00f4mico e social do estado. Desde 1933, a entidade acompanha e impulsiona a evolu\u00e7\u00e3o da ind\u00fastria mineira, fortalecendo a economia e gerando oportunidades para empresas e trabalhadores. Da industrializa\u00e7\u00e3o ao futuro tecnol\u00f3gico&nbsp;\u2013 [&hellip;]\" \/>\n<meta property=\"og:url\" content=\"https:\/\/www.fiemg.com.br\/regional-vale-do-aco\/noticias\/fiemg-92-anos-impulsionando-o-desenvolvimento-de-minas-gerais\/\" \/>\n<meta property=\"og:site_name\" content=\"Regional Vale do a\u00e7o\" \/>\n<meta property=\"article:modified_time\" content=\"2025-02-12T16:38:32+00:00\" \/>\n<meta property=\"og:image\" content=\"https:\/\/www.fiemg.com.br\/regional-vale-do-aco\/wp-content\/uploads\/sites\/22\/2025\/02\/FIEMG-92.png\" \/>\n\t<meta property=\"og:image:width\" content=\"250\" \/>\n\t<meta property=\"og:image:height\" content=\"250\" \/>\n\t<meta property=\"og:image:type\" content=\"image\/png\" \/>\n<meta name=\"twitter:card\" content=\"summary_large_image\" \/>\n<meta name=\"twitter:label1\" content=\"Est. tempo de leitura\" \/>\n\t<meta name=\"twitter:data1\" content=\"3 minutos\" \/>\n<script type=\"application\/ld+json\" class=\"yoast-schema-graph\">{\"@context\":\"https:\/\/schema.org\",\"@graph\":[{\"@type\":\"WebPage\",\"@id\":\"https:\/\/www.fiemg.com.br\/regional-vale-do-aco\/noticias\/fiemg-92-anos-impulsionando-o-desenvolvimento-de-minas-gerais\/\",\"url\":\"https:\/\/www.fiemg.com.br\/regional-vale-do-aco\/noticias\/fiemg-92-anos-impulsionando-o-desenvolvimento-de-minas-gerais\/\",\"name\":\"FIEMG: 92 anos impulsionando o desenvolvimento de Minas Gerais - Regional Vale do a\u00e7o\",\"isPartOf\":{\"@id\":\"https:\/\/www.fiemg.com.br\/regional-vale-do-aco\/#website\"},\"primaryImageOfPage\":{\"@id\":\"https:\/\/www.fiemg.com.br\/regional-vale-do-aco\/noticias\/fiemg-92-anos-impulsionando-o-desenvolvimento-de-minas-gerais\/#primaryimage\"},\"image\":{\"@id\":\"https:\/\/www.fiemg.com.br\/regional-vale-do-aco\/noticias\/fiemg-92-anos-impulsionando-o-desenvolvimento-de-minas-gerais\/#primaryimage\"},\"thumbnailUrl\":\"https:\/\/www.fiemg.com.br\/regional-vale-do-aco\/wp-content\/uploads\/sites\/22\/2025\/02\/FIEMG-92.png\",\"datePublished\":\"2025-02-12T16:38:31+00:00\",\"dateModified\":\"2025-02-12T16:38:32+00:00\",\"breadcrumb\":{\"@id\":\"https:\/\/www.fiemg.com.br\/regional-vale-do-aco\/noticias\/fiemg-92-anos-impulsionando-o-desenvolvimento-de-minas-gerais\/#breadcrumb\"},\"inLanguage\":\"pt-BR\",\"potentialAction\":[{\"@type\":\"ReadAction\",\"target\":[\"https:\/\/www.fiemg.com.br\/regional-vale-do-aco\/noticias\/fiemg-92-anos-impulsionando-o-desenvolvimento-de-minas-gerais\/\"]}]},{\"@type\":\"ImageObject\",\"inLanguage\":\"pt-BR\",\"@id\":\"https:\/\/www.fiemg.com.br\/regional-vale-do-aco\/noticias\/fiemg-92-anos-impulsionando-o-desenvolvimento-de-minas-gerais\/#primaryimage\",\"url\":\"https:\/\/www.fiemg.com.br\/regional-vale-do-aco\/wp-content\/uploads\/sites\/22\/2025\/02\/FIEMG-92.png\",\"contentUrl\":\"https:\/\/www.fiemg.com.br\/regional-vale-do-aco\/wp-content\/uploads\/sites\/22\/2025\/02\/FIEMG-92.png\",\"width\":250,\"height\":250},{\"@type\":\"BreadcrumbList\",\"@id\":\"https:\/\/www.fiemg.com.br\/regional-vale-do-aco\/noticias\/fiemg-92-anos-impulsionando-o-desenvolvimento-de-minas-gerais\/#breadcrumb\",\"itemListElement\":[{\"@type\":\"ListItem\",\"position\":1,\"name\":\"In\u00edcio\",\"item\":\"https:\/\/www.fiemg.com.br\/regional-vale-do-aco\/\"},{\"@type\":\"ListItem\",\"position\":2,\"name\":\"FIEMG: 92 anos impulsionando o desenvolvimento de Minas Gerais\"}]},{\"@type\":\"WebSite\",\"@id\":\"https:\/\/www.fiemg.com.br\/regional-vale-do-aco\/#website\",\"url\":\"https:\/\/www.fiemg.com.br\/regional-vale-do-aco\/\",\"name\":\"Regional Vale do a\u00e7o\",\"description\":\"Federa\u00e7\u00e3o das Ind\u00fastrias do Estado de Minas Gerais\",\"publisher\":{\"@id\":\"https:\/\/www.fiemg.com.br\/regional-vale-do-aco\/#organization\"},\"potentialAction\":[{\"@type\":\"SearchAction\",\"target\":{\"@type\":\"EntryPoint\",\"urlTemplate\":\"https:\/\/www.fiemg.com.br\/regional-vale-do-aco\/?s={search_term_string}\"},\"query-input\":{\"@type\":\"PropertyValueSpecification\",\"valueRequired\":true,\"valueName\":\"search_term_string\"}}],\"inLanguage\":\"pt-BR\"},{\"@type\":\"Organization\",\"@id\":\"https:\/\/www.fiemg.com.br\/regional-vale-do-aco\/#organization\",\"name\":\"Regional Vale do a\u00e7o\",\"url\":\"https:\/\/www.fiemg.com.br\/regional-vale-do-aco\/\",\"logo\":{\"@type\":\"ImageObject\",\"inLanguage\":\"pt-BR\",\"@id\":\"https:\/\/www.fiemg.com.br\/regional-vale-do-aco\/#\/schema\/logo\/image\/\",\"url\":\"https:\/\/www.fiemg.com.br\/regional-vale-do-aco\/wp-content\/uploads\/sites\/22\/2023\/02\/Ativo-1.png\",\"contentUrl\":\"https:\/\/www.fiemg.com.br\/regional-vale-do-aco\/wp-content\/uploads\/sites\/22\/2023\/02\/Ativo-1.png\",\"width\":563,\"height\":149,\"caption\":\"Regional Vale do a\u00e7o\"},\"image\":{\"@id\":\"https:\/\/www.fiemg.com.br\/regional-vale-do-aco\/#\/schema\/logo\/image\/\"}}]}<\/script>\n<!-- \/ Yoast SEO plugin. -->","yoast_head_json":{"title":"FIEMG: 92 anos impulsionando o desenvolvimento de Minas Gerais - Regional Vale do a\u00e7o","robots":{"index":"index","follow":"follow","max-snippet":"max-snippet:-1","max-image-preview":"max-image-preview:large","max-video-preview":"max-video-preview:-1"},"canonical":"https:\/\/www.fiemg.com.br\/regional-vale-do-aco\/noticias\/fiemg-92-anos-impulsionando-o-desenvolvimento-de-minas-gerais\/","og_locale":"pt_BR","og_type":"article","og_title":"FIEMG: 92 anos impulsionando o desenvolvimento de Minas Gerais - Regional Vale do a\u00e7o","og_description":"A Federa\u00e7\u00e3o das Ind\u00fastrias do Estado de Minas Gerais (FIEMG) completa 92 anos consolidando sua posi\u00e7\u00e3o como um dos principais motores do desenvolvimento econ\u00f4mico e social do estado. Desde 1933, a entidade acompanha e impulsiona a evolu\u00e7\u00e3o da ind\u00fastria mineira, fortalecendo a economia e gerando oportunidades para empresas e trabalhadores. Da industrializa\u00e7\u00e3o ao futuro tecnol\u00f3gico&nbsp;\u2013 [&hellip;]","og_url":"https:\/\/www.fiemg.com.br\/regional-vale-do-aco\/noticias\/fiemg-92-anos-impulsionando-o-desenvolvimento-de-minas-gerais\/","og_site_name":"Regional Vale do a\u00e7o","article_modified_time":"2025-02-12T16:38:32+00:00","og_image":[{"width":250,"height":250,"url":"https:\/\/www.fiemg.com.br\/regional-vale-do-aco\/wp-content\/uploads\/sites\/22\/2025\/02\/FIEMG-92.png","type":"image\/png"}],"twitter_card":"summary_large_image","twitter_misc":{"Est. tempo de leitura":"3 minutos"},"schema":{"@context":"https:\/\/schema.org","@graph":[{"@type":"WebPage","@id":"https:\/\/www.fiemg.com.br\/regional-vale-do-aco\/noticias\/fiemg-92-anos-impulsionando-o-desenvolvimento-de-minas-gerais\/","url":"https:\/\/www.fiemg.com.br\/regional-vale-do-aco\/noticias\/fiemg-92-anos-impulsionando-o-desenvolvimento-de-minas-gerais\/","name":"FIEMG: 92 anos impulsionando o desenvolvimento de Minas Gerais - Regional Vale do a\u00e7o","isPartOf":{"@id":"https:\/\/www.fiemg.com.br\/regional-vale-do-aco\/#website"},"primaryImageOfPage":{"@id":"https:\/\/www.fiemg.com.br\/regional-vale-do-aco\/noticias\/fiemg-92-anos-impulsionando-o-desenvolvimento-de-minas-gerais\/#primaryimage"},"image":{"@id":"https:\/\/www.fiemg.com.br\/regional-vale-do-aco\/noticias\/fiemg-92-anos-impulsionando-o-desenvolvimento-de-minas-gerais\/#primaryimage"},"thumbnailUrl":"https:\/\/www.fiemg.com.br\/regional-vale-do-aco\/wp-content\/uploads\/sites\/22\/2025\/02\/FIEMG-92.png","datePublished":"2025-02-12T16:38:31+00:00","dateModified":"2025-02-12T16:38:32+00:00","breadcrumb":{"@id":"https:\/\/www.fiemg.com.br\/regional-vale-do-aco\/noticias\/fiemg-92-anos-impulsionando-o-desenvolvimento-de-minas-gerais\/#breadcrumb"},"inLanguage":"pt-BR","potentialAction":[{"@type":"ReadAction","target":["https:\/\/www.fiemg.com.br\/regional-vale-do-aco\/noticias\/fiemg-92-anos-impulsionando-o-desenvolvimento-de-minas-gerais\/"]}]},{"@type":"ImageObject","inLanguage":"pt-BR","@id":"https:\/\/www.fiemg.com.br\/regional-vale-do-aco\/noticias\/fiemg-92-anos-impulsionando-o-desenvolvimento-de-minas-gerais\/#primaryimage","url":"https:\/\/www.fiemg.com.br\/regional-vale-do-aco\/wp-content\/uploads\/sites\/22\/2025\/02\/FIEMG-92.png","contentUrl":"https:\/\/www.fiemg.com.br\/regional-vale-do-aco\/wp-content\/uploads\/sites\/22\/2025\/02\/FIEMG-92.png","width":250,"height":250},{"@type":"BreadcrumbList","@id":"https:\/\/www.fiemg.com.br\/regional-vale-do-aco\/noticias\/fiemg-92-anos-impulsionando-o-desenvolvimento-de-minas-gerais\/#breadcrumb","itemListElement":[{"@type":"ListItem","position":1,"name":"In\u00edcio","item":"https:\/\/www.fiemg.com.br\/regional-vale-do-aco\/"},{"@type":"ListItem","position":2,"name":"FIEMG: 92 anos impulsionando o desenvolvimento de Minas Gerais"}]},{"@type":"WebSite","@id":"https:\/\/www.fiemg.com.br\/regional-vale-do-aco\/#website","url":"https:\/\/www.fiemg.com.br\/regional-vale-do-aco\/","name":"Regional Vale do a\u00e7o","description":"Federa\u00e7\u00e3o das Ind\u00fastrias do Estado de Minas Gerais","publisher":{"@id":"https:\/\/www.fiemg.com.br\/regional-vale-do-aco\/#organization"},"potentialAction":[{"@type":"SearchAction","target":{"@type":"EntryPoint","urlTemplate":"https:\/\/www.fiemg.com.br\/regional-vale-do-aco\/?s={search_term_string}"},"query-input":{"@type":"PropertyValueSpecification","valueRequired":true,"valueName":"search_term_string"}}],"inLanguage":"pt-BR"},{"@type":"Organization","@id":"https:\/\/www.fiemg.com.br\/regional-vale-do-aco\/#organization","name":"Regional Vale do a\u00e7o","url":"https:\/\/www.fiemg.com.br\/regional-vale-do-aco\/","logo":{"@type":"ImageObject","inLanguage":"pt-BR","@id":"https:\/\/www.fiemg.com.br\/regional-vale-do-aco\/#\/schema\/logo\/image\/","url":"https:\/\/www.fiemg.com.br\/regional-vale-do-aco\/wp-content\/uploads\/sites\/22\/2023\/02\/Ativo-1.png","contentUrl":"https:\/\/www.fiemg.com.br\/regional-vale-do-aco\/wp-content\/uploads\/sites\/22\/2023\/02\/Ativo-1.png","width":563,"height":149,"caption":"Regional Vale do a\u00e7o"},"image":{"@id":"https:\/\/www.fiemg.com.br\/regional-vale-do-aco\/#\/schema\/logo\/image\/"}}]}},"_links":{"self":[{"href":"https:\/\/www.fiemg.com.br\/regional-vale-do-aco\/wp-json\/wp\/v2\/noticias\/2203","targetHints":{"allow":["GET"]}}],"collection":[{"href":"https:\/\/www.fiemg.com.br\/regional-vale-do-aco\/wp-json\/wp\/v2\/noticias"}],"about":[{"href":"https:\/\/www.fiemg.com.br\/regional-vale-do-aco\/wp-json\/wp\/v2\/types\/noticias"}],"wp:featuredmedia":[{"embeddable":true,"href":"https:\/\/www.fiemg.com.br\/regional-vale-do-aco\/wp-json\/wp\/v2\/media\/2205"}],"wp:attachment":[{"href":"https:\/\/www.fiemg.com.br\/regional-vale-do-aco\/wp-json\/wp\/v2\/media?parent=2203"}],"wp:term":[{"taxonomy":"category","embeddable":true,"href":"https:\/\/www.fiemg.com.br\/regional-vale-do-aco\/wp-json\/wp\/v2\/categories?post=2203"},{"taxonomy":"post_tag","embeddable":true,"href":"https:\/\/www.fiemg.com.br\/regional-vale-do-aco\/wp-json\/wp\/v2\/tags?post=2203"}],"curies":[{"name":"wp","href":"https:\/\/api.w.org\/{rel}","templated":true}]}}