{"id":2289,"date":"2025-04-15T13:58:06","date_gmt":"2025-04-15T16:58:06","guid":{"rendered":"https:\/\/www.fiemg.com.br\/regional-vale-do-aco\/?post_type=noticias&#038;p=2289"},"modified":"2025-04-15T14:08:31","modified_gmt":"2025-04-15T17:08:31","slug":"iel-lanca-premio-de-talentos-2025","status":"publish","type":"noticias","link":"https:\/\/www.fiemg.com.br\/regional-vale-do-aco\/noticias\/iel-lanca-premio-de-talentos-2025\/","title":{"rendered":"IEL lan\u00e7a pr\u00eamio de talentos 2025"},"content":{"rendered":"\n<p>Est\u00e3o abertas at\u00e9 o dia 30 de maio as inscri\u00e7\u00f5es para o Pr\u00eamio IEL de Talentos, uma iniciativa que busca tornar ainda mais relevante, no \u00e2mbito nacional, duas de suas principais iniciativas: o Pr\u00eamio IEL de Est\u00e1gio e o Inova Talentos.<\/p>\n\n\n\n<p>Interessados poder\u00e3o se inscrever<strong>&nbsp;<u><a href=\"https:\/\/www.portaldaindustria.com.br\/iel\/canais\/premio-iel-talentos\/#categorias\" target=\"_blank\" rel=\"noreferrer noopener\">neste link<\/a><\/u>&nbsp;<\/strong>nas categorias: IEL Est\u00e1gio, Inova Talentos e Sistema S e ter acesso ao regulamento.<\/p>\n\n\n\n<p>Joana Ferraz, Analista da Ger\u00eancia de Educa\u00e7\u00e3o Executiva do Instituto Euvaldo Lodi \u2013 IEL, destaca que o pr\u00eamio reconhece a import\u00e2ncia do est\u00e1gio na educa\u00e7\u00e3o para o mercado de trabalho e o est\u00edmulo \u00e0 qualifica\u00e7\u00e3o dos talentos para pesquisa, desenvolvimento e inova\u00e7\u00e3o em todo o pa\u00eds.<\/p>\n\n\n\n<p>\u201cNa categoria IEL Est\u00e1gio, \u00e9 poss\u00edvel participar em tr\u00eas modalidades diferentes: Estagi\u00e1rio Inovador, Est\u00e1gio Inovador e Educa\u00e7\u00e3o Inovadora. Na primeira como estagi\u00e1rio, na segunda, como empresa atrav\u00e9s do seu programa de est\u00e1gio e por \u00faltimo, como institui\u00e7\u00e3o de ensino, atrav\u00e9s de grandes ideias de quem est\u00e1 come\u00e7ando e daqueles que&nbsp;implementam&nbsp;projetos inovadores na jornada acad\u00eamica e profissional de jovens talentos. Portanto, se voc\u00ea faz est\u00e1gio e tem o IEL como agente integrador no seu termo de compromisso de est\u00e1gio, possui um programa de est\u00e1gio em sua empresa ou atua em uma institui\u00e7\u00e3o de ensino de n\u00edvel t\u00e9cnico ou superior, seu projeto pode ser um dos vencedores destas modalidades\u201d, disse.<\/p>\n\n\n\n<p>A premia\u00e7\u00e3o conta com\u00a0etapas regionais e a etapa nacional. Para detalhes referente a etapa regional o contato \u00e9 a Poliana Rodrigues<strong>\u00a0<u><a href=\"mailto:ielhubdecarreiras@fiemg.com.br\">ielhubdecarreiras@fiemg.com.br<\/a><\/u>\u00a0<\/strong>ou (31) 97265-0922.<\/p>\n\n\n\n<p><\/p>\n","protected":false},"featured_media":2292,"template":"","categories":[],"tags":[],"class_list":["post-2289","noticias","type-noticias","status-publish","has-post-thumbnail","hentry"],"acf":[],"yoast_head":"<!-- This site is optimized with the Yoast SEO plugin v26.2 - https:\/\/yoast.com\/wordpress\/plugins\/seo\/ -->\n<title>IEL lan\u00e7a pr\u00eamio de talentos 2025 - Regional Vale do a\u00e7o<\/title>\n<meta name=\"robots\" content=\"index, follow, max-snippet:-1, max-image-preview:large, max-video-preview:-1\" \/>\n<link rel=\"canonical\" href=\"https:\/\/www.fiemg.com.br\/regional-vale-do-aco\/noticias\/iel-lanca-premio-de-talentos-2025\/\" \/>\n<meta property=\"og:locale\" content=\"pt_BR\" \/>\n<meta property=\"og:type\" content=\"article\" \/>\n<meta property=\"og:title\" content=\"IEL lan\u00e7a pr\u00eamio de talentos 2025 - Regional Vale do a\u00e7o\" \/>\n<meta property=\"og:description\" content=\"Est\u00e3o abertas at\u00e9 o dia 30 de maio as inscri\u00e7\u00f5es para o Pr\u00eamio IEL de Talentos, uma iniciativa que busca tornar ainda mais relevante, no \u00e2mbito nacional, duas de suas principais iniciativas: o Pr\u00eamio IEL de Est\u00e1gio e o Inova Talentos. Interessados poder\u00e3o se inscrever&nbsp;neste link&nbsp;nas categorias: IEL Est\u00e1gio, Inova Talentos e Sistema S e [&hellip;]\" \/>\n<meta property=\"og:url\" content=\"https:\/\/www.fiemg.com.br\/regional-vale-do-aco\/noticias\/iel-lanca-premio-de-talentos-2025\/\" \/>\n<meta property=\"og:site_name\" content=\"Regional Vale do a\u00e7o\" \/>\n<meta property=\"article:modified_time\" content=\"2025-04-15T17:08:31+00:00\" \/>\n<meta property=\"og:image\" content=\"https:\/\/www.fiemg.com.br\/regional-vale-do-aco\/wp-content\/uploads\/sites\/22\/2025\/04\/ZC000325_PREMIO_IEL_DE_TALENTOS_PECAS_POST-1.png\" \/>\n\t<meta property=\"og:image:width\" content=\"1081\" \/>\n\t<meta property=\"og:image:height\" content=\"931\" \/>\n\t<meta property=\"og:image:type\" content=\"image\/png\" \/>\n<meta name=\"twitter:card\" content=\"summary_large_image\" \/>\n<meta name=\"twitter:label1\" content=\"Est. tempo de leitura\" \/>\n\t<meta name=\"twitter:data1\" content=\"2 minutos\" \/>\n<script type=\"application\/ld+json\" class=\"yoast-schema-graph\">{\"@context\":\"https:\/\/schema.org\",\"@graph\":[{\"@type\":\"WebPage\",\"@id\":\"https:\/\/www.fiemg.com.br\/regional-vale-do-aco\/noticias\/iel-lanca-premio-de-talentos-2025\/\",\"url\":\"https:\/\/www.fiemg.com.br\/regional-vale-do-aco\/noticias\/iel-lanca-premio-de-talentos-2025\/\",\"name\":\"IEL lan\u00e7a pr\u00eamio de talentos 2025 - Regional Vale do a\u00e7o\",\"isPartOf\":{\"@id\":\"https:\/\/www.fiemg.com.br\/regional-vale-do-aco\/#website\"},\"primaryImageOfPage\":{\"@id\":\"https:\/\/www.fiemg.com.br\/regional-vale-do-aco\/noticias\/iel-lanca-premio-de-talentos-2025\/#primaryimage\"},\"image\":{\"@id\":\"https:\/\/www.fiemg.com.br\/regional-vale-do-aco\/noticias\/iel-lanca-premio-de-talentos-2025\/#primaryimage\"},\"thumbnailUrl\":\"https:\/\/www.fiemg.com.br\/regional-vale-do-aco\/wp-content\/uploads\/sites\/22\/2025\/04\/ZC000325_PREMIO_IEL_DE_TALENTOS_PECAS_POST-1.png\",\"datePublished\":\"2025-04-15T16:58:06+00:00\",\"dateModified\":\"2025-04-15T17:08:31+00:00\",\"breadcrumb\":{\"@id\":\"https:\/\/www.fiemg.com.br\/regional-vale-do-aco\/noticias\/iel-lanca-premio-de-talentos-2025\/#breadcrumb\"},\"inLanguage\":\"pt-BR\",\"potentialAction\":[{\"@type\":\"ReadAction\",\"target\":[\"https:\/\/www.fiemg.com.br\/regional-vale-do-aco\/noticias\/iel-lanca-premio-de-talentos-2025\/\"]}]},{\"@type\":\"ImageObject\",\"inLanguage\":\"pt-BR\",\"@id\":\"https:\/\/www.fiemg.com.br\/regional-vale-do-aco\/noticias\/iel-lanca-premio-de-talentos-2025\/#primaryimage\",\"url\":\"https:\/\/www.fiemg.com.br\/regional-vale-do-aco\/wp-content\/uploads\/sites\/22\/2025\/04\/ZC000325_PREMIO_IEL_DE_TALENTOS_PECAS_POST-1.png\",\"contentUrl\":\"https:\/\/www.fiemg.com.br\/regional-vale-do-aco\/wp-content\/uploads\/sites\/22\/2025\/04\/ZC000325_PREMIO_IEL_DE_TALENTOS_PECAS_POST-1.png\",\"width\":1081,\"height\":931,\"caption\":\"Pr\u00eamio IEL de talentos 2025\"},{\"@type\":\"BreadcrumbList\",\"@id\":\"https:\/\/www.fiemg.com.br\/regional-vale-do-aco\/noticias\/iel-lanca-premio-de-talentos-2025\/#breadcrumb\",\"itemListElement\":[{\"@type\":\"ListItem\",\"position\":1,\"name\":\"In\u00edcio\",\"item\":\"https:\/\/www.fiemg.com.br\/regional-vale-do-aco\/\"},{\"@type\":\"ListItem\",\"position\":2,\"name\":\"IEL lan\u00e7a pr\u00eamio de talentos 2025\"}]},{\"@type\":\"WebSite\",\"@id\":\"https:\/\/www.fiemg.com.br\/regional-vale-do-aco\/#website\",\"url\":\"https:\/\/www.fiemg.com.br\/regional-vale-do-aco\/\",\"name\":\"Regional Vale do a\u00e7o\",\"description\":\"Federa\u00e7\u00e3o das Ind\u00fastrias do Estado de Minas Gerais\",\"publisher\":{\"@id\":\"https:\/\/www.fiemg.com.br\/regional-vale-do-aco\/#organization\"},\"potentialAction\":[{\"@type\":\"SearchAction\",\"target\":{\"@type\":\"EntryPoint\",\"urlTemplate\":\"https:\/\/www.fiemg.com.br\/regional-vale-do-aco\/?s={search_term_string}\"},\"query-input\":{\"@type\":\"PropertyValueSpecification\",\"valueRequired\":true,\"valueName\":\"search_term_string\"}}],\"inLanguage\":\"pt-BR\"},{\"@type\":\"Organization\",\"@id\":\"https:\/\/www.fiemg.com.br\/regional-vale-do-aco\/#organization\",\"name\":\"Regional Vale do a\u00e7o\",\"url\":\"https:\/\/www.fiemg.com.br\/regional-vale-do-aco\/\",\"logo\":{\"@type\":\"ImageObject\",\"inLanguage\":\"pt-BR\",\"@id\":\"https:\/\/www.fiemg.com.br\/regional-vale-do-aco\/#\/schema\/logo\/image\/\",\"url\":\"https:\/\/www.fiemg.com.br\/regional-vale-do-aco\/wp-content\/uploads\/sites\/22\/2023\/02\/Ativo-1.png\",\"contentUrl\":\"https:\/\/www.fiemg.com.br\/regional-vale-do-aco\/wp-content\/uploads\/sites\/22\/2023\/02\/Ativo-1.png\",\"width\":563,\"height\":149,\"caption\":\"Regional Vale do a\u00e7o\"},\"image\":{\"@id\":\"https:\/\/www.fiemg.com.br\/regional-vale-do-aco\/#\/schema\/logo\/image\/\"}}]}<\/script>\n<!-- \/ Yoast SEO plugin. -->","yoast_head_json":{"title":"IEL lan\u00e7a pr\u00eamio de talentos 2025 - Regional Vale do a\u00e7o","robots":{"index":"index","follow":"follow","max-snippet":"max-snippet:-1","max-image-preview":"max-image-preview:large","max-video-preview":"max-video-preview:-1"},"canonical":"https:\/\/www.fiemg.com.br\/regional-vale-do-aco\/noticias\/iel-lanca-premio-de-talentos-2025\/","og_locale":"pt_BR","og_type":"article","og_title":"IEL lan\u00e7a pr\u00eamio de talentos 2025 - Regional Vale do a\u00e7o","og_description":"Est\u00e3o abertas at\u00e9 o dia 30 de maio as inscri\u00e7\u00f5es para o Pr\u00eamio IEL de Talentos, uma iniciativa que busca tornar ainda mais relevante, no \u00e2mbito nacional, duas de suas principais iniciativas: o Pr\u00eamio IEL de Est\u00e1gio e o Inova Talentos. Interessados poder\u00e3o se inscrever&nbsp;neste link&nbsp;nas categorias: IEL Est\u00e1gio, Inova Talentos e Sistema S e [&hellip;]","og_url":"https:\/\/www.fiemg.com.br\/regional-vale-do-aco\/noticias\/iel-lanca-premio-de-talentos-2025\/","og_site_name":"Regional Vale do a\u00e7o","article_modified_time":"2025-04-15T17:08:31+00:00","og_image":[{"width":1081,"height":931,"url":"https:\/\/www.fiemg.com.br\/regional-vale-do-aco\/wp-content\/uploads\/sites\/22\/2025\/04\/ZC000325_PREMIO_IEL_DE_TALENTOS_PECAS_POST-1.png","type":"image\/png"}],"twitter_card":"summary_large_image","twitter_misc":{"Est. tempo de leitura":"2 minutos"},"schema":{"@context":"https:\/\/schema.org","@graph":[{"@type":"WebPage","@id":"https:\/\/www.fiemg.com.br\/regional-vale-do-aco\/noticias\/iel-lanca-premio-de-talentos-2025\/","url":"https:\/\/www.fiemg.com.br\/regional-vale-do-aco\/noticias\/iel-lanca-premio-de-talentos-2025\/","name":"IEL lan\u00e7a pr\u00eamio de talentos 2025 - Regional Vale do a\u00e7o","isPartOf":{"@id":"https:\/\/www.fiemg.com.br\/regional-vale-do-aco\/#website"},"primaryImageOfPage":{"@id":"https:\/\/www.fiemg.com.br\/regional-vale-do-aco\/noticias\/iel-lanca-premio-de-talentos-2025\/#primaryimage"},"image":{"@id":"https:\/\/www.fiemg.com.br\/regional-vale-do-aco\/noticias\/iel-lanca-premio-de-talentos-2025\/#primaryimage"},"thumbnailUrl":"https:\/\/www.fiemg.com.br\/regional-vale-do-aco\/wp-content\/uploads\/sites\/22\/2025\/04\/ZC000325_PREMIO_IEL_DE_TALENTOS_PECAS_POST-1.png","datePublished":"2025-04-15T16:58:06+00:00","dateModified":"2025-04-15T17:08:31+00:00","breadcrumb":{"@id":"https:\/\/www.fiemg.com.br\/regional-vale-do-aco\/noticias\/iel-lanca-premio-de-talentos-2025\/#breadcrumb"},"inLanguage":"pt-BR","potentialAction":[{"@type":"ReadAction","target":["https:\/\/www.fiemg.com.br\/regional-vale-do-aco\/noticias\/iel-lanca-premio-de-talentos-2025\/"]}]},{"@type":"ImageObject","inLanguage":"pt-BR","@id":"https:\/\/www.fiemg.com.br\/regional-vale-do-aco\/noticias\/iel-lanca-premio-de-talentos-2025\/#primaryimage","url":"https:\/\/www.fiemg.com.br\/regional-vale-do-aco\/wp-content\/uploads\/sites\/22\/2025\/04\/ZC000325_PREMIO_IEL_DE_TALENTOS_PECAS_POST-1.png","contentUrl":"https:\/\/www.fiemg.com.br\/regional-vale-do-aco\/wp-content\/uploads\/sites\/22\/2025\/04\/ZC000325_PREMIO_IEL_DE_TALENTOS_PECAS_POST-1.png","width":1081,"height":931,"caption":"Pr\u00eamio IEL de talentos 2025"},{"@type":"BreadcrumbList","@id":"https:\/\/www.fiemg.com.br\/regional-vale-do-aco\/noticias\/iel-lanca-premio-de-talentos-2025\/#breadcrumb","itemListElement":[{"@type":"ListItem","position":1,"name":"In\u00edcio","item":"https:\/\/www.fiemg.com.br\/regional-vale-do-aco\/"},{"@type":"ListItem","position":2,"name":"IEL lan\u00e7a pr\u00eamio de talentos 2025"}]},{"@type":"WebSite","@id":"https:\/\/www.fiemg.com.br\/regional-vale-do-aco\/#website","url":"https:\/\/www.fiemg.com.br\/regional-vale-do-aco\/","name":"Regional Vale do a\u00e7o","description":"Federa\u00e7\u00e3o das Ind\u00fastrias do Estado de Minas Gerais","publisher":{"@id":"https:\/\/www.fiemg.com.br\/regional-vale-do-aco\/#organization"},"potentialAction":[{"@type":"SearchAction","target":{"@type":"EntryPoint","urlTemplate":"https:\/\/www.fiemg.com.br\/regional-vale-do-aco\/?s={search_term_string}"},"query-input":{"@type":"PropertyValueSpecification","valueRequired":true,"valueName":"search_term_string"}}],"inLanguage":"pt-BR"},{"@type":"Organization","@id":"https:\/\/www.fiemg.com.br\/regional-vale-do-aco\/#organization","name":"Regional Vale do a\u00e7o","url":"https:\/\/www.fiemg.com.br\/regional-vale-do-aco\/","logo":{"@type":"ImageObject","inLanguage":"pt-BR","@id":"https:\/\/www.fiemg.com.br\/regional-vale-do-aco\/#\/schema\/logo\/image\/","url":"https:\/\/www.fiemg.com.br\/regional-vale-do-aco\/wp-content\/uploads\/sites\/22\/2023\/02\/Ativo-1.png","contentUrl":"https:\/\/www.fiemg.com.br\/regional-vale-do-aco\/wp-content\/uploads\/sites\/22\/2023\/02\/Ativo-1.png","width":563,"height":149,"caption":"Regional Vale do a\u00e7o"},"image":{"@id":"https:\/\/www.fiemg.com.br\/regional-vale-do-aco\/#\/schema\/logo\/image\/"}}]}},"_links":{"self":[{"href":"https:\/\/www.fiemg.com.br\/regional-vale-do-aco\/wp-json\/wp\/v2\/noticias\/2289","targetHints":{"allow":["GET"]}}],"collection":[{"href":"https:\/\/www.fiemg.com.br\/regional-vale-do-aco\/wp-json\/wp\/v2\/noticias"}],"about":[{"href":"https:\/\/www.fiemg.com.br\/regional-vale-do-aco\/wp-json\/wp\/v2\/types\/noticias"}],"wp:featuredmedia":[{"embeddable":true,"href":"https:\/\/www.fiemg.com.br\/regional-vale-do-aco\/wp-json\/wp\/v2\/media\/2292"}],"wp:attachment":[{"href":"https:\/\/www.fiemg.com.br\/regional-vale-do-aco\/wp-json\/wp\/v2\/media?parent=2289"}],"wp:term":[{"taxonomy":"category","embeddable":true,"href":"https:\/\/www.fiemg.com.br\/regional-vale-do-aco\/wp-json\/wp\/v2\/categories?post=2289"},{"taxonomy":"post_tag","embeddable":true,"href":"https:\/\/www.fiemg.com.br\/regional-vale-do-aco\/wp-json\/wp\/v2\/tags?post=2289"}],"curies":[{"name":"wp","href":"https:\/\/api.w.org\/{rel}","templated":true}]}}