{"id":2295,"date":"2025-04-25T12:55:42","date_gmt":"2025-04-25T15:55:42","guid":{"rendered":"https:\/\/www.fiemg.com.br\/regional-vale-do-aco\/?post_type=noticias&#038;p=2295"},"modified":"2025-04-25T12:58:39","modified_gmt":"2025-04-25T15:58:39","slug":"joao-monlevade-recebera-3a-edicao-do-giro-pela-regional","status":"publish","type":"noticias","link":"https:\/\/www.fiemg.com.br\/regional-vale-do-aco\/noticias\/joao-monlevade-recebera-3a-edicao-do-giro-pela-regional\/","title":{"rendered":"Jo\u00e3o Monlevade receber\u00e1 3\u00aa edi\u00e7\u00e3o do Giro pela Regional"},"content":{"rendered":"\n<p>Vem a\u00ed a<strong> <\/strong>3\u00aa<strong> <\/strong>edi\u00e7\u00e3o do Giro pela Regional, em Jo\u00e3o Monlevade, evento promovido pela Federa\u00e7\u00e3o das Ind\u00fastrias do Estado de Minas Gerais &#8211; FIEMG Regional Vale do A\u00e7o e do Sindicato das Ind\u00fastrias Metal\u00fargicas, Mec\u00e2nicas, Material El\u00e9trico e Eletr\u00f4nico de Jo\u00e3o Monlevade &#8211; SIME, nos dias 12 e 13 de maio, no SENAI.<\/p>\n\n\n\n<p>A Programa\u00e7\u00e3o contemplar\u00e1 nos dias 12 e 13 de maio, das 13h \u00e0s 17h\/8h \u00e0s 17h, o curso T\u00e9cnicas de Negocia\u00e7\u00e3o para Compradores. As inscri\u00e7\u00f5es poder\u00e3o ser feitas <ins><a href=\"https:\/\/www.sympla.com.br\/evento\/capacitacao-tecnicas-de-negociacao-para-compradores\/2867619\">neste link.<\/a><\/ins> O valor do investimento \u00e9 R$200 para associados aos sindicatos da FIEMG <strong><br><\/strong>e R$300 para o p\u00fablico geral.<\/p>\n\n\n\n<p>J\u00e1 no dia 13 de maio, ser\u00e3o ministradas, gratuitamente, as Palestras: Intelig\u00eancia Artificial &#8211; Desmistificando a Intelig\u00eancia Artificial: Aplica\u00e7\u00f5es Pr\u00e1ticas para sua Empresa, pelo Gerente da Tecnologia da Informa\u00e7\u00e3o e Telecomunica\u00e7\u00e3o da Cenibra, Ronaldo Neves e pelo Supervisor de Tecnologia Industrial do Senai, Bruno Martins Quint\u00e3o e a Palestra: Reforma Tribut\u00e1ria &#8211; Como e Quando as Mudan\u00e7as Afetar\u00e3o o seu Neg\u00f3cio, com o S\u00f3cio do Escrit\u00f3rio Martins e Kill, Samarone Martins. Interessados poder\u00e3o se inscrever <a href=\"https:\/\/www.sympla.com.br\/evento\/giro-pela-regional-2025-joao-monlevade\/2916751?_gl=1*1dv95z2*_gcl_au*NDAxMzU2MzAuMTc0MTg3NTUzMg..*_ga*MTM1\">neste link<\/a>. Em ambos os dias o evento ser\u00e1 realizado na sede do SENAI &#8211; Rua 23, 140, Areia Preta.<\/p>\n\n\n\n<p>\u201cEste ano o Giro trar\u00e1 temas que impactam diretamente na competitividade e sustentabilidade das ind\u00fastrias. O objetivo dessa iniciativa \u00e9 promover um ambiente prop\u00edcio para o crescimento, al\u00e9m de fomentar o desenvolvimento das ind\u00fastrias, por meio de solu\u00e7\u00f5es que a FIEMG, juntamente com o Sindicato das Ind\u00fastrias Metal\u00fargicas, Mec\u00e2nicas, Material El\u00e9trico e Eletr\u00f4nico de Jo\u00e3o Monlevade (SIME<strong>)<\/strong> t\u00eam a oferecer\u201d, declara o Analista de Rela\u00e7\u00f5es Empresariais da FIEMG, Luiz S\u00e9rgio Martins J\u00fanior.<\/p>\n\n\n\n<p>O Giro pela Regional, em Jo\u00e3o Monlevade, \u00e9 uma realiza\u00e7\u00e3o da FIEMG Regional Vale do A\u00e7o e do Sime com apoio do Sesi, Senai, <ins>Iel,<\/ins> Cenibra, Martins e Kill, Acimon e patroc\u00ednio da Bemisa. Outras informa\u00e7\u00f5es pelo telefone (31)3822-1414 ou email <a href=\"mailto:regional-va@fiemg.com.br\">regional-va@fiemg.com.br<\/a><\/p>\n","protected":false},"featured_media":2296,"template":"","categories":[],"tags":[],"class_list":["post-2295","noticias","type-noticias","status-publish","has-post-thumbnail","hentry"],"acf":[],"yoast_head":"<!-- This site is optimized with the Yoast SEO plugin v26.2 - https:\/\/yoast.com\/wordpress\/plugins\/seo\/ -->\n<title>Jo\u00e3o Monlevade receber\u00e1 3\u00aa edi\u00e7\u00e3o do Giro pela Regional - Regional Vale do a\u00e7o<\/title>\n<meta name=\"robots\" content=\"index, follow, max-snippet:-1, max-image-preview:large, max-video-preview:-1\" \/>\n<link rel=\"canonical\" href=\"https:\/\/www.fiemg.com.br\/regional-vale-do-aco\/noticias\/joao-monlevade-recebera-3a-edicao-do-giro-pela-regional\/\" \/>\n<meta property=\"og:locale\" content=\"pt_BR\" \/>\n<meta property=\"og:type\" content=\"article\" \/>\n<meta property=\"og:title\" content=\"Jo\u00e3o Monlevade receber\u00e1 3\u00aa edi\u00e7\u00e3o do Giro pela Regional - Regional Vale do a\u00e7o\" \/>\n<meta property=\"og:description\" content=\"Vem a\u00ed a 3\u00aa edi\u00e7\u00e3o do Giro pela Regional, em Jo\u00e3o Monlevade, evento promovido pela Federa\u00e7\u00e3o das Ind\u00fastrias do Estado de Minas Gerais &#8211; FIEMG Regional Vale do A\u00e7o e do Sindicato das Ind\u00fastrias Metal\u00fargicas, Mec\u00e2nicas, Material El\u00e9trico e Eletr\u00f4nico de Jo\u00e3o Monlevade &#8211; SIME, nos dias 12 e 13 de maio, no SENAI. A [&hellip;]\" \/>\n<meta property=\"og:url\" content=\"https:\/\/www.fiemg.com.br\/regional-vale-do-aco\/noticias\/joao-monlevade-recebera-3a-edicao-do-giro-pela-regional\/\" \/>\n<meta property=\"og:site_name\" content=\"Regional Vale do a\u00e7o\" \/>\n<meta property=\"article:modified_time\" content=\"2025-04-25T15:58:39+00:00\" \/>\n<meta property=\"og:image\" content=\"https:\/\/www.fiemg.com.br\/regional-vale-do-aco\/wp-content\/uploads\/sites\/22\/2025\/04\/giro-jmde.jpg\" \/>\n\t<meta property=\"og:image:width\" content=\"600\" \/>\n\t<meta property=\"og:image:height\" content=\"713\" \/>\n\t<meta property=\"og:image:type\" content=\"image\/jpeg\" \/>\n<meta name=\"twitter:card\" content=\"summary_large_image\" \/>\n<meta name=\"twitter:label1\" content=\"Est. tempo de leitura\" \/>\n\t<meta name=\"twitter:data1\" content=\"2 minutos\" \/>\n<script type=\"application\/ld+json\" class=\"yoast-schema-graph\">{\"@context\":\"https:\/\/schema.org\",\"@graph\":[{\"@type\":\"WebPage\",\"@id\":\"https:\/\/www.fiemg.com.br\/regional-vale-do-aco\/noticias\/joao-monlevade-recebera-3a-edicao-do-giro-pela-regional\/\",\"url\":\"https:\/\/www.fiemg.com.br\/regional-vale-do-aco\/noticias\/joao-monlevade-recebera-3a-edicao-do-giro-pela-regional\/\",\"name\":\"Jo\u00e3o Monlevade receber\u00e1 3\u00aa edi\u00e7\u00e3o do Giro pela Regional - Regional Vale do a\u00e7o\",\"isPartOf\":{\"@id\":\"https:\/\/www.fiemg.com.br\/regional-vale-do-aco\/#website\"},\"primaryImageOfPage\":{\"@id\":\"https:\/\/www.fiemg.com.br\/regional-vale-do-aco\/noticias\/joao-monlevade-recebera-3a-edicao-do-giro-pela-regional\/#primaryimage\"},\"image\":{\"@id\":\"https:\/\/www.fiemg.com.br\/regional-vale-do-aco\/noticias\/joao-monlevade-recebera-3a-edicao-do-giro-pela-regional\/#primaryimage\"},\"thumbnailUrl\":\"https:\/\/www.fiemg.com.br\/regional-vale-do-aco\/wp-content\/uploads\/sites\/22\/2025\/04\/giro-jmde.jpg\",\"datePublished\":\"2025-04-25T15:55:42+00:00\",\"dateModified\":\"2025-04-25T15:58:39+00:00\",\"breadcrumb\":{\"@id\":\"https:\/\/www.fiemg.com.br\/regional-vale-do-aco\/noticias\/joao-monlevade-recebera-3a-edicao-do-giro-pela-regional\/#breadcrumb\"},\"inLanguage\":\"pt-BR\",\"potentialAction\":[{\"@type\":\"ReadAction\",\"target\":[\"https:\/\/www.fiemg.com.br\/regional-vale-do-aco\/noticias\/joao-monlevade-recebera-3a-edicao-do-giro-pela-regional\/\"]}]},{\"@type\":\"ImageObject\",\"inLanguage\":\"pt-BR\",\"@id\":\"https:\/\/www.fiemg.com.br\/regional-vale-do-aco\/noticias\/joao-monlevade-recebera-3a-edicao-do-giro-pela-regional\/#primaryimage\",\"url\":\"https:\/\/www.fiemg.com.br\/regional-vale-do-aco\/wp-content\/uploads\/sites\/22\/2025\/04\/giro-jmde.jpg\",\"contentUrl\":\"https:\/\/www.fiemg.com.br\/regional-vale-do-aco\/wp-content\/uploads\/sites\/22\/2025\/04\/giro-jmde.jpg\",\"width\":600,\"height\":713,\"caption\":\"Giro pela Regional em Jo\u00e3o Monlevade\"},{\"@type\":\"BreadcrumbList\",\"@id\":\"https:\/\/www.fiemg.com.br\/regional-vale-do-aco\/noticias\/joao-monlevade-recebera-3a-edicao-do-giro-pela-regional\/#breadcrumb\",\"itemListElement\":[{\"@type\":\"ListItem\",\"position\":1,\"name\":\"In\u00edcio\",\"item\":\"https:\/\/www.fiemg.com.br\/regional-vale-do-aco\/\"},{\"@type\":\"ListItem\",\"position\":2,\"name\":\"Jo\u00e3o Monlevade receber\u00e1 3\u00aa edi\u00e7\u00e3o do Giro pela Regional\"}]},{\"@type\":\"WebSite\",\"@id\":\"https:\/\/www.fiemg.com.br\/regional-vale-do-aco\/#website\",\"url\":\"https:\/\/www.fiemg.com.br\/regional-vale-do-aco\/\",\"name\":\"Regional Vale do a\u00e7o\",\"description\":\"Federa\u00e7\u00e3o das Ind\u00fastrias do Estado de Minas Gerais\",\"publisher\":{\"@id\":\"https:\/\/www.fiemg.com.br\/regional-vale-do-aco\/#organization\"},\"potentialAction\":[{\"@type\":\"SearchAction\",\"target\":{\"@type\":\"EntryPoint\",\"urlTemplate\":\"https:\/\/www.fiemg.com.br\/regional-vale-do-aco\/?s={search_term_string}\"},\"query-input\":{\"@type\":\"PropertyValueSpecification\",\"valueRequired\":true,\"valueName\":\"search_term_string\"}}],\"inLanguage\":\"pt-BR\"},{\"@type\":\"Organization\",\"@id\":\"https:\/\/www.fiemg.com.br\/regional-vale-do-aco\/#organization\",\"name\":\"Regional Vale do a\u00e7o\",\"url\":\"https:\/\/www.fiemg.com.br\/regional-vale-do-aco\/\",\"logo\":{\"@type\":\"ImageObject\",\"inLanguage\":\"pt-BR\",\"@id\":\"https:\/\/www.fiemg.com.br\/regional-vale-do-aco\/#\/schema\/logo\/image\/\",\"url\":\"https:\/\/www.fiemg.com.br\/regional-vale-do-aco\/wp-content\/uploads\/sites\/22\/2023\/02\/Ativo-1.png\",\"contentUrl\":\"https:\/\/www.fiemg.com.br\/regional-vale-do-aco\/wp-content\/uploads\/sites\/22\/2023\/02\/Ativo-1.png\",\"width\":563,\"height\":149,\"caption\":\"Regional Vale do a\u00e7o\"},\"image\":{\"@id\":\"https:\/\/www.fiemg.com.br\/regional-vale-do-aco\/#\/schema\/logo\/image\/\"}}]}<\/script>\n<!-- \/ Yoast SEO plugin. -->","yoast_head_json":{"title":"Jo\u00e3o Monlevade receber\u00e1 3\u00aa edi\u00e7\u00e3o do Giro pela Regional - Regional Vale do a\u00e7o","robots":{"index":"index","follow":"follow","max-snippet":"max-snippet:-1","max-image-preview":"max-image-preview:large","max-video-preview":"max-video-preview:-1"},"canonical":"https:\/\/www.fiemg.com.br\/regional-vale-do-aco\/noticias\/joao-monlevade-recebera-3a-edicao-do-giro-pela-regional\/","og_locale":"pt_BR","og_type":"article","og_title":"Jo\u00e3o Monlevade receber\u00e1 3\u00aa edi\u00e7\u00e3o do Giro pela Regional - Regional Vale do a\u00e7o","og_description":"Vem a\u00ed a 3\u00aa edi\u00e7\u00e3o do Giro pela Regional, em Jo\u00e3o Monlevade, evento promovido pela Federa\u00e7\u00e3o das Ind\u00fastrias do Estado de Minas Gerais &#8211; FIEMG Regional Vale do A\u00e7o e do Sindicato das Ind\u00fastrias Metal\u00fargicas, Mec\u00e2nicas, Material El\u00e9trico e Eletr\u00f4nico de Jo\u00e3o Monlevade &#8211; SIME, nos dias 12 e 13 de maio, no SENAI. A [&hellip;]","og_url":"https:\/\/www.fiemg.com.br\/regional-vale-do-aco\/noticias\/joao-monlevade-recebera-3a-edicao-do-giro-pela-regional\/","og_site_name":"Regional Vale do a\u00e7o","article_modified_time":"2025-04-25T15:58:39+00:00","og_image":[{"width":600,"height":713,"url":"https:\/\/www.fiemg.com.br\/regional-vale-do-aco\/wp-content\/uploads\/sites\/22\/2025\/04\/giro-jmde.jpg","type":"image\/jpeg"}],"twitter_card":"summary_large_image","twitter_misc":{"Est. tempo de leitura":"2 minutos"},"schema":{"@context":"https:\/\/schema.org","@graph":[{"@type":"WebPage","@id":"https:\/\/www.fiemg.com.br\/regional-vale-do-aco\/noticias\/joao-monlevade-recebera-3a-edicao-do-giro-pela-regional\/","url":"https:\/\/www.fiemg.com.br\/regional-vale-do-aco\/noticias\/joao-monlevade-recebera-3a-edicao-do-giro-pela-regional\/","name":"Jo\u00e3o Monlevade receber\u00e1 3\u00aa edi\u00e7\u00e3o do Giro pela Regional - Regional Vale do a\u00e7o","isPartOf":{"@id":"https:\/\/www.fiemg.com.br\/regional-vale-do-aco\/#website"},"primaryImageOfPage":{"@id":"https:\/\/www.fiemg.com.br\/regional-vale-do-aco\/noticias\/joao-monlevade-recebera-3a-edicao-do-giro-pela-regional\/#primaryimage"},"image":{"@id":"https:\/\/www.fiemg.com.br\/regional-vale-do-aco\/noticias\/joao-monlevade-recebera-3a-edicao-do-giro-pela-regional\/#primaryimage"},"thumbnailUrl":"https:\/\/www.fiemg.com.br\/regional-vale-do-aco\/wp-content\/uploads\/sites\/22\/2025\/04\/giro-jmde.jpg","datePublished":"2025-04-25T15:55:42+00:00","dateModified":"2025-04-25T15:58:39+00:00","breadcrumb":{"@id":"https:\/\/www.fiemg.com.br\/regional-vale-do-aco\/noticias\/joao-monlevade-recebera-3a-edicao-do-giro-pela-regional\/#breadcrumb"},"inLanguage":"pt-BR","potentialAction":[{"@type":"ReadAction","target":["https:\/\/www.fiemg.com.br\/regional-vale-do-aco\/noticias\/joao-monlevade-recebera-3a-edicao-do-giro-pela-regional\/"]}]},{"@type":"ImageObject","inLanguage":"pt-BR","@id":"https:\/\/www.fiemg.com.br\/regional-vale-do-aco\/noticias\/joao-monlevade-recebera-3a-edicao-do-giro-pela-regional\/#primaryimage","url":"https:\/\/www.fiemg.com.br\/regional-vale-do-aco\/wp-content\/uploads\/sites\/22\/2025\/04\/giro-jmde.jpg","contentUrl":"https:\/\/www.fiemg.com.br\/regional-vale-do-aco\/wp-content\/uploads\/sites\/22\/2025\/04\/giro-jmde.jpg","width":600,"height":713,"caption":"Giro pela Regional em Jo\u00e3o Monlevade"},{"@type":"BreadcrumbList","@id":"https:\/\/www.fiemg.com.br\/regional-vale-do-aco\/noticias\/joao-monlevade-recebera-3a-edicao-do-giro-pela-regional\/#breadcrumb","itemListElement":[{"@type":"ListItem","position":1,"name":"In\u00edcio","item":"https:\/\/www.fiemg.com.br\/regional-vale-do-aco\/"},{"@type":"ListItem","position":2,"name":"Jo\u00e3o Monlevade receber\u00e1 3\u00aa edi\u00e7\u00e3o do Giro pela Regional"}]},{"@type":"WebSite","@id":"https:\/\/www.fiemg.com.br\/regional-vale-do-aco\/#website","url":"https:\/\/www.fiemg.com.br\/regional-vale-do-aco\/","name":"Regional Vale do a\u00e7o","description":"Federa\u00e7\u00e3o das Ind\u00fastrias do Estado de Minas Gerais","publisher":{"@id":"https:\/\/www.fiemg.com.br\/regional-vale-do-aco\/#organization"},"potentialAction":[{"@type":"SearchAction","target":{"@type":"EntryPoint","urlTemplate":"https:\/\/www.fiemg.com.br\/regional-vale-do-aco\/?s={search_term_string}"},"query-input":{"@type":"PropertyValueSpecification","valueRequired":true,"valueName":"search_term_string"}}],"inLanguage":"pt-BR"},{"@type":"Organization","@id":"https:\/\/www.fiemg.com.br\/regional-vale-do-aco\/#organization","name":"Regional Vale do a\u00e7o","url":"https:\/\/www.fiemg.com.br\/regional-vale-do-aco\/","logo":{"@type":"ImageObject","inLanguage":"pt-BR","@id":"https:\/\/www.fiemg.com.br\/regional-vale-do-aco\/#\/schema\/logo\/image\/","url":"https:\/\/www.fiemg.com.br\/regional-vale-do-aco\/wp-content\/uploads\/sites\/22\/2023\/02\/Ativo-1.png","contentUrl":"https:\/\/www.fiemg.com.br\/regional-vale-do-aco\/wp-content\/uploads\/sites\/22\/2023\/02\/Ativo-1.png","width":563,"height":149,"caption":"Regional Vale do a\u00e7o"},"image":{"@id":"https:\/\/www.fiemg.com.br\/regional-vale-do-aco\/#\/schema\/logo\/image\/"}}]}},"_links":{"self":[{"href":"https:\/\/www.fiemg.com.br\/regional-vale-do-aco\/wp-json\/wp\/v2\/noticias\/2295","targetHints":{"allow":["GET"]}}],"collection":[{"href":"https:\/\/www.fiemg.com.br\/regional-vale-do-aco\/wp-json\/wp\/v2\/noticias"}],"about":[{"href":"https:\/\/www.fiemg.com.br\/regional-vale-do-aco\/wp-json\/wp\/v2\/types\/noticias"}],"wp:featuredmedia":[{"embeddable":true,"href":"https:\/\/www.fiemg.com.br\/regional-vale-do-aco\/wp-json\/wp\/v2\/media\/2296"}],"wp:attachment":[{"href":"https:\/\/www.fiemg.com.br\/regional-vale-do-aco\/wp-json\/wp\/v2\/media?parent=2295"}],"wp:term":[{"taxonomy":"category","embeddable":true,"href":"https:\/\/www.fiemg.com.br\/regional-vale-do-aco\/wp-json\/wp\/v2\/categories?post=2295"},{"taxonomy":"post_tag","embeddable":true,"href":"https:\/\/www.fiemg.com.br\/regional-vale-do-aco\/wp-json\/wp\/v2\/tags?post=2295"}],"curies":[{"name":"wp","href":"https:\/\/api.w.org\/{rel}","templated":true}]}}