{"id":2545,"date":"2025-08-14T11:32:23","date_gmt":"2025-08-14T14:32:23","guid":{"rendered":"https:\/\/www.fiemg.com.br\/regional-vale-do-aco\/?post_type=noticias&#038;p=2545"},"modified":"2025-08-14T11:32:24","modified_gmt":"2025-08-14T14:32:24","slug":"medidas-sao-paliativas-e-nao-resolvem-raiz-do-problema-afirma-fiemg","status":"publish","type":"noticias","link":"https:\/\/www.fiemg.com.br\/regional-vale-do-aco\/noticias\/medidas-sao-paliativas-e-nao-resolvem-raiz-do-problema-afirma-fiemg\/","title":{"rendered":"Medidas s\u00e3o paliativas e n\u00e3o resolvem raiz do problema, afirma FIEMG"},"content":{"rendered":"\n<p>A Federa\u00e7\u00e3o das Ind\u00fastrias do Estado de Minas Gerais (FIEMG) reconhece que as medidas do Plano Brasil Soberano, anunciadas nessa quarta-feira (13\/08) pelo governo federal, representam um esfor\u00e7o para conter parte dos preju\u00edzos com as tarifas adicionais impostas pelo presidente dos Estados Unidos, Donald Trump, sobre produtos brasileiros.<\/p>\n\n\n\n<p>Mas, segundo a entidade, o impacto real sobre a preserva\u00e7\u00e3o da competitividade industrial depender\u00e1 da agilidade na execu\u00e7\u00e3o e da elimina\u00e7\u00e3o de barreiras burocr\u00e1ticas que atrasam a chegada do apoio ao setor produtivo.<\/p>\n\n\n\n<p>Para o presidente da FIEMG, Fl\u00e1vio Roscoe, as a\u00e7\u00f5es pontuais n\u00e3o substituem a necessidade de uma solu\u00e7\u00e3o de car\u00e1ter estrutural e diplom\u00e1tico. \u201cAs medidas podem dar algum f\u00f4lego \u00e0s empresas, mas n\u00e3o resolvem a raiz do problema. \u00c9 urgente que o Brasil mantenha negocia\u00e7\u00f5es firmes e produtivas com o governo norte-americano, buscando reverter as tarifas e resguardar uma rela\u00e7\u00e3o comercial estrat\u00e9gica. Se n\u00e3o houver rapidez na implementa\u00e7\u00e3o e clareza nas regras, o risco \u00e9 que os recursos e incentivos fiquem no papel\u201d, alerta Roscoe.<\/p>\n\n\n\n<p>A FIEMG continuar\u00e1 monitorando a execu\u00e7\u00e3o das a\u00e7\u00f5es e cobrando posicionamento efetivo do governo federal, para que os interesses da ind\u00fastria sejam defendidos com firmeza no cen\u00e1rio internacional.<\/p>\n","protected":false},"featured_media":2546,"template":"","categories":[],"tags":[],"class_list":["post-2545","noticias","type-noticias","status-publish","has-post-thumbnail","hentry"],"acf":[],"yoast_head":"<!-- This site is optimized with the Yoast SEO plugin v26.2 - https:\/\/yoast.com\/wordpress\/plugins\/seo\/ -->\n<title>Medidas s\u00e3o paliativas e n\u00e3o resolvem raiz do problema, afirma FIEMG - Regional Vale do a\u00e7o<\/title>\n<meta name=\"robots\" content=\"index, follow, max-snippet:-1, max-image-preview:large, max-video-preview:-1\" \/>\n<link rel=\"canonical\" href=\"https:\/\/www.fiemg.com.br\/regional-vale-do-aco\/noticias\/medidas-sao-paliativas-e-nao-resolvem-raiz-do-problema-afirma-fiemg\/\" \/>\n<meta property=\"og:locale\" content=\"pt_BR\" \/>\n<meta property=\"og:type\" content=\"article\" \/>\n<meta property=\"og:title\" content=\"Medidas s\u00e3o paliativas e n\u00e3o resolvem raiz do problema, afirma FIEMG - Regional Vale do a\u00e7o\" \/>\n<meta property=\"og:description\" content=\"A Federa\u00e7\u00e3o das Ind\u00fastrias do Estado de Minas Gerais (FIEMG) reconhece que as medidas do Plano Brasil Soberano, anunciadas nessa quarta-feira (13\/08) pelo governo federal, representam um esfor\u00e7o para conter parte dos preju\u00edzos com as tarifas adicionais impostas pelo presidente dos Estados Unidos, Donald Trump, sobre produtos brasileiros. Mas, segundo a entidade, o impacto real [&hellip;]\" \/>\n<meta property=\"og:url\" content=\"https:\/\/www.fiemg.com.br\/regional-vale-do-aco\/noticias\/medidas-sao-paliativas-e-nao-resolvem-raiz-do-problema-afirma-fiemg\/\" \/>\n<meta property=\"og:site_name\" content=\"Regional Vale do a\u00e7o\" \/>\n<meta property=\"article:modified_time\" content=\"2025-08-14T14:32:24+00:00\" \/>\n<meta property=\"og:image\" content=\"https:\/\/www.fiemg.com.br\/regional-vale-do-aco\/wp-content\/uploads\/sites\/22\/2025\/08\/Thumb_Sistema-FIEMG-01-r8t94tygaxmdxl3pk81mhhty1yofl0t6x35zbimqyo.jpeg\" \/>\n\t<meta property=\"og:image:width\" content=\"250\" \/>\n\t<meta property=\"og:image:height\" content=\"250\" \/>\n\t<meta property=\"og:image:type\" content=\"image\/jpeg\" \/>\n<meta name=\"twitter:card\" content=\"summary_large_image\" \/>\n<meta name=\"twitter:label1\" content=\"Est. tempo de leitura\" \/>\n\t<meta name=\"twitter:data1\" content=\"2 minutos\" \/>\n<script type=\"application\/ld+json\" class=\"yoast-schema-graph\">{\"@context\":\"https:\/\/schema.org\",\"@graph\":[{\"@type\":\"WebPage\",\"@id\":\"https:\/\/www.fiemg.com.br\/regional-vale-do-aco\/noticias\/medidas-sao-paliativas-e-nao-resolvem-raiz-do-problema-afirma-fiemg\/\",\"url\":\"https:\/\/www.fiemg.com.br\/regional-vale-do-aco\/noticias\/medidas-sao-paliativas-e-nao-resolvem-raiz-do-problema-afirma-fiemg\/\",\"name\":\"Medidas s\u00e3o paliativas e n\u00e3o resolvem raiz do problema, afirma FIEMG - Regional Vale do a\u00e7o\",\"isPartOf\":{\"@id\":\"https:\/\/www.fiemg.com.br\/regional-vale-do-aco\/#website\"},\"primaryImageOfPage\":{\"@id\":\"https:\/\/www.fiemg.com.br\/regional-vale-do-aco\/noticias\/medidas-sao-paliativas-e-nao-resolvem-raiz-do-problema-afirma-fiemg\/#primaryimage\"},\"image\":{\"@id\":\"https:\/\/www.fiemg.com.br\/regional-vale-do-aco\/noticias\/medidas-sao-paliativas-e-nao-resolvem-raiz-do-problema-afirma-fiemg\/#primaryimage\"},\"thumbnailUrl\":\"https:\/\/www.fiemg.com.br\/regional-vale-do-aco\/wp-content\/uploads\/sites\/22\/2025\/08\/Thumb_Sistema-FIEMG-01-r8t94tygaxmdxl3pk81mhhty1yofl0t6x35zbimqyo.jpeg\",\"datePublished\":\"2025-08-14T14:32:23+00:00\",\"dateModified\":\"2025-08-14T14:32:24+00:00\",\"breadcrumb\":{\"@id\":\"https:\/\/www.fiemg.com.br\/regional-vale-do-aco\/noticias\/medidas-sao-paliativas-e-nao-resolvem-raiz-do-problema-afirma-fiemg\/#breadcrumb\"},\"inLanguage\":\"pt-BR\",\"potentialAction\":[{\"@type\":\"ReadAction\",\"target\":[\"https:\/\/www.fiemg.com.br\/regional-vale-do-aco\/noticias\/medidas-sao-paliativas-e-nao-resolvem-raiz-do-problema-afirma-fiemg\/\"]}]},{\"@type\":\"ImageObject\",\"inLanguage\":\"pt-BR\",\"@id\":\"https:\/\/www.fiemg.com.br\/regional-vale-do-aco\/noticias\/medidas-sao-paliativas-e-nao-resolvem-raiz-do-problema-afirma-fiemg\/#primaryimage\",\"url\":\"https:\/\/www.fiemg.com.br\/regional-vale-do-aco\/wp-content\/uploads\/sites\/22\/2025\/08\/Thumb_Sistema-FIEMG-01-r8t94tygaxmdxl3pk81mhhty1yofl0t6x35zbimqyo.jpeg\",\"contentUrl\":\"https:\/\/www.fiemg.com.br\/regional-vale-do-aco\/wp-content\/uploads\/sites\/22\/2025\/08\/Thumb_Sistema-FIEMG-01-r8t94tygaxmdxl3pk81mhhty1yofl0t6x35zbimqyo.jpeg\",\"width\":250,\"height\":250},{\"@type\":\"BreadcrumbList\",\"@id\":\"https:\/\/www.fiemg.com.br\/regional-vale-do-aco\/noticias\/medidas-sao-paliativas-e-nao-resolvem-raiz-do-problema-afirma-fiemg\/#breadcrumb\",\"itemListElement\":[{\"@type\":\"ListItem\",\"position\":1,\"name\":\"In\u00edcio\",\"item\":\"https:\/\/www.fiemg.com.br\/regional-vale-do-aco\/\"},{\"@type\":\"ListItem\",\"position\":2,\"name\":\"Medidas s\u00e3o paliativas e n\u00e3o resolvem raiz do problema, afirma FIEMG\"}]},{\"@type\":\"WebSite\",\"@id\":\"https:\/\/www.fiemg.com.br\/regional-vale-do-aco\/#website\",\"url\":\"https:\/\/www.fiemg.com.br\/regional-vale-do-aco\/\",\"name\":\"Regional Vale do a\u00e7o\",\"description\":\"Federa\u00e7\u00e3o das Ind\u00fastrias do Estado de Minas Gerais\",\"publisher\":{\"@id\":\"https:\/\/www.fiemg.com.br\/regional-vale-do-aco\/#organization\"},\"potentialAction\":[{\"@type\":\"SearchAction\",\"target\":{\"@type\":\"EntryPoint\",\"urlTemplate\":\"https:\/\/www.fiemg.com.br\/regional-vale-do-aco\/?s={search_term_string}\"},\"query-input\":{\"@type\":\"PropertyValueSpecification\",\"valueRequired\":true,\"valueName\":\"search_term_string\"}}],\"inLanguage\":\"pt-BR\"},{\"@type\":\"Organization\",\"@id\":\"https:\/\/www.fiemg.com.br\/regional-vale-do-aco\/#organization\",\"name\":\"Regional Vale do a\u00e7o\",\"url\":\"https:\/\/www.fiemg.com.br\/regional-vale-do-aco\/\",\"logo\":{\"@type\":\"ImageObject\",\"inLanguage\":\"pt-BR\",\"@id\":\"https:\/\/www.fiemg.com.br\/regional-vale-do-aco\/#\/schema\/logo\/image\/\",\"url\":\"https:\/\/www.fiemg.com.br\/regional-vale-do-aco\/wp-content\/uploads\/sites\/22\/2023\/02\/Ativo-1.png\",\"contentUrl\":\"https:\/\/www.fiemg.com.br\/regional-vale-do-aco\/wp-content\/uploads\/sites\/22\/2023\/02\/Ativo-1.png\",\"width\":563,\"height\":149,\"caption\":\"Regional Vale do a\u00e7o\"},\"image\":{\"@id\":\"https:\/\/www.fiemg.com.br\/regional-vale-do-aco\/#\/schema\/logo\/image\/\"}}]}<\/script>\n<!-- \/ Yoast SEO plugin. -->","yoast_head_json":{"title":"Medidas s\u00e3o paliativas e n\u00e3o resolvem raiz do problema, afirma FIEMG - Regional Vale do a\u00e7o","robots":{"index":"index","follow":"follow","max-snippet":"max-snippet:-1","max-image-preview":"max-image-preview:large","max-video-preview":"max-video-preview:-1"},"canonical":"https:\/\/www.fiemg.com.br\/regional-vale-do-aco\/noticias\/medidas-sao-paliativas-e-nao-resolvem-raiz-do-problema-afirma-fiemg\/","og_locale":"pt_BR","og_type":"article","og_title":"Medidas s\u00e3o paliativas e n\u00e3o resolvem raiz do problema, afirma FIEMG - Regional Vale do a\u00e7o","og_description":"A Federa\u00e7\u00e3o das Ind\u00fastrias do Estado de Minas Gerais (FIEMG) reconhece que as medidas do Plano Brasil Soberano, anunciadas nessa quarta-feira (13\/08) pelo governo federal, representam um esfor\u00e7o para conter parte dos preju\u00edzos com as tarifas adicionais impostas pelo presidente dos Estados Unidos, Donald Trump, sobre produtos brasileiros. Mas, segundo a entidade, o impacto real [&hellip;]","og_url":"https:\/\/www.fiemg.com.br\/regional-vale-do-aco\/noticias\/medidas-sao-paliativas-e-nao-resolvem-raiz-do-problema-afirma-fiemg\/","og_site_name":"Regional Vale do a\u00e7o","article_modified_time":"2025-08-14T14:32:24+00:00","og_image":[{"width":250,"height":250,"url":"https:\/\/www.fiemg.com.br\/regional-vale-do-aco\/wp-content\/uploads\/sites\/22\/2025\/08\/Thumb_Sistema-FIEMG-01-r8t94tygaxmdxl3pk81mhhty1yofl0t6x35zbimqyo.jpeg","type":"image\/jpeg"}],"twitter_card":"summary_large_image","twitter_misc":{"Est. tempo de leitura":"2 minutos"},"schema":{"@context":"https:\/\/schema.org","@graph":[{"@type":"WebPage","@id":"https:\/\/www.fiemg.com.br\/regional-vale-do-aco\/noticias\/medidas-sao-paliativas-e-nao-resolvem-raiz-do-problema-afirma-fiemg\/","url":"https:\/\/www.fiemg.com.br\/regional-vale-do-aco\/noticias\/medidas-sao-paliativas-e-nao-resolvem-raiz-do-problema-afirma-fiemg\/","name":"Medidas s\u00e3o paliativas e n\u00e3o resolvem raiz do problema, afirma FIEMG - Regional Vale do a\u00e7o","isPartOf":{"@id":"https:\/\/www.fiemg.com.br\/regional-vale-do-aco\/#website"},"primaryImageOfPage":{"@id":"https:\/\/www.fiemg.com.br\/regional-vale-do-aco\/noticias\/medidas-sao-paliativas-e-nao-resolvem-raiz-do-problema-afirma-fiemg\/#primaryimage"},"image":{"@id":"https:\/\/www.fiemg.com.br\/regional-vale-do-aco\/noticias\/medidas-sao-paliativas-e-nao-resolvem-raiz-do-problema-afirma-fiemg\/#primaryimage"},"thumbnailUrl":"https:\/\/www.fiemg.com.br\/regional-vale-do-aco\/wp-content\/uploads\/sites\/22\/2025\/08\/Thumb_Sistema-FIEMG-01-r8t94tygaxmdxl3pk81mhhty1yofl0t6x35zbimqyo.jpeg","datePublished":"2025-08-14T14:32:23+00:00","dateModified":"2025-08-14T14:32:24+00:00","breadcrumb":{"@id":"https:\/\/www.fiemg.com.br\/regional-vale-do-aco\/noticias\/medidas-sao-paliativas-e-nao-resolvem-raiz-do-problema-afirma-fiemg\/#breadcrumb"},"inLanguage":"pt-BR","potentialAction":[{"@type":"ReadAction","target":["https:\/\/www.fiemg.com.br\/regional-vale-do-aco\/noticias\/medidas-sao-paliativas-e-nao-resolvem-raiz-do-problema-afirma-fiemg\/"]}]},{"@type":"ImageObject","inLanguage":"pt-BR","@id":"https:\/\/www.fiemg.com.br\/regional-vale-do-aco\/noticias\/medidas-sao-paliativas-e-nao-resolvem-raiz-do-problema-afirma-fiemg\/#primaryimage","url":"https:\/\/www.fiemg.com.br\/regional-vale-do-aco\/wp-content\/uploads\/sites\/22\/2025\/08\/Thumb_Sistema-FIEMG-01-r8t94tygaxmdxl3pk81mhhty1yofl0t6x35zbimqyo.jpeg","contentUrl":"https:\/\/www.fiemg.com.br\/regional-vale-do-aco\/wp-content\/uploads\/sites\/22\/2025\/08\/Thumb_Sistema-FIEMG-01-r8t94tygaxmdxl3pk81mhhty1yofl0t6x35zbimqyo.jpeg","width":250,"height":250},{"@type":"BreadcrumbList","@id":"https:\/\/www.fiemg.com.br\/regional-vale-do-aco\/noticias\/medidas-sao-paliativas-e-nao-resolvem-raiz-do-problema-afirma-fiemg\/#breadcrumb","itemListElement":[{"@type":"ListItem","position":1,"name":"In\u00edcio","item":"https:\/\/www.fiemg.com.br\/regional-vale-do-aco\/"},{"@type":"ListItem","position":2,"name":"Medidas s\u00e3o paliativas e n\u00e3o resolvem raiz do problema, afirma FIEMG"}]},{"@type":"WebSite","@id":"https:\/\/www.fiemg.com.br\/regional-vale-do-aco\/#website","url":"https:\/\/www.fiemg.com.br\/regional-vale-do-aco\/","name":"Regional Vale do a\u00e7o","description":"Federa\u00e7\u00e3o das Ind\u00fastrias do Estado de Minas Gerais","publisher":{"@id":"https:\/\/www.fiemg.com.br\/regional-vale-do-aco\/#organization"},"potentialAction":[{"@type":"SearchAction","target":{"@type":"EntryPoint","urlTemplate":"https:\/\/www.fiemg.com.br\/regional-vale-do-aco\/?s={search_term_string}"},"query-input":{"@type":"PropertyValueSpecification","valueRequired":true,"valueName":"search_term_string"}}],"inLanguage":"pt-BR"},{"@type":"Organization","@id":"https:\/\/www.fiemg.com.br\/regional-vale-do-aco\/#organization","name":"Regional Vale do a\u00e7o","url":"https:\/\/www.fiemg.com.br\/regional-vale-do-aco\/","logo":{"@type":"ImageObject","inLanguage":"pt-BR","@id":"https:\/\/www.fiemg.com.br\/regional-vale-do-aco\/#\/schema\/logo\/image\/","url":"https:\/\/www.fiemg.com.br\/regional-vale-do-aco\/wp-content\/uploads\/sites\/22\/2023\/02\/Ativo-1.png","contentUrl":"https:\/\/www.fiemg.com.br\/regional-vale-do-aco\/wp-content\/uploads\/sites\/22\/2023\/02\/Ativo-1.png","width":563,"height":149,"caption":"Regional Vale do a\u00e7o"},"image":{"@id":"https:\/\/www.fiemg.com.br\/regional-vale-do-aco\/#\/schema\/logo\/image\/"}}]}},"_links":{"self":[{"href":"https:\/\/www.fiemg.com.br\/regional-vale-do-aco\/wp-json\/wp\/v2\/noticias\/2545","targetHints":{"allow":["GET"]}}],"collection":[{"href":"https:\/\/www.fiemg.com.br\/regional-vale-do-aco\/wp-json\/wp\/v2\/noticias"}],"about":[{"href":"https:\/\/www.fiemg.com.br\/regional-vale-do-aco\/wp-json\/wp\/v2\/types\/noticias"}],"wp:featuredmedia":[{"embeddable":true,"href":"https:\/\/www.fiemg.com.br\/regional-vale-do-aco\/wp-json\/wp\/v2\/media\/2546"}],"wp:attachment":[{"href":"https:\/\/www.fiemg.com.br\/regional-vale-do-aco\/wp-json\/wp\/v2\/media?parent=2545"}],"wp:term":[{"taxonomy":"category","embeddable":true,"href":"https:\/\/www.fiemg.com.br\/regional-vale-do-aco\/wp-json\/wp\/v2\/categories?post=2545"},{"taxonomy":"post_tag","embeddable":true,"href":"https:\/\/www.fiemg.com.br\/regional-vale-do-aco\/wp-json\/wp\/v2\/tags?post=2545"}],"curies":[{"name":"wp","href":"https:\/\/api.w.org\/{rel}","templated":true}]}}