{"id":2553,"date":"2025-08-20T10:51:44","date_gmt":"2025-08-20T13:51:44","guid":{"rendered":"https:\/\/www.fiemg.com.br\/regional-vale-do-aco\/?post_type=noticias&#038;p=2553"},"modified":"2025-08-20T12:57:45","modified_gmt":"2025-08-20T15:57:45","slug":"senai-abre-400-vagas-para-cursos-tecnicos-semipresenciais-gratuitos-no-vale-do-aco","status":"publish","type":"noticias","link":"https:\/\/www.fiemg.com.br\/regional-vale-do-aco\/noticias\/senai-abre-400-vagas-para-cursos-tecnicos-semipresenciais-gratuitos-no-vale-do-aco\/","title":{"rendered":"SENAI abre 400 vagas para cursos t\u00e9cnicos, semipresenciais, gratuitos, no Vale do A\u00e7o"},"content":{"rendered":"\n<p>Voc\u00ea quer se tornar um profissional completo, capaz de liderar equipes, operar m\u00e1quinas e impulsionar inova\u00e7\u00f5es tecnol\u00f3gicas? Ent\u00e3o, aproveite essa oportunidade e inscreva-se, gratuitamente, at\u00e9 o dia 05\/09 <a href=\"https:\/\/www.fiemg.com.br\/senai\/semipresencial\/\">neste link<\/a> em um dos cursos t\u00e9cnicos semipresenciais dispon\u00edveis no Servi\u00e7o Nacional de Aprendizagem Industrial- SENAI.<\/p>\n\n\n\n<p>Em Ipatinga as op\u00e7\u00f5es s\u00e3o para os cursos t\u00e9cnicos em Automa\u00e7\u00e3o Industrial, Eletrot\u00e9cnica e Qualidade. J\u00e1 em Tim\u00f3teo: T\u00e9cnico em Eletrot\u00e9cnica e T\u00e9cnico em Qualidade.<\/p>\n\n\n\n<p>Para Anilson Eli dos Santos, Pedagogo da Institui\u00e7\u00e3o, o formato semipresencial combina teoria e pr\u00e1tica em um ambiente inovador, al\u00e9m de permitir que o aluno concilie os estudos com outras atividades, como trabalho e compromissos pessoais. \u201cO t\u00e9cnico que opta pela forma\u00e7\u00e3o semipresencial adquire as habilidades que o mercado exige e se destaca na ind\u00fastria usufruindo de uma flexibilidade e um ambiente virtual de aprendizagem, aliado a atividades pr\u00e1ticas com laborat\u00f3rios, experimentos, estudos de caso e visitas t\u00e9cnicas, realizadas nas unidades do SENAI.<\/p>\n\n\n\n<p>Interessou? Acelere sua entrada no mercado de trabalho e seja um T\u00e9cnico SENAI.<\/p>\n\n\n\n<p>Mais informa\u00e7\u00f5es pelo <em>Whatsapp<\/em>: 31 989793703<\/p>\n\n\n\n<p><\/p>\n","protected":false},"featured_media":2556,"template":"","categories":[],"tags":[],"class_list":["post-2553","noticias","type-noticias","status-publish","has-post-thumbnail","hentry"],"acf":[],"yoast_head":"<!-- This site is optimized with the Yoast SEO plugin v26.2 - https:\/\/yoast.com\/wordpress\/plugins\/seo\/ -->\n<title>SENAI abre 400 vagas para cursos t\u00e9cnicos, semipresenciais, gratuitos, no Vale do A\u00e7o - Regional Vale do a\u00e7o<\/title>\n<meta name=\"robots\" content=\"index, follow, max-snippet:-1, max-image-preview:large, max-video-preview:-1\" \/>\n<link rel=\"canonical\" href=\"https:\/\/www.fiemg.com.br\/regional-vale-do-aco\/noticias\/senai-abre-400-vagas-para-cursos-tecnicos-semipresenciais-gratuitos-no-vale-do-aco\/\" \/>\n<meta property=\"og:locale\" content=\"pt_BR\" \/>\n<meta property=\"og:type\" content=\"article\" \/>\n<meta property=\"og:title\" content=\"SENAI abre 400 vagas para cursos t\u00e9cnicos, semipresenciais, gratuitos, no Vale do A\u00e7o - Regional Vale do a\u00e7o\" \/>\n<meta property=\"og:description\" content=\"Voc\u00ea quer se tornar um profissional completo, capaz de liderar equipes, operar m\u00e1quinas e impulsionar inova\u00e7\u00f5es tecnol\u00f3gicas? Ent\u00e3o, aproveite essa oportunidade e inscreva-se, gratuitamente, at\u00e9 o dia 05\/09 neste link em um dos cursos t\u00e9cnicos semipresenciais dispon\u00edveis no Servi\u00e7o Nacional de Aprendizagem Industrial- SENAI. Em Ipatinga as op\u00e7\u00f5es s\u00e3o para os cursos t\u00e9cnicos em Automa\u00e7\u00e3o [&hellip;]\" \/>\n<meta property=\"og:url\" content=\"https:\/\/www.fiemg.com.br\/regional-vale-do-aco\/noticias\/senai-abre-400-vagas-para-cursos-tecnicos-semipresenciais-gratuitos-no-vale-do-aco\/\" \/>\n<meta property=\"og:site_name\" content=\"Regional Vale do a\u00e7o\" \/>\n<meta property=\"article:modified_time\" content=\"2025-08-20T15:57:45+00:00\" \/>\n<meta property=\"og:image\" content=\"https:\/\/www.fiemg.com.br\/regional-vale-do-aco\/wp-content\/uploads\/sites\/22\/2025\/08\/1111111.jpg\" \/>\n\t<meta property=\"og:image:width\" content=\"983\" \/>\n\t<meta property=\"og:image:height\" content=\"802\" \/>\n\t<meta property=\"og:image:type\" content=\"image\/jpeg\" \/>\n<meta name=\"twitter:card\" content=\"summary_large_image\" \/>\n<meta name=\"twitter:label1\" content=\"Est. tempo de leitura\" \/>\n\t<meta name=\"twitter:data1\" content=\"2 minutos\" \/>\n<script type=\"application\/ld+json\" class=\"yoast-schema-graph\">{\"@context\":\"https:\/\/schema.org\",\"@graph\":[{\"@type\":\"WebPage\",\"@id\":\"https:\/\/www.fiemg.com.br\/regional-vale-do-aco\/noticias\/senai-abre-400-vagas-para-cursos-tecnicos-semipresenciais-gratuitos-no-vale-do-aco\/\",\"url\":\"https:\/\/www.fiemg.com.br\/regional-vale-do-aco\/noticias\/senai-abre-400-vagas-para-cursos-tecnicos-semipresenciais-gratuitos-no-vale-do-aco\/\",\"name\":\"SENAI abre 400 vagas para cursos t\u00e9cnicos, semipresenciais, gratuitos, no Vale do A\u00e7o - Regional Vale do a\u00e7o\",\"isPartOf\":{\"@id\":\"https:\/\/www.fiemg.com.br\/regional-vale-do-aco\/#website\"},\"primaryImageOfPage\":{\"@id\":\"https:\/\/www.fiemg.com.br\/regional-vale-do-aco\/noticias\/senai-abre-400-vagas-para-cursos-tecnicos-semipresenciais-gratuitos-no-vale-do-aco\/#primaryimage\"},\"image\":{\"@id\":\"https:\/\/www.fiemg.com.br\/regional-vale-do-aco\/noticias\/senai-abre-400-vagas-para-cursos-tecnicos-semipresenciais-gratuitos-no-vale-do-aco\/#primaryimage\"},\"thumbnailUrl\":\"https:\/\/www.fiemg.com.br\/regional-vale-do-aco\/wp-content\/uploads\/sites\/22\/2025\/08\/1111111.jpg\",\"datePublished\":\"2025-08-20T13:51:44+00:00\",\"dateModified\":\"2025-08-20T15:57:45+00:00\",\"breadcrumb\":{\"@id\":\"https:\/\/www.fiemg.com.br\/regional-vale-do-aco\/noticias\/senai-abre-400-vagas-para-cursos-tecnicos-semipresenciais-gratuitos-no-vale-do-aco\/#breadcrumb\"},\"inLanguage\":\"pt-BR\",\"potentialAction\":[{\"@type\":\"ReadAction\",\"target\":[\"https:\/\/www.fiemg.com.br\/regional-vale-do-aco\/noticias\/senai-abre-400-vagas-para-cursos-tecnicos-semipresenciais-gratuitos-no-vale-do-aco\/\"]}]},{\"@type\":\"ImageObject\",\"inLanguage\":\"pt-BR\",\"@id\":\"https:\/\/www.fiemg.com.br\/regional-vale-do-aco\/noticias\/senai-abre-400-vagas-para-cursos-tecnicos-semipresenciais-gratuitos-no-vale-do-aco\/#primaryimage\",\"url\":\"https:\/\/www.fiemg.com.br\/regional-vale-do-aco\/wp-content\/uploads\/sites\/22\/2025\/08\/1111111.jpg\",\"contentUrl\":\"https:\/\/www.fiemg.com.br\/regional-vale-do-aco\/wp-content\/uploads\/sites\/22\/2025\/08\/1111111.jpg\",\"width\":983,\"height\":802},{\"@type\":\"BreadcrumbList\",\"@id\":\"https:\/\/www.fiemg.com.br\/regional-vale-do-aco\/noticias\/senai-abre-400-vagas-para-cursos-tecnicos-semipresenciais-gratuitos-no-vale-do-aco\/#breadcrumb\",\"itemListElement\":[{\"@type\":\"ListItem\",\"position\":1,\"name\":\"In\u00edcio\",\"item\":\"https:\/\/www.fiemg.com.br\/regional-vale-do-aco\/\"},{\"@type\":\"ListItem\",\"position\":2,\"name\":\"SENAI abre 400 vagas para cursos t\u00e9cnicos, semipresenciais, gratuitos, no Vale do A\u00e7o\"}]},{\"@type\":\"WebSite\",\"@id\":\"https:\/\/www.fiemg.com.br\/regional-vale-do-aco\/#website\",\"url\":\"https:\/\/www.fiemg.com.br\/regional-vale-do-aco\/\",\"name\":\"Regional Vale do a\u00e7o\",\"description\":\"Federa\u00e7\u00e3o das Ind\u00fastrias do Estado de Minas Gerais\",\"publisher\":{\"@id\":\"https:\/\/www.fiemg.com.br\/regional-vale-do-aco\/#organization\"},\"potentialAction\":[{\"@type\":\"SearchAction\",\"target\":{\"@type\":\"EntryPoint\",\"urlTemplate\":\"https:\/\/www.fiemg.com.br\/regional-vale-do-aco\/?s={search_term_string}\"},\"query-input\":{\"@type\":\"PropertyValueSpecification\",\"valueRequired\":true,\"valueName\":\"search_term_string\"}}],\"inLanguage\":\"pt-BR\"},{\"@type\":\"Organization\",\"@id\":\"https:\/\/www.fiemg.com.br\/regional-vale-do-aco\/#organization\",\"name\":\"Regional Vale do a\u00e7o\",\"url\":\"https:\/\/www.fiemg.com.br\/regional-vale-do-aco\/\",\"logo\":{\"@type\":\"ImageObject\",\"inLanguage\":\"pt-BR\",\"@id\":\"https:\/\/www.fiemg.com.br\/regional-vale-do-aco\/#\/schema\/logo\/image\/\",\"url\":\"https:\/\/www.fiemg.com.br\/regional-vale-do-aco\/wp-content\/uploads\/sites\/22\/2023\/02\/Ativo-1.png\",\"contentUrl\":\"https:\/\/www.fiemg.com.br\/regional-vale-do-aco\/wp-content\/uploads\/sites\/22\/2023\/02\/Ativo-1.png\",\"width\":563,\"height\":149,\"caption\":\"Regional Vale do a\u00e7o\"},\"image\":{\"@id\":\"https:\/\/www.fiemg.com.br\/regional-vale-do-aco\/#\/schema\/logo\/image\/\"}}]}<\/script>\n<!-- \/ Yoast SEO plugin. -->","yoast_head_json":{"title":"SENAI abre 400 vagas para cursos t\u00e9cnicos, semipresenciais, gratuitos, no Vale do A\u00e7o - Regional Vale do a\u00e7o","robots":{"index":"index","follow":"follow","max-snippet":"max-snippet:-1","max-image-preview":"max-image-preview:large","max-video-preview":"max-video-preview:-1"},"canonical":"https:\/\/www.fiemg.com.br\/regional-vale-do-aco\/noticias\/senai-abre-400-vagas-para-cursos-tecnicos-semipresenciais-gratuitos-no-vale-do-aco\/","og_locale":"pt_BR","og_type":"article","og_title":"SENAI abre 400 vagas para cursos t\u00e9cnicos, semipresenciais, gratuitos, no Vale do A\u00e7o - Regional Vale do a\u00e7o","og_description":"Voc\u00ea quer se tornar um profissional completo, capaz de liderar equipes, operar m\u00e1quinas e impulsionar inova\u00e7\u00f5es tecnol\u00f3gicas? Ent\u00e3o, aproveite essa oportunidade e inscreva-se, gratuitamente, at\u00e9 o dia 05\/09 neste link em um dos cursos t\u00e9cnicos semipresenciais dispon\u00edveis no Servi\u00e7o Nacional de Aprendizagem Industrial- SENAI. Em Ipatinga as op\u00e7\u00f5es s\u00e3o para os cursos t\u00e9cnicos em Automa\u00e7\u00e3o [&hellip;]","og_url":"https:\/\/www.fiemg.com.br\/regional-vale-do-aco\/noticias\/senai-abre-400-vagas-para-cursos-tecnicos-semipresenciais-gratuitos-no-vale-do-aco\/","og_site_name":"Regional Vale do a\u00e7o","article_modified_time":"2025-08-20T15:57:45+00:00","og_image":[{"width":983,"height":802,"url":"https:\/\/www.fiemg.com.br\/regional-vale-do-aco\/wp-content\/uploads\/sites\/22\/2025\/08\/1111111.jpg","type":"image\/jpeg"}],"twitter_card":"summary_large_image","twitter_misc":{"Est. tempo de leitura":"2 minutos"},"schema":{"@context":"https:\/\/schema.org","@graph":[{"@type":"WebPage","@id":"https:\/\/www.fiemg.com.br\/regional-vale-do-aco\/noticias\/senai-abre-400-vagas-para-cursos-tecnicos-semipresenciais-gratuitos-no-vale-do-aco\/","url":"https:\/\/www.fiemg.com.br\/regional-vale-do-aco\/noticias\/senai-abre-400-vagas-para-cursos-tecnicos-semipresenciais-gratuitos-no-vale-do-aco\/","name":"SENAI abre 400 vagas para cursos t\u00e9cnicos, semipresenciais, gratuitos, no Vale do A\u00e7o - Regional Vale do a\u00e7o","isPartOf":{"@id":"https:\/\/www.fiemg.com.br\/regional-vale-do-aco\/#website"},"primaryImageOfPage":{"@id":"https:\/\/www.fiemg.com.br\/regional-vale-do-aco\/noticias\/senai-abre-400-vagas-para-cursos-tecnicos-semipresenciais-gratuitos-no-vale-do-aco\/#primaryimage"},"image":{"@id":"https:\/\/www.fiemg.com.br\/regional-vale-do-aco\/noticias\/senai-abre-400-vagas-para-cursos-tecnicos-semipresenciais-gratuitos-no-vale-do-aco\/#primaryimage"},"thumbnailUrl":"https:\/\/www.fiemg.com.br\/regional-vale-do-aco\/wp-content\/uploads\/sites\/22\/2025\/08\/1111111.jpg","datePublished":"2025-08-20T13:51:44+00:00","dateModified":"2025-08-20T15:57:45+00:00","breadcrumb":{"@id":"https:\/\/www.fiemg.com.br\/regional-vale-do-aco\/noticias\/senai-abre-400-vagas-para-cursos-tecnicos-semipresenciais-gratuitos-no-vale-do-aco\/#breadcrumb"},"inLanguage":"pt-BR","potentialAction":[{"@type":"ReadAction","target":["https:\/\/www.fiemg.com.br\/regional-vale-do-aco\/noticias\/senai-abre-400-vagas-para-cursos-tecnicos-semipresenciais-gratuitos-no-vale-do-aco\/"]}]},{"@type":"ImageObject","inLanguage":"pt-BR","@id":"https:\/\/www.fiemg.com.br\/regional-vale-do-aco\/noticias\/senai-abre-400-vagas-para-cursos-tecnicos-semipresenciais-gratuitos-no-vale-do-aco\/#primaryimage","url":"https:\/\/www.fiemg.com.br\/regional-vale-do-aco\/wp-content\/uploads\/sites\/22\/2025\/08\/1111111.jpg","contentUrl":"https:\/\/www.fiemg.com.br\/regional-vale-do-aco\/wp-content\/uploads\/sites\/22\/2025\/08\/1111111.jpg","width":983,"height":802},{"@type":"BreadcrumbList","@id":"https:\/\/www.fiemg.com.br\/regional-vale-do-aco\/noticias\/senai-abre-400-vagas-para-cursos-tecnicos-semipresenciais-gratuitos-no-vale-do-aco\/#breadcrumb","itemListElement":[{"@type":"ListItem","position":1,"name":"In\u00edcio","item":"https:\/\/www.fiemg.com.br\/regional-vale-do-aco\/"},{"@type":"ListItem","position":2,"name":"SENAI abre 400 vagas para cursos t\u00e9cnicos, semipresenciais, gratuitos, no Vale do A\u00e7o"}]},{"@type":"WebSite","@id":"https:\/\/www.fiemg.com.br\/regional-vale-do-aco\/#website","url":"https:\/\/www.fiemg.com.br\/regional-vale-do-aco\/","name":"Regional Vale do a\u00e7o","description":"Federa\u00e7\u00e3o das Ind\u00fastrias do Estado de Minas Gerais","publisher":{"@id":"https:\/\/www.fiemg.com.br\/regional-vale-do-aco\/#organization"},"potentialAction":[{"@type":"SearchAction","target":{"@type":"EntryPoint","urlTemplate":"https:\/\/www.fiemg.com.br\/regional-vale-do-aco\/?s={search_term_string}"},"query-input":{"@type":"PropertyValueSpecification","valueRequired":true,"valueName":"search_term_string"}}],"inLanguage":"pt-BR"},{"@type":"Organization","@id":"https:\/\/www.fiemg.com.br\/regional-vale-do-aco\/#organization","name":"Regional Vale do a\u00e7o","url":"https:\/\/www.fiemg.com.br\/regional-vale-do-aco\/","logo":{"@type":"ImageObject","inLanguage":"pt-BR","@id":"https:\/\/www.fiemg.com.br\/regional-vale-do-aco\/#\/schema\/logo\/image\/","url":"https:\/\/www.fiemg.com.br\/regional-vale-do-aco\/wp-content\/uploads\/sites\/22\/2023\/02\/Ativo-1.png","contentUrl":"https:\/\/www.fiemg.com.br\/regional-vale-do-aco\/wp-content\/uploads\/sites\/22\/2023\/02\/Ativo-1.png","width":563,"height":149,"caption":"Regional Vale do a\u00e7o"},"image":{"@id":"https:\/\/www.fiemg.com.br\/regional-vale-do-aco\/#\/schema\/logo\/image\/"}}]}},"_links":{"self":[{"href":"https:\/\/www.fiemg.com.br\/regional-vale-do-aco\/wp-json\/wp\/v2\/noticias\/2553","targetHints":{"allow":["GET"]}}],"collection":[{"href":"https:\/\/www.fiemg.com.br\/regional-vale-do-aco\/wp-json\/wp\/v2\/noticias"}],"about":[{"href":"https:\/\/www.fiemg.com.br\/regional-vale-do-aco\/wp-json\/wp\/v2\/types\/noticias"}],"wp:featuredmedia":[{"embeddable":true,"href":"https:\/\/www.fiemg.com.br\/regional-vale-do-aco\/wp-json\/wp\/v2\/media\/2556"}],"wp:attachment":[{"href":"https:\/\/www.fiemg.com.br\/regional-vale-do-aco\/wp-json\/wp\/v2\/media?parent=2553"}],"wp:term":[{"taxonomy":"category","embeddable":true,"href":"https:\/\/www.fiemg.com.br\/regional-vale-do-aco\/wp-json\/wp\/v2\/categories?post=2553"},{"taxonomy":"post_tag","embeddable":true,"href":"https:\/\/www.fiemg.com.br\/regional-vale-do-aco\/wp-json\/wp\/v2\/tags?post=2553"}],"curies":[{"name":"wp","href":"https:\/\/api.w.org\/{rel}","templated":true}]}}