{"id":2880,"date":"2026-03-06T15:33:04","date_gmt":"2026-03-06T18:33:04","guid":{"rendered":"https:\/\/www.fiemg.com.br\/regional-vale-do-aco\/?post_type=noticias&#038;p=2880"},"modified":"2026-03-06T15:33:08","modified_gmt":"2026-03-06T18:33:08","slug":"mulheres-ainda-sao-minoria-nas-profissoes-do-futuro-em-minas-gerais-aponta-estudo-da-fiemg","status":"publish","type":"noticias","link":"https:\/\/www.fiemg.com.br\/regional-vale-do-aco\/noticias\/mulheres-ainda-sao-minoria-nas-profissoes-do-futuro-em-minas-gerais-aponta-estudo-da-fiemg\/","title":{"rendered":"Mulheres ainda s\u00e3o minoria nas profiss\u00f5es do futuro em Minas Gerais, aponta estudo da FIEMG"},"content":{"rendered":"\n<p>\u00c0s v\u00e9speras do Dia Internacional da Mulher, um alerta: um levantamento realizado pela Ger\u00eancia de Economia da FIEMG revela que, em Minas Gerais, as mulheres representam apenas 0,4% das ocupa\u00e7\u00f5es nas chamadas \u201cprofiss\u00f5es do futuro\u201d, como intelig\u00eancia artificial, Big Data e desenvolvimento de software, enquanto 1,5% dos homens ocupam essas fun\u00e7\u00f5es. A disparidade \u00e9 grande e evidencia a sub-representa\u00e7\u00e3o feminina em setores-chave para o desenvolvimento da economia no futuro. O estudo foi divulgado nesta sexta-feira (6).<\/p>\n\n\n\n<p>\u201c\u00c9 essencial que as pol\u00edticas p\u00fablicas e privadas para a qualifica\u00e7\u00e3o da m\u00e3o de obra no Brasil e em Minas Gerais incluam estrat\u00e9gias para aumentar a presen\u00e7a feminina nas \u00e1reas de tecnologia, ci\u00eancia e inova\u00e7\u00e3o. Programas de capacita\u00e7\u00e3o em STEM (ci\u00eancia, tecnologia, engenharia e matem\u00e1tica) e a\u00e7\u00f5es de requalifica\u00e7\u00e3o profissional s\u00e3o fundamentais para reduzir essa desigualdade e preparar a pr\u00f3xima gera\u00e7\u00e3o para os desafios do futuro\u201d, afirma Juliana Gagliardi, coordenadora da Ger\u00eancia de Economia da FIEMG.<\/p>\n\n\n\n<p>Al\u00e9m disso, o estudo revela que, enquanto as mulheres est\u00e3o sub-representadas nas profiss\u00f5es mais promissoras, elas est\u00e3o mais concentradas nas ocupa\u00e7\u00f5es com maior risco de automa\u00e7\u00e3o e decl\u00ednio. Em Minas Gerais, 16,6% das mulheres ocupadas no setor formal est\u00e3o em fun\u00e7\u00f5es com alto risco de retra\u00e7\u00e3o, como atendentes de servi\u00e7os postais, caixas banc\u00e1rios e operadores de caixa, enquanto apenas 5,6% dos homens ocupam essas mesmas fun\u00e7\u00f5es. Essas atividades, com alta chance de desaparecer at\u00e9 2030, representam um risco ainda maior para as mulheres no mercado de trabalho.<\/p>\n\n\n\n<p>Esses dados ressaltam a necessidade urgente de promover a\u00e7\u00f5es que garantam \u00e0s mulheres as ferramentas necess\u00e1rias para enfrentar as transforma\u00e7\u00f5es do mercado. Por um lado, elas est\u00e3o sub-representadas nas \u00e1reas com mais potencial de crescimento, e por outro, est\u00e3o concentradas nas fun\u00e7\u00f5es mais vulner\u00e1veis \u00e0 automa\u00e7\u00e3o.<\/p>\n\n\n\n<p>O levantamento tamb\u00e9m mostra a predomin\u00e2ncia masculina nas ocupa\u00e7\u00f5es mais inovadoras, como computa\u00e7\u00e3o e programa\u00e7\u00e3o. Para Minas Gerais, setores como tecnologia e inova\u00e7\u00e3o precisam de mais mulheres para impulsionar as transforma\u00e7\u00f5es digitais que est\u00e3o por vir. A FIEMG segue apoiando iniciativas que incentivem o acesso das mulheres \u00e0s profiss\u00f5es do futuro, com programas de capacita\u00e7\u00e3o t\u00e9cnica e superior e projetos que garantam inclus\u00e3o e igualdade de oportunidades no mercado de trabalho.<\/p>\n\n\n\n<p><strong>Imprensa FIEMG<\/strong><br><br><em>Leia tamb\u00e9m:<\/em><br><br><a href=\"https:\/\/www.fiemg.com.br\/noticias\/dia-internacional-da-igualdade-feminina-estudo-da-fiemg-aponta-avancos-e-desafios-no-mercado-de-trabalho\/\"><strong>Dia Internacional da Igualdade Feminina: estudo da FIEMG aponta avan\u00e7os e desafios no mercado de trabalho<\/strong><\/a><\/p>\n","protected":false},"featured_media":2882,"template":"","categories":[],"tags":[],"class_list":["post-2880","noticias","type-noticias","status-publish","has-post-thumbnail","hentry"],"acf":[],"yoast_head":"<!-- This site is optimized with the Yoast SEO plugin v26.2 - https:\/\/yoast.com\/wordpress\/plugins\/seo\/ -->\n<title>Mulheres ainda s\u00e3o minoria nas profiss\u00f5es do futuro em Minas Gerais, aponta estudo da FIEMG - Regional Vale do a\u00e7o<\/title>\n<meta name=\"robots\" content=\"index, follow, max-snippet:-1, max-image-preview:large, max-video-preview:-1\" \/>\n<link rel=\"canonical\" href=\"https:\/\/www.fiemg.com.br\/regional-vale-do-aco\/noticias\/mulheres-ainda-sao-minoria-nas-profissoes-do-futuro-em-minas-gerais-aponta-estudo-da-fiemg\/\" \/>\n<meta property=\"og:locale\" content=\"pt_BR\" \/>\n<meta property=\"og:type\" content=\"article\" \/>\n<meta property=\"og:title\" content=\"Mulheres ainda s\u00e3o minoria nas profiss\u00f5es do futuro em Minas Gerais, aponta estudo da FIEMG - Regional Vale do a\u00e7o\" \/>\n<meta property=\"og:description\" content=\"\u00c0s v\u00e9speras do Dia Internacional da Mulher, um alerta: um levantamento realizado pela Ger\u00eancia de Economia da FIEMG revela que, em Minas Gerais, as mulheres representam apenas 0,4% das ocupa\u00e7\u00f5es nas chamadas \u201cprofiss\u00f5es do futuro\u201d, como intelig\u00eancia artificial, Big Data e desenvolvimento de software, enquanto 1,5% dos homens ocupam essas fun\u00e7\u00f5es. A disparidade \u00e9 grande [&hellip;]\" \/>\n<meta property=\"og:url\" content=\"https:\/\/www.fiemg.com.br\/regional-vale-do-aco\/noticias\/mulheres-ainda-sao-minoria-nas-profissoes-do-futuro-em-minas-gerais-aponta-estudo-da-fiemg\/\" \/>\n<meta property=\"og:site_name\" content=\"Regional Vale do a\u00e7o\" \/>\n<meta property=\"article:modified_time\" content=\"2026-03-06T18:33:08+00:00\" \/>\n<meta property=\"og:image\" content=\"https:\/\/www.fiemg.com.br\/regional-vale-do-aco\/wp-content\/uploads\/sites\/22\/2026\/03\/mulheres-mercado-de-trabalho-rk4c70iu13utrsjp60vlpgw76j968ci5qfz2st9reo.jpeg\" \/>\n\t<meta property=\"og:image:width\" content=\"250\" \/>\n\t<meta property=\"og:image:height\" content=\"250\" \/>\n\t<meta property=\"og:image:type\" content=\"image\/jpeg\" \/>\n<meta name=\"twitter:card\" content=\"summary_large_image\" \/>\n<meta name=\"twitter:label1\" content=\"Est. tempo de leitura\" \/>\n\t<meta name=\"twitter:data1\" content=\"3 minutos\" \/>\n<script type=\"application\/ld+json\" class=\"yoast-schema-graph\">{\"@context\":\"https:\/\/schema.org\",\"@graph\":[{\"@type\":\"WebPage\",\"@id\":\"https:\/\/www.fiemg.com.br\/regional-vale-do-aco\/noticias\/mulheres-ainda-sao-minoria-nas-profissoes-do-futuro-em-minas-gerais-aponta-estudo-da-fiemg\/\",\"url\":\"https:\/\/www.fiemg.com.br\/regional-vale-do-aco\/noticias\/mulheres-ainda-sao-minoria-nas-profissoes-do-futuro-em-minas-gerais-aponta-estudo-da-fiemg\/\",\"name\":\"Mulheres ainda s\u00e3o minoria nas profiss\u00f5es do futuro em Minas Gerais, aponta estudo da FIEMG - Regional Vale do a\u00e7o\",\"isPartOf\":{\"@id\":\"https:\/\/www.fiemg.com.br\/regional-vale-do-aco\/#website\"},\"primaryImageOfPage\":{\"@id\":\"https:\/\/www.fiemg.com.br\/regional-vale-do-aco\/noticias\/mulheres-ainda-sao-minoria-nas-profissoes-do-futuro-em-minas-gerais-aponta-estudo-da-fiemg\/#primaryimage\"},\"image\":{\"@id\":\"https:\/\/www.fiemg.com.br\/regional-vale-do-aco\/noticias\/mulheres-ainda-sao-minoria-nas-profissoes-do-futuro-em-minas-gerais-aponta-estudo-da-fiemg\/#primaryimage\"},\"thumbnailUrl\":\"https:\/\/www.fiemg.com.br\/regional-vale-do-aco\/wp-content\/uploads\/sites\/22\/2026\/03\/mulheres-mercado-de-trabalho-rk4c70iu13utrsjp60vlpgw76j968ci5qfz2st9reo.jpeg\",\"datePublished\":\"2026-03-06T18:33:04+00:00\",\"dateModified\":\"2026-03-06T18:33:08+00:00\",\"breadcrumb\":{\"@id\":\"https:\/\/www.fiemg.com.br\/regional-vale-do-aco\/noticias\/mulheres-ainda-sao-minoria-nas-profissoes-do-futuro-em-minas-gerais-aponta-estudo-da-fiemg\/#breadcrumb\"},\"inLanguage\":\"pt-BR\",\"potentialAction\":[{\"@type\":\"ReadAction\",\"target\":[\"https:\/\/www.fiemg.com.br\/regional-vale-do-aco\/noticias\/mulheres-ainda-sao-minoria-nas-profissoes-do-futuro-em-minas-gerais-aponta-estudo-da-fiemg\/\"]}]},{\"@type\":\"ImageObject\",\"inLanguage\":\"pt-BR\",\"@id\":\"https:\/\/www.fiemg.com.br\/regional-vale-do-aco\/noticias\/mulheres-ainda-sao-minoria-nas-profissoes-do-futuro-em-minas-gerais-aponta-estudo-da-fiemg\/#primaryimage\",\"url\":\"https:\/\/www.fiemg.com.br\/regional-vale-do-aco\/wp-content\/uploads\/sites\/22\/2026\/03\/mulheres-mercado-de-trabalho-rk4c70iu13utrsjp60vlpgw76j968ci5qfz2st9reo.jpeg\",\"contentUrl\":\"https:\/\/www.fiemg.com.br\/regional-vale-do-aco\/wp-content\/uploads\/sites\/22\/2026\/03\/mulheres-mercado-de-trabalho-rk4c70iu13utrsjp60vlpgw76j968ci5qfz2st9reo.jpeg\",\"width\":250,\"height\":250},{\"@type\":\"BreadcrumbList\",\"@id\":\"https:\/\/www.fiemg.com.br\/regional-vale-do-aco\/noticias\/mulheres-ainda-sao-minoria-nas-profissoes-do-futuro-em-minas-gerais-aponta-estudo-da-fiemg\/#breadcrumb\",\"itemListElement\":[{\"@type\":\"ListItem\",\"position\":1,\"name\":\"In\u00edcio\",\"item\":\"https:\/\/www.fiemg.com.br\/regional-vale-do-aco\/\"},{\"@type\":\"ListItem\",\"position\":2,\"name\":\"Mulheres ainda s\u00e3o minoria nas profiss\u00f5es do futuro em Minas Gerais, aponta estudo da FIEMG\"}]},{\"@type\":\"WebSite\",\"@id\":\"https:\/\/www.fiemg.com.br\/regional-vale-do-aco\/#website\",\"url\":\"https:\/\/www.fiemg.com.br\/regional-vale-do-aco\/\",\"name\":\"Regional Vale do a\u00e7o\",\"description\":\"Federa\u00e7\u00e3o das Ind\u00fastrias do Estado de Minas Gerais\",\"publisher\":{\"@id\":\"https:\/\/www.fiemg.com.br\/regional-vale-do-aco\/#organization\"},\"potentialAction\":[{\"@type\":\"SearchAction\",\"target\":{\"@type\":\"EntryPoint\",\"urlTemplate\":\"https:\/\/www.fiemg.com.br\/regional-vale-do-aco\/?s={search_term_string}\"},\"query-input\":{\"@type\":\"PropertyValueSpecification\",\"valueRequired\":true,\"valueName\":\"search_term_string\"}}],\"inLanguage\":\"pt-BR\"},{\"@type\":\"Organization\",\"@id\":\"https:\/\/www.fiemg.com.br\/regional-vale-do-aco\/#organization\",\"name\":\"Regional Vale do a\u00e7o\",\"url\":\"https:\/\/www.fiemg.com.br\/regional-vale-do-aco\/\",\"logo\":{\"@type\":\"ImageObject\",\"inLanguage\":\"pt-BR\",\"@id\":\"https:\/\/www.fiemg.com.br\/regional-vale-do-aco\/#\/schema\/logo\/image\/\",\"url\":\"https:\/\/www.fiemg.com.br\/regional-vale-do-aco\/wp-content\/uploads\/sites\/22\/2023\/02\/Ativo-1.png\",\"contentUrl\":\"https:\/\/www.fiemg.com.br\/regional-vale-do-aco\/wp-content\/uploads\/sites\/22\/2023\/02\/Ativo-1.png\",\"width\":563,\"height\":149,\"caption\":\"Regional Vale do a\u00e7o\"},\"image\":{\"@id\":\"https:\/\/www.fiemg.com.br\/regional-vale-do-aco\/#\/schema\/logo\/image\/\"}}]}<\/script>\n<!-- \/ Yoast SEO plugin. -->","yoast_head_json":{"title":"Mulheres ainda s\u00e3o minoria nas profiss\u00f5es do futuro em Minas Gerais, aponta estudo da FIEMG - Regional Vale do a\u00e7o","robots":{"index":"index","follow":"follow","max-snippet":"max-snippet:-1","max-image-preview":"max-image-preview:large","max-video-preview":"max-video-preview:-1"},"canonical":"https:\/\/www.fiemg.com.br\/regional-vale-do-aco\/noticias\/mulheres-ainda-sao-minoria-nas-profissoes-do-futuro-em-minas-gerais-aponta-estudo-da-fiemg\/","og_locale":"pt_BR","og_type":"article","og_title":"Mulheres ainda s\u00e3o minoria nas profiss\u00f5es do futuro em Minas Gerais, aponta estudo da FIEMG - Regional Vale do a\u00e7o","og_description":"\u00c0s v\u00e9speras do Dia Internacional da Mulher, um alerta: um levantamento realizado pela Ger\u00eancia de Economia da FIEMG revela que, em Minas Gerais, as mulheres representam apenas 0,4% das ocupa\u00e7\u00f5es nas chamadas \u201cprofiss\u00f5es do futuro\u201d, como intelig\u00eancia artificial, Big Data e desenvolvimento de software, enquanto 1,5% dos homens ocupam essas fun\u00e7\u00f5es. A disparidade \u00e9 grande [&hellip;]","og_url":"https:\/\/www.fiemg.com.br\/regional-vale-do-aco\/noticias\/mulheres-ainda-sao-minoria-nas-profissoes-do-futuro-em-minas-gerais-aponta-estudo-da-fiemg\/","og_site_name":"Regional Vale do a\u00e7o","article_modified_time":"2026-03-06T18:33:08+00:00","og_image":[{"width":250,"height":250,"url":"https:\/\/www.fiemg.com.br\/regional-vale-do-aco\/wp-content\/uploads\/sites\/22\/2026\/03\/mulheres-mercado-de-trabalho-rk4c70iu13utrsjp60vlpgw76j968ci5qfz2st9reo.jpeg","type":"image\/jpeg"}],"twitter_card":"summary_large_image","twitter_misc":{"Est. tempo de leitura":"3 minutos"},"schema":{"@context":"https:\/\/schema.org","@graph":[{"@type":"WebPage","@id":"https:\/\/www.fiemg.com.br\/regional-vale-do-aco\/noticias\/mulheres-ainda-sao-minoria-nas-profissoes-do-futuro-em-minas-gerais-aponta-estudo-da-fiemg\/","url":"https:\/\/www.fiemg.com.br\/regional-vale-do-aco\/noticias\/mulheres-ainda-sao-minoria-nas-profissoes-do-futuro-em-minas-gerais-aponta-estudo-da-fiemg\/","name":"Mulheres ainda s\u00e3o minoria nas profiss\u00f5es do futuro em Minas Gerais, aponta estudo da FIEMG - Regional Vale do a\u00e7o","isPartOf":{"@id":"https:\/\/www.fiemg.com.br\/regional-vale-do-aco\/#website"},"primaryImageOfPage":{"@id":"https:\/\/www.fiemg.com.br\/regional-vale-do-aco\/noticias\/mulheres-ainda-sao-minoria-nas-profissoes-do-futuro-em-minas-gerais-aponta-estudo-da-fiemg\/#primaryimage"},"image":{"@id":"https:\/\/www.fiemg.com.br\/regional-vale-do-aco\/noticias\/mulheres-ainda-sao-minoria-nas-profissoes-do-futuro-em-minas-gerais-aponta-estudo-da-fiemg\/#primaryimage"},"thumbnailUrl":"https:\/\/www.fiemg.com.br\/regional-vale-do-aco\/wp-content\/uploads\/sites\/22\/2026\/03\/mulheres-mercado-de-trabalho-rk4c70iu13utrsjp60vlpgw76j968ci5qfz2st9reo.jpeg","datePublished":"2026-03-06T18:33:04+00:00","dateModified":"2026-03-06T18:33:08+00:00","breadcrumb":{"@id":"https:\/\/www.fiemg.com.br\/regional-vale-do-aco\/noticias\/mulheres-ainda-sao-minoria-nas-profissoes-do-futuro-em-minas-gerais-aponta-estudo-da-fiemg\/#breadcrumb"},"inLanguage":"pt-BR","potentialAction":[{"@type":"ReadAction","target":["https:\/\/www.fiemg.com.br\/regional-vale-do-aco\/noticias\/mulheres-ainda-sao-minoria-nas-profissoes-do-futuro-em-minas-gerais-aponta-estudo-da-fiemg\/"]}]},{"@type":"ImageObject","inLanguage":"pt-BR","@id":"https:\/\/www.fiemg.com.br\/regional-vale-do-aco\/noticias\/mulheres-ainda-sao-minoria-nas-profissoes-do-futuro-em-minas-gerais-aponta-estudo-da-fiemg\/#primaryimage","url":"https:\/\/www.fiemg.com.br\/regional-vale-do-aco\/wp-content\/uploads\/sites\/22\/2026\/03\/mulheres-mercado-de-trabalho-rk4c70iu13utrsjp60vlpgw76j968ci5qfz2st9reo.jpeg","contentUrl":"https:\/\/www.fiemg.com.br\/regional-vale-do-aco\/wp-content\/uploads\/sites\/22\/2026\/03\/mulheres-mercado-de-trabalho-rk4c70iu13utrsjp60vlpgw76j968ci5qfz2st9reo.jpeg","width":250,"height":250},{"@type":"BreadcrumbList","@id":"https:\/\/www.fiemg.com.br\/regional-vale-do-aco\/noticias\/mulheres-ainda-sao-minoria-nas-profissoes-do-futuro-em-minas-gerais-aponta-estudo-da-fiemg\/#breadcrumb","itemListElement":[{"@type":"ListItem","position":1,"name":"In\u00edcio","item":"https:\/\/www.fiemg.com.br\/regional-vale-do-aco\/"},{"@type":"ListItem","position":2,"name":"Mulheres ainda s\u00e3o minoria nas profiss\u00f5es do futuro em Minas Gerais, aponta estudo da FIEMG"}]},{"@type":"WebSite","@id":"https:\/\/www.fiemg.com.br\/regional-vale-do-aco\/#website","url":"https:\/\/www.fiemg.com.br\/regional-vale-do-aco\/","name":"Regional Vale do a\u00e7o","description":"Federa\u00e7\u00e3o das Ind\u00fastrias do Estado de Minas Gerais","publisher":{"@id":"https:\/\/www.fiemg.com.br\/regional-vale-do-aco\/#organization"},"potentialAction":[{"@type":"SearchAction","target":{"@type":"EntryPoint","urlTemplate":"https:\/\/www.fiemg.com.br\/regional-vale-do-aco\/?s={search_term_string}"},"query-input":{"@type":"PropertyValueSpecification","valueRequired":true,"valueName":"search_term_string"}}],"inLanguage":"pt-BR"},{"@type":"Organization","@id":"https:\/\/www.fiemg.com.br\/regional-vale-do-aco\/#organization","name":"Regional Vale do a\u00e7o","url":"https:\/\/www.fiemg.com.br\/regional-vale-do-aco\/","logo":{"@type":"ImageObject","inLanguage":"pt-BR","@id":"https:\/\/www.fiemg.com.br\/regional-vale-do-aco\/#\/schema\/logo\/image\/","url":"https:\/\/www.fiemg.com.br\/regional-vale-do-aco\/wp-content\/uploads\/sites\/22\/2023\/02\/Ativo-1.png","contentUrl":"https:\/\/www.fiemg.com.br\/regional-vale-do-aco\/wp-content\/uploads\/sites\/22\/2023\/02\/Ativo-1.png","width":563,"height":149,"caption":"Regional Vale do a\u00e7o"},"image":{"@id":"https:\/\/www.fiemg.com.br\/regional-vale-do-aco\/#\/schema\/logo\/image\/"}}]}},"_links":{"self":[{"href":"https:\/\/www.fiemg.com.br\/regional-vale-do-aco\/wp-json\/wp\/v2\/noticias\/2880","targetHints":{"allow":["GET"]}}],"collection":[{"href":"https:\/\/www.fiemg.com.br\/regional-vale-do-aco\/wp-json\/wp\/v2\/noticias"}],"about":[{"href":"https:\/\/www.fiemg.com.br\/regional-vale-do-aco\/wp-json\/wp\/v2\/types\/noticias"}],"wp:featuredmedia":[{"embeddable":true,"href":"https:\/\/www.fiemg.com.br\/regional-vale-do-aco\/wp-json\/wp\/v2\/media\/2882"}],"wp:attachment":[{"href":"https:\/\/www.fiemg.com.br\/regional-vale-do-aco\/wp-json\/wp\/v2\/media?parent=2880"}],"wp:term":[{"taxonomy":"category","embeddable":true,"href":"https:\/\/www.fiemg.com.br\/regional-vale-do-aco\/wp-json\/wp\/v2\/categories?post=2880"},{"taxonomy":"post_tag","embeddable":true,"href":"https:\/\/www.fiemg.com.br\/regional-vale-do-aco\/wp-json\/wp\/v2\/tags?post=2880"}],"curies":[{"name":"wp","href":"https:\/\/api.w.org\/{rel}","templated":true}]}}