{"id":2883,"date":"2026-03-10T11:00:27","date_gmt":"2026-03-10T14:00:27","guid":{"rendered":"https:\/\/www.fiemg.com.br\/regional-vale-do-aco\/?post_type=noticias&#038;p=2883"},"modified":"2026-03-10T11:21:37","modified_gmt":"2026-03-10T14:21:37","slug":"2a-edicao-do-cuide-se-run-movimenta-o-parque-ipanema-no-dia-da-mulher","status":"publish","type":"noticias","link":"https:\/\/www.fiemg.com.br\/regional-vale-do-aco\/noticias\/2a-edicao-do-cuide-se-run-movimenta-o-parque-ipanema-no-dia-da-mulher\/","title":{"rendered":"2\u00aa Edi\u00e7\u00e3o do Cuide-se Run movimenta o Parque Ipanema no Dia da Mulher"},"content":{"rendered":"\n<p>O Parque Ipanema foi palco, no \u00faltimo domingo (8), Dia Internacional da Mulher, da 2\u00aa edi\u00e7\u00e3o do Cuide-se Run, corrida promovida pelo Sistema FIEMG e realizada simultaneamente em v\u00e1rias regi\u00f5es de Minas Gerais. Em Ipatinga, a a\u00e7\u00e3o reuniu mais de 250 participantes \u2014 entre colaboradores, dependentes e comunidade \u2014 em uma manh\u00e3 dedicada ao bem-estar, \u00e0 conviv\u00eancia e \u00e0 pr\u00e1tica esportiva.<\/p>\n\n\n\n<p><br>\u201c\u00c9 uma alegria dar in\u00edcio a mais uma edi\u00e7\u00e3o do Cuide-se Run aqui no Vale do A\u00e7o. Este evento vai muito al\u00e9m da corrida: ele incentiva h\u00e1bitos saud\u00e1veis, aproxima nossos colaboradores e seus familiares e refor\u00e7a algo que nunca podemos esquecer \u2014 cuidar do corpo e da mente\u201d, afirmou o presidente da FIEMG Regional Vale do A\u00e7o, Jo\u00e3o Batista Alves<\/p>\n\n\n\n<p>A programa\u00e7\u00e3o contou com modalidades de corrida 5km, caminhada 2,5km e a tradicional corrida kids, garantindo a participa\u00e7\u00e3o de pessoas de diversas idades. A atmosfera foi marcada por energia, entusiasmo e simbolismo, especialmente por ocorrer em uma data dedicada \u00e0 for\u00e7a, \u00e0 representatividade e ao protagonismo feminino.<\/p>\n\n\n\n<p>O evento tamb\u00e9m reuniu importantes lideran\u00e7as industriais da regi\u00e3o, entre elas Ant\u00f4nio Eug\u00eanio Fernandes (Sinpava), Renato Gomes (Sindimiva) e Luciano Ara\u00fajo (Sindivest), al\u00e9m de gerentes das unidades SESI e SENAI. A presen\u00e7a refor\u00e7ou o compromisso do Sistema FIEMG com a\u00e7\u00f5es que promovem sa\u00fade, qualidade de vida e engajamento social.<\/p>\n\n\n\n<p>Para a gerente do SENAI, Andreza Oto, o Cuide-se Run se consolida como uma iniciativa essencial no calend\u00e1rio da institui\u00e7\u00e3o. \u201cA 2\u00aa edi\u00e7\u00e3o do Cuide-se Run integra esporte, sa\u00fade e qualidade de vida, refor\u00e7ando o compromisso cont\u00ednuo do Sistema FIEMG com o bem-estar dos nossos colaboradores e seus dependentes. \u00c9 inspirador ver tantas pessoas reunidas em torno de um prop\u00f3sito t\u00e3o importante: cuidar do corpo, da mente e fortalecer la\u00e7os que fazem diferen\u00e7a no dia a dia\u201d, destacou.<\/p>\n\n\n\n<p>A manh\u00e3 foi conclu\u00edda com muita celebra\u00e7\u00e3o e sentimento de miss\u00e3o cumprida, refor\u00e7ando o sucesso de mais uma edi\u00e7\u00e3o do Cuide-se Run no Vale do A\u00e7o.<\/p>\n","protected":false},"featured_media":2909,"template":"","categories":[],"tags":[],"class_list":["post-2883","noticias","type-noticias","status-publish","has-post-thumbnail","hentry"],"acf":[],"yoast_head":"<!-- This site is optimized with the Yoast SEO plugin v26.2 - https:\/\/yoast.com\/wordpress\/plugins\/seo\/ -->\n<title>2\u00aa Edi\u00e7\u00e3o do Cuide-se Run movimenta o Parque Ipanema no Dia da Mulher - Regional Vale do a\u00e7o<\/title>\n<meta name=\"robots\" content=\"index, follow, max-snippet:-1, max-image-preview:large, max-video-preview:-1\" \/>\n<link rel=\"canonical\" href=\"https:\/\/www.fiemg.com.br\/regional-vale-do-aco\/noticias\/2a-edicao-do-cuide-se-run-movimenta-o-parque-ipanema-no-dia-da-mulher\/\" \/>\n<meta property=\"og:locale\" content=\"pt_BR\" \/>\n<meta property=\"og:type\" content=\"article\" \/>\n<meta property=\"og:title\" content=\"2\u00aa Edi\u00e7\u00e3o do Cuide-se Run movimenta o Parque Ipanema no Dia da Mulher - Regional Vale do a\u00e7o\" \/>\n<meta property=\"og:description\" content=\"O Parque Ipanema foi palco, no \u00faltimo domingo (8), Dia Internacional da Mulher, da 2\u00aa edi\u00e7\u00e3o do Cuide-se Run, corrida promovida pelo Sistema FIEMG e realizada simultaneamente em v\u00e1rias regi\u00f5es de Minas Gerais. Em Ipatinga, a a\u00e7\u00e3o reuniu mais de 250 participantes \u2014 entre colaboradores, dependentes e comunidade \u2014 em uma manh\u00e3 dedicada ao bem-estar, [&hellip;]\" \/>\n<meta property=\"og:url\" content=\"https:\/\/www.fiemg.com.br\/regional-vale-do-aco\/noticias\/2a-edicao-do-cuide-se-run-movimenta-o-parque-ipanema-no-dia-da-mulher\/\" \/>\n<meta property=\"og:site_name\" content=\"Regional Vale do a\u00e7o\" \/>\n<meta property=\"article:modified_time\" content=\"2026-03-10T14:21:37+00:00\" \/>\n<meta property=\"og:image\" content=\"https:\/\/www.fiemg.com.br\/regional-vale-do-aco\/wp-content\/uploads\/sites\/22\/2026\/03\/IMG_0020-3-scaled.jpg\" \/>\n\t<meta property=\"og:image:width\" content=\"2560\" \/>\n\t<meta property=\"og:image:height\" content=\"1707\" \/>\n\t<meta property=\"og:image:type\" content=\"image\/jpeg\" \/>\n<meta name=\"twitter:card\" content=\"summary_large_image\" \/>\n<meta name=\"twitter:label1\" content=\"Est. tempo de leitura\" \/>\n\t<meta name=\"twitter:data1\" content=\"2 minutos\" \/>\n<script type=\"application\/ld+json\" class=\"yoast-schema-graph\">{\"@context\":\"https:\/\/schema.org\",\"@graph\":[{\"@type\":\"WebPage\",\"@id\":\"https:\/\/www.fiemg.com.br\/regional-vale-do-aco\/noticias\/2a-edicao-do-cuide-se-run-movimenta-o-parque-ipanema-no-dia-da-mulher\/\",\"url\":\"https:\/\/www.fiemg.com.br\/regional-vale-do-aco\/noticias\/2a-edicao-do-cuide-se-run-movimenta-o-parque-ipanema-no-dia-da-mulher\/\",\"name\":\"2\u00aa Edi\u00e7\u00e3o do Cuide-se Run movimenta o Parque Ipanema no Dia da Mulher - Regional Vale do a\u00e7o\",\"isPartOf\":{\"@id\":\"https:\/\/www.fiemg.com.br\/regional-vale-do-aco\/#website\"},\"primaryImageOfPage\":{\"@id\":\"https:\/\/www.fiemg.com.br\/regional-vale-do-aco\/noticias\/2a-edicao-do-cuide-se-run-movimenta-o-parque-ipanema-no-dia-da-mulher\/#primaryimage\"},\"image\":{\"@id\":\"https:\/\/www.fiemg.com.br\/regional-vale-do-aco\/noticias\/2a-edicao-do-cuide-se-run-movimenta-o-parque-ipanema-no-dia-da-mulher\/#primaryimage\"},\"thumbnailUrl\":\"https:\/\/www.fiemg.com.br\/regional-vale-do-aco\/wp-content\/uploads\/sites\/22\/2026\/03\/IMG_0020-3-scaled.jpg\",\"datePublished\":\"2026-03-10T14:00:27+00:00\",\"dateModified\":\"2026-03-10T14:21:37+00:00\",\"breadcrumb\":{\"@id\":\"https:\/\/www.fiemg.com.br\/regional-vale-do-aco\/noticias\/2a-edicao-do-cuide-se-run-movimenta-o-parque-ipanema-no-dia-da-mulher\/#breadcrumb\"},\"inLanguage\":\"pt-BR\",\"potentialAction\":[{\"@type\":\"ReadAction\",\"target\":[\"https:\/\/www.fiemg.com.br\/regional-vale-do-aco\/noticias\/2a-edicao-do-cuide-se-run-movimenta-o-parque-ipanema-no-dia-da-mulher\/\"]}]},{\"@type\":\"ImageObject\",\"inLanguage\":\"pt-BR\",\"@id\":\"https:\/\/www.fiemg.com.br\/regional-vale-do-aco\/noticias\/2a-edicao-do-cuide-se-run-movimenta-o-parque-ipanema-no-dia-da-mulher\/#primaryimage\",\"url\":\"https:\/\/www.fiemg.com.br\/regional-vale-do-aco\/wp-content\/uploads\/sites\/22\/2026\/03\/IMG_0020-3-scaled.jpg\",\"contentUrl\":\"https:\/\/www.fiemg.com.br\/regional-vale-do-aco\/wp-content\/uploads\/sites\/22\/2026\/03\/IMG_0020-3-scaled.jpg\",\"width\":2560,\"height\":1707},{\"@type\":\"BreadcrumbList\",\"@id\":\"https:\/\/www.fiemg.com.br\/regional-vale-do-aco\/noticias\/2a-edicao-do-cuide-se-run-movimenta-o-parque-ipanema-no-dia-da-mulher\/#breadcrumb\",\"itemListElement\":[{\"@type\":\"ListItem\",\"position\":1,\"name\":\"In\u00edcio\",\"item\":\"https:\/\/www.fiemg.com.br\/regional-vale-do-aco\/\"},{\"@type\":\"ListItem\",\"position\":2,\"name\":\"2\u00aa Edi\u00e7\u00e3o do Cuide-se Run movimenta o Parque Ipanema no Dia da Mulher\"}]},{\"@type\":\"WebSite\",\"@id\":\"https:\/\/www.fiemg.com.br\/regional-vale-do-aco\/#website\",\"url\":\"https:\/\/www.fiemg.com.br\/regional-vale-do-aco\/\",\"name\":\"Regional Vale do a\u00e7o\",\"description\":\"Federa\u00e7\u00e3o das Ind\u00fastrias do Estado de Minas Gerais\",\"publisher\":{\"@id\":\"https:\/\/www.fiemg.com.br\/regional-vale-do-aco\/#organization\"},\"potentialAction\":[{\"@type\":\"SearchAction\",\"target\":{\"@type\":\"EntryPoint\",\"urlTemplate\":\"https:\/\/www.fiemg.com.br\/regional-vale-do-aco\/?s={search_term_string}\"},\"query-input\":{\"@type\":\"PropertyValueSpecification\",\"valueRequired\":true,\"valueName\":\"search_term_string\"}}],\"inLanguage\":\"pt-BR\"},{\"@type\":\"Organization\",\"@id\":\"https:\/\/www.fiemg.com.br\/regional-vale-do-aco\/#organization\",\"name\":\"Regional Vale do a\u00e7o\",\"url\":\"https:\/\/www.fiemg.com.br\/regional-vale-do-aco\/\",\"logo\":{\"@type\":\"ImageObject\",\"inLanguage\":\"pt-BR\",\"@id\":\"https:\/\/www.fiemg.com.br\/regional-vale-do-aco\/#\/schema\/logo\/image\/\",\"url\":\"https:\/\/www.fiemg.com.br\/regional-vale-do-aco\/wp-content\/uploads\/sites\/22\/2023\/02\/Ativo-1.png\",\"contentUrl\":\"https:\/\/www.fiemg.com.br\/regional-vale-do-aco\/wp-content\/uploads\/sites\/22\/2023\/02\/Ativo-1.png\",\"width\":563,\"height\":149,\"caption\":\"Regional Vale do a\u00e7o\"},\"image\":{\"@id\":\"https:\/\/www.fiemg.com.br\/regional-vale-do-aco\/#\/schema\/logo\/image\/\"}}]}<\/script>\n<!-- \/ Yoast SEO plugin. -->","yoast_head_json":{"title":"2\u00aa Edi\u00e7\u00e3o do Cuide-se Run movimenta o Parque Ipanema no Dia da Mulher - Regional Vale do a\u00e7o","robots":{"index":"index","follow":"follow","max-snippet":"max-snippet:-1","max-image-preview":"max-image-preview:large","max-video-preview":"max-video-preview:-1"},"canonical":"https:\/\/www.fiemg.com.br\/regional-vale-do-aco\/noticias\/2a-edicao-do-cuide-se-run-movimenta-o-parque-ipanema-no-dia-da-mulher\/","og_locale":"pt_BR","og_type":"article","og_title":"2\u00aa Edi\u00e7\u00e3o do Cuide-se Run movimenta o Parque Ipanema no Dia da Mulher - Regional Vale do a\u00e7o","og_description":"O Parque Ipanema foi palco, no \u00faltimo domingo (8), Dia Internacional da Mulher, da 2\u00aa edi\u00e7\u00e3o do Cuide-se Run, corrida promovida pelo Sistema FIEMG e realizada simultaneamente em v\u00e1rias regi\u00f5es de Minas Gerais. Em Ipatinga, a a\u00e7\u00e3o reuniu mais de 250 participantes \u2014 entre colaboradores, dependentes e comunidade \u2014 em uma manh\u00e3 dedicada ao bem-estar, [&hellip;]","og_url":"https:\/\/www.fiemg.com.br\/regional-vale-do-aco\/noticias\/2a-edicao-do-cuide-se-run-movimenta-o-parque-ipanema-no-dia-da-mulher\/","og_site_name":"Regional Vale do a\u00e7o","article_modified_time":"2026-03-10T14:21:37+00:00","og_image":[{"width":2560,"height":1707,"url":"https:\/\/www.fiemg.com.br\/regional-vale-do-aco\/wp-content\/uploads\/sites\/22\/2026\/03\/IMG_0020-3-scaled.jpg","type":"image\/jpeg"}],"twitter_card":"summary_large_image","twitter_misc":{"Est. tempo de leitura":"2 minutos"},"schema":{"@context":"https:\/\/schema.org","@graph":[{"@type":"WebPage","@id":"https:\/\/www.fiemg.com.br\/regional-vale-do-aco\/noticias\/2a-edicao-do-cuide-se-run-movimenta-o-parque-ipanema-no-dia-da-mulher\/","url":"https:\/\/www.fiemg.com.br\/regional-vale-do-aco\/noticias\/2a-edicao-do-cuide-se-run-movimenta-o-parque-ipanema-no-dia-da-mulher\/","name":"2\u00aa Edi\u00e7\u00e3o do Cuide-se Run movimenta o Parque Ipanema no Dia da Mulher - Regional Vale do a\u00e7o","isPartOf":{"@id":"https:\/\/www.fiemg.com.br\/regional-vale-do-aco\/#website"},"primaryImageOfPage":{"@id":"https:\/\/www.fiemg.com.br\/regional-vale-do-aco\/noticias\/2a-edicao-do-cuide-se-run-movimenta-o-parque-ipanema-no-dia-da-mulher\/#primaryimage"},"image":{"@id":"https:\/\/www.fiemg.com.br\/regional-vale-do-aco\/noticias\/2a-edicao-do-cuide-se-run-movimenta-o-parque-ipanema-no-dia-da-mulher\/#primaryimage"},"thumbnailUrl":"https:\/\/www.fiemg.com.br\/regional-vale-do-aco\/wp-content\/uploads\/sites\/22\/2026\/03\/IMG_0020-3-scaled.jpg","datePublished":"2026-03-10T14:00:27+00:00","dateModified":"2026-03-10T14:21:37+00:00","breadcrumb":{"@id":"https:\/\/www.fiemg.com.br\/regional-vale-do-aco\/noticias\/2a-edicao-do-cuide-se-run-movimenta-o-parque-ipanema-no-dia-da-mulher\/#breadcrumb"},"inLanguage":"pt-BR","potentialAction":[{"@type":"ReadAction","target":["https:\/\/www.fiemg.com.br\/regional-vale-do-aco\/noticias\/2a-edicao-do-cuide-se-run-movimenta-o-parque-ipanema-no-dia-da-mulher\/"]}]},{"@type":"ImageObject","inLanguage":"pt-BR","@id":"https:\/\/www.fiemg.com.br\/regional-vale-do-aco\/noticias\/2a-edicao-do-cuide-se-run-movimenta-o-parque-ipanema-no-dia-da-mulher\/#primaryimage","url":"https:\/\/www.fiemg.com.br\/regional-vale-do-aco\/wp-content\/uploads\/sites\/22\/2026\/03\/IMG_0020-3-scaled.jpg","contentUrl":"https:\/\/www.fiemg.com.br\/regional-vale-do-aco\/wp-content\/uploads\/sites\/22\/2026\/03\/IMG_0020-3-scaled.jpg","width":2560,"height":1707},{"@type":"BreadcrumbList","@id":"https:\/\/www.fiemg.com.br\/regional-vale-do-aco\/noticias\/2a-edicao-do-cuide-se-run-movimenta-o-parque-ipanema-no-dia-da-mulher\/#breadcrumb","itemListElement":[{"@type":"ListItem","position":1,"name":"In\u00edcio","item":"https:\/\/www.fiemg.com.br\/regional-vale-do-aco\/"},{"@type":"ListItem","position":2,"name":"2\u00aa Edi\u00e7\u00e3o do Cuide-se Run movimenta o Parque Ipanema no Dia da Mulher"}]},{"@type":"WebSite","@id":"https:\/\/www.fiemg.com.br\/regional-vale-do-aco\/#website","url":"https:\/\/www.fiemg.com.br\/regional-vale-do-aco\/","name":"Regional Vale do a\u00e7o","description":"Federa\u00e7\u00e3o das Ind\u00fastrias do Estado de Minas Gerais","publisher":{"@id":"https:\/\/www.fiemg.com.br\/regional-vale-do-aco\/#organization"},"potentialAction":[{"@type":"SearchAction","target":{"@type":"EntryPoint","urlTemplate":"https:\/\/www.fiemg.com.br\/regional-vale-do-aco\/?s={search_term_string}"},"query-input":{"@type":"PropertyValueSpecification","valueRequired":true,"valueName":"search_term_string"}}],"inLanguage":"pt-BR"},{"@type":"Organization","@id":"https:\/\/www.fiemg.com.br\/regional-vale-do-aco\/#organization","name":"Regional Vale do a\u00e7o","url":"https:\/\/www.fiemg.com.br\/regional-vale-do-aco\/","logo":{"@type":"ImageObject","inLanguage":"pt-BR","@id":"https:\/\/www.fiemg.com.br\/regional-vale-do-aco\/#\/schema\/logo\/image\/","url":"https:\/\/www.fiemg.com.br\/regional-vale-do-aco\/wp-content\/uploads\/sites\/22\/2023\/02\/Ativo-1.png","contentUrl":"https:\/\/www.fiemg.com.br\/regional-vale-do-aco\/wp-content\/uploads\/sites\/22\/2023\/02\/Ativo-1.png","width":563,"height":149,"caption":"Regional Vale do a\u00e7o"},"image":{"@id":"https:\/\/www.fiemg.com.br\/regional-vale-do-aco\/#\/schema\/logo\/image\/"}}]}},"_links":{"self":[{"href":"https:\/\/www.fiemg.com.br\/regional-vale-do-aco\/wp-json\/wp\/v2\/noticias\/2883","targetHints":{"allow":["GET"]}}],"collection":[{"href":"https:\/\/www.fiemg.com.br\/regional-vale-do-aco\/wp-json\/wp\/v2\/noticias"}],"about":[{"href":"https:\/\/www.fiemg.com.br\/regional-vale-do-aco\/wp-json\/wp\/v2\/types\/noticias"}],"wp:featuredmedia":[{"embeddable":true,"href":"https:\/\/www.fiemg.com.br\/regional-vale-do-aco\/wp-json\/wp\/v2\/media\/2909"}],"wp:attachment":[{"href":"https:\/\/www.fiemg.com.br\/regional-vale-do-aco\/wp-json\/wp\/v2\/media?parent=2883"}],"wp:term":[{"taxonomy":"category","embeddable":true,"href":"https:\/\/www.fiemg.com.br\/regional-vale-do-aco\/wp-json\/wp\/v2\/categories?post=2883"},{"taxonomy":"post_tag","embeddable":true,"href":"https:\/\/www.fiemg.com.br\/regional-vale-do-aco\/wp-json\/wp\/v2\/tags?post=2883"}],"curies":[{"name":"wp","href":"https:\/\/api.w.org\/{rel}","templated":true}]}}