{"id":2918,"date":"2026-03-16T14:16:24","date_gmt":"2026-03-16T17:16:24","guid":{"rendered":"https:\/\/www.fiemg.com.br\/regional-vale-do-aco\/?post_type=noticias&#038;p=2918"},"modified":"2026-03-16T14:18:59","modified_gmt":"2026-03-16T17:18:59","slug":"instituto-minas-pela-paz-abre-selecao-para-instrutora-de-formacao-profissional-na-area-textil-em-ipatinga","status":"publish","type":"noticias","link":"https:\/\/www.fiemg.com.br\/regional-vale-do-aco\/noticias\/instituto-minas-pela-paz-abre-selecao-para-instrutora-de-formacao-profissional-na-area-textil-em-ipatinga\/","title":{"rendered":"Instituto Minas Pela Paz abre sele\u00e7\u00e3o para Instrutor(a) de Forma\u00e7\u00e3o Profissional na \u00e1rea T\u00eaxtil em Ipatinga"},"content":{"rendered":"\n<p>O Instituto Minas Pela Paz, em parceria com o Instituto Euvaldo Lodi &#8211; IEL, abriu processo seletivo para a contrata\u00e7\u00e3o de um(a) Instrutor(a) de Forma\u00e7\u00e3o Profissional na \u00e1rea T\u00eaxtil, com atua\u00e7\u00e3o em Ipatinga (MG). A oportunidade \u00e9 voltada a profissionais com forma\u00e7\u00e3o t\u00e9cnica ou superior relacionada ao setor de vestu\u00e1rio, confec\u00e7\u00e3o e produ\u00e7\u00e3o de moda.<\/p>\n\n\n\n<p>De acordo com o edital, podem se candidatar profissionais formados em Tecnologia em Produ\u00e7\u00e3o do Vestu\u00e1rio, T\u00e9cnico em Vestu\u00e1rio\/Confec\u00e7\u00e3o, T\u00e9cnico em Produ\u00e7\u00e3o de Moda ou \u00e1reas afins. O objetivo \u00e9 selecionar um(a) instrutor(a) capaz de atuar diretamente no desenvolvimento de alunos e na qualifica\u00e7\u00e3o de m\u00e3o de obra para o segmento t\u00eaxtil.<\/p>\n\n\n\n<p>Entre as atividades previstas, est\u00e3o:<br>\u2022 Apoio operacional no preparo de materiais utilizados nas aulas;<br>\u2022 Verifica\u00e7\u00e3o de m\u00e1quinas e equipamentos;<br>\u2022 Distribui\u00e7\u00e3o de tarefas alinhadas ao plano instrucional;<br>\u2022 Avalia\u00e7\u00e3o da qualidade do material produzido pelos participantes;<br>\u2022 Realiza\u00e7\u00e3o de inspe\u00e7\u00f5es visuais e t\u00e9cnicas durante e ap\u00f3s a produ\u00e7\u00e3o.<\/p>\n\n\n\n<p>O cargo oferece sal\u00e1rio de R$ 4.500,00, al\u00e9m de seguro de vida, vale-transporte, assist\u00eancia m\u00e9dica e vale-refei\u00e7\u00e3o de R$ 23,70 por dia. A fun\u00e7\u00e3o ser\u00e1 desempenhada em regime h\u00edbrido, com jornada semanal de 44 horas, de segunda a sexta-feira, das 9h \u00e0s 18h. As atividades ocorrer\u00e3o no munic\u00edpio de Ipatinga, em local designado pelo Instituto Minas Pela Paz.<\/p>\n\n\n\n<p>As inscri\u00e7\u00f5es podem ser feitas at\u00e9 o dia 22 de mar\u00e7o, pelo <a href=\"https:\/\/epartner2.vagas.com.br\/v2793471?link_cand=https%3A\/\/site.vagas.com.br\/GoHome.asp%3Fv%3D2793471%26j%3Dt%26sslon%3D1%26ss%3D1\">link: vagas.com.br\/v2793471<\/a><\/p>\n","protected":false},"featured_media":2921,"template":"","categories":[],"tags":[],"class_list":["post-2918","noticias","type-noticias","status-publish","has-post-thumbnail","hentry"],"acf":[],"yoast_head":"<!-- This site is optimized with the Yoast SEO plugin v26.2 - https:\/\/yoast.com\/wordpress\/plugins\/seo\/ -->\n<title>Instituto Minas Pela Paz abre sele\u00e7\u00e3o para Instrutor(a) de Forma\u00e7\u00e3o Profissional na \u00e1rea T\u00eaxtil em Ipatinga - Regional Vale do a\u00e7o<\/title>\n<meta name=\"robots\" content=\"index, follow, max-snippet:-1, max-image-preview:large, max-video-preview:-1\" \/>\n<link rel=\"canonical\" href=\"https:\/\/www.fiemg.com.br\/regional-vale-do-aco\/noticias\/instituto-minas-pela-paz-abre-selecao-para-instrutora-de-formacao-profissional-na-area-textil-em-ipatinga\/\" \/>\n<meta property=\"og:locale\" content=\"pt_BR\" \/>\n<meta property=\"og:type\" content=\"article\" \/>\n<meta property=\"og:title\" content=\"Instituto Minas Pela Paz abre sele\u00e7\u00e3o para Instrutor(a) de Forma\u00e7\u00e3o Profissional na \u00e1rea T\u00eaxtil em Ipatinga - Regional Vale do a\u00e7o\" \/>\n<meta property=\"og:description\" content=\"O Instituto Minas Pela Paz, em parceria com o Instituto Euvaldo Lodi &#8211; IEL, abriu processo seletivo para a contrata\u00e7\u00e3o de um(a) Instrutor(a) de Forma\u00e7\u00e3o Profissional na \u00e1rea T\u00eaxtil, com atua\u00e7\u00e3o em Ipatinga (MG). A oportunidade \u00e9 voltada a profissionais com forma\u00e7\u00e3o t\u00e9cnica ou superior relacionada ao setor de vestu\u00e1rio, confec\u00e7\u00e3o e produ\u00e7\u00e3o de moda. [&hellip;]\" \/>\n<meta property=\"og:url\" content=\"https:\/\/www.fiemg.com.br\/regional-vale-do-aco\/noticias\/instituto-minas-pela-paz-abre-selecao-para-instrutora-de-formacao-profissional-na-area-textil-em-ipatinga\/\" \/>\n<meta property=\"og:site_name\" content=\"Regional Vale do a\u00e7o\" \/>\n<meta property=\"article:modified_time\" content=\"2026-03-16T17:18:59+00:00\" \/>\n<meta property=\"og:image\" content=\"https:\/\/www.fiemg.com.br\/regional-vale-do-aco\/wp-content\/uploads\/sites\/22\/2026\/03\/MPII.png\" \/>\n\t<meta property=\"og:image:width\" content=\"1080\" \/>\n\t<meta property=\"og:image:height\" content=\"1150\" \/>\n\t<meta property=\"og:image:type\" content=\"image\/png\" \/>\n<meta name=\"twitter:card\" content=\"summary_large_image\" \/>\n<meta name=\"twitter:label1\" content=\"Est. tempo de leitura\" \/>\n\t<meta name=\"twitter:data1\" content=\"2 minutos\" \/>\n<script type=\"application\/ld+json\" class=\"yoast-schema-graph\">{\"@context\":\"https:\/\/schema.org\",\"@graph\":[{\"@type\":\"WebPage\",\"@id\":\"https:\/\/www.fiemg.com.br\/regional-vale-do-aco\/noticias\/instituto-minas-pela-paz-abre-selecao-para-instrutora-de-formacao-profissional-na-area-textil-em-ipatinga\/\",\"url\":\"https:\/\/www.fiemg.com.br\/regional-vale-do-aco\/noticias\/instituto-minas-pela-paz-abre-selecao-para-instrutora-de-formacao-profissional-na-area-textil-em-ipatinga\/\",\"name\":\"Instituto Minas Pela Paz abre sele\u00e7\u00e3o para Instrutor(a) de Forma\u00e7\u00e3o Profissional na \u00e1rea T\u00eaxtil em Ipatinga - Regional Vale do a\u00e7o\",\"isPartOf\":{\"@id\":\"https:\/\/www.fiemg.com.br\/regional-vale-do-aco\/#website\"},\"primaryImageOfPage\":{\"@id\":\"https:\/\/www.fiemg.com.br\/regional-vale-do-aco\/noticias\/instituto-minas-pela-paz-abre-selecao-para-instrutora-de-formacao-profissional-na-area-textil-em-ipatinga\/#primaryimage\"},\"image\":{\"@id\":\"https:\/\/www.fiemg.com.br\/regional-vale-do-aco\/noticias\/instituto-minas-pela-paz-abre-selecao-para-instrutora-de-formacao-profissional-na-area-textil-em-ipatinga\/#primaryimage\"},\"thumbnailUrl\":\"https:\/\/www.fiemg.com.br\/regional-vale-do-aco\/wp-content\/uploads\/sites\/22\/2026\/03\/MPII.png\",\"datePublished\":\"2026-03-16T17:16:24+00:00\",\"dateModified\":\"2026-03-16T17:18:59+00:00\",\"breadcrumb\":{\"@id\":\"https:\/\/www.fiemg.com.br\/regional-vale-do-aco\/noticias\/instituto-minas-pela-paz-abre-selecao-para-instrutora-de-formacao-profissional-na-area-textil-em-ipatinga\/#breadcrumb\"},\"inLanguage\":\"pt-BR\",\"potentialAction\":[{\"@type\":\"ReadAction\",\"target\":[\"https:\/\/www.fiemg.com.br\/regional-vale-do-aco\/noticias\/instituto-minas-pela-paz-abre-selecao-para-instrutora-de-formacao-profissional-na-area-textil-em-ipatinga\/\"]}]},{\"@type\":\"ImageObject\",\"inLanguage\":\"pt-BR\",\"@id\":\"https:\/\/www.fiemg.com.br\/regional-vale-do-aco\/noticias\/instituto-minas-pela-paz-abre-selecao-para-instrutora-de-formacao-profissional-na-area-textil-em-ipatinga\/#primaryimage\",\"url\":\"https:\/\/www.fiemg.com.br\/regional-vale-do-aco\/wp-content\/uploads\/sites\/22\/2026\/03\/MPII.png\",\"contentUrl\":\"https:\/\/www.fiemg.com.br\/regional-vale-do-aco\/wp-content\/uploads\/sites\/22\/2026\/03\/MPII.png\",\"width\":1080,\"height\":1150},{\"@type\":\"BreadcrumbList\",\"@id\":\"https:\/\/www.fiemg.com.br\/regional-vale-do-aco\/noticias\/instituto-minas-pela-paz-abre-selecao-para-instrutora-de-formacao-profissional-na-area-textil-em-ipatinga\/#breadcrumb\",\"itemListElement\":[{\"@type\":\"ListItem\",\"position\":1,\"name\":\"In\u00edcio\",\"item\":\"https:\/\/www.fiemg.com.br\/regional-vale-do-aco\/\"},{\"@type\":\"ListItem\",\"position\":2,\"name\":\"Instituto Minas Pela Paz abre sele\u00e7\u00e3o para Instrutor(a) de Forma\u00e7\u00e3o Profissional na \u00e1rea T\u00eaxtil em Ipatinga\"}]},{\"@type\":\"WebSite\",\"@id\":\"https:\/\/www.fiemg.com.br\/regional-vale-do-aco\/#website\",\"url\":\"https:\/\/www.fiemg.com.br\/regional-vale-do-aco\/\",\"name\":\"Regional Vale do a\u00e7o\",\"description\":\"Federa\u00e7\u00e3o das Ind\u00fastrias do Estado de Minas Gerais\",\"publisher\":{\"@id\":\"https:\/\/www.fiemg.com.br\/regional-vale-do-aco\/#organization\"},\"potentialAction\":[{\"@type\":\"SearchAction\",\"target\":{\"@type\":\"EntryPoint\",\"urlTemplate\":\"https:\/\/www.fiemg.com.br\/regional-vale-do-aco\/?s={search_term_string}\"},\"query-input\":{\"@type\":\"PropertyValueSpecification\",\"valueRequired\":true,\"valueName\":\"search_term_string\"}}],\"inLanguage\":\"pt-BR\"},{\"@type\":\"Organization\",\"@id\":\"https:\/\/www.fiemg.com.br\/regional-vale-do-aco\/#organization\",\"name\":\"Regional Vale do a\u00e7o\",\"url\":\"https:\/\/www.fiemg.com.br\/regional-vale-do-aco\/\",\"logo\":{\"@type\":\"ImageObject\",\"inLanguage\":\"pt-BR\",\"@id\":\"https:\/\/www.fiemg.com.br\/regional-vale-do-aco\/#\/schema\/logo\/image\/\",\"url\":\"https:\/\/www.fiemg.com.br\/regional-vale-do-aco\/wp-content\/uploads\/sites\/22\/2023\/02\/Ativo-1.png\",\"contentUrl\":\"https:\/\/www.fiemg.com.br\/regional-vale-do-aco\/wp-content\/uploads\/sites\/22\/2023\/02\/Ativo-1.png\",\"width\":563,\"height\":149,\"caption\":\"Regional Vale do a\u00e7o\"},\"image\":{\"@id\":\"https:\/\/www.fiemg.com.br\/regional-vale-do-aco\/#\/schema\/logo\/image\/\"}}]}<\/script>\n<!-- \/ Yoast SEO plugin. -->","yoast_head_json":{"title":"Instituto Minas Pela Paz abre sele\u00e7\u00e3o para Instrutor(a) de Forma\u00e7\u00e3o Profissional na \u00e1rea T\u00eaxtil em Ipatinga - Regional Vale do a\u00e7o","robots":{"index":"index","follow":"follow","max-snippet":"max-snippet:-1","max-image-preview":"max-image-preview:large","max-video-preview":"max-video-preview:-1"},"canonical":"https:\/\/www.fiemg.com.br\/regional-vale-do-aco\/noticias\/instituto-minas-pela-paz-abre-selecao-para-instrutora-de-formacao-profissional-na-area-textil-em-ipatinga\/","og_locale":"pt_BR","og_type":"article","og_title":"Instituto Minas Pela Paz abre sele\u00e7\u00e3o para Instrutor(a) de Forma\u00e7\u00e3o Profissional na \u00e1rea T\u00eaxtil em Ipatinga - Regional Vale do a\u00e7o","og_description":"O Instituto Minas Pela Paz, em parceria com o Instituto Euvaldo Lodi &#8211; IEL, abriu processo seletivo para a contrata\u00e7\u00e3o de um(a) Instrutor(a) de Forma\u00e7\u00e3o Profissional na \u00e1rea T\u00eaxtil, com atua\u00e7\u00e3o em Ipatinga (MG). A oportunidade \u00e9 voltada a profissionais com forma\u00e7\u00e3o t\u00e9cnica ou superior relacionada ao setor de vestu\u00e1rio, confec\u00e7\u00e3o e produ\u00e7\u00e3o de moda. [&hellip;]","og_url":"https:\/\/www.fiemg.com.br\/regional-vale-do-aco\/noticias\/instituto-minas-pela-paz-abre-selecao-para-instrutora-de-formacao-profissional-na-area-textil-em-ipatinga\/","og_site_name":"Regional Vale do a\u00e7o","article_modified_time":"2026-03-16T17:18:59+00:00","og_image":[{"width":1080,"height":1150,"url":"https:\/\/www.fiemg.com.br\/regional-vale-do-aco\/wp-content\/uploads\/sites\/22\/2026\/03\/MPII.png","type":"image\/png"}],"twitter_card":"summary_large_image","twitter_misc":{"Est. tempo de leitura":"2 minutos"},"schema":{"@context":"https:\/\/schema.org","@graph":[{"@type":"WebPage","@id":"https:\/\/www.fiemg.com.br\/regional-vale-do-aco\/noticias\/instituto-minas-pela-paz-abre-selecao-para-instrutora-de-formacao-profissional-na-area-textil-em-ipatinga\/","url":"https:\/\/www.fiemg.com.br\/regional-vale-do-aco\/noticias\/instituto-minas-pela-paz-abre-selecao-para-instrutora-de-formacao-profissional-na-area-textil-em-ipatinga\/","name":"Instituto Minas Pela Paz abre sele\u00e7\u00e3o para Instrutor(a) de Forma\u00e7\u00e3o Profissional na \u00e1rea T\u00eaxtil em Ipatinga - Regional Vale do a\u00e7o","isPartOf":{"@id":"https:\/\/www.fiemg.com.br\/regional-vale-do-aco\/#website"},"primaryImageOfPage":{"@id":"https:\/\/www.fiemg.com.br\/regional-vale-do-aco\/noticias\/instituto-minas-pela-paz-abre-selecao-para-instrutora-de-formacao-profissional-na-area-textil-em-ipatinga\/#primaryimage"},"image":{"@id":"https:\/\/www.fiemg.com.br\/regional-vale-do-aco\/noticias\/instituto-minas-pela-paz-abre-selecao-para-instrutora-de-formacao-profissional-na-area-textil-em-ipatinga\/#primaryimage"},"thumbnailUrl":"https:\/\/www.fiemg.com.br\/regional-vale-do-aco\/wp-content\/uploads\/sites\/22\/2026\/03\/MPII.png","datePublished":"2026-03-16T17:16:24+00:00","dateModified":"2026-03-16T17:18:59+00:00","breadcrumb":{"@id":"https:\/\/www.fiemg.com.br\/regional-vale-do-aco\/noticias\/instituto-minas-pela-paz-abre-selecao-para-instrutora-de-formacao-profissional-na-area-textil-em-ipatinga\/#breadcrumb"},"inLanguage":"pt-BR","potentialAction":[{"@type":"ReadAction","target":["https:\/\/www.fiemg.com.br\/regional-vale-do-aco\/noticias\/instituto-minas-pela-paz-abre-selecao-para-instrutora-de-formacao-profissional-na-area-textil-em-ipatinga\/"]}]},{"@type":"ImageObject","inLanguage":"pt-BR","@id":"https:\/\/www.fiemg.com.br\/regional-vale-do-aco\/noticias\/instituto-minas-pela-paz-abre-selecao-para-instrutora-de-formacao-profissional-na-area-textil-em-ipatinga\/#primaryimage","url":"https:\/\/www.fiemg.com.br\/regional-vale-do-aco\/wp-content\/uploads\/sites\/22\/2026\/03\/MPII.png","contentUrl":"https:\/\/www.fiemg.com.br\/regional-vale-do-aco\/wp-content\/uploads\/sites\/22\/2026\/03\/MPII.png","width":1080,"height":1150},{"@type":"BreadcrumbList","@id":"https:\/\/www.fiemg.com.br\/regional-vale-do-aco\/noticias\/instituto-minas-pela-paz-abre-selecao-para-instrutora-de-formacao-profissional-na-area-textil-em-ipatinga\/#breadcrumb","itemListElement":[{"@type":"ListItem","position":1,"name":"In\u00edcio","item":"https:\/\/www.fiemg.com.br\/regional-vale-do-aco\/"},{"@type":"ListItem","position":2,"name":"Instituto Minas Pela Paz abre sele\u00e7\u00e3o para Instrutor(a) de Forma\u00e7\u00e3o Profissional na \u00e1rea T\u00eaxtil em Ipatinga"}]},{"@type":"WebSite","@id":"https:\/\/www.fiemg.com.br\/regional-vale-do-aco\/#website","url":"https:\/\/www.fiemg.com.br\/regional-vale-do-aco\/","name":"Regional Vale do a\u00e7o","description":"Federa\u00e7\u00e3o das Ind\u00fastrias do Estado de Minas Gerais","publisher":{"@id":"https:\/\/www.fiemg.com.br\/regional-vale-do-aco\/#organization"},"potentialAction":[{"@type":"SearchAction","target":{"@type":"EntryPoint","urlTemplate":"https:\/\/www.fiemg.com.br\/regional-vale-do-aco\/?s={search_term_string}"},"query-input":{"@type":"PropertyValueSpecification","valueRequired":true,"valueName":"search_term_string"}}],"inLanguage":"pt-BR"},{"@type":"Organization","@id":"https:\/\/www.fiemg.com.br\/regional-vale-do-aco\/#organization","name":"Regional Vale do a\u00e7o","url":"https:\/\/www.fiemg.com.br\/regional-vale-do-aco\/","logo":{"@type":"ImageObject","inLanguage":"pt-BR","@id":"https:\/\/www.fiemg.com.br\/regional-vale-do-aco\/#\/schema\/logo\/image\/","url":"https:\/\/www.fiemg.com.br\/regional-vale-do-aco\/wp-content\/uploads\/sites\/22\/2023\/02\/Ativo-1.png","contentUrl":"https:\/\/www.fiemg.com.br\/regional-vale-do-aco\/wp-content\/uploads\/sites\/22\/2023\/02\/Ativo-1.png","width":563,"height":149,"caption":"Regional Vale do a\u00e7o"},"image":{"@id":"https:\/\/www.fiemg.com.br\/regional-vale-do-aco\/#\/schema\/logo\/image\/"}}]}},"_links":{"self":[{"href":"https:\/\/www.fiemg.com.br\/regional-vale-do-aco\/wp-json\/wp\/v2\/noticias\/2918","targetHints":{"allow":["GET"]}}],"collection":[{"href":"https:\/\/www.fiemg.com.br\/regional-vale-do-aco\/wp-json\/wp\/v2\/noticias"}],"about":[{"href":"https:\/\/www.fiemg.com.br\/regional-vale-do-aco\/wp-json\/wp\/v2\/types\/noticias"}],"wp:featuredmedia":[{"embeddable":true,"href":"https:\/\/www.fiemg.com.br\/regional-vale-do-aco\/wp-json\/wp\/v2\/media\/2921"}],"wp:attachment":[{"href":"https:\/\/www.fiemg.com.br\/regional-vale-do-aco\/wp-json\/wp\/v2\/media?parent=2918"}],"wp:term":[{"taxonomy":"category","embeddable":true,"href":"https:\/\/www.fiemg.com.br\/regional-vale-do-aco\/wp-json\/wp\/v2\/categories?post=2918"},{"taxonomy":"post_tag","embeddable":true,"href":"https:\/\/www.fiemg.com.br\/regional-vale-do-aco\/wp-json\/wp\/v2\/tags?post=2918"}],"curies":[{"name":"wp","href":"https:\/\/api.w.org\/{rel}","templated":true}]}}