{"id":1177,"date":"2018-09-25T21:34:42","date_gmt":"2018-09-25T21:34:42","guid":{"rendered":"https:\/\/www.fiemg.com.br\/regional-vale-do-jequitinhonha\/noticias\/formatura-movimenta-turmalina\/"},"modified":"2023-07-11T21:35:46","modified_gmt":"2023-07-11T21:35:46","slug":"formatura-movimenta-turmalina","status":"publish","type":"noticias","link":"https:\/\/www.fiemg.com.br\/regional-vale-do-jequitinhonha\/noticias\/formatura-movimenta-turmalina\/","title":{"rendered":"Formatura movimenta Turmalina"},"content":{"rendered":"<header class=\"entry-header\"><em>Conclus\u00e3o do curso de Aprendizagem Industrial em Processos Administrativos<\/em><\/header>\n<header><\/header>\n<div class=\"entry-content\"><a class=\"modal-image cboxElement\" href=\"https:\/\/www.fiemg.com.br\/Cms_Data\/Contents\/regionais\/Folders\/Noticias\/ValedoJequitinhonha\/~contents\/AP42X2W85M6XHHD9\/Formatura-Turmalina-Pequena.jpg\"><img decoding=\"async\" src=\"https:\/\/www.fiemg.com.br\/Assets\/Images\/DynamicImages\/5a625ec3b99e44bf3af1d0e39979037d7d6e8d0050b325e08d8a591caf23d50f.jpg\" \/><\/a>A formatura da turma do 2\u00ba semestre de 2018 do Curso de Aprendizagem Industrial em Processos Administrativos de Turmalina movimentou a cidade no dia 31 de agosto. Foram vinte e sete aprendizes do SENAI Turmalina.<\/p>\n<p>Jos\u00e9 Balbino Maia de Figueiredo, vice-presidente da Regional FIEMG Vale do Jequitinhonha, e Carlo Tenaglia, gerente da Unidade SENAI Turmalina, foram os anfitri\u00f5es. Jos\u00e9 Ant\u00f4nio Pereira presidente da Delegacia do SINDIMOV em Turmalina e foi paraninfo da turma. Participaram tamb\u00e9m da solenidade Vanderlei Lopes, presidente da Associa\u00e7\u00e3o Comercial e Empresarial de Turmalina e Warley Francisco da Silva, presidente da C\u00e2mara de Vereadores de Turmalina al\u00e9m de representantes dos setores empresarial, comercial e industrial.<\/p>\n<p>A cerim\u00f4nia foi marcada por muita emo\u00e7\u00e3o com poesias, m\u00fasica e pelo sentimento de gratid\u00e3o dos aprendizes ao SENAI que proporcionou a realiza\u00e7\u00e3o do curso. Os aprendizes Lucas Carvalho Rocha e Daniela Soares de Souza receberam medalhas de honra ao m\u00e9rito por se destacarem no curso. Familiares e amigos acompanharam a entrega dos Certificados e a alegria dos formandos.<\/p>\n<p>Em resumo, ficou o reconhecimento de todos sobre como o SENAI tem feito a diferen\u00e7a na vida dos jovens do Vale do Jequitinhonha, atuando na forma\u00e7\u00e3o profissional e qualifica\u00e7\u00e3o da m\u00e3o de obra para atender \u00e0s demandas das ind\u00fastrias locais.<\/p>\n<\/div>\n","protected":false},"featured_media":1171,"template":"","categories":[],"tags":[],"class_list":["post-1177","noticias","type-noticias","status-publish","has-post-thumbnail","hentry"],"acf":[],"yoast_head":"<!-- This site is optimized with the Yoast SEO plugin v26.2 - https:\/\/yoast.com\/wordpress\/plugins\/seo\/ -->\n<title>Formatura movimenta Turmalina - Regional vale do Jequitinhonha<\/title>\n<meta name=\"robots\" content=\"index, follow, max-snippet:-1, max-image-preview:large, max-video-preview:-1\" \/>\n<link rel=\"canonical\" href=\"https:\/\/www.fiemg.com.br\/regional-vale-do-jequitinhonha\/noticias\/formatura-movimenta-turmalina\/\" \/>\n<meta property=\"og:locale\" content=\"pt_BR\" \/>\n<meta property=\"og:type\" content=\"article\" \/>\n<meta property=\"og:title\" content=\"Formatura movimenta Turmalina - Regional vale do Jequitinhonha\" \/>\n<meta property=\"og:description\" content=\"Conclus\u00e3o do curso de Aprendizagem Industrial em Processos Administrativos A formatura da turma do 2\u00ba semestre de 2018 do Curso de Aprendizagem Industrial em Processos Administrativos de Turmalina movimentou a cidade no dia 31 de agosto. Foram vinte e sete aprendizes do SENAI Turmalina. Jos\u00e9 Balbino Maia de Figueiredo, vice-presidente da Regional FIEMG Vale do [&hellip;]\" \/>\n<meta property=\"og:url\" content=\"https:\/\/www.fiemg.com.br\/regional-vale-do-jequitinhonha\/noticias\/formatura-movimenta-turmalina\/\" \/>\n<meta property=\"og:site_name\" content=\"Regional vale do Jequitinhonha\" \/>\n<meta property=\"article:modified_time\" content=\"2023-07-11T21:35:46+00:00\" \/>\n<meta property=\"og:image\" content=\"https:\/\/www.fiemg.com.br\/regional-vale-do-jequitinhonha\/wp-content\/uploads\/sites\/23\/2023\/07\/5a625ec3b99e44bf3af1d0e39979037d7d6e8d0050b325e08d8a591caf23d50f.jpg\" \/>\n\t<meta property=\"og:image:width\" content=\"620\" \/>\n\t<meta property=\"og:image:height\" content=\"240\" \/>\n\t<meta property=\"og:image:type\" content=\"image\/jpeg\" \/>\n<meta name=\"twitter:card\" content=\"summary_large_image\" \/>\n<meta name=\"twitter:label1\" content=\"Est. tempo de leitura\" \/>\n\t<meta name=\"twitter:data1\" content=\"2 minutos\" \/>\n<script type=\"application\/ld+json\" class=\"yoast-schema-graph\">{\"@context\":\"https:\/\/schema.org\",\"@graph\":[{\"@type\":\"WebPage\",\"@id\":\"https:\/\/www.fiemg.com.br\/regional-vale-do-jequitinhonha\/noticias\/formatura-movimenta-turmalina\/\",\"url\":\"https:\/\/www.fiemg.com.br\/regional-vale-do-jequitinhonha\/noticias\/formatura-movimenta-turmalina\/\",\"name\":\"Formatura movimenta Turmalina - Regional vale do Jequitinhonha\",\"isPartOf\":{\"@id\":\"https:\/\/www.fiemg.com.br\/regional-vale-do-jequitinhonha\/#website\"},\"primaryImageOfPage\":{\"@id\":\"https:\/\/www.fiemg.com.br\/regional-vale-do-jequitinhonha\/noticias\/formatura-movimenta-turmalina\/#primaryimage\"},\"image\":{\"@id\":\"https:\/\/www.fiemg.com.br\/regional-vale-do-jequitinhonha\/noticias\/formatura-movimenta-turmalina\/#primaryimage\"},\"thumbnailUrl\":\"https:\/\/www.fiemg.com.br\/regional-vale-do-jequitinhonha\/wp-content\/uploads\/sites\/23\/2023\/07\/5a625ec3b99e44bf3af1d0e39979037d7d6e8d0050b325e08d8a591caf23d50f.jpg\",\"datePublished\":\"2018-09-25T21:34:42+00:00\",\"dateModified\":\"2023-07-11T21:35:46+00:00\",\"breadcrumb\":{\"@id\":\"https:\/\/www.fiemg.com.br\/regional-vale-do-jequitinhonha\/noticias\/formatura-movimenta-turmalina\/#breadcrumb\"},\"inLanguage\":\"pt-BR\",\"potentialAction\":[{\"@type\":\"ReadAction\",\"target\":[\"https:\/\/www.fiemg.com.br\/regional-vale-do-jequitinhonha\/noticias\/formatura-movimenta-turmalina\/\"]}]},{\"@type\":\"ImageObject\",\"inLanguage\":\"pt-BR\",\"@id\":\"https:\/\/www.fiemg.com.br\/regional-vale-do-jequitinhonha\/noticias\/formatura-movimenta-turmalina\/#primaryimage\",\"url\":\"https:\/\/www.fiemg.com.br\/regional-vale-do-jequitinhonha\/wp-content\/uploads\/sites\/23\/2023\/07\/5a625ec3b99e44bf3af1d0e39979037d7d6e8d0050b325e08d8a591caf23d50f.jpg\",\"contentUrl\":\"https:\/\/www.fiemg.com.br\/regional-vale-do-jequitinhonha\/wp-content\/uploads\/sites\/23\/2023\/07\/5a625ec3b99e44bf3af1d0e39979037d7d6e8d0050b325e08d8a591caf23d50f.jpg\",\"width\":620,\"height\":240},{\"@type\":\"BreadcrumbList\",\"@id\":\"https:\/\/www.fiemg.com.br\/regional-vale-do-jequitinhonha\/noticias\/formatura-movimenta-turmalina\/#breadcrumb\",\"itemListElement\":[{\"@type\":\"ListItem\",\"position\":1,\"name\":\"In\u00edcio\",\"item\":\"https:\/\/www.fiemg.com.br\/regional-vale-do-jequitinhonha\/\"},{\"@type\":\"ListItem\",\"position\":2,\"name\":\"Formatura movimenta Turmalina\"}]},{\"@type\":\"WebSite\",\"@id\":\"https:\/\/www.fiemg.com.br\/regional-vale-do-jequitinhonha\/#website\",\"url\":\"https:\/\/www.fiemg.com.br\/regional-vale-do-jequitinhonha\/\",\"name\":\"Regional vale do Jequitinhonha\",\"description\":\"Federa\u00e7\u00e3o das Ind\u00fastrias do Estado de Minas Gerais\",\"publisher\":{\"@id\":\"https:\/\/www.fiemg.com.br\/regional-vale-do-jequitinhonha\/#organization\"},\"potentialAction\":[{\"@type\":\"SearchAction\",\"target\":{\"@type\":\"EntryPoint\",\"urlTemplate\":\"https:\/\/www.fiemg.com.br\/regional-vale-do-jequitinhonha\/?s={search_term_string}\"},\"query-input\":{\"@type\":\"PropertyValueSpecification\",\"valueRequired\":true,\"valueName\":\"search_term_string\"}}],\"inLanguage\":\"pt-BR\"},{\"@type\":\"Organization\",\"@id\":\"https:\/\/www.fiemg.com.br\/regional-vale-do-jequitinhonha\/#organization\",\"name\":\"Regional vale do Jequitinhonha\",\"url\":\"https:\/\/www.fiemg.com.br\/regional-vale-do-jequitinhonha\/\",\"logo\":{\"@type\":\"ImageObject\",\"inLanguage\":\"pt-BR\",\"@id\":\"https:\/\/www.fiemg.com.br\/regional-vale-do-jequitinhonha\/#\/schema\/logo\/image\/\",\"url\":\"https:\/\/www.fiemg.com.br\/regional-vale-do-jequitinhonha\/wp-content\/uploads\/sites\/23\/2023\/02\/Ativo-1.png\",\"contentUrl\":\"https:\/\/www.fiemg.com.br\/regional-vale-do-jequitinhonha\/wp-content\/uploads\/sites\/23\/2023\/02\/Ativo-1.png\",\"width\":563,\"height\":149,\"caption\":\"Regional vale do Jequitinhonha\"},\"image\":{\"@id\":\"https:\/\/www.fiemg.com.br\/regional-vale-do-jequitinhonha\/#\/schema\/logo\/image\/\"}}]}<\/script>\n<!-- \/ Yoast SEO plugin. -->","yoast_head_json":{"title":"Formatura movimenta Turmalina - Regional vale do Jequitinhonha","robots":{"index":"index","follow":"follow","max-snippet":"max-snippet:-1","max-image-preview":"max-image-preview:large","max-video-preview":"max-video-preview:-1"},"canonical":"https:\/\/www.fiemg.com.br\/regional-vale-do-jequitinhonha\/noticias\/formatura-movimenta-turmalina\/","og_locale":"pt_BR","og_type":"article","og_title":"Formatura movimenta Turmalina - Regional vale do Jequitinhonha","og_description":"Conclus\u00e3o do curso de Aprendizagem Industrial em Processos Administrativos A formatura da turma do 2\u00ba semestre de 2018 do Curso de Aprendizagem Industrial em Processos Administrativos de Turmalina movimentou a cidade no dia 31 de agosto. Foram vinte e sete aprendizes do SENAI Turmalina. Jos\u00e9 Balbino Maia de Figueiredo, vice-presidente da Regional FIEMG Vale do [&hellip;]","og_url":"https:\/\/www.fiemg.com.br\/regional-vale-do-jequitinhonha\/noticias\/formatura-movimenta-turmalina\/","og_site_name":"Regional vale do Jequitinhonha","article_modified_time":"2023-07-11T21:35:46+00:00","og_image":[{"width":620,"height":240,"url":"https:\/\/www.fiemg.com.br\/regional-vale-do-jequitinhonha\/wp-content\/uploads\/sites\/23\/2023\/07\/5a625ec3b99e44bf3af1d0e39979037d7d6e8d0050b325e08d8a591caf23d50f.jpg","type":"image\/jpeg"}],"twitter_card":"summary_large_image","twitter_misc":{"Est. tempo de leitura":"2 minutos"},"schema":{"@context":"https:\/\/schema.org","@graph":[{"@type":"WebPage","@id":"https:\/\/www.fiemg.com.br\/regional-vale-do-jequitinhonha\/noticias\/formatura-movimenta-turmalina\/","url":"https:\/\/www.fiemg.com.br\/regional-vale-do-jequitinhonha\/noticias\/formatura-movimenta-turmalina\/","name":"Formatura movimenta Turmalina - Regional vale do Jequitinhonha","isPartOf":{"@id":"https:\/\/www.fiemg.com.br\/regional-vale-do-jequitinhonha\/#website"},"primaryImageOfPage":{"@id":"https:\/\/www.fiemg.com.br\/regional-vale-do-jequitinhonha\/noticias\/formatura-movimenta-turmalina\/#primaryimage"},"image":{"@id":"https:\/\/www.fiemg.com.br\/regional-vale-do-jequitinhonha\/noticias\/formatura-movimenta-turmalina\/#primaryimage"},"thumbnailUrl":"https:\/\/www.fiemg.com.br\/regional-vale-do-jequitinhonha\/wp-content\/uploads\/sites\/23\/2023\/07\/5a625ec3b99e44bf3af1d0e39979037d7d6e8d0050b325e08d8a591caf23d50f.jpg","datePublished":"2018-09-25T21:34:42+00:00","dateModified":"2023-07-11T21:35:46+00:00","breadcrumb":{"@id":"https:\/\/www.fiemg.com.br\/regional-vale-do-jequitinhonha\/noticias\/formatura-movimenta-turmalina\/#breadcrumb"},"inLanguage":"pt-BR","potentialAction":[{"@type":"ReadAction","target":["https:\/\/www.fiemg.com.br\/regional-vale-do-jequitinhonha\/noticias\/formatura-movimenta-turmalina\/"]}]},{"@type":"ImageObject","inLanguage":"pt-BR","@id":"https:\/\/www.fiemg.com.br\/regional-vale-do-jequitinhonha\/noticias\/formatura-movimenta-turmalina\/#primaryimage","url":"https:\/\/www.fiemg.com.br\/regional-vale-do-jequitinhonha\/wp-content\/uploads\/sites\/23\/2023\/07\/5a625ec3b99e44bf3af1d0e39979037d7d6e8d0050b325e08d8a591caf23d50f.jpg","contentUrl":"https:\/\/www.fiemg.com.br\/regional-vale-do-jequitinhonha\/wp-content\/uploads\/sites\/23\/2023\/07\/5a625ec3b99e44bf3af1d0e39979037d7d6e8d0050b325e08d8a591caf23d50f.jpg","width":620,"height":240},{"@type":"BreadcrumbList","@id":"https:\/\/www.fiemg.com.br\/regional-vale-do-jequitinhonha\/noticias\/formatura-movimenta-turmalina\/#breadcrumb","itemListElement":[{"@type":"ListItem","position":1,"name":"In\u00edcio","item":"https:\/\/www.fiemg.com.br\/regional-vale-do-jequitinhonha\/"},{"@type":"ListItem","position":2,"name":"Formatura movimenta Turmalina"}]},{"@type":"WebSite","@id":"https:\/\/www.fiemg.com.br\/regional-vale-do-jequitinhonha\/#website","url":"https:\/\/www.fiemg.com.br\/regional-vale-do-jequitinhonha\/","name":"Regional vale do Jequitinhonha","description":"Federa\u00e7\u00e3o das Ind\u00fastrias do Estado de Minas Gerais","publisher":{"@id":"https:\/\/www.fiemg.com.br\/regional-vale-do-jequitinhonha\/#organization"},"potentialAction":[{"@type":"SearchAction","target":{"@type":"EntryPoint","urlTemplate":"https:\/\/www.fiemg.com.br\/regional-vale-do-jequitinhonha\/?s={search_term_string}"},"query-input":{"@type":"PropertyValueSpecification","valueRequired":true,"valueName":"search_term_string"}}],"inLanguage":"pt-BR"},{"@type":"Organization","@id":"https:\/\/www.fiemg.com.br\/regional-vale-do-jequitinhonha\/#organization","name":"Regional vale do Jequitinhonha","url":"https:\/\/www.fiemg.com.br\/regional-vale-do-jequitinhonha\/","logo":{"@type":"ImageObject","inLanguage":"pt-BR","@id":"https:\/\/www.fiemg.com.br\/regional-vale-do-jequitinhonha\/#\/schema\/logo\/image\/","url":"https:\/\/www.fiemg.com.br\/regional-vale-do-jequitinhonha\/wp-content\/uploads\/sites\/23\/2023\/02\/Ativo-1.png","contentUrl":"https:\/\/www.fiemg.com.br\/regional-vale-do-jequitinhonha\/wp-content\/uploads\/sites\/23\/2023\/02\/Ativo-1.png","width":563,"height":149,"caption":"Regional vale do Jequitinhonha"},"image":{"@id":"https:\/\/www.fiemg.com.br\/regional-vale-do-jequitinhonha\/#\/schema\/logo\/image\/"}}]}},"_links":{"self":[{"href":"https:\/\/www.fiemg.com.br\/regional-vale-do-jequitinhonha\/wp-json\/wp\/v2\/noticias\/1177","targetHints":{"allow":["GET"]}}],"collection":[{"href":"https:\/\/www.fiemg.com.br\/regional-vale-do-jequitinhonha\/wp-json\/wp\/v2\/noticias"}],"about":[{"href":"https:\/\/www.fiemg.com.br\/regional-vale-do-jequitinhonha\/wp-json\/wp\/v2\/types\/noticias"}],"wp:featuredmedia":[{"embeddable":true,"href":"https:\/\/www.fiemg.com.br\/regional-vale-do-jequitinhonha\/wp-json\/wp\/v2\/media\/1171"}],"wp:attachment":[{"href":"https:\/\/www.fiemg.com.br\/regional-vale-do-jequitinhonha\/wp-json\/wp\/v2\/media?parent=1177"}],"wp:term":[{"taxonomy":"category","embeddable":true,"href":"https:\/\/www.fiemg.com.br\/regional-vale-do-jequitinhonha\/wp-json\/wp\/v2\/categories?post=1177"},{"taxonomy":"post_tag","embeddable":true,"href":"https:\/\/www.fiemg.com.br\/regional-vale-do-jequitinhonha\/wp-json\/wp\/v2\/tags?post=1177"}],"curies":[{"name":"wp","href":"https:\/\/api.w.org\/{rel}","templated":true}]}}