{"id":1181,"date":"2019-10-10T21:42:10","date_gmt":"2019-10-10T21:42:10","guid":{"rendered":"https:\/\/www.fiemg.com.br\/regional-vale-do-jequitinhonha\/noticias\/fiemg-regional-vale-do-jequitinhonha-discute-melhoria-da-qualidade-de-energia-eletrica-a-cemig\/"},"modified":"2023-07-11T21:43:37","modified_gmt":"2023-07-11T21:43:37","slug":"fiemg-regional-vale-do-jequitinhonha-discute-melhoria-da-qualidade-de-energia-eletrica-a-cemig","status":"publish","type":"noticias","link":"https:\/\/www.fiemg.com.br\/regional-vale-do-jequitinhonha\/noticias\/fiemg-regional-vale-do-jequitinhonha-discute-melhoria-da-qualidade-de-energia-eletrica-a-cemig\/","title":{"rendered":"FIEMG Regional Vale do Jequitinhonha discute melhoria da qualidade de energia el\u00e9trica a CEMIG"},"content":{"rendered":"<header class=\"entry-header\"><em>Evento reuniu empres\u00e1rios de Turmalina<\/em><\/header>\n<header><\/header>\n<div class=\"entry-content\"><a class=\"modal-image cboxElement\" href=\"https:\/\/www.fiemg.com.br\/Cms_Data\/Contents\/regionais\/Folders\/Noticias\/ValedoJequitinhonha\/~contents\/7LQ238MNBHZTUUYK\/Foto-4.jpg\"><img decoding=\"async\" src=\"https:\/\/www.fiemg.com.br\/Assets\/Images\/DynamicImages\/bdee5b7e5982e23e89ff84bcd775e8fe7f1e09cee4eefe04e1d0f01fc9bed927.jpg\" \/><\/a><\/p>\n<p>No dia 10\/10\/2019, a FIEMG Regional Vale do Jequitinhonha, representada pelo vice-presidente Jos\u00e9 Balbino Maia de Figueiredo, realizou em Turmalina uma reuni\u00e3o com empres\u00e1rios para discutir sobre a melhoria da qualidade de energia el\u00e9trica da CEMIG na regi\u00e3o, e organizar um evento em parceria com a C\u00e2mara de Energia da FIEMG e representantes da CEMIG Distribui\u00e7\u00e3o, a fim de relatar os constantes problemas, em busca da melhoria dos servi\u00e7os prestados.<\/p>\n<p>O encontro teve a participa\u00e7\u00e3o do supervisor do SENAI Turmalina, Listemberg Pereira, dos representantes da\u00a0<a href=\"https:\/\/www.agmnutricao.com\/\" target=\"_blank\" rel=\"noopener\">AGM Ra\u00e7\u00f5es<\/a>\u00a0Jos\u00e9 Altemar Macedo, Elter Lopes e Andr\u00e9 Macedo, do presidente da Associa\u00e7\u00e3o Comercial e Empresarial de Turmalina e Moda &amp; Cia, Vanderlei Lopes, do vice-presidente da\u00a0<a href=\"http:\/\/www.aceturmalina.com.br\/\" target=\"_blank\" rel=\"noopener\">Associa\u00e7\u00e3o Comercial e Empresarial de Turmalina<\/a>\u00a0e representante da Turmagraf , Lauro Tadeu, dos representantes da Latic\u00ednios Santiago e Cordeiro Renato Santiago e Jonaldo Cordeiro e da representante da\u00a0<a href=\"https:\/\/msolinformatica.com\/\" target=\"_blank\" rel=\"noopener\">Microsol Inform\u00e1tica<\/a>\u00a0e\u00a0<a href=\"https:\/\/www.grupoemiliacordeiro.com.br\/\" target=\"_blank\" rel=\"noopener\">Grupo Em\u00edlia Cordeiro<\/a>, Karina Godinho Alves.<\/p>\n<\/div>\n","protected":false},"featured_media":1175,"template":"","categories":[],"tags":[],"class_list":["post-1181","noticias","type-noticias","status-publish","has-post-thumbnail","hentry"],"acf":[],"yoast_head":"<!-- This site is optimized with the Yoast SEO plugin v26.2 - https:\/\/yoast.com\/wordpress\/plugins\/seo\/ -->\n<title>FIEMG Regional Vale do Jequitinhonha discute melhoria da qualidade de energia el\u00e9trica a CEMIG - Regional vale do Jequitinhonha<\/title>\n<meta name=\"robots\" content=\"index, follow, max-snippet:-1, max-image-preview:large, max-video-preview:-1\" \/>\n<link rel=\"canonical\" href=\"https:\/\/www.fiemg.com.br\/regional-vale-do-jequitinhonha\/noticias\/fiemg-regional-vale-do-jequitinhonha-discute-melhoria-da-qualidade-de-energia-eletrica-a-cemig\/\" \/>\n<meta property=\"og:locale\" content=\"pt_BR\" \/>\n<meta property=\"og:type\" content=\"article\" \/>\n<meta property=\"og:title\" content=\"FIEMG Regional Vale do Jequitinhonha discute melhoria da qualidade de energia el\u00e9trica a CEMIG - Regional vale do Jequitinhonha\" \/>\n<meta property=\"og:description\" content=\"Evento reuniu empres\u00e1rios de Turmalina No dia 10\/10\/2019, a FIEMG Regional Vale do Jequitinhonha, representada pelo vice-presidente Jos\u00e9 Balbino Maia de Figueiredo, realizou em Turmalina uma reuni\u00e3o com empres\u00e1rios para discutir sobre a melhoria da qualidade de energia el\u00e9trica da CEMIG na regi\u00e3o, e organizar um evento em parceria com a C\u00e2mara de Energia da [&hellip;]\" \/>\n<meta property=\"og:url\" content=\"https:\/\/www.fiemg.com.br\/regional-vale-do-jequitinhonha\/noticias\/fiemg-regional-vale-do-jequitinhonha-discute-melhoria-da-qualidade-de-energia-eletrica-a-cemig\/\" \/>\n<meta property=\"og:site_name\" content=\"Regional vale do Jequitinhonha\" \/>\n<meta property=\"article:modified_time\" content=\"2023-07-11T21:43:37+00:00\" \/>\n<meta property=\"og:image\" content=\"https:\/\/www.fiemg.com.br\/regional-vale-do-jequitinhonha\/wp-content\/uploads\/sites\/23\/2023\/07\/bdee5b7e5982e23e89ff84bcd775e8fe7f1e09cee4eefe04e1d0f01fc9bed927.jpg\" \/>\n\t<meta property=\"og:image:width\" content=\"620\" \/>\n\t<meta property=\"og:image:height\" content=\"240\" \/>\n\t<meta property=\"og:image:type\" content=\"image\/jpeg\" \/>\n<meta name=\"twitter:card\" content=\"summary_large_image\" \/>\n<meta name=\"twitter:label1\" content=\"Est. tempo de leitura\" \/>\n\t<meta name=\"twitter:data1\" content=\"2 minutos\" \/>\n<script type=\"application\/ld+json\" class=\"yoast-schema-graph\">{\"@context\":\"https:\/\/schema.org\",\"@graph\":[{\"@type\":\"WebPage\",\"@id\":\"https:\/\/www.fiemg.com.br\/regional-vale-do-jequitinhonha\/noticias\/fiemg-regional-vale-do-jequitinhonha-discute-melhoria-da-qualidade-de-energia-eletrica-a-cemig\/\",\"url\":\"https:\/\/www.fiemg.com.br\/regional-vale-do-jequitinhonha\/noticias\/fiemg-regional-vale-do-jequitinhonha-discute-melhoria-da-qualidade-de-energia-eletrica-a-cemig\/\",\"name\":\"FIEMG Regional Vale do Jequitinhonha discute melhoria da qualidade de energia el\u00e9trica a CEMIG - Regional vale do Jequitinhonha\",\"isPartOf\":{\"@id\":\"https:\/\/www.fiemg.com.br\/regional-vale-do-jequitinhonha\/#website\"},\"primaryImageOfPage\":{\"@id\":\"https:\/\/www.fiemg.com.br\/regional-vale-do-jequitinhonha\/noticias\/fiemg-regional-vale-do-jequitinhonha-discute-melhoria-da-qualidade-de-energia-eletrica-a-cemig\/#primaryimage\"},\"image\":{\"@id\":\"https:\/\/www.fiemg.com.br\/regional-vale-do-jequitinhonha\/noticias\/fiemg-regional-vale-do-jequitinhonha-discute-melhoria-da-qualidade-de-energia-eletrica-a-cemig\/#primaryimage\"},\"thumbnailUrl\":\"https:\/\/www.fiemg.com.br\/regional-vale-do-jequitinhonha\/wp-content\/uploads\/sites\/23\/2023\/07\/bdee5b7e5982e23e89ff84bcd775e8fe7f1e09cee4eefe04e1d0f01fc9bed927.jpg\",\"datePublished\":\"2019-10-10T21:42:10+00:00\",\"dateModified\":\"2023-07-11T21:43:37+00:00\",\"breadcrumb\":{\"@id\":\"https:\/\/www.fiemg.com.br\/regional-vale-do-jequitinhonha\/noticias\/fiemg-regional-vale-do-jequitinhonha-discute-melhoria-da-qualidade-de-energia-eletrica-a-cemig\/#breadcrumb\"},\"inLanguage\":\"pt-BR\",\"potentialAction\":[{\"@type\":\"ReadAction\",\"target\":[\"https:\/\/www.fiemg.com.br\/regional-vale-do-jequitinhonha\/noticias\/fiemg-regional-vale-do-jequitinhonha-discute-melhoria-da-qualidade-de-energia-eletrica-a-cemig\/\"]}]},{\"@type\":\"ImageObject\",\"inLanguage\":\"pt-BR\",\"@id\":\"https:\/\/www.fiemg.com.br\/regional-vale-do-jequitinhonha\/noticias\/fiemg-regional-vale-do-jequitinhonha-discute-melhoria-da-qualidade-de-energia-eletrica-a-cemig\/#primaryimage\",\"url\":\"https:\/\/www.fiemg.com.br\/regional-vale-do-jequitinhonha\/wp-content\/uploads\/sites\/23\/2023\/07\/bdee5b7e5982e23e89ff84bcd775e8fe7f1e09cee4eefe04e1d0f01fc9bed927.jpg\",\"contentUrl\":\"https:\/\/www.fiemg.com.br\/regional-vale-do-jequitinhonha\/wp-content\/uploads\/sites\/23\/2023\/07\/bdee5b7e5982e23e89ff84bcd775e8fe7f1e09cee4eefe04e1d0f01fc9bed927.jpg\",\"width\":620,\"height\":240},{\"@type\":\"BreadcrumbList\",\"@id\":\"https:\/\/www.fiemg.com.br\/regional-vale-do-jequitinhonha\/noticias\/fiemg-regional-vale-do-jequitinhonha-discute-melhoria-da-qualidade-de-energia-eletrica-a-cemig\/#breadcrumb\",\"itemListElement\":[{\"@type\":\"ListItem\",\"position\":1,\"name\":\"In\u00edcio\",\"item\":\"https:\/\/www.fiemg.com.br\/regional-vale-do-jequitinhonha\/\"},{\"@type\":\"ListItem\",\"position\":2,\"name\":\"FIEMG Regional Vale do Jequitinhonha discute melhoria da qualidade de energia el\u00e9trica a CEMIG\"}]},{\"@type\":\"WebSite\",\"@id\":\"https:\/\/www.fiemg.com.br\/regional-vale-do-jequitinhonha\/#website\",\"url\":\"https:\/\/www.fiemg.com.br\/regional-vale-do-jequitinhonha\/\",\"name\":\"Regional vale do Jequitinhonha\",\"description\":\"Federa\u00e7\u00e3o das Ind\u00fastrias do Estado de Minas Gerais\",\"publisher\":{\"@id\":\"https:\/\/www.fiemg.com.br\/regional-vale-do-jequitinhonha\/#organization\"},\"potentialAction\":[{\"@type\":\"SearchAction\",\"target\":{\"@type\":\"EntryPoint\",\"urlTemplate\":\"https:\/\/www.fiemg.com.br\/regional-vale-do-jequitinhonha\/?s={search_term_string}\"},\"query-input\":{\"@type\":\"PropertyValueSpecification\",\"valueRequired\":true,\"valueName\":\"search_term_string\"}}],\"inLanguage\":\"pt-BR\"},{\"@type\":\"Organization\",\"@id\":\"https:\/\/www.fiemg.com.br\/regional-vale-do-jequitinhonha\/#organization\",\"name\":\"Regional vale do Jequitinhonha\",\"url\":\"https:\/\/www.fiemg.com.br\/regional-vale-do-jequitinhonha\/\",\"logo\":{\"@type\":\"ImageObject\",\"inLanguage\":\"pt-BR\",\"@id\":\"https:\/\/www.fiemg.com.br\/regional-vale-do-jequitinhonha\/#\/schema\/logo\/image\/\",\"url\":\"https:\/\/www.fiemg.com.br\/regional-vale-do-jequitinhonha\/wp-content\/uploads\/sites\/23\/2023\/02\/Ativo-1.png\",\"contentUrl\":\"https:\/\/www.fiemg.com.br\/regional-vale-do-jequitinhonha\/wp-content\/uploads\/sites\/23\/2023\/02\/Ativo-1.png\",\"width\":563,\"height\":149,\"caption\":\"Regional vale do Jequitinhonha\"},\"image\":{\"@id\":\"https:\/\/www.fiemg.com.br\/regional-vale-do-jequitinhonha\/#\/schema\/logo\/image\/\"}}]}<\/script>\n<!-- \/ Yoast SEO plugin. -->","yoast_head_json":{"title":"FIEMG Regional Vale do Jequitinhonha discute melhoria da qualidade de energia el\u00e9trica a CEMIG - Regional vale do Jequitinhonha","robots":{"index":"index","follow":"follow","max-snippet":"max-snippet:-1","max-image-preview":"max-image-preview:large","max-video-preview":"max-video-preview:-1"},"canonical":"https:\/\/www.fiemg.com.br\/regional-vale-do-jequitinhonha\/noticias\/fiemg-regional-vale-do-jequitinhonha-discute-melhoria-da-qualidade-de-energia-eletrica-a-cemig\/","og_locale":"pt_BR","og_type":"article","og_title":"FIEMG Regional Vale do Jequitinhonha discute melhoria da qualidade de energia el\u00e9trica a CEMIG - Regional vale do Jequitinhonha","og_description":"Evento reuniu empres\u00e1rios de Turmalina No dia 10\/10\/2019, a FIEMG Regional Vale do Jequitinhonha, representada pelo vice-presidente Jos\u00e9 Balbino Maia de Figueiredo, realizou em Turmalina uma reuni\u00e3o com empres\u00e1rios para discutir sobre a melhoria da qualidade de energia el\u00e9trica da CEMIG na regi\u00e3o, e organizar um evento em parceria com a C\u00e2mara de Energia da [&hellip;]","og_url":"https:\/\/www.fiemg.com.br\/regional-vale-do-jequitinhonha\/noticias\/fiemg-regional-vale-do-jequitinhonha-discute-melhoria-da-qualidade-de-energia-eletrica-a-cemig\/","og_site_name":"Regional vale do Jequitinhonha","article_modified_time":"2023-07-11T21:43:37+00:00","og_image":[{"width":620,"height":240,"url":"https:\/\/www.fiemg.com.br\/regional-vale-do-jequitinhonha\/wp-content\/uploads\/sites\/23\/2023\/07\/bdee5b7e5982e23e89ff84bcd775e8fe7f1e09cee4eefe04e1d0f01fc9bed927.jpg","type":"image\/jpeg"}],"twitter_card":"summary_large_image","twitter_misc":{"Est. tempo de leitura":"2 minutos"},"schema":{"@context":"https:\/\/schema.org","@graph":[{"@type":"WebPage","@id":"https:\/\/www.fiemg.com.br\/regional-vale-do-jequitinhonha\/noticias\/fiemg-regional-vale-do-jequitinhonha-discute-melhoria-da-qualidade-de-energia-eletrica-a-cemig\/","url":"https:\/\/www.fiemg.com.br\/regional-vale-do-jequitinhonha\/noticias\/fiemg-regional-vale-do-jequitinhonha-discute-melhoria-da-qualidade-de-energia-eletrica-a-cemig\/","name":"FIEMG Regional Vale do Jequitinhonha discute melhoria da qualidade de energia el\u00e9trica a CEMIG - Regional vale do Jequitinhonha","isPartOf":{"@id":"https:\/\/www.fiemg.com.br\/regional-vale-do-jequitinhonha\/#website"},"primaryImageOfPage":{"@id":"https:\/\/www.fiemg.com.br\/regional-vale-do-jequitinhonha\/noticias\/fiemg-regional-vale-do-jequitinhonha-discute-melhoria-da-qualidade-de-energia-eletrica-a-cemig\/#primaryimage"},"image":{"@id":"https:\/\/www.fiemg.com.br\/regional-vale-do-jequitinhonha\/noticias\/fiemg-regional-vale-do-jequitinhonha-discute-melhoria-da-qualidade-de-energia-eletrica-a-cemig\/#primaryimage"},"thumbnailUrl":"https:\/\/www.fiemg.com.br\/regional-vale-do-jequitinhonha\/wp-content\/uploads\/sites\/23\/2023\/07\/bdee5b7e5982e23e89ff84bcd775e8fe7f1e09cee4eefe04e1d0f01fc9bed927.jpg","datePublished":"2019-10-10T21:42:10+00:00","dateModified":"2023-07-11T21:43:37+00:00","breadcrumb":{"@id":"https:\/\/www.fiemg.com.br\/regional-vale-do-jequitinhonha\/noticias\/fiemg-regional-vale-do-jequitinhonha-discute-melhoria-da-qualidade-de-energia-eletrica-a-cemig\/#breadcrumb"},"inLanguage":"pt-BR","potentialAction":[{"@type":"ReadAction","target":["https:\/\/www.fiemg.com.br\/regional-vale-do-jequitinhonha\/noticias\/fiemg-regional-vale-do-jequitinhonha-discute-melhoria-da-qualidade-de-energia-eletrica-a-cemig\/"]}]},{"@type":"ImageObject","inLanguage":"pt-BR","@id":"https:\/\/www.fiemg.com.br\/regional-vale-do-jequitinhonha\/noticias\/fiemg-regional-vale-do-jequitinhonha-discute-melhoria-da-qualidade-de-energia-eletrica-a-cemig\/#primaryimage","url":"https:\/\/www.fiemg.com.br\/regional-vale-do-jequitinhonha\/wp-content\/uploads\/sites\/23\/2023\/07\/bdee5b7e5982e23e89ff84bcd775e8fe7f1e09cee4eefe04e1d0f01fc9bed927.jpg","contentUrl":"https:\/\/www.fiemg.com.br\/regional-vale-do-jequitinhonha\/wp-content\/uploads\/sites\/23\/2023\/07\/bdee5b7e5982e23e89ff84bcd775e8fe7f1e09cee4eefe04e1d0f01fc9bed927.jpg","width":620,"height":240},{"@type":"BreadcrumbList","@id":"https:\/\/www.fiemg.com.br\/regional-vale-do-jequitinhonha\/noticias\/fiemg-regional-vale-do-jequitinhonha-discute-melhoria-da-qualidade-de-energia-eletrica-a-cemig\/#breadcrumb","itemListElement":[{"@type":"ListItem","position":1,"name":"In\u00edcio","item":"https:\/\/www.fiemg.com.br\/regional-vale-do-jequitinhonha\/"},{"@type":"ListItem","position":2,"name":"FIEMG Regional Vale do Jequitinhonha discute melhoria da qualidade de energia el\u00e9trica a CEMIG"}]},{"@type":"WebSite","@id":"https:\/\/www.fiemg.com.br\/regional-vale-do-jequitinhonha\/#website","url":"https:\/\/www.fiemg.com.br\/regional-vale-do-jequitinhonha\/","name":"Regional vale do Jequitinhonha","description":"Federa\u00e7\u00e3o das Ind\u00fastrias do Estado de Minas Gerais","publisher":{"@id":"https:\/\/www.fiemg.com.br\/regional-vale-do-jequitinhonha\/#organization"},"potentialAction":[{"@type":"SearchAction","target":{"@type":"EntryPoint","urlTemplate":"https:\/\/www.fiemg.com.br\/regional-vale-do-jequitinhonha\/?s={search_term_string}"},"query-input":{"@type":"PropertyValueSpecification","valueRequired":true,"valueName":"search_term_string"}}],"inLanguage":"pt-BR"},{"@type":"Organization","@id":"https:\/\/www.fiemg.com.br\/regional-vale-do-jequitinhonha\/#organization","name":"Regional vale do Jequitinhonha","url":"https:\/\/www.fiemg.com.br\/regional-vale-do-jequitinhonha\/","logo":{"@type":"ImageObject","inLanguage":"pt-BR","@id":"https:\/\/www.fiemg.com.br\/regional-vale-do-jequitinhonha\/#\/schema\/logo\/image\/","url":"https:\/\/www.fiemg.com.br\/regional-vale-do-jequitinhonha\/wp-content\/uploads\/sites\/23\/2023\/02\/Ativo-1.png","contentUrl":"https:\/\/www.fiemg.com.br\/regional-vale-do-jequitinhonha\/wp-content\/uploads\/sites\/23\/2023\/02\/Ativo-1.png","width":563,"height":149,"caption":"Regional vale do Jequitinhonha"},"image":{"@id":"https:\/\/www.fiemg.com.br\/regional-vale-do-jequitinhonha\/#\/schema\/logo\/image\/"}}]}},"_links":{"self":[{"href":"https:\/\/www.fiemg.com.br\/regional-vale-do-jequitinhonha\/wp-json\/wp\/v2\/noticias\/1181","targetHints":{"allow":["GET"]}}],"collection":[{"href":"https:\/\/www.fiemg.com.br\/regional-vale-do-jequitinhonha\/wp-json\/wp\/v2\/noticias"}],"about":[{"href":"https:\/\/www.fiemg.com.br\/regional-vale-do-jequitinhonha\/wp-json\/wp\/v2\/types\/noticias"}],"wp:featuredmedia":[{"embeddable":true,"href":"https:\/\/www.fiemg.com.br\/regional-vale-do-jequitinhonha\/wp-json\/wp\/v2\/media\/1175"}],"wp:attachment":[{"href":"https:\/\/www.fiemg.com.br\/regional-vale-do-jequitinhonha\/wp-json\/wp\/v2\/media?parent=1181"}],"wp:term":[{"taxonomy":"category","embeddable":true,"href":"https:\/\/www.fiemg.com.br\/regional-vale-do-jequitinhonha\/wp-json\/wp\/v2\/categories?post=1181"},{"taxonomy":"post_tag","embeddable":true,"href":"https:\/\/www.fiemg.com.br\/regional-vale-do-jequitinhonha\/wp-json\/wp\/v2\/tags?post=1181"}],"curies":[{"name":"wp","href":"https:\/\/api.w.org\/{rel}","templated":true}]}}