{"id":1511,"date":"2023-10-02T09:34:49","date_gmt":"2023-10-02T12:34:49","guid":{"rendered":"https:\/\/www.fiemg.com.br\/regional-vale-do-jequitinhonha\/?post_type=noticias&#038;p=1511"},"modified":"2023-10-02T09:58:19","modified_gmt":"2023-10-02T12:58:19","slug":"aperam-bioenergia-junta-se-a-alianca-ambiental-estrategica","status":"publish","type":"noticias","link":"https:\/\/www.fiemg.com.br\/regional-vale-do-jequitinhonha\/noticias\/aperam-bioenergia-junta-se-a-alianca-ambiental-estrategica\/","title":{"rendered":"Aperam BioEnergia junta-se \u00e0 Alian\u00e7a Ambiental Estrat\u00e9gica"},"content":{"rendered":"\n<p>A jornada rumo \u00e0 sustentabilidade ganhou um novo e importante aliado. A Aperam BioEnergia, pertencente ao Grupo Aperam e grande produtora de carv\u00e3o vegetal, \u00e9 a primeira empresa a aderir \u00e0 Alian\u00e7a Ambiental Estrat\u00e9gica. O programa, uma parceria entre a Federa\u00e7\u00e3o das Ind\u00fastrias de Minas Gerais (FIEMG), por iniciativa do Instituto Euvaldo Lodi (IEL), e a Secretaria de Estado de Meio Ambiente e Desenvolvimento Sustent\u00e1vel (SEMAD), visa potencializar o comprometimento de corpora\u00e7\u00f5es com a implementa\u00e7\u00e3o de projetos socioambientais.<\/p>\n\n\n\n<p>Esta alian\u00e7a representa um grande avan\u00e7o na miss\u00e3o de fomentar a\u00e7\u00f5es voltadas para a esfera ambiental e social em Minas Gerais. Ao unir-se ao programa, a Aperam BioEnergia apresenta seu projeto inovador &#8220;Aperam Ra\u00edzes do Vale&#8221;. Esta iniciativa foca em plantios consorciados nas florestas renov\u00e1veis de eucalipto, promovendo a seguran\u00e7a alimentar das fam\u00edlias, gerando trabalho, renda e utilizando a tecnologia Biochar, exclusividade da empresa, para melhorar a fertilidade do solo e promover o desenvolvimento sustent\u00e1vel.<\/p>\n\n\n\n<p>Com a ades\u00e3o ao projeto, a Aperam BioEnergia receber\u00e1 a Declara\u00e7\u00e3o de Ades\u00e3o \u00e0 Alian\u00e7a Ambiental Estrat\u00e9gica. De acordo com a analista ambiental, Kamila Vilela, da ger\u00eancia de consultoria para neg\u00f3cios da FIEMG, a ades\u00e3o formal da Aperam BioEnergia \u00e0 Alian\u00e7a Ambiental Estrat\u00e9gica representa uma grande conquista para empresa, gerando valor e impacto positivo para a comunidade na qual ela encontra-se inserida. <\/p>\n\n\n\n<p>&#8220;A partir da mensura\u00e7\u00e3o dos resultados do projeto da Aperam BioEnergia, ela receber\u00e1 o Selo Sustentabilidade como diferencial ambiental. O selo agrega valor \u00e0 empresa por reconhecer o seu comprometimento com o desenvolvimento sustent\u00e1vel no Estado&#8221;, explica a especialista.<\/p>\n\n\n\n<p>Localizada no Vale do Jequitinhonha, uma das regi\u00f5es mais carentes do pa\u00eds, a Aperam BioEnergia mostra que \u00e9 poss\u00edvel aliar desenvolvimento econ\u00f4mico, social e ambiental. Atualmente, a empresa \u00e9 detentora de florestas renov\u00e1veis de eucalipto e possui uma capacidade para produ\u00e7\u00e3o anual de 430 mil toneladas de carv\u00e3o vegetal, al\u00e9m de gerar cerca de 1 mil empregos diretos e 3 mil indiretos. Com o projeto, a empresa busca utilizar de maneira inovadora seus ativos florestais, promovendo o plantio de culturas agron\u00f4micas que beneficiam diretamente a comunidade local.<\/p>\n\n\n\n<p>&#8220;Empresas que aderirem ao Programa, ter\u00e3o o reconhecimento de seus projetos volunt\u00e1rios e a credibilidade de sua marca, gerando valor \u00e0 sociedade, contribuindo concretamente para os resultados de sustentabilidade no estado&#8221;, detalha Vilela.<\/p>\n\n\n\n<p>Empresas interessadas em fazer parte desta alian\u00e7a e contribuir para um futuro mais verde em Minas Gerais podem obter mais informa\u00e7\u00f5es e se inscrever, <strong><a href=\"https:\/\/www.fiemg.com.br\/iel\/area-de-interesse\/alianca-ambiental-estrategica\/\">clique aqui<\/a><\/strong>. <\/p>\n\n\n\n<p><em>Ana Paula Motta<\/em><br><strong>Imprensa FIEMG<\/strong><\/p>\n","protected":false},"featured_media":1513,"template":"","categories":[15],"tags":[71,72,73,74],"class_list":["post-1511","noticias","type-noticias","status-publish","has-post-thumbnail","hentry","category-desenvolvimento-industrial","tag-alianca-ambiental-estrategica","tag-aperam-bioenergia","tag-aperam-raizes-do-vale","tag-industria-de-carvao-vegetal"],"acf":[],"yoast_head":"<!-- This site is optimized with the Yoast SEO plugin v26.2 - https:\/\/yoast.com\/wordpress\/plugins\/seo\/ -->\n<title>Aperam BioEnergia junta-se \u00e0 Alian\u00e7a Ambiental Estrat\u00e9gica - Regional vale do Jequitinhonha<\/title>\n<meta name=\"description\" content=\"Primeira empresa a aderir ao projeto, a Aperam BioEnergia demonstra compromisso com desenvolvimento sustent\u00e1vel em Minas Gerais\" \/>\n<meta name=\"robots\" content=\"index, follow, max-snippet:-1, max-image-preview:large, max-video-preview:-1\" \/>\n<link rel=\"canonical\" href=\"https:\/\/www.fiemg.com.br\/regional-vale-do-jequitinhonha\/?post_type=noticias&p=1511\" \/>\n<meta property=\"og:locale\" content=\"pt_BR\" \/>\n<meta property=\"og:type\" content=\"article\" \/>\n<meta property=\"og:title\" content=\"Aperam BioEnergia junta-se \u00e0 Alian\u00e7a Ambiental Estrat\u00e9gica - Regional vale do Jequitinhonha\" \/>\n<meta property=\"og:description\" content=\"Primeira empresa a aderir ao projeto, a Aperam BioEnergia demonstra compromisso com desenvolvimento sustent\u00e1vel em Minas Gerais\" \/>\n<meta property=\"og:url\" content=\"https:\/\/www.fiemg.com.br\/regional-vale-do-jequitinhonha\/?post_type=noticias&amp;p=1511\" \/>\n<meta property=\"og:site_name\" content=\"Regional vale do Jequitinhonha\" \/>\n<meta property=\"article:modified_time\" content=\"2023-10-02T12:58:19+00:00\" \/>\n<meta property=\"og:image\" content=\"https:\/\/www.fiemg.com.br\/regional-vale-do-jequitinhonha\/wp-content\/uploads\/sites\/23\/2023\/09\/aperam-alianca-ambiental-estrategica.jpg\" \/>\n\t<meta property=\"og:image:width\" content=\"300\" \/>\n\t<meta property=\"og:image:height\" content=\"200\" \/>\n\t<meta property=\"og:image:type\" content=\"image\/jpeg\" \/>\n<meta name=\"twitter:card\" content=\"summary_large_image\" \/>\n<meta name=\"twitter:label1\" content=\"Est. tempo de leitura\" \/>\n\t<meta name=\"twitter:data1\" content=\"2 minutos\" \/>\n<script type=\"application\/ld+json\" class=\"yoast-schema-graph\">{\"@context\":\"https:\/\/schema.org\",\"@graph\":[{\"@type\":\"WebPage\",\"@id\":\"https:\/\/www.fiemg.com.br\/regional-vale-do-jequitinhonha\/?post_type=noticias&p=1511\",\"url\":\"https:\/\/www.fiemg.com.br\/regional-vale-do-jequitinhonha\/?post_type=noticias&p=1511\",\"name\":\"Aperam BioEnergia junta-se \u00e0 Alian\u00e7a Ambiental Estrat\u00e9gica - Regional vale do Jequitinhonha\",\"isPartOf\":{\"@id\":\"https:\/\/www.fiemg.com.br\/regional-vale-do-jequitinhonha\/#website\"},\"primaryImageOfPage\":{\"@id\":\"https:\/\/www.fiemg.com.br\/regional-vale-do-jequitinhonha\/?post_type=noticias&p=1511#primaryimage\"},\"image\":{\"@id\":\"https:\/\/www.fiemg.com.br\/regional-vale-do-jequitinhonha\/?post_type=noticias&p=1511#primaryimage\"},\"thumbnailUrl\":\"https:\/\/www.fiemg.com.br\/regional-vale-do-jequitinhonha\/wp-content\/uploads\/sites\/23\/2023\/09\/aperam-alianca-ambiental-estrategica.jpg\",\"datePublished\":\"2023-10-02T12:34:49+00:00\",\"dateModified\":\"2023-10-02T12:58:19+00:00\",\"description\":\"Primeira empresa a aderir ao projeto, a Aperam BioEnergia demonstra compromisso com desenvolvimento sustent\u00e1vel em Minas Gerais\",\"breadcrumb\":{\"@id\":\"https:\/\/www.fiemg.com.br\/regional-vale-do-jequitinhonha\/?post_type=noticias&p=1511#breadcrumb\"},\"inLanguage\":\"pt-BR\",\"potentialAction\":[{\"@type\":\"ReadAction\",\"target\":[\"https:\/\/www.fiemg.com.br\/regional-vale-do-jequitinhonha\/?post_type=noticias&p=1511\"]}]},{\"@type\":\"ImageObject\",\"inLanguage\":\"pt-BR\",\"@id\":\"https:\/\/www.fiemg.com.br\/regional-vale-do-jequitinhonha\/?post_type=noticias&p=1511#primaryimage\",\"url\":\"https:\/\/www.fiemg.com.br\/regional-vale-do-jequitinhonha\/wp-content\/uploads\/sites\/23\/2023\/09\/aperam-alianca-ambiental-estrategica.jpg\",\"contentUrl\":\"https:\/\/www.fiemg.com.br\/regional-vale-do-jequitinhonha\/wp-content\/uploads\/sites\/23\/2023\/09\/aperam-alianca-ambiental-estrategica.jpg\",\"width\":300,\"height\":200,\"caption\":\"Primeira empresa a aderir ao projeto da FIEMG e SEMAD, a Aperam BioEnergia demonstra compromisso com desenvolvimento sustent\u00e1vel em Minas Gerais\"},{\"@type\":\"BreadcrumbList\",\"@id\":\"https:\/\/www.fiemg.com.br\/regional-vale-do-jequitinhonha\/?post_type=noticias&p=1511#breadcrumb\",\"itemListElement\":[{\"@type\":\"ListItem\",\"position\":1,\"name\":\"In\u00edcio\",\"item\":\"https:\/\/www.fiemg.com.br\/regional-vale-do-jequitinhonha\/\"},{\"@type\":\"ListItem\",\"position\":2,\"name\":\"Aperam BioEnergia junta-se \u00e0 Alian\u00e7a Ambiental Estrat\u00e9gica\"}]},{\"@type\":\"WebSite\",\"@id\":\"https:\/\/www.fiemg.com.br\/regional-vale-do-jequitinhonha\/#website\",\"url\":\"https:\/\/www.fiemg.com.br\/regional-vale-do-jequitinhonha\/\",\"name\":\"Regional vale do Jequitinhonha\",\"description\":\"Federa\u00e7\u00e3o das Ind\u00fastrias do Estado de Minas Gerais\",\"publisher\":{\"@id\":\"https:\/\/www.fiemg.com.br\/regional-vale-do-jequitinhonha\/#organization\"},\"potentialAction\":[{\"@type\":\"SearchAction\",\"target\":{\"@type\":\"EntryPoint\",\"urlTemplate\":\"https:\/\/www.fiemg.com.br\/regional-vale-do-jequitinhonha\/?s={search_term_string}\"},\"query-input\":{\"@type\":\"PropertyValueSpecification\",\"valueRequired\":true,\"valueName\":\"search_term_string\"}}],\"inLanguage\":\"pt-BR\"},{\"@type\":\"Organization\",\"@id\":\"https:\/\/www.fiemg.com.br\/regional-vale-do-jequitinhonha\/#organization\",\"name\":\"Regional vale do Jequitinhonha\",\"url\":\"https:\/\/www.fiemg.com.br\/regional-vale-do-jequitinhonha\/\",\"logo\":{\"@type\":\"ImageObject\",\"inLanguage\":\"pt-BR\",\"@id\":\"https:\/\/www.fiemg.com.br\/regional-vale-do-jequitinhonha\/#\/schema\/logo\/image\/\",\"url\":\"https:\/\/www.fiemg.com.br\/regional-vale-do-jequitinhonha\/wp-content\/uploads\/sites\/23\/2023\/02\/Ativo-1.png\",\"contentUrl\":\"https:\/\/www.fiemg.com.br\/regional-vale-do-jequitinhonha\/wp-content\/uploads\/sites\/23\/2023\/02\/Ativo-1.png\",\"width\":563,\"height\":149,\"caption\":\"Regional vale do Jequitinhonha\"},\"image\":{\"@id\":\"https:\/\/www.fiemg.com.br\/regional-vale-do-jequitinhonha\/#\/schema\/logo\/image\/\"}}]}<\/script>\n<!-- \/ Yoast SEO plugin. -->","yoast_head_json":{"title":"Aperam BioEnergia junta-se \u00e0 Alian\u00e7a Ambiental Estrat\u00e9gica - Regional vale do Jequitinhonha","description":"Primeira empresa a aderir ao projeto, a Aperam BioEnergia demonstra compromisso com desenvolvimento sustent\u00e1vel em Minas Gerais","robots":{"index":"index","follow":"follow","max-snippet":"max-snippet:-1","max-image-preview":"max-image-preview:large","max-video-preview":"max-video-preview:-1"},"canonical":"https:\/\/www.fiemg.com.br\/regional-vale-do-jequitinhonha\/?post_type=noticias&p=1511","og_locale":"pt_BR","og_type":"article","og_title":"Aperam BioEnergia junta-se \u00e0 Alian\u00e7a Ambiental Estrat\u00e9gica - Regional vale do Jequitinhonha","og_description":"Primeira empresa a aderir ao projeto, a Aperam BioEnergia demonstra compromisso com desenvolvimento sustent\u00e1vel em Minas Gerais","og_url":"https:\/\/www.fiemg.com.br\/regional-vale-do-jequitinhonha\/?post_type=noticias&p=1511","og_site_name":"Regional vale do Jequitinhonha","article_modified_time":"2023-10-02T12:58:19+00:00","og_image":[{"width":300,"height":200,"url":"https:\/\/www.fiemg.com.br\/regional-vale-do-jequitinhonha\/wp-content\/uploads\/sites\/23\/2023\/09\/aperam-alianca-ambiental-estrategica.jpg","type":"image\/jpeg"}],"twitter_card":"summary_large_image","twitter_misc":{"Est. tempo de leitura":"2 minutos"},"schema":{"@context":"https:\/\/schema.org","@graph":[{"@type":"WebPage","@id":"https:\/\/www.fiemg.com.br\/regional-vale-do-jequitinhonha\/?post_type=noticias&p=1511","url":"https:\/\/www.fiemg.com.br\/regional-vale-do-jequitinhonha\/?post_type=noticias&p=1511","name":"Aperam BioEnergia junta-se \u00e0 Alian\u00e7a Ambiental Estrat\u00e9gica - Regional vale do Jequitinhonha","isPartOf":{"@id":"https:\/\/www.fiemg.com.br\/regional-vale-do-jequitinhonha\/#website"},"primaryImageOfPage":{"@id":"https:\/\/www.fiemg.com.br\/regional-vale-do-jequitinhonha\/?post_type=noticias&p=1511#primaryimage"},"image":{"@id":"https:\/\/www.fiemg.com.br\/regional-vale-do-jequitinhonha\/?post_type=noticias&p=1511#primaryimage"},"thumbnailUrl":"https:\/\/www.fiemg.com.br\/regional-vale-do-jequitinhonha\/wp-content\/uploads\/sites\/23\/2023\/09\/aperam-alianca-ambiental-estrategica.jpg","datePublished":"2023-10-02T12:34:49+00:00","dateModified":"2023-10-02T12:58:19+00:00","description":"Primeira empresa a aderir ao projeto, a Aperam BioEnergia demonstra compromisso com desenvolvimento sustent\u00e1vel em Minas Gerais","breadcrumb":{"@id":"https:\/\/www.fiemg.com.br\/regional-vale-do-jequitinhonha\/?post_type=noticias&p=1511#breadcrumb"},"inLanguage":"pt-BR","potentialAction":[{"@type":"ReadAction","target":["https:\/\/www.fiemg.com.br\/regional-vale-do-jequitinhonha\/?post_type=noticias&p=1511"]}]},{"@type":"ImageObject","inLanguage":"pt-BR","@id":"https:\/\/www.fiemg.com.br\/regional-vale-do-jequitinhonha\/?post_type=noticias&p=1511#primaryimage","url":"https:\/\/www.fiemg.com.br\/regional-vale-do-jequitinhonha\/wp-content\/uploads\/sites\/23\/2023\/09\/aperam-alianca-ambiental-estrategica.jpg","contentUrl":"https:\/\/www.fiemg.com.br\/regional-vale-do-jequitinhonha\/wp-content\/uploads\/sites\/23\/2023\/09\/aperam-alianca-ambiental-estrategica.jpg","width":300,"height":200,"caption":"Primeira empresa a aderir ao projeto da FIEMG e SEMAD, a Aperam BioEnergia demonstra compromisso com desenvolvimento sustent\u00e1vel em Minas Gerais"},{"@type":"BreadcrumbList","@id":"https:\/\/www.fiemg.com.br\/regional-vale-do-jequitinhonha\/?post_type=noticias&p=1511#breadcrumb","itemListElement":[{"@type":"ListItem","position":1,"name":"In\u00edcio","item":"https:\/\/www.fiemg.com.br\/regional-vale-do-jequitinhonha\/"},{"@type":"ListItem","position":2,"name":"Aperam BioEnergia junta-se \u00e0 Alian\u00e7a Ambiental Estrat\u00e9gica"}]},{"@type":"WebSite","@id":"https:\/\/www.fiemg.com.br\/regional-vale-do-jequitinhonha\/#website","url":"https:\/\/www.fiemg.com.br\/regional-vale-do-jequitinhonha\/","name":"Regional vale do Jequitinhonha","description":"Federa\u00e7\u00e3o das Ind\u00fastrias do Estado de Minas Gerais","publisher":{"@id":"https:\/\/www.fiemg.com.br\/regional-vale-do-jequitinhonha\/#organization"},"potentialAction":[{"@type":"SearchAction","target":{"@type":"EntryPoint","urlTemplate":"https:\/\/www.fiemg.com.br\/regional-vale-do-jequitinhonha\/?s={search_term_string}"},"query-input":{"@type":"PropertyValueSpecification","valueRequired":true,"valueName":"search_term_string"}}],"inLanguage":"pt-BR"},{"@type":"Organization","@id":"https:\/\/www.fiemg.com.br\/regional-vale-do-jequitinhonha\/#organization","name":"Regional vale do Jequitinhonha","url":"https:\/\/www.fiemg.com.br\/regional-vale-do-jequitinhonha\/","logo":{"@type":"ImageObject","inLanguage":"pt-BR","@id":"https:\/\/www.fiemg.com.br\/regional-vale-do-jequitinhonha\/#\/schema\/logo\/image\/","url":"https:\/\/www.fiemg.com.br\/regional-vale-do-jequitinhonha\/wp-content\/uploads\/sites\/23\/2023\/02\/Ativo-1.png","contentUrl":"https:\/\/www.fiemg.com.br\/regional-vale-do-jequitinhonha\/wp-content\/uploads\/sites\/23\/2023\/02\/Ativo-1.png","width":563,"height":149,"caption":"Regional vale do Jequitinhonha"},"image":{"@id":"https:\/\/www.fiemg.com.br\/regional-vale-do-jequitinhonha\/#\/schema\/logo\/image\/"}}]}},"_links":{"self":[{"href":"https:\/\/www.fiemg.com.br\/regional-vale-do-jequitinhonha\/wp-json\/wp\/v2\/noticias\/1511","targetHints":{"allow":["GET"]}}],"collection":[{"href":"https:\/\/www.fiemg.com.br\/regional-vale-do-jequitinhonha\/wp-json\/wp\/v2\/noticias"}],"about":[{"href":"https:\/\/www.fiemg.com.br\/regional-vale-do-jequitinhonha\/wp-json\/wp\/v2\/types\/noticias"}],"wp:featuredmedia":[{"embeddable":true,"href":"https:\/\/www.fiemg.com.br\/regional-vale-do-jequitinhonha\/wp-json\/wp\/v2\/media\/1513"}],"wp:attachment":[{"href":"https:\/\/www.fiemg.com.br\/regional-vale-do-jequitinhonha\/wp-json\/wp\/v2\/media?parent=1511"}],"wp:term":[{"taxonomy":"category","embeddable":true,"href":"https:\/\/www.fiemg.com.br\/regional-vale-do-jequitinhonha\/wp-json\/wp\/v2\/categories?post=1511"},{"taxonomy":"post_tag","embeddable":true,"href":"https:\/\/www.fiemg.com.br\/regional-vale-do-jequitinhonha\/wp-json\/wp\/v2\/tags?post=1511"}],"curies":[{"name":"wp","href":"https:\/\/api.w.org\/{rel}","templated":true}]}}