{"id":1180,"date":"2023-07-10T13:18:01","date_gmt":"2023-07-10T13:18:01","guid":{"rendered":"https:\/\/www.fiemg.com.br\/regional-vale-do-paranaiba\/noticias\/fiemg-regional-peiex-e-sindmetal-visitam-a-industria-ubertec-no-ultimo-dia-05\/"},"modified":"2023-07-12T13:18:54","modified_gmt":"2023-07-12T13:18:54","slug":"fiemg-regional-peiex-e-sindmetal-visitam-a-industria-ubertec-no-ultimo-dia-05","status":"publish","type":"noticias","link":"https:\/\/www.fiemg.com.br\/regional-vale-do-paranaiba\/noticias\/fiemg-regional-peiex-e-sindmetal-visitam-a-industria-ubertec-no-ultimo-dia-05\/","title":{"rendered":"FIEMG Regional, PEIEX e Sindmetal visitam a ind\u00fastria Ubertec no \u00faltimo dia 05"},"content":{"rendered":"<header class=\"entry-header\"><em>A fabricante voltada ao desenvolvimento de produtos para mineradoras \u00e9 a mais nova associada ao sindicato<\/em><\/header>\n<div class=\"share pull-right\">\n<div class=\"addthis_sharing_toolbox\"><\/div>\n<\/div>\n<div class=\"entry-content\"><a class=\"modal-image cboxElement\" href=\"https:\/\/www.fiemg.com.br\/Cms_Data\/Contents\/regionais\/Folders\/Noticias\/ValeDoParanaiba\/~contents\/5P72MB9GPPGPC7Z5\/WhatsApp-Image-2023-07-10-at-14-30-51.jpeg\"><img decoding=\"async\" src=\"https:\/\/www.fiemg.com.br\/Assets\/Images\/DynamicImages\/69eea5f96328138970f6516a358f3c0d982dd9951a6298f8690d6fbd9c02c454.jpg\" \/><\/a><\/p>\n<p dir=\"ltr\">H\u00e1 mais de 20 anos a Ubertec vem impactando positivamente o mercado de fabrica\u00e7\u00e3o, desenvolvimento, recupera\u00e7\u00e3o e nacionaliza\u00e7\u00e3o de maquin\u00e1rio industrial voltado \u00e0 mineira\u00e7\u00e3o no pa\u00eds. A empresa uberlandense possui filiais em Petrolina (PE) e em Cana\u00e3 dos Caraj\u00e1s (PA), al\u00e9m do espa\u00e7o no munic\u00edpio de Uberl\u00e2ndia, a segunda maior cidade de Minas Gerais, atr\u00e1s apenas da capital Belo Horizonte.<\/p>\n<p>Integrantes do\u00a0 Programa de Qualifica\u00e7\u00e3o para Exporta\u00e7\u00e3o\u00a0 (PEIX), do Sindicato das Ind\u00fastrias Metal\u00fargicas, Mec\u00e2nicas e de Materiais El\u00e9trico de Uberl\u00e2ndia (Sindmetal) e da FIEMG Regional Vale do Parana\u00edba foram at\u00e9 a unidade da Ubertec em Uberl\u00e2ndia, na \u00faltima quarta-feira (05). Como aponta a coordenadora do Sindmetal, Wyara Cristina, a parceria com uma empresa de grande porte como a produtora, s\u00f3 tem a acrescentar no panorama futuro do sindicato.<br \/>\n<em>\u201cFicamos surpresos com o tamanho da empresa e potencial de sua estrutura. Eles j\u00e1 se associaram ao Sindmetal e percebemos que podemos auxili\u00e1-los principalmente nos cursos de qualifica\u00e7\u00e3o, como os que oferecemos em parceria com o Senai. Para o Sindicato, \u00e9 importante ter associados deste segmento, porque al\u00e9m de gerar for\u00e7a e visibilidade, acaba se tornando uma refer\u00eancia para as empresas do setor.\u201d<\/em><\/p>\n<p dir=\"ltr\">A perspectiva da Ubertec \u00e9 de agregar ao movimento sindical com toda a experi\u00eancia voltada ao setor de mineira\u00e7\u00e3o, mas n\u00e3o s\u00f3 isso. A visita da FIEMG Regional Vale do Parana\u00edba foi muito produtiva, uma vez que, a rela\u00e7\u00e3o pr\u00f3xima entre Federa\u00e7\u00e3o e empresa pode trazer muitos benef\u00edcios para ambas as partes. E como refor\u00e7a a Diretora Administrativa e Financeira da Ubertec, Rosely Lopes, a liga\u00e7\u00e3o ao sindicato e a Regional j\u00e1 est\u00e1 gerando bons frutos.<br \/>\n<em>\u201cA assessoria ambiental \u00e9 um dos benef\u00edcios que essa parceria j\u00e1 est\u00e1 nos proporcionando, porque temos grandes projetos na \u00e1rea. Al\u00e9m disso, na parte de contrata\u00e7\u00e3o e qualifica\u00e7\u00e3o de pessoal tamb\u00e9m iremos construir projetos futuros, j\u00e1 que aqui temos at\u00e9 filhos de colaboradores que pretendem se desenvolver dentro da Ubertec, como uma esp\u00e9cie de aprendizagem para jovens, ap\u00f3s ver a experi\u00eancia dos pais com a empresa. Queremos participar da ind\u00fastria 4.0 e nos tornarmos exportadores, para isso a FIEMG tem ferramentas que ir\u00e3o nos auxiliar!\u201d<\/em><\/p>\n<\/div>\n","protected":false},"featured_media":1172,"template":"","categories":[],"tags":[],"class_list":["post-1180","noticias","type-noticias","status-publish","has-post-thumbnail","hentry"],"acf":[],"yoast_head":"<!-- This site is optimized with the Yoast SEO plugin v26.2 - https:\/\/yoast.com\/wordpress\/plugins\/seo\/ -->\n<title>FIEMG Regional, PEIEX e Sindmetal visitam a ind\u00fastria Ubertec no \u00faltimo dia 05 - Regional Vale do Parana\u00edba<\/title>\n<meta name=\"robots\" content=\"index, follow, max-snippet:-1, max-image-preview:large, max-video-preview:-1\" \/>\n<link rel=\"canonical\" href=\"https:\/\/www.fiemg.com.br\/regional-vale-do-paranaiba\/noticias\/fiemg-regional-peiex-e-sindmetal-visitam-a-industria-ubertec-no-ultimo-dia-05\/\" \/>\n<meta property=\"og:locale\" content=\"pt_BR\" \/>\n<meta property=\"og:type\" content=\"article\" \/>\n<meta property=\"og:title\" content=\"FIEMG Regional, PEIEX e Sindmetal visitam a ind\u00fastria Ubertec no \u00faltimo dia 05 - Regional Vale do Parana\u00edba\" \/>\n<meta property=\"og:description\" content=\"A fabricante voltada ao desenvolvimento de produtos para mineradoras \u00e9 a mais nova associada ao sindicato H\u00e1 mais de 20 anos a Ubertec vem impactando positivamente o mercado de fabrica\u00e7\u00e3o, desenvolvimento, recupera\u00e7\u00e3o e nacionaliza\u00e7\u00e3o de maquin\u00e1rio industrial voltado \u00e0 mineira\u00e7\u00e3o no pa\u00eds. A empresa uberlandense possui filiais em Petrolina (PE) e em Cana\u00e3 dos Caraj\u00e1s [&hellip;]\" \/>\n<meta property=\"og:url\" content=\"https:\/\/www.fiemg.com.br\/regional-vale-do-paranaiba\/noticias\/fiemg-regional-peiex-e-sindmetal-visitam-a-industria-ubertec-no-ultimo-dia-05\/\" \/>\n<meta property=\"og:site_name\" content=\"Regional Vale do Parana\u00edba\" \/>\n<meta property=\"article:modified_time\" content=\"2023-07-12T13:18:54+00:00\" \/>\n<meta property=\"og:image\" content=\"https:\/\/www.fiemg.com.br\/regional-vale-do-paranaiba\/wp-content\/uploads\/sites\/24\/2023\/07\/69eea5f96328138970f6516a358f3c0d982dd9951a6298f8690d6fbd9c02c454.jpg\" \/>\n\t<meta property=\"og:image:width\" content=\"620\" \/>\n\t<meta property=\"og:image:height\" content=\"240\" \/>\n\t<meta property=\"og:image:type\" content=\"image\/jpeg\" \/>\n<meta name=\"twitter:card\" content=\"summary_large_image\" \/>\n<meta name=\"twitter:label1\" content=\"Est. tempo de leitura\" \/>\n\t<meta name=\"twitter:data1\" content=\"3 minutos\" \/>\n<script type=\"application\/ld+json\" class=\"yoast-schema-graph\">{\"@context\":\"https:\/\/schema.org\",\"@graph\":[{\"@type\":\"WebPage\",\"@id\":\"https:\/\/www.fiemg.com.br\/regional-vale-do-paranaiba\/noticias\/fiemg-regional-peiex-e-sindmetal-visitam-a-industria-ubertec-no-ultimo-dia-05\/\",\"url\":\"https:\/\/www.fiemg.com.br\/regional-vale-do-paranaiba\/noticias\/fiemg-regional-peiex-e-sindmetal-visitam-a-industria-ubertec-no-ultimo-dia-05\/\",\"name\":\"FIEMG Regional, PEIEX e Sindmetal visitam a ind\u00fastria Ubertec no \u00faltimo dia 05 - Regional Vale do Parana\u00edba\",\"isPartOf\":{\"@id\":\"https:\/\/www.fiemg.com.br\/regional-vale-do-paranaiba\/#website\"},\"primaryImageOfPage\":{\"@id\":\"https:\/\/www.fiemg.com.br\/regional-vale-do-paranaiba\/noticias\/fiemg-regional-peiex-e-sindmetal-visitam-a-industria-ubertec-no-ultimo-dia-05\/#primaryimage\"},\"image\":{\"@id\":\"https:\/\/www.fiemg.com.br\/regional-vale-do-paranaiba\/noticias\/fiemg-regional-peiex-e-sindmetal-visitam-a-industria-ubertec-no-ultimo-dia-05\/#primaryimage\"},\"thumbnailUrl\":\"https:\/\/www.fiemg.com.br\/regional-vale-do-paranaiba\/wp-content\/uploads\/sites\/24\/2023\/07\/69eea5f96328138970f6516a358f3c0d982dd9951a6298f8690d6fbd9c02c454.jpg\",\"datePublished\":\"2023-07-10T13:18:01+00:00\",\"dateModified\":\"2023-07-12T13:18:54+00:00\",\"breadcrumb\":{\"@id\":\"https:\/\/www.fiemg.com.br\/regional-vale-do-paranaiba\/noticias\/fiemg-regional-peiex-e-sindmetal-visitam-a-industria-ubertec-no-ultimo-dia-05\/#breadcrumb\"},\"inLanguage\":\"pt-BR\",\"potentialAction\":[{\"@type\":\"ReadAction\",\"target\":[\"https:\/\/www.fiemg.com.br\/regional-vale-do-paranaiba\/noticias\/fiemg-regional-peiex-e-sindmetal-visitam-a-industria-ubertec-no-ultimo-dia-05\/\"]}]},{\"@type\":\"ImageObject\",\"inLanguage\":\"pt-BR\",\"@id\":\"https:\/\/www.fiemg.com.br\/regional-vale-do-paranaiba\/noticias\/fiemg-regional-peiex-e-sindmetal-visitam-a-industria-ubertec-no-ultimo-dia-05\/#primaryimage\",\"url\":\"https:\/\/www.fiemg.com.br\/regional-vale-do-paranaiba\/wp-content\/uploads\/sites\/24\/2023\/07\/69eea5f96328138970f6516a358f3c0d982dd9951a6298f8690d6fbd9c02c454.jpg\",\"contentUrl\":\"https:\/\/www.fiemg.com.br\/regional-vale-do-paranaiba\/wp-content\/uploads\/sites\/24\/2023\/07\/69eea5f96328138970f6516a358f3c0d982dd9951a6298f8690d6fbd9c02c454.jpg\",\"width\":620,\"height\":240},{\"@type\":\"BreadcrumbList\",\"@id\":\"https:\/\/www.fiemg.com.br\/regional-vale-do-paranaiba\/noticias\/fiemg-regional-peiex-e-sindmetal-visitam-a-industria-ubertec-no-ultimo-dia-05\/#breadcrumb\",\"itemListElement\":[{\"@type\":\"ListItem\",\"position\":1,\"name\":\"In\u00edcio\",\"item\":\"https:\/\/www.fiemg.com.br\/regional-vale-do-paranaiba\/\"},{\"@type\":\"ListItem\",\"position\":2,\"name\":\"FIEMG Regional, PEIEX e Sindmetal visitam a ind\u00fastria Ubertec no \u00faltimo dia 05\"}]},{\"@type\":\"WebSite\",\"@id\":\"https:\/\/www.fiemg.com.br\/regional-vale-do-paranaiba\/#website\",\"url\":\"https:\/\/www.fiemg.com.br\/regional-vale-do-paranaiba\/\",\"name\":\"Regional Vale do Parana\u00edba\",\"description\":\"Federa\u00e7\u00e3o das Ind\u00fastrias do Estado de Minas Gerais\",\"publisher\":{\"@id\":\"https:\/\/www.fiemg.com.br\/regional-vale-do-paranaiba\/#organization\"},\"potentialAction\":[{\"@type\":\"SearchAction\",\"target\":{\"@type\":\"EntryPoint\",\"urlTemplate\":\"https:\/\/www.fiemg.com.br\/regional-vale-do-paranaiba\/?s={search_term_string}\"},\"query-input\":{\"@type\":\"PropertyValueSpecification\",\"valueRequired\":true,\"valueName\":\"search_term_string\"}}],\"inLanguage\":\"pt-BR\"},{\"@type\":\"Organization\",\"@id\":\"https:\/\/www.fiemg.com.br\/regional-vale-do-paranaiba\/#organization\",\"name\":\"Regional Vale do Parana\u00edba\",\"url\":\"https:\/\/www.fiemg.com.br\/regional-vale-do-paranaiba\/\",\"logo\":{\"@type\":\"ImageObject\",\"inLanguage\":\"pt-BR\",\"@id\":\"https:\/\/www.fiemg.com.br\/regional-vale-do-paranaiba\/#\/schema\/logo\/image\/\",\"url\":\"https:\/\/www.fiemg.com.br\/regional-vale-do-paranaiba\/wp-content\/uploads\/sites\/24\/2023\/02\/Ativo-1.png\",\"contentUrl\":\"https:\/\/www.fiemg.com.br\/regional-vale-do-paranaiba\/wp-content\/uploads\/sites\/24\/2023\/02\/Ativo-1.png\",\"width\":563,\"height\":149,\"caption\":\"Regional Vale do Parana\u00edba\"},\"image\":{\"@id\":\"https:\/\/www.fiemg.com.br\/regional-vale-do-paranaiba\/#\/schema\/logo\/image\/\"}}]}<\/script>\n<!-- \/ Yoast SEO plugin. -->","yoast_head_json":{"title":"FIEMG Regional, PEIEX e Sindmetal visitam a ind\u00fastria Ubertec no \u00faltimo dia 05 - Regional Vale do Parana\u00edba","robots":{"index":"index","follow":"follow","max-snippet":"max-snippet:-1","max-image-preview":"max-image-preview:large","max-video-preview":"max-video-preview:-1"},"canonical":"https:\/\/www.fiemg.com.br\/regional-vale-do-paranaiba\/noticias\/fiemg-regional-peiex-e-sindmetal-visitam-a-industria-ubertec-no-ultimo-dia-05\/","og_locale":"pt_BR","og_type":"article","og_title":"FIEMG Regional, PEIEX e Sindmetal visitam a ind\u00fastria Ubertec no \u00faltimo dia 05 - Regional Vale do Parana\u00edba","og_description":"A fabricante voltada ao desenvolvimento de produtos para mineradoras \u00e9 a mais nova associada ao sindicato H\u00e1 mais de 20 anos a Ubertec vem impactando positivamente o mercado de fabrica\u00e7\u00e3o, desenvolvimento, recupera\u00e7\u00e3o e nacionaliza\u00e7\u00e3o de maquin\u00e1rio industrial voltado \u00e0 mineira\u00e7\u00e3o no pa\u00eds. A empresa uberlandense possui filiais em Petrolina (PE) e em Cana\u00e3 dos Caraj\u00e1s [&hellip;]","og_url":"https:\/\/www.fiemg.com.br\/regional-vale-do-paranaiba\/noticias\/fiemg-regional-peiex-e-sindmetal-visitam-a-industria-ubertec-no-ultimo-dia-05\/","og_site_name":"Regional Vale do Parana\u00edba","article_modified_time":"2023-07-12T13:18:54+00:00","og_image":[{"width":620,"height":240,"url":"https:\/\/www.fiemg.com.br\/regional-vale-do-paranaiba\/wp-content\/uploads\/sites\/24\/2023\/07\/69eea5f96328138970f6516a358f3c0d982dd9951a6298f8690d6fbd9c02c454.jpg","type":"image\/jpeg"}],"twitter_card":"summary_large_image","twitter_misc":{"Est. tempo de leitura":"3 minutos"},"schema":{"@context":"https:\/\/schema.org","@graph":[{"@type":"WebPage","@id":"https:\/\/www.fiemg.com.br\/regional-vale-do-paranaiba\/noticias\/fiemg-regional-peiex-e-sindmetal-visitam-a-industria-ubertec-no-ultimo-dia-05\/","url":"https:\/\/www.fiemg.com.br\/regional-vale-do-paranaiba\/noticias\/fiemg-regional-peiex-e-sindmetal-visitam-a-industria-ubertec-no-ultimo-dia-05\/","name":"FIEMG Regional, PEIEX e Sindmetal visitam a ind\u00fastria Ubertec no \u00faltimo dia 05 - Regional Vale do Parana\u00edba","isPartOf":{"@id":"https:\/\/www.fiemg.com.br\/regional-vale-do-paranaiba\/#website"},"primaryImageOfPage":{"@id":"https:\/\/www.fiemg.com.br\/regional-vale-do-paranaiba\/noticias\/fiemg-regional-peiex-e-sindmetal-visitam-a-industria-ubertec-no-ultimo-dia-05\/#primaryimage"},"image":{"@id":"https:\/\/www.fiemg.com.br\/regional-vale-do-paranaiba\/noticias\/fiemg-regional-peiex-e-sindmetal-visitam-a-industria-ubertec-no-ultimo-dia-05\/#primaryimage"},"thumbnailUrl":"https:\/\/www.fiemg.com.br\/regional-vale-do-paranaiba\/wp-content\/uploads\/sites\/24\/2023\/07\/69eea5f96328138970f6516a358f3c0d982dd9951a6298f8690d6fbd9c02c454.jpg","datePublished":"2023-07-10T13:18:01+00:00","dateModified":"2023-07-12T13:18:54+00:00","breadcrumb":{"@id":"https:\/\/www.fiemg.com.br\/regional-vale-do-paranaiba\/noticias\/fiemg-regional-peiex-e-sindmetal-visitam-a-industria-ubertec-no-ultimo-dia-05\/#breadcrumb"},"inLanguage":"pt-BR","potentialAction":[{"@type":"ReadAction","target":["https:\/\/www.fiemg.com.br\/regional-vale-do-paranaiba\/noticias\/fiemg-regional-peiex-e-sindmetal-visitam-a-industria-ubertec-no-ultimo-dia-05\/"]}]},{"@type":"ImageObject","inLanguage":"pt-BR","@id":"https:\/\/www.fiemg.com.br\/regional-vale-do-paranaiba\/noticias\/fiemg-regional-peiex-e-sindmetal-visitam-a-industria-ubertec-no-ultimo-dia-05\/#primaryimage","url":"https:\/\/www.fiemg.com.br\/regional-vale-do-paranaiba\/wp-content\/uploads\/sites\/24\/2023\/07\/69eea5f96328138970f6516a358f3c0d982dd9951a6298f8690d6fbd9c02c454.jpg","contentUrl":"https:\/\/www.fiemg.com.br\/regional-vale-do-paranaiba\/wp-content\/uploads\/sites\/24\/2023\/07\/69eea5f96328138970f6516a358f3c0d982dd9951a6298f8690d6fbd9c02c454.jpg","width":620,"height":240},{"@type":"BreadcrumbList","@id":"https:\/\/www.fiemg.com.br\/regional-vale-do-paranaiba\/noticias\/fiemg-regional-peiex-e-sindmetal-visitam-a-industria-ubertec-no-ultimo-dia-05\/#breadcrumb","itemListElement":[{"@type":"ListItem","position":1,"name":"In\u00edcio","item":"https:\/\/www.fiemg.com.br\/regional-vale-do-paranaiba\/"},{"@type":"ListItem","position":2,"name":"FIEMG Regional, PEIEX e Sindmetal visitam a ind\u00fastria Ubertec no \u00faltimo dia 05"}]},{"@type":"WebSite","@id":"https:\/\/www.fiemg.com.br\/regional-vale-do-paranaiba\/#website","url":"https:\/\/www.fiemg.com.br\/regional-vale-do-paranaiba\/","name":"Regional Vale do Parana\u00edba","description":"Federa\u00e7\u00e3o das Ind\u00fastrias do Estado de Minas Gerais","publisher":{"@id":"https:\/\/www.fiemg.com.br\/regional-vale-do-paranaiba\/#organization"},"potentialAction":[{"@type":"SearchAction","target":{"@type":"EntryPoint","urlTemplate":"https:\/\/www.fiemg.com.br\/regional-vale-do-paranaiba\/?s={search_term_string}"},"query-input":{"@type":"PropertyValueSpecification","valueRequired":true,"valueName":"search_term_string"}}],"inLanguage":"pt-BR"},{"@type":"Organization","@id":"https:\/\/www.fiemg.com.br\/regional-vale-do-paranaiba\/#organization","name":"Regional Vale do Parana\u00edba","url":"https:\/\/www.fiemg.com.br\/regional-vale-do-paranaiba\/","logo":{"@type":"ImageObject","inLanguage":"pt-BR","@id":"https:\/\/www.fiemg.com.br\/regional-vale-do-paranaiba\/#\/schema\/logo\/image\/","url":"https:\/\/www.fiemg.com.br\/regional-vale-do-paranaiba\/wp-content\/uploads\/sites\/24\/2023\/02\/Ativo-1.png","contentUrl":"https:\/\/www.fiemg.com.br\/regional-vale-do-paranaiba\/wp-content\/uploads\/sites\/24\/2023\/02\/Ativo-1.png","width":563,"height":149,"caption":"Regional Vale do Parana\u00edba"},"image":{"@id":"https:\/\/www.fiemg.com.br\/regional-vale-do-paranaiba\/#\/schema\/logo\/image\/"}}]}},"_links":{"self":[{"href":"https:\/\/www.fiemg.com.br\/regional-vale-do-paranaiba\/wp-json\/wp\/v2\/noticias\/1180","targetHints":{"allow":["GET"]}}],"collection":[{"href":"https:\/\/www.fiemg.com.br\/regional-vale-do-paranaiba\/wp-json\/wp\/v2\/noticias"}],"about":[{"href":"https:\/\/www.fiemg.com.br\/regional-vale-do-paranaiba\/wp-json\/wp\/v2\/types\/noticias"}],"wp:featuredmedia":[{"embeddable":true,"href":"https:\/\/www.fiemg.com.br\/regional-vale-do-paranaiba\/wp-json\/wp\/v2\/media\/1172"}],"wp:attachment":[{"href":"https:\/\/www.fiemg.com.br\/regional-vale-do-paranaiba\/wp-json\/wp\/v2\/media?parent=1180"}],"wp:term":[{"taxonomy":"category","embeddable":true,"href":"https:\/\/www.fiemg.com.br\/regional-vale-do-paranaiba\/wp-json\/wp\/v2\/categories?post=1180"},{"taxonomy":"post_tag","embeddable":true,"href":"https:\/\/www.fiemg.com.br\/regional-vale-do-paranaiba\/wp-json\/wp\/v2\/tags?post=1180"}],"curies":[{"name":"wp","href":"https:\/\/api.w.org\/{rel}","templated":true}]}}