{"id":1695,"date":"2023-10-04T10:19:39","date_gmt":"2023-10-04T13:19:39","guid":{"rendered":"https:\/\/www.fiemg.com.br\/regional-vale-do-paranaiba\/?post_type=noticias&#038;p=1695"},"modified":"2023-10-04T11:01:33","modified_gmt":"2023-10-04T14:01:33","slug":"encontro-fiemg-regional-vale-do-paranaiba-aciub-e-unedi","status":"publish","type":"noticias","link":"https:\/\/www.fiemg.com.br\/regional-vale-do-paranaiba\/noticias\/encontro-fiemg-regional-vale-do-paranaiba-aciub-e-unedi\/","title":{"rendered":"Encontro FIEMG Regional Vale do Parana\u00edba, DMAE, ACIUB e UNEDI\u00a0"},"content":{"rendered":"\n<figure class=\"wp-block-image size-large\"><img fetchpriority=\"high\" decoding=\"async\" width=\"1024\" height=\"396\" src=\"https:\/\/www.fiemg.com.br\/regional-vale-do-paranaiba\/wp-content\/uploads\/sites\/24\/2023\/10\/DIMENSAO-WORDPRESS-FIEMG-2-1024x396.png\" alt=\"\" class=\"wp-image-1699\" srcset=\"https:\/\/www.fiemg.com.br\/regional-vale-do-paranaiba\/wp-content\/uploads\/sites\/24\/2023\/10\/DIMENSAO-WORDPRESS-FIEMG-2-1024x396.png 1024w, https:\/\/www.fiemg.com.br\/regional-vale-do-paranaiba\/wp-content\/uploads\/sites\/24\/2023\/10\/DIMENSAO-WORDPRESS-FIEMG-2-300x116.png 300w, https:\/\/www.fiemg.com.br\/regional-vale-do-paranaiba\/wp-content\/uploads\/sites\/24\/2023\/10\/DIMENSAO-WORDPRESS-FIEMG-2-768x297.png 768w, https:\/\/www.fiemg.com.br\/regional-vale-do-paranaiba\/wp-content\/uploads\/sites\/24\/2023\/10\/DIMENSAO-WORDPRESS-FIEMG-2.png 1080w\" sizes=\"(max-width: 1024px) 100vw, 1024px\" \/><\/figure>\n\n\n\n<p>Na noite desta ter\u00e7a-feira (03), representantes da FIEMG Regional Vale do Parana\u00edba, DMAE, UNEDI e ACIUB se reuniram para falar sobre o Premend, o\u00a0Programa de Recebimento e Monitoramento de Efluentes N\u00e3o Dom\u00e9sticos no Munic\u00edpio de Uberl\u00e2ndia.\u00a0<\/p>\n\n\n\n<p>O Premend \u00e9 voltado \u00e0s pessoas f\u00edsicas e jur\u00eddicas da cidade, que produzem e lan\u00e7am efluentes n\u00e3o dom\u00e9sticos no sistema p\u00fablico de esgoto. Seu principal objetivo \u00e9 regularizar os estabelecimentos perante aos \u00f3rg\u00e3os ambientais, para auxiliar na preserva\u00e7\u00e3o da Esta\u00e7\u00e3o de Tratamento de Esgoto Uberabinha e do meio ambiente.<\/p>\n\n\n\n<p>Representando a FIEMG Regional Vale do Parana\u00edba, estam presentes no encontro o Presidente Regional, Jos\u00e9 Alves, e a Engenheira Ambiental Maria Eduarda Rodrigues.&nbsp;<\/p>\n\n\n\n<p>A FIEMG&nbsp; \u00e9 uma grande defensora dos interesses ambientais, principalmente naqueles voltados ao setor industrial. Hoje, a Federa\u00e7\u00e3o atua em Projetos Ambientais, que ajudam na melhoria do desempenho ambiental das empresas e tamb\u00e9m na precau\u00e7\u00e3o a san\u00e7\u00f5es punitivas. Por isso, para o Presidente da FIEMG Regional Vale do Parana\u00edba, encontros como esses s\u00e3o extremamente importantes para o empresariado local, como cita.&nbsp;<\/p>\n\n\n\n<p>\u201cFoi um encontro muito importante para todas as entidades que ali estavam. N\u00f3s fomos at\u00e9 o Minist\u00e9rio P\u00fablico e conversamos com o Promotor Breno Lins, discutimos a condi\u00e7\u00e3o e a possibilidade de fazer as medi\u00e7\u00f5es nos efluentes das ind\u00fastrias para que possamos aprimorar o projeto do Premend. A consequ\u00eancia disso \u00e9 podermos auxiliar mais ativamente as ind\u00fastrias locais com a iniciativa.\u201d<\/p>\n","protected":false},"featured_media":1700,"template":"","categories":[15,23],"tags":[99,97,96,100,98],"class_list":["post-1695","noticias","type-noticias","status-publish","has-post-thumbnail","hentry","category-desenvolvimento-industrial","category-sustentabilidade","tag-aciub","tag-dmae","tag-meio-ambiente","tag-premend","tag-unedi"],"acf":[],"yoast_head":"<!-- This site is optimized with the Yoast SEO plugin v26.2 - https:\/\/yoast.com\/wordpress\/plugins\/seo\/ -->\n<title>Encontro FIEMG Regional Vale do Parana\u00edba, DMAE, ACIUB e UNEDI\u00a0 - Regional Vale do Parana\u00edba<\/title>\n<meta name=\"robots\" content=\"index, follow, max-snippet:-1, max-image-preview:large, max-video-preview:-1\" \/>\n<link rel=\"canonical\" href=\"https:\/\/www.fiemg.com.br\/regional-vale-do-paranaiba\/noticias\/encontro-fiemg-regional-vale-do-paranaiba-aciub-e-unedi\/\" \/>\n<meta property=\"og:locale\" content=\"pt_BR\" \/>\n<meta property=\"og:type\" content=\"article\" \/>\n<meta property=\"og:title\" content=\"Encontro FIEMG Regional Vale do Parana\u00edba, DMAE, ACIUB e UNEDI\u00a0 - Regional Vale do Parana\u00edba\" \/>\n<meta property=\"og:description\" content=\"Na noite desta ter\u00e7a-feira (03), representantes da FIEMG Regional Vale do Parana\u00edba, DMAE, UNEDI e ACIUB se reuniram para falar sobre o Premend, o\u00a0Programa de Recebimento e Monitoramento de Efluentes N\u00e3o Dom\u00e9sticos no Munic\u00edpio de Uberl\u00e2ndia.\u00a0 O Premend \u00e9 voltado \u00e0s pessoas f\u00edsicas e jur\u00eddicas da cidade, que produzem e lan\u00e7am efluentes n\u00e3o dom\u00e9sticos no [&hellip;]\" \/>\n<meta property=\"og:url\" content=\"https:\/\/www.fiemg.com.br\/regional-vale-do-paranaiba\/noticias\/encontro-fiemg-regional-vale-do-paranaiba-aciub-e-unedi\/\" \/>\n<meta property=\"og:site_name\" content=\"Regional Vale do Parana\u00edba\" \/>\n<meta property=\"article:modified_time\" content=\"2023-10-04T14:01:33+00:00\" \/>\n<meta property=\"og:image\" content=\"https:\/\/www.fiemg.com.br\/regional-vale-do-paranaiba\/wp-content\/uploads\/sites\/24\/2023\/10\/DIMENSAO-THUMB-2.png\" \/>\n\t<meta property=\"og:image:width\" content=\"300\" \/>\n\t<meta property=\"og:image:height\" content=\"200\" \/>\n\t<meta property=\"og:image:type\" content=\"image\/png\" \/>\n<meta name=\"twitter:card\" content=\"summary_large_image\" \/>\n<meta name=\"twitter:label1\" content=\"Est. tempo de leitura\" \/>\n\t<meta name=\"twitter:data1\" content=\"2 minutos\" \/>\n<script type=\"application\/ld+json\" class=\"yoast-schema-graph\">{\"@context\":\"https:\/\/schema.org\",\"@graph\":[{\"@type\":\"WebPage\",\"@id\":\"https:\/\/www.fiemg.com.br\/regional-vale-do-paranaiba\/noticias\/encontro-fiemg-regional-vale-do-paranaiba-aciub-e-unedi\/\",\"url\":\"https:\/\/www.fiemg.com.br\/regional-vale-do-paranaiba\/noticias\/encontro-fiemg-regional-vale-do-paranaiba-aciub-e-unedi\/\",\"name\":\"Encontro FIEMG Regional Vale do Parana\u00edba, DMAE, ACIUB e UNEDI\u00a0 - Regional Vale do Parana\u00edba\",\"isPartOf\":{\"@id\":\"https:\/\/www.fiemg.com.br\/regional-vale-do-paranaiba\/#website\"},\"primaryImageOfPage\":{\"@id\":\"https:\/\/www.fiemg.com.br\/regional-vale-do-paranaiba\/noticias\/encontro-fiemg-regional-vale-do-paranaiba-aciub-e-unedi\/#primaryimage\"},\"image\":{\"@id\":\"https:\/\/www.fiemg.com.br\/regional-vale-do-paranaiba\/noticias\/encontro-fiemg-regional-vale-do-paranaiba-aciub-e-unedi\/#primaryimage\"},\"thumbnailUrl\":\"https:\/\/www.fiemg.com.br\/regional-vale-do-paranaiba\/wp-content\/uploads\/sites\/24\/2023\/10\/DIMENSAO-THUMB-2.png\",\"datePublished\":\"2023-10-04T13:19:39+00:00\",\"dateModified\":\"2023-10-04T14:01:33+00:00\",\"breadcrumb\":{\"@id\":\"https:\/\/www.fiemg.com.br\/regional-vale-do-paranaiba\/noticias\/encontro-fiemg-regional-vale-do-paranaiba-aciub-e-unedi\/#breadcrumb\"},\"inLanguage\":\"pt-BR\",\"potentialAction\":[{\"@type\":\"ReadAction\",\"target\":[\"https:\/\/www.fiemg.com.br\/regional-vale-do-paranaiba\/noticias\/encontro-fiemg-regional-vale-do-paranaiba-aciub-e-unedi\/\"]}]},{\"@type\":\"ImageObject\",\"inLanguage\":\"pt-BR\",\"@id\":\"https:\/\/www.fiemg.com.br\/regional-vale-do-paranaiba\/noticias\/encontro-fiemg-regional-vale-do-paranaiba-aciub-e-unedi\/#primaryimage\",\"url\":\"https:\/\/www.fiemg.com.br\/regional-vale-do-paranaiba\/wp-content\/uploads\/sites\/24\/2023\/10\/DIMENSAO-THUMB-2.png\",\"contentUrl\":\"https:\/\/www.fiemg.com.br\/regional-vale-do-paranaiba\/wp-content\/uploads\/sites\/24\/2023\/10\/DIMENSAO-THUMB-2.png\",\"width\":300,\"height\":200},{\"@type\":\"BreadcrumbList\",\"@id\":\"https:\/\/www.fiemg.com.br\/regional-vale-do-paranaiba\/noticias\/encontro-fiemg-regional-vale-do-paranaiba-aciub-e-unedi\/#breadcrumb\",\"itemListElement\":[{\"@type\":\"ListItem\",\"position\":1,\"name\":\"In\u00edcio\",\"item\":\"https:\/\/www.fiemg.com.br\/regional-vale-do-paranaiba\/\"},{\"@type\":\"ListItem\",\"position\":2,\"name\":\"Encontro FIEMG Regional Vale do Parana\u00edba, DMAE, ACIUB e UNEDI\u00a0\"}]},{\"@type\":\"WebSite\",\"@id\":\"https:\/\/www.fiemg.com.br\/regional-vale-do-paranaiba\/#website\",\"url\":\"https:\/\/www.fiemg.com.br\/regional-vale-do-paranaiba\/\",\"name\":\"Regional Vale do Parana\u00edba\",\"description\":\"Federa\u00e7\u00e3o das Ind\u00fastrias do Estado de Minas Gerais\",\"publisher\":{\"@id\":\"https:\/\/www.fiemg.com.br\/regional-vale-do-paranaiba\/#organization\"},\"potentialAction\":[{\"@type\":\"SearchAction\",\"target\":{\"@type\":\"EntryPoint\",\"urlTemplate\":\"https:\/\/www.fiemg.com.br\/regional-vale-do-paranaiba\/?s={search_term_string}\"},\"query-input\":{\"@type\":\"PropertyValueSpecification\",\"valueRequired\":true,\"valueName\":\"search_term_string\"}}],\"inLanguage\":\"pt-BR\"},{\"@type\":\"Organization\",\"@id\":\"https:\/\/www.fiemg.com.br\/regional-vale-do-paranaiba\/#organization\",\"name\":\"Regional Vale do Parana\u00edba\",\"url\":\"https:\/\/www.fiemg.com.br\/regional-vale-do-paranaiba\/\",\"logo\":{\"@type\":\"ImageObject\",\"inLanguage\":\"pt-BR\",\"@id\":\"https:\/\/www.fiemg.com.br\/regional-vale-do-paranaiba\/#\/schema\/logo\/image\/\",\"url\":\"https:\/\/www.fiemg.com.br\/regional-vale-do-paranaiba\/wp-content\/uploads\/sites\/24\/2023\/02\/Ativo-1.png\",\"contentUrl\":\"https:\/\/www.fiemg.com.br\/regional-vale-do-paranaiba\/wp-content\/uploads\/sites\/24\/2023\/02\/Ativo-1.png\",\"width\":563,\"height\":149,\"caption\":\"Regional Vale do Parana\u00edba\"},\"image\":{\"@id\":\"https:\/\/www.fiemg.com.br\/regional-vale-do-paranaiba\/#\/schema\/logo\/image\/\"}}]}<\/script>\n<!-- \/ Yoast SEO plugin. -->","yoast_head_json":{"title":"Encontro FIEMG Regional Vale do Parana\u00edba, DMAE, ACIUB e UNEDI\u00a0 - Regional Vale do Parana\u00edba","robots":{"index":"index","follow":"follow","max-snippet":"max-snippet:-1","max-image-preview":"max-image-preview:large","max-video-preview":"max-video-preview:-1"},"canonical":"https:\/\/www.fiemg.com.br\/regional-vale-do-paranaiba\/noticias\/encontro-fiemg-regional-vale-do-paranaiba-aciub-e-unedi\/","og_locale":"pt_BR","og_type":"article","og_title":"Encontro FIEMG Regional Vale do Parana\u00edba, DMAE, ACIUB e UNEDI\u00a0 - Regional Vale do Parana\u00edba","og_description":"Na noite desta ter\u00e7a-feira (03), representantes da FIEMG Regional Vale do Parana\u00edba, DMAE, UNEDI e ACIUB se reuniram para falar sobre o Premend, o\u00a0Programa de Recebimento e Monitoramento de Efluentes N\u00e3o Dom\u00e9sticos no Munic\u00edpio de Uberl\u00e2ndia.\u00a0 O Premend \u00e9 voltado \u00e0s pessoas f\u00edsicas e jur\u00eddicas da cidade, que produzem e lan\u00e7am efluentes n\u00e3o dom\u00e9sticos no [&hellip;]","og_url":"https:\/\/www.fiemg.com.br\/regional-vale-do-paranaiba\/noticias\/encontro-fiemg-regional-vale-do-paranaiba-aciub-e-unedi\/","og_site_name":"Regional Vale do Parana\u00edba","article_modified_time":"2023-10-04T14:01:33+00:00","og_image":[{"width":300,"height":200,"url":"https:\/\/www.fiemg.com.br\/regional-vale-do-paranaiba\/wp-content\/uploads\/sites\/24\/2023\/10\/DIMENSAO-THUMB-2.png","type":"image\/png"}],"twitter_card":"summary_large_image","twitter_misc":{"Est. tempo de leitura":"2 minutos"},"schema":{"@context":"https:\/\/schema.org","@graph":[{"@type":"WebPage","@id":"https:\/\/www.fiemg.com.br\/regional-vale-do-paranaiba\/noticias\/encontro-fiemg-regional-vale-do-paranaiba-aciub-e-unedi\/","url":"https:\/\/www.fiemg.com.br\/regional-vale-do-paranaiba\/noticias\/encontro-fiemg-regional-vale-do-paranaiba-aciub-e-unedi\/","name":"Encontro FIEMG Regional Vale do Parana\u00edba, DMAE, ACIUB e UNEDI\u00a0 - Regional Vale do Parana\u00edba","isPartOf":{"@id":"https:\/\/www.fiemg.com.br\/regional-vale-do-paranaiba\/#website"},"primaryImageOfPage":{"@id":"https:\/\/www.fiemg.com.br\/regional-vale-do-paranaiba\/noticias\/encontro-fiemg-regional-vale-do-paranaiba-aciub-e-unedi\/#primaryimage"},"image":{"@id":"https:\/\/www.fiemg.com.br\/regional-vale-do-paranaiba\/noticias\/encontro-fiemg-regional-vale-do-paranaiba-aciub-e-unedi\/#primaryimage"},"thumbnailUrl":"https:\/\/www.fiemg.com.br\/regional-vale-do-paranaiba\/wp-content\/uploads\/sites\/24\/2023\/10\/DIMENSAO-THUMB-2.png","datePublished":"2023-10-04T13:19:39+00:00","dateModified":"2023-10-04T14:01:33+00:00","breadcrumb":{"@id":"https:\/\/www.fiemg.com.br\/regional-vale-do-paranaiba\/noticias\/encontro-fiemg-regional-vale-do-paranaiba-aciub-e-unedi\/#breadcrumb"},"inLanguage":"pt-BR","potentialAction":[{"@type":"ReadAction","target":["https:\/\/www.fiemg.com.br\/regional-vale-do-paranaiba\/noticias\/encontro-fiemg-regional-vale-do-paranaiba-aciub-e-unedi\/"]}]},{"@type":"ImageObject","inLanguage":"pt-BR","@id":"https:\/\/www.fiemg.com.br\/regional-vale-do-paranaiba\/noticias\/encontro-fiemg-regional-vale-do-paranaiba-aciub-e-unedi\/#primaryimage","url":"https:\/\/www.fiemg.com.br\/regional-vale-do-paranaiba\/wp-content\/uploads\/sites\/24\/2023\/10\/DIMENSAO-THUMB-2.png","contentUrl":"https:\/\/www.fiemg.com.br\/regional-vale-do-paranaiba\/wp-content\/uploads\/sites\/24\/2023\/10\/DIMENSAO-THUMB-2.png","width":300,"height":200},{"@type":"BreadcrumbList","@id":"https:\/\/www.fiemg.com.br\/regional-vale-do-paranaiba\/noticias\/encontro-fiemg-regional-vale-do-paranaiba-aciub-e-unedi\/#breadcrumb","itemListElement":[{"@type":"ListItem","position":1,"name":"In\u00edcio","item":"https:\/\/www.fiemg.com.br\/regional-vale-do-paranaiba\/"},{"@type":"ListItem","position":2,"name":"Encontro FIEMG Regional Vale do Parana\u00edba, DMAE, ACIUB e UNEDI\u00a0"}]},{"@type":"WebSite","@id":"https:\/\/www.fiemg.com.br\/regional-vale-do-paranaiba\/#website","url":"https:\/\/www.fiemg.com.br\/regional-vale-do-paranaiba\/","name":"Regional Vale do Parana\u00edba","description":"Federa\u00e7\u00e3o das Ind\u00fastrias do Estado de Minas Gerais","publisher":{"@id":"https:\/\/www.fiemg.com.br\/regional-vale-do-paranaiba\/#organization"},"potentialAction":[{"@type":"SearchAction","target":{"@type":"EntryPoint","urlTemplate":"https:\/\/www.fiemg.com.br\/regional-vale-do-paranaiba\/?s={search_term_string}"},"query-input":{"@type":"PropertyValueSpecification","valueRequired":true,"valueName":"search_term_string"}}],"inLanguage":"pt-BR"},{"@type":"Organization","@id":"https:\/\/www.fiemg.com.br\/regional-vale-do-paranaiba\/#organization","name":"Regional Vale do Parana\u00edba","url":"https:\/\/www.fiemg.com.br\/regional-vale-do-paranaiba\/","logo":{"@type":"ImageObject","inLanguage":"pt-BR","@id":"https:\/\/www.fiemg.com.br\/regional-vale-do-paranaiba\/#\/schema\/logo\/image\/","url":"https:\/\/www.fiemg.com.br\/regional-vale-do-paranaiba\/wp-content\/uploads\/sites\/24\/2023\/02\/Ativo-1.png","contentUrl":"https:\/\/www.fiemg.com.br\/regional-vale-do-paranaiba\/wp-content\/uploads\/sites\/24\/2023\/02\/Ativo-1.png","width":563,"height":149,"caption":"Regional Vale do Parana\u00edba"},"image":{"@id":"https:\/\/www.fiemg.com.br\/regional-vale-do-paranaiba\/#\/schema\/logo\/image\/"}}]}},"_links":{"self":[{"href":"https:\/\/www.fiemg.com.br\/regional-vale-do-paranaiba\/wp-json\/wp\/v2\/noticias\/1695","targetHints":{"allow":["GET"]}}],"collection":[{"href":"https:\/\/www.fiemg.com.br\/regional-vale-do-paranaiba\/wp-json\/wp\/v2\/noticias"}],"about":[{"href":"https:\/\/www.fiemg.com.br\/regional-vale-do-paranaiba\/wp-json\/wp\/v2\/types\/noticias"}],"wp:featuredmedia":[{"embeddable":true,"href":"https:\/\/www.fiemg.com.br\/regional-vale-do-paranaiba\/wp-json\/wp\/v2\/media\/1700"}],"wp:attachment":[{"href":"https:\/\/www.fiemg.com.br\/regional-vale-do-paranaiba\/wp-json\/wp\/v2\/media?parent=1695"}],"wp:term":[{"taxonomy":"category","embeddable":true,"href":"https:\/\/www.fiemg.com.br\/regional-vale-do-paranaiba\/wp-json\/wp\/v2\/categories?post=1695"},{"taxonomy":"post_tag","embeddable":true,"href":"https:\/\/www.fiemg.com.br\/regional-vale-do-paranaiba\/wp-json\/wp\/v2\/tags?post=1695"}],"curies":[{"name":"wp","href":"https:\/\/api.w.org\/{rel}","templated":true}]}}