{"id":1734,"date":"2023-10-25T07:19:38","date_gmt":"2023-10-25T10:19:38","guid":{"rendered":"https:\/\/www.fiemg.com.br\/regional-vale-do-paranaiba\/?post_type=noticias&#038;p=1734"},"modified":"2023-10-25T07:34:43","modified_gmt":"2023-10-25T10:34:43","slug":"industria-ambiental-solucoes-sustentaveis-para-o-empresariado","status":"publish","type":"noticias","link":"https:\/\/www.fiemg.com.br\/regional-vale-do-paranaiba\/noticias\/industria-ambiental-solucoes-sustentaveis-para-o-empresariado\/","title":{"rendered":"Ind\u00fastria Ambiental: solu\u00e7\u00f5es sustent\u00e1veis para o empresariado"},"content":{"rendered":"\n<figure class=\"wp-block-image size-large\"><img fetchpriority=\"high\" decoding=\"async\" width=\"1024\" height=\"396\" src=\"https:\/\/www.fiemg.com.br\/regional-vale-do-paranaiba\/wp-content\/uploads\/sites\/24\/2023\/10\/DIMENSAO-WORDPRESS-FIEMG-1-1-1024x396.jpg\" alt=\"\" class=\"wp-image-1736\" srcset=\"https:\/\/www.fiemg.com.br\/regional-vale-do-paranaiba\/wp-content\/uploads\/sites\/24\/2023\/10\/DIMENSAO-WORDPRESS-FIEMG-1-1-1024x396.jpg 1024w, https:\/\/www.fiemg.com.br\/regional-vale-do-paranaiba\/wp-content\/uploads\/sites\/24\/2023\/10\/DIMENSAO-WORDPRESS-FIEMG-1-1-300x116.jpg 300w, https:\/\/www.fiemg.com.br\/regional-vale-do-paranaiba\/wp-content\/uploads\/sites\/24\/2023\/10\/DIMENSAO-WORDPRESS-FIEMG-1-1-768x297.jpg 768w, https:\/\/www.fiemg.com.br\/regional-vale-do-paranaiba\/wp-content\/uploads\/sites\/24\/2023\/10\/DIMENSAO-WORDPRESS-FIEMG-1-1.jpg 1080w\" sizes=\"(max-width: 1024px) 100vw, 1024px\" \/><\/figure>\n\n\n\n<p><\/p>\n\n\n\n<p>Nesta manh\u00e3 desta ter\u00e7a-feira (24) a FIEMG Regional Vale do Parana\u00edba recebeu entidades e  empres\u00e1rios locais na sede da Regional para falar sobre sustentabilidade na ind\u00fastria.<\/p>\n\n\n\n<p>O evento Ind\u00fastria Ambiental &#8211; Solu\u00e7\u00f5es em Meio Ambiente foi Idealizado pela FIEMG Regional Vale do Parana\u00edba, o evento \u201cInd\u00fastria Ambiental &#8211; Solu\u00e7\u00f5es em Meio Ambiente\u201d vem de encontro com as necessidades do empresariado das 14 cidades dentro da abrang\u00eancia do Vale do Parana\u00edba. Uma parceria entre FIEMG, ACIUB Al-Invest Verde, DMAE, Prefeitura de Uberl\u00e2ndia, Enacthus UFU e Codel.<\/p>\n\n\n\n<p>A Engenheira Ambiental da FIEMG, Maria Eduarda Rodrigues foi respons\u00e1vel pela palestra sobre Sistema MTR e Invent\u00e1rio de Res\u00edduos, uma das principais d\u00favidas de pequenas e grandes empresas, de modo geral, como explica.<\/p>\n\n\n\n<blockquote class=\"wp-block-quote is-layout-flow wp-block-quote-is-layout-flow\">\n<p><\/p>\n<cite>&#8220;O evento foi muito enriquecedor, com temas de grande import\u00e2ncia para a ind\u00fastria. Como exemplo, o Sistema MTR, que foi a pauta da minha apresenta\u00e7\u00e3o, apesar de ser uma obriga\u00e7\u00e3o desde 2019, e a ind\u00fastria j\u00e1 amplamente ter o conhecimento, j\u00e1 fazer uso do sistema. Sempre surgem d\u00favidas e quest\u00f5es a serem levantadas a fim do melhor cumprimento do mesmo.&#8221;<\/cite><\/blockquote>\n\n\n\n<p>No evento ainda estavam presentes, o Presidente do SindusconTAP, Pedro Spina, a Secret\u00e1ria de Meio Ambiente e Sustentabilidade, Larissa Esp\u00edndula, o Gerente Ambiental do DMAE, Celismar Costa, a representante do ACIUB Al-Invest, Priscila Mansur, o agente da Enacthus UFU, Jo\u00e3o Miguel Bigoni, o Propriet\u00e1rio da Codel, Leonardo Brune e a Engenheira Ambiental da FIEMG, S\u00edlvia Caram.<\/p>\n\n\n\n<p>Um momento de troca para falar sobre a ind\u00fastria do futuro, que tem o meio ambiente e a sustentabilidade como pilares de execu\u00e7\u00e3o.<\/p>\n","protected":false},"featured_media":1735,"template":"","categories":[5,15,13,14,23],"tags":[99,97,101,96],"class_list":["post-1734","noticias","type-noticias","status-publish","has-post-thumbnail","hentry","category-capacitacao-empresarial","category-desenvolvimento-industrial","category-destaques","category-noticias","category-sustentabilidade","tag-aciub","tag-dmae","tag-enacthus-ufu","tag-meio-ambiente"],"acf":[],"yoast_head":"<!-- This site is optimized with the Yoast SEO plugin v26.2 - https:\/\/yoast.com\/wordpress\/plugins\/seo\/ -->\n<title>Ind\u00fastria Ambiental: solu\u00e7\u00f5es sustent\u00e1veis para o empresariado - Regional Vale do Parana\u00edba<\/title>\n<meta name=\"robots\" content=\"index, follow, max-snippet:-1, max-image-preview:large, max-video-preview:-1\" \/>\n<link rel=\"canonical\" href=\"https:\/\/www.fiemg.com.br\/regional-vale-do-paranaiba\/noticias\/industria-ambiental-solucoes-sustentaveis-para-o-empresariado\/\" \/>\n<meta property=\"og:locale\" content=\"pt_BR\" \/>\n<meta property=\"og:type\" content=\"article\" \/>\n<meta property=\"og:title\" content=\"Ind\u00fastria Ambiental: solu\u00e7\u00f5es sustent\u00e1veis para o empresariado - Regional Vale do Parana\u00edba\" \/>\n<meta property=\"og:description\" content=\"Nesta manh\u00e3 desta ter\u00e7a-feira (24) a FIEMG Regional Vale do Parana\u00edba recebeu entidades e empres\u00e1rios locais na sede da Regional para falar sobre sustentabilidade na ind\u00fastria. O evento Ind\u00fastria Ambiental &#8211; Solu\u00e7\u00f5es em Meio Ambiente foi Idealizado pela FIEMG Regional Vale do Parana\u00edba, o evento \u201cInd\u00fastria Ambiental &#8211; Solu\u00e7\u00f5es em Meio Ambiente\u201d vem de encontro [&hellip;]\" \/>\n<meta property=\"og:url\" content=\"https:\/\/www.fiemg.com.br\/regional-vale-do-paranaiba\/noticias\/industria-ambiental-solucoes-sustentaveis-para-o-empresariado\/\" \/>\n<meta property=\"og:site_name\" content=\"Regional Vale do Parana\u00edba\" \/>\n<meta property=\"article:modified_time\" content=\"2023-10-25T10:34:43+00:00\" \/>\n<meta property=\"og:image\" content=\"https:\/\/www.fiemg.com.br\/regional-vale-do-paranaiba\/wp-content\/uploads\/sites\/24\/2023\/10\/DIMENSAO-THUMB-1.jpg\" \/>\n\t<meta property=\"og:image:width\" content=\"300\" \/>\n\t<meta property=\"og:image:height\" content=\"200\" \/>\n\t<meta property=\"og:image:type\" content=\"image\/jpeg\" \/>\n<meta name=\"twitter:card\" content=\"summary_large_image\" \/>\n<meta name=\"twitter:label1\" content=\"Est. tempo de leitura\" \/>\n\t<meta name=\"twitter:data1\" content=\"2 minutos\" \/>\n<script type=\"application\/ld+json\" class=\"yoast-schema-graph\">{\"@context\":\"https:\/\/schema.org\",\"@graph\":[{\"@type\":\"WebPage\",\"@id\":\"https:\/\/www.fiemg.com.br\/regional-vale-do-paranaiba\/noticias\/industria-ambiental-solucoes-sustentaveis-para-o-empresariado\/\",\"url\":\"https:\/\/www.fiemg.com.br\/regional-vale-do-paranaiba\/noticias\/industria-ambiental-solucoes-sustentaveis-para-o-empresariado\/\",\"name\":\"Ind\u00fastria Ambiental: solu\u00e7\u00f5es sustent\u00e1veis para o empresariado - Regional Vale do Parana\u00edba\",\"isPartOf\":{\"@id\":\"https:\/\/www.fiemg.com.br\/regional-vale-do-paranaiba\/#website\"},\"primaryImageOfPage\":{\"@id\":\"https:\/\/www.fiemg.com.br\/regional-vale-do-paranaiba\/noticias\/industria-ambiental-solucoes-sustentaveis-para-o-empresariado\/#primaryimage\"},\"image\":{\"@id\":\"https:\/\/www.fiemg.com.br\/regional-vale-do-paranaiba\/noticias\/industria-ambiental-solucoes-sustentaveis-para-o-empresariado\/#primaryimage\"},\"thumbnailUrl\":\"https:\/\/www.fiemg.com.br\/regional-vale-do-paranaiba\/wp-content\/uploads\/sites\/24\/2023\/10\/DIMENSAO-THUMB-1.jpg\",\"datePublished\":\"2023-10-25T10:19:38+00:00\",\"dateModified\":\"2023-10-25T10:34:43+00:00\",\"breadcrumb\":{\"@id\":\"https:\/\/www.fiemg.com.br\/regional-vale-do-paranaiba\/noticias\/industria-ambiental-solucoes-sustentaveis-para-o-empresariado\/#breadcrumb\"},\"inLanguage\":\"pt-BR\",\"potentialAction\":[{\"@type\":\"ReadAction\",\"target\":[\"https:\/\/www.fiemg.com.br\/regional-vale-do-paranaiba\/noticias\/industria-ambiental-solucoes-sustentaveis-para-o-empresariado\/\"]}]},{\"@type\":\"ImageObject\",\"inLanguage\":\"pt-BR\",\"@id\":\"https:\/\/www.fiemg.com.br\/regional-vale-do-paranaiba\/noticias\/industria-ambiental-solucoes-sustentaveis-para-o-empresariado\/#primaryimage\",\"url\":\"https:\/\/www.fiemg.com.br\/regional-vale-do-paranaiba\/wp-content\/uploads\/sites\/24\/2023\/10\/DIMENSAO-THUMB-1.jpg\",\"contentUrl\":\"https:\/\/www.fiemg.com.br\/regional-vale-do-paranaiba\/wp-content\/uploads\/sites\/24\/2023\/10\/DIMENSAO-THUMB-1.jpg\",\"width\":300,\"height\":200},{\"@type\":\"BreadcrumbList\",\"@id\":\"https:\/\/www.fiemg.com.br\/regional-vale-do-paranaiba\/noticias\/industria-ambiental-solucoes-sustentaveis-para-o-empresariado\/#breadcrumb\",\"itemListElement\":[{\"@type\":\"ListItem\",\"position\":1,\"name\":\"In\u00edcio\",\"item\":\"https:\/\/www.fiemg.com.br\/regional-vale-do-paranaiba\/\"},{\"@type\":\"ListItem\",\"position\":2,\"name\":\"Ind\u00fastria Ambiental: solu\u00e7\u00f5es sustent\u00e1veis para o empresariado\"}]},{\"@type\":\"WebSite\",\"@id\":\"https:\/\/www.fiemg.com.br\/regional-vale-do-paranaiba\/#website\",\"url\":\"https:\/\/www.fiemg.com.br\/regional-vale-do-paranaiba\/\",\"name\":\"Regional Vale do Parana\u00edba\",\"description\":\"Federa\u00e7\u00e3o das Ind\u00fastrias do Estado de Minas Gerais\",\"publisher\":{\"@id\":\"https:\/\/www.fiemg.com.br\/regional-vale-do-paranaiba\/#organization\"},\"potentialAction\":[{\"@type\":\"SearchAction\",\"target\":{\"@type\":\"EntryPoint\",\"urlTemplate\":\"https:\/\/www.fiemg.com.br\/regional-vale-do-paranaiba\/?s={search_term_string}\"},\"query-input\":{\"@type\":\"PropertyValueSpecification\",\"valueRequired\":true,\"valueName\":\"search_term_string\"}}],\"inLanguage\":\"pt-BR\"},{\"@type\":\"Organization\",\"@id\":\"https:\/\/www.fiemg.com.br\/regional-vale-do-paranaiba\/#organization\",\"name\":\"Regional Vale do Parana\u00edba\",\"url\":\"https:\/\/www.fiemg.com.br\/regional-vale-do-paranaiba\/\",\"logo\":{\"@type\":\"ImageObject\",\"inLanguage\":\"pt-BR\",\"@id\":\"https:\/\/www.fiemg.com.br\/regional-vale-do-paranaiba\/#\/schema\/logo\/image\/\",\"url\":\"https:\/\/www.fiemg.com.br\/regional-vale-do-paranaiba\/wp-content\/uploads\/sites\/24\/2023\/02\/Ativo-1.png\",\"contentUrl\":\"https:\/\/www.fiemg.com.br\/regional-vale-do-paranaiba\/wp-content\/uploads\/sites\/24\/2023\/02\/Ativo-1.png\",\"width\":563,\"height\":149,\"caption\":\"Regional Vale do Parana\u00edba\"},\"image\":{\"@id\":\"https:\/\/www.fiemg.com.br\/regional-vale-do-paranaiba\/#\/schema\/logo\/image\/\"}}]}<\/script>\n<!-- \/ Yoast SEO plugin. -->","yoast_head_json":{"title":"Ind\u00fastria Ambiental: solu\u00e7\u00f5es sustent\u00e1veis para o empresariado - Regional Vale do Parana\u00edba","robots":{"index":"index","follow":"follow","max-snippet":"max-snippet:-1","max-image-preview":"max-image-preview:large","max-video-preview":"max-video-preview:-1"},"canonical":"https:\/\/www.fiemg.com.br\/regional-vale-do-paranaiba\/noticias\/industria-ambiental-solucoes-sustentaveis-para-o-empresariado\/","og_locale":"pt_BR","og_type":"article","og_title":"Ind\u00fastria Ambiental: solu\u00e7\u00f5es sustent\u00e1veis para o empresariado - Regional Vale do Parana\u00edba","og_description":"Nesta manh\u00e3 desta ter\u00e7a-feira (24) a FIEMG Regional Vale do Parana\u00edba recebeu entidades e empres\u00e1rios locais na sede da Regional para falar sobre sustentabilidade na ind\u00fastria. O evento Ind\u00fastria Ambiental &#8211; Solu\u00e7\u00f5es em Meio Ambiente foi Idealizado pela FIEMG Regional Vale do Parana\u00edba, o evento \u201cInd\u00fastria Ambiental &#8211; Solu\u00e7\u00f5es em Meio Ambiente\u201d vem de encontro [&hellip;]","og_url":"https:\/\/www.fiemg.com.br\/regional-vale-do-paranaiba\/noticias\/industria-ambiental-solucoes-sustentaveis-para-o-empresariado\/","og_site_name":"Regional Vale do Parana\u00edba","article_modified_time":"2023-10-25T10:34:43+00:00","og_image":[{"width":300,"height":200,"url":"https:\/\/www.fiemg.com.br\/regional-vale-do-paranaiba\/wp-content\/uploads\/sites\/24\/2023\/10\/DIMENSAO-THUMB-1.jpg","type":"image\/jpeg"}],"twitter_card":"summary_large_image","twitter_misc":{"Est. tempo de leitura":"2 minutos"},"schema":{"@context":"https:\/\/schema.org","@graph":[{"@type":"WebPage","@id":"https:\/\/www.fiemg.com.br\/regional-vale-do-paranaiba\/noticias\/industria-ambiental-solucoes-sustentaveis-para-o-empresariado\/","url":"https:\/\/www.fiemg.com.br\/regional-vale-do-paranaiba\/noticias\/industria-ambiental-solucoes-sustentaveis-para-o-empresariado\/","name":"Ind\u00fastria Ambiental: solu\u00e7\u00f5es sustent\u00e1veis para o empresariado - Regional Vale do Parana\u00edba","isPartOf":{"@id":"https:\/\/www.fiemg.com.br\/regional-vale-do-paranaiba\/#website"},"primaryImageOfPage":{"@id":"https:\/\/www.fiemg.com.br\/regional-vale-do-paranaiba\/noticias\/industria-ambiental-solucoes-sustentaveis-para-o-empresariado\/#primaryimage"},"image":{"@id":"https:\/\/www.fiemg.com.br\/regional-vale-do-paranaiba\/noticias\/industria-ambiental-solucoes-sustentaveis-para-o-empresariado\/#primaryimage"},"thumbnailUrl":"https:\/\/www.fiemg.com.br\/regional-vale-do-paranaiba\/wp-content\/uploads\/sites\/24\/2023\/10\/DIMENSAO-THUMB-1.jpg","datePublished":"2023-10-25T10:19:38+00:00","dateModified":"2023-10-25T10:34:43+00:00","breadcrumb":{"@id":"https:\/\/www.fiemg.com.br\/regional-vale-do-paranaiba\/noticias\/industria-ambiental-solucoes-sustentaveis-para-o-empresariado\/#breadcrumb"},"inLanguage":"pt-BR","potentialAction":[{"@type":"ReadAction","target":["https:\/\/www.fiemg.com.br\/regional-vale-do-paranaiba\/noticias\/industria-ambiental-solucoes-sustentaveis-para-o-empresariado\/"]}]},{"@type":"ImageObject","inLanguage":"pt-BR","@id":"https:\/\/www.fiemg.com.br\/regional-vale-do-paranaiba\/noticias\/industria-ambiental-solucoes-sustentaveis-para-o-empresariado\/#primaryimage","url":"https:\/\/www.fiemg.com.br\/regional-vale-do-paranaiba\/wp-content\/uploads\/sites\/24\/2023\/10\/DIMENSAO-THUMB-1.jpg","contentUrl":"https:\/\/www.fiemg.com.br\/regional-vale-do-paranaiba\/wp-content\/uploads\/sites\/24\/2023\/10\/DIMENSAO-THUMB-1.jpg","width":300,"height":200},{"@type":"BreadcrumbList","@id":"https:\/\/www.fiemg.com.br\/regional-vale-do-paranaiba\/noticias\/industria-ambiental-solucoes-sustentaveis-para-o-empresariado\/#breadcrumb","itemListElement":[{"@type":"ListItem","position":1,"name":"In\u00edcio","item":"https:\/\/www.fiemg.com.br\/regional-vale-do-paranaiba\/"},{"@type":"ListItem","position":2,"name":"Ind\u00fastria Ambiental: solu\u00e7\u00f5es sustent\u00e1veis para o empresariado"}]},{"@type":"WebSite","@id":"https:\/\/www.fiemg.com.br\/regional-vale-do-paranaiba\/#website","url":"https:\/\/www.fiemg.com.br\/regional-vale-do-paranaiba\/","name":"Regional Vale do Parana\u00edba","description":"Federa\u00e7\u00e3o das Ind\u00fastrias do Estado de Minas Gerais","publisher":{"@id":"https:\/\/www.fiemg.com.br\/regional-vale-do-paranaiba\/#organization"},"potentialAction":[{"@type":"SearchAction","target":{"@type":"EntryPoint","urlTemplate":"https:\/\/www.fiemg.com.br\/regional-vale-do-paranaiba\/?s={search_term_string}"},"query-input":{"@type":"PropertyValueSpecification","valueRequired":true,"valueName":"search_term_string"}}],"inLanguage":"pt-BR"},{"@type":"Organization","@id":"https:\/\/www.fiemg.com.br\/regional-vale-do-paranaiba\/#organization","name":"Regional Vale do Parana\u00edba","url":"https:\/\/www.fiemg.com.br\/regional-vale-do-paranaiba\/","logo":{"@type":"ImageObject","inLanguage":"pt-BR","@id":"https:\/\/www.fiemg.com.br\/regional-vale-do-paranaiba\/#\/schema\/logo\/image\/","url":"https:\/\/www.fiemg.com.br\/regional-vale-do-paranaiba\/wp-content\/uploads\/sites\/24\/2023\/02\/Ativo-1.png","contentUrl":"https:\/\/www.fiemg.com.br\/regional-vale-do-paranaiba\/wp-content\/uploads\/sites\/24\/2023\/02\/Ativo-1.png","width":563,"height":149,"caption":"Regional Vale do Parana\u00edba"},"image":{"@id":"https:\/\/www.fiemg.com.br\/regional-vale-do-paranaiba\/#\/schema\/logo\/image\/"}}]}},"_links":{"self":[{"href":"https:\/\/www.fiemg.com.br\/regional-vale-do-paranaiba\/wp-json\/wp\/v2\/noticias\/1734","targetHints":{"allow":["GET"]}}],"collection":[{"href":"https:\/\/www.fiemg.com.br\/regional-vale-do-paranaiba\/wp-json\/wp\/v2\/noticias"}],"about":[{"href":"https:\/\/www.fiemg.com.br\/regional-vale-do-paranaiba\/wp-json\/wp\/v2\/types\/noticias"}],"wp:featuredmedia":[{"embeddable":true,"href":"https:\/\/www.fiemg.com.br\/regional-vale-do-paranaiba\/wp-json\/wp\/v2\/media\/1735"}],"wp:attachment":[{"href":"https:\/\/www.fiemg.com.br\/regional-vale-do-paranaiba\/wp-json\/wp\/v2\/media?parent=1734"}],"wp:term":[{"taxonomy":"category","embeddable":true,"href":"https:\/\/www.fiemg.com.br\/regional-vale-do-paranaiba\/wp-json\/wp\/v2\/categories?post=1734"},{"taxonomy":"post_tag","embeddable":true,"href":"https:\/\/www.fiemg.com.br\/regional-vale-do-paranaiba\/wp-json\/wp\/v2\/tags?post=1734"}],"curies":[{"name":"wp","href":"https:\/\/api.w.org\/{rel}","templated":true}]}}