{"id":1739,"date":"2023-10-27T17:19:28","date_gmt":"2023-10-27T20:19:28","guid":{"rendered":"https:\/\/www.fiemg.com.br\/regional-vale-do-paranaiba\/?post_type=noticias&#038;p=1739"},"modified":"2023-10-27T17:44:13","modified_gmt":"2023-10-27T20:44:13","slug":"mundo-senai-2023-traz-industria-4-0-para-uberlandia","status":"publish","type":"noticias","link":"https:\/\/www.fiemg.com.br\/regional-vale-do-paranaiba\/noticias\/mundo-senai-2023-traz-industria-4-0-para-uberlandia\/","title":{"rendered":"Mundo Senai 2023 traz Ind\u00fastria 4.0 para Uberl\u00e2ndia"},"content":{"rendered":"\n<figure class=\"wp-block-image size-large\"><img fetchpriority=\"high\" decoding=\"async\" width=\"1024\" height=\"396\" src=\"https:\/\/www.fiemg.com.br\/regional-vale-do-paranaiba\/wp-content\/uploads\/sites\/24\/2023\/10\/DIMENSAO-WORDPRESS-FIEMG-1-2-1024x396.jpg\" alt=\"\" class=\"wp-image-1740\" srcset=\"https:\/\/www.fiemg.com.br\/regional-vale-do-paranaiba\/wp-content\/uploads\/sites\/24\/2023\/10\/DIMENSAO-WORDPRESS-FIEMG-1-2-1024x396.jpg 1024w, https:\/\/www.fiemg.com.br\/regional-vale-do-paranaiba\/wp-content\/uploads\/sites\/24\/2023\/10\/DIMENSAO-WORDPRESS-FIEMG-1-2-300x116.jpg 300w, https:\/\/www.fiemg.com.br\/regional-vale-do-paranaiba\/wp-content\/uploads\/sites\/24\/2023\/10\/DIMENSAO-WORDPRESS-FIEMG-1-2-768x297.jpg 768w, https:\/\/www.fiemg.com.br\/regional-vale-do-paranaiba\/wp-content\/uploads\/sites\/24\/2023\/10\/DIMENSAO-WORDPRESS-FIEMG-1-2.jpg 1080w\" sizes=\"(max-width: 1024px) 100vw, 1024px\" \/><\/figure>\n\n\n\n<p>O <strong>Mundo SENAI<\/strong> \u00e9 um encontro nacional que ocorre todos os anos, desde 2009, em 2023 comemoramos a sua 15\u00aa edi\u00e7\u00e3o. <\/p>\n\n\n\n<p>A cada ano a\u00e7\u00f5es de incentivo \u00e0 inser\u00e7\u00e3o e capacita\u00e7\u00e3o profissional dos alunos e egressos do SENAI, al\u00e9m do p\u00fablico em geral s\u00e3o realizadas pelo Senai, com a finalidade de oferecer um diferencial competitivo diante do novo cen\u00e1rio e desafios postos pelo mercado de trabalho.<\/p>\n\n\n\n<p>Seu objetivo \u00e9 desenvolver profissionais e potenciais talentos para o mundo do trabalho. Nesta edi\u00e7\u00e3o, ele se apresenta em formato h\u00edbrido, com uma plataforma virtual com navega\u00e7\u00e3o responsiva, al\u00e9m da disponibiliza\u00e7\u00e3o de espa\u00e7os f\u00edsicos para que os jovens possam conhecer as oportunidades de trabalho e de forma\u00e7\u00e3o profissional oferecidas pela entidade.<\/p>\n\n\n\n<p>Na unidade CFP Celso Charuri, em Uberl\u00e2ndia, a programa\u00e7\u00e3o contou com minicurcos com as seguintes tem\u00e1ticas: Ardu\u00edno, Introdu\u00e7\u00e3o ao CNC, Montagem de Curr\u00edculo e Postagem no LinkedIn, Introdu\u00e7\u00e3o ao Power BI e de Pr\u00e1ticas Sustent\u00e1veis no Uso da \u00c1gua &#8211; O papel do Premend e a Conscientiza\u00e7ao Ambiental.Al\u00e9m disso, palestras sobre a Ind\u00fastria 4.0 e suas tecnologias tamb\u00e9m movimentaram a unidade. <\/p>\n\n\n\n<p>O Presidente Regional Jos\u00e9 Alves esteve presente em uma das ocasi\u00f5es, para compartilhar a experi\u00eancia e a evolu\u00e7\u00e3o da ind\u00fastria com algumas empresas parceiras, representando a FIEMG. Um importante momento para qualifica\u00e7\u00e3o, como cita o Presidente.<\/p>\n\n\n\n<blockquote class=\"wp-block-quote is-layout-flow wp-block-quote-is-layout-flow\">\n<p><\/p>\n<cite>\u201cEstive na Unidade Senai Santa Rosa ontem e recebemos a visita de algumas empresas parceiras que estavam treinando os seus fncion\u00e1rios no Mundo Senai 2023. \u00c9 um momento muito importante para a ind\u00fastria mineira, principalmente por serem profissionais que trabalhar\u00e3o na ind\u00fastria no futuro\u201d.&nbsp;<\/cite><\/blockquote>\n\n\n\n<p>O Mundo SENAI \u00e9 uma oportunidade de descobrir seu potencial, desenvolver suas habilidades e ser notado pelo mercado. Neste ano, o evento reuniu a ind\u00fastria entre os dias 25, 26 e 27 de outubro. Fique atento e n\u00e3o perca as pr\u00f3ximas edi\u00e7\u00f5es!&nbsp;<\/p>\n","protected":false},"featured_media":1742,"template":"","categories":[5,15,16,28,14,33,24],"tags":[123,122,121],"class_list":["post-1739","noticias","type-noticias","status-publish","has-post-thumbnail","hentry","category-capacitacao-empresarial","category-desenvolvimento-industrial","category-educacao","category-inovacao-e-tecnologia","category-noticias","category-senai","category-tecnologia-e-inovacao","tag-jose-alves-fiemg","tag-mundo-senai-2023","tag-senai-uberlandia"],"acf":[],"yoast_head":"<!-- This site is optimized with the Yoast SEO plugin v26.2 - https:\/\/yoast.com\/wordpress\/plugins\/seo\/ -->\n<title>Mundo Senai 2023 traz Ind\u00fastria 4.0 para Uberl\u00e2ndia - Regional Vale do Parana\u00edba<\/title>\n<meta name=\"robots\" content=\"index, follow, max-snippet:-1, max-image-preview:large, max-video-preview:-1\" \/>\n<link rel=\"canonical\" href=\"https:\/\/www.fiemg.com.br\/regional-vale-do-paranaiba\/noticias\/mundo-senai-2023-traz-industria-4-0-para-uberlandia\/\" \/>\n<meta property=\"og:locale\" content=\"pt_BR\" \/>\n<meta property=\"og:type\" content=\"article\" \/>\n<meta property=\"og:title\" content=\"Mundo Senai 2023 traz Ind\u00fastria 4.0 para Uberl\u00e2ndia - Regional Vale do Parana\u00edba\" \/>\n<meta property=\"og:description\" content=\"O Mundo SENAI \u00e9 um encontro nacional que ocorre todos os anos, desde 2009, em 2023 comemoramos a sua 15\u00aa edi\u00e7\u00e3o. A cada ano a\u00e7\u00f5es de incentivo \u00e0 inser\u00e7\u00e3o e capacita\u00e7\u00e3o profissional dos alunos e egressos do SENAI, al\u00e9m do p\u00fablico em geral s\u00e3o realizadas pelo Senai, com a finalidade de oferecer um diferencial competitivo [&hellip;]\" \/>\n<meta property=\"og:url\" content=\"https:\/\/www.fiemg.com.br\/regional-vale-do-paranaiba\/noticias\/mundo-senai-2023-traz-industria-4-0-para-uberlandia\/\" \/>\n<meta property=\"og:site_name\" content=\"Regional Vale do Parana\u00edba\" \/>\n<meta property=\"article:modified_time\" content=\"2023-10-27T20:44:13+00:00\" \/>\n<meta property=\"og:image\" content=\"https:\/\/www.fiemg.com.br\/regional-vale-do-paranaiba\/wp-content\/uploads\/sites\/24\/2023\/10\/DIMENSAO-THUMB-2.jpg\" \/>\n\t<meta property=\"og:image:width\" content=\"300\" \/>\n\t<meta property=\"og:image:height\" content=\"200\" \/>\n\t<meta property=\"og:image:type\" content=\"image\/jpeg\" \/>\n<meta name=\"twitter:card\" content=\"summary_large_image\" \/>\n<meta name=\"twitter:label1\" content=\"Est. tempo de leitura\" \/>\n\t<meta name=\"twitter:data1\" content=\"2 minutos\" \/>\n<script type=\"application\/ld+json\" class=\"yoast-schema-graph\">{\"@context\":\"https:\/\/schema.org\",\"@graph\":[{\"@type\":\"WebPage\",\"@id\":\"https:\/\/www.fiemg.com.br\/regional-vale-do-paranaiba\/noticias\/mundo-senai-2023-traz-industria-4-0-para-uberlandia\/\",\"url\":\"https:\/\/www.fiemg.com.br\/regional-vale-do-paranaiba\/noticias\/mundo-senai-2023-traz-industria-4-0-para-uberlandia\/\",\"name\":\"Mundo Senai 2023 traz Ind\u00fastria 4.0 para Uberl\u00e2ndia - Regional Vale do Parana\u00edba\",\"isPartOf\":{\"@id\":\"https:\/\/www.fiemg.com.br\/regional-vale-do-paranaiba\/#website\"},\"primaryImageOfPage\":{\"@id\":\"https:\/\/www.fiemg.com.br\/regional-vale-do-paranaiba\/noticias\/mundo-senai-2023-traz-industria-4-0-para-uberlandia\/#primaryimage\"},\"image\":{\"@id\":\"https:\/\/www.fiemg.com.br\/regional-vale-do-paranaiba\/noticias\/mundo-senai-2023-traz-industria-4-0-para-uberlandia\/#primaryimage\"},\"thumbnailUrl\":\"https:\/\/www.fiemg.com.br\/regional-vale-do-paranaiba\/wp-content\/uploads\/sites\/24\/2023\/10\/DIMENSAO-THUMB-2.jpg\",\"datePublished\":\"2023-10-27T20:19:28+00:00\",\"dateModified\":\"2023-10-27T20:44:13+00:00\",\"breadcrumb\":{\"@id\":\"https:\/\/www.fiemg.com.br\/regional-vale-do-paranaiba\/noticias\/mundo-senai-2023-traz-industria-4-0-para-uberlandia\/#breadcrumb\"},\"inLanguage\":\"pt-BR\",\"potentialAction\":[{\"@type\":\"ReadAction\",\"target\":[\"https:\/\/www.fiemg.com.br\/regional-vale-do-paranaiba\/noticias\/mundo-senai-2023-traz-industria-4-0-para-uberlandia\/\"]}]},{\"@type\":\"ImageObject\",\"inLanguage\":\"pt-BR\",\"@id\":\"https:\/\/www.fiemg.com.br\/regional-vale-do-paranaiba\/noticias\/mundo-senai-2023-traz-industria-4-0-para-uberlandia\/#primaryimage\",\"url\":\"https:\/\/www.fiemg.com.br\/regional-vale-do-paranaiba\/wp-content\/uploads\/sites\/24\/2023\/10\/DIMENSAO-THUMB-2.jpg\",\"contentUrl\":\"https:\/\/www.fiemg.com.br\/regional-vale-do-paranaiba\/wp-content\/uploads\/sites\/24\/2023\/10\/DIMENSAO-THUMB-2.jpg\",\"width\":300,\"height\":200},{\"@type\":\"BreadcrumbList\",\"@id\":\"https:\/\/www.fiemg.com.br\/regional-vale-do-paranaiba\/noticias\/mundo-senai-2023-traz-industria-4-0-para-uberlandia\/#breadcrumb\",\"itemListElement\":[{\"@type\":\"ListItem\",\"position\":1,\"name\":\"In\u00edcio\",\"item\":\"https:\/\/www.fiemg.com.br\/regional-vale-do-paranaiba\/\"},{\"@type\":\"ListItem\",\"position\":2,\"name\":\"Mundo Senai 2023 traz Ind\u00fastria 4.0 para Uberl\u00e2ndia\"}]},{\"@type\":\"WebSite\",\"@id\":\"https:\/\/www.fiemg.com.br\/regional-vale-do-paranaiba\/#website\",\"url\":\"https:\/\/www.fiemg.com.br\/regional-vale-do-paranaiba\/\",\"name\":\"Regional Vale do Parana\u00edba\",\"description\":\"Federa\u00e7\u00e3o das Ind\u00fastrias do Estado de Minas Gerais\",\"publisher\":{\"@id\":\"https:\/\/www.fiemg.com.br\/regional-vale-do-paranaiba\/#organization\"},\"potentialAction\":[{\"@type\":\"SearchAction\",\"target\":{\"@type\":\"EntryPoint\",\"urlTemplate\":\"https:\/\/www.fiemg.com.br\/regional-vale-do-paranaiba\/?s={search_term_string}\"},\"query-input\":{\"@type\":\"PropertyValueSpecification\",\"valueRequired\":true,\"valueName\":\"search_term_string\"}}],\"inLanguage\":\"pt-BR\"},{\"@type\":\"Organization\",\"@id\":\"https:\/\/www.fiemg.com.br\/regional-vale-do-paranaiba\/#organization\",\"name\":\"Regional Vale do Parana\u00edba\",\"url\":\"https:\/\/www.fiemg.com.br\/regional-vale-do-paranaiba\/\",\"logo\":{\"@type\":\"ImageObject\",\"inLanguage\":\"pt-BR\",\"@id\":\"https:\/\/www.fiemg.com.br\/regional-vale-do-paranaiba\/#\/schema\/logo\/image\/\",\"url\":\"https:\/\/www.fiemg.com.br\/regional-vale-do-paranaiba\/wp-content\/uploads\/sites\/24\/2023\/02\/Ativo-1.png\",\"contentUrl\":\"https:\/\/www.fiemg.com.br\/regional-vale-do-paranaiba\/wp-content\/uploads\/sites\/24\/2023\/02\/Ativo-1.png\",\"width\":563,\"height\":149,\"caption\":\"Regional Vale do Parana\u00edba\"},\"image\":{\"@id\":\"https:\/\/www.fiemg.com.br\/regional-vale-do-paranaiba\/#\/schema\/logo\/image\/\"}}]}<\/script>\n<!-- \/ Yoast SEO plugin. -->","yoast_head_json":{"title":"Mundo Senai 2023 traz Ind\u00fastria 4.0 para Uberl\u00e2ndia - Regional Vale do Parana\u00edba","robots":{"index":"index","follow":"follow","max-snippet":"max-snippet:-1","max-image-preview":"max-image-preview:large","max-video-preview":"max-video-preview:-1"},"canonical":"https:\/\/www.fiemg.com.br\/regional-vale-do-paranaiba\/noticias\/mundo-senai-2023-traz-industria-4-0-para-uberlandia\/","og_locale":"pt_BR","og_type":"article","og_title":"Mundo Senai 2023 traz Ind\u00fastria 4.0 para Uberl\u00e2ndia - Regional Vale do Parana\u00edba","og_description":"O Mundo SENAI \u00e9 um encontro nacional que ocorre todos os anos, desde 2009, em 2023 comemoramos a sua 15\u00aa edi\u00e7\u00e3o. A cada ano a\u00e7\u00f5es de incentivo \u00e0 inser\u00e7\u00e3o e capacita\u00e7\u00e3o profissional dos alunos e egressos do SENAI, al\u00e9m do p\u00fablico em geral s\u00e3o realizadas pelo Senai, com a finalidade de oferecer um diferencial competitivo [&hellip;]","og_url":"https:\/\/www.fiemg.com.br\/regional-vale-do-paranaiba\/noticias\/mundo-senai-2023-traz-industria-4-0-para-uberlandia\/","og_site_name":"Regional Vale do Parana\u00edba","article_modified_time":"2023-10-27T20:44:13+00:00","og_image":[{"width":300,"height":200,"url":"https:\/\/www.fiemg.com.br\/regional-vale-do-paranaiba\/wp-content\/uploads\/sites\/24\/2023\/10\/DIMENSAO-THUMB-2.jpg","type":"image\/jpeg"}],"twitter_card":"summary_large_image","twitter_misc":{"Est. tempo de leitura":"2 minutos"},"schema":{"@context":"https:\/\/schema.org","@graph":[{"@type":"WebPage","@id":"https:\/\/www.fiemg.com.br\/regional-vale-do-paranaiba\/noticias\/mundo-senai-2023-traz-industria-4-0-para-uberlandia\/","url":"https:\/\/www.fiemg.com.br\/regional-vale-do-paranaiba\/noticias\/mundo-senai-2023-traz-industria-4-0-para-uberlandia\/","name":"Mundo Senai 2023 traz Ind\u00fastria 4.0 para Uberl\u00e2ndia - Regional Vale do Parana\u00edba","isPartOf":{"@id":"https:\/\/www.fiemg.com.br\/regional-vale-do-paranaiba\/#website"},"primaryImageOfPage":{"@id":"https:\/\/www.fiemg.com.br\/regional-vale-do-paranaiba\/noticias\/mundo-senai-2023-traz-industria-4-0-para-uberlandia\/#primaryimage"},"image":{"@id":"https:\/\/www.fiemg.com.br\/regional-vale-do-paranaiba\/noticias\/mundo-senai-2023-traz-industria-4-0-para-uberlandia\/#primaryimage"},"thumbnailUrl":"https:\/\/www.fiemg.com.br\/regional-vale-do-paranaiba\/wp-content\/uploads\/sites\/24\/2023\/10\/DIMENSAO-THUMB-2.jpg","datePublished":"2023-10-27T20:19:28+00:00","dateModified":"2023-10-27T20:44:13+00:00","breadcrumb":{"@id":"https:\/\/www.fiemg.com.br\/regional-vale-do-paranaiba\/noticias\/mundo-senai-2023-traz-industria-4-0-para-uberlandia\/#breadcrumb"},"inLanguage":"pt-BR","potentialAction":[{"@type":"ReadAction","target":["https:\/\/www.fiemg.com.br\/regional-vale-do-paranaiba\/noticias\/mundo-senai-2023-traz-industria-4-0-para-uberlandia\/"]}]},{"@type":"ImageObject","inLanguage":"pt-BR","@id":"https:\/\/www.fiemg.com.br\/regional-vale-do-paranaiba\/noticias\/mundo-senai-2023-traz-industria-4-0-para-uberlandia\/#primaryimage","url":"https:\/\/www.fiemg.com.br\/regional-vale-do-paranaiba\/wp-content\/uploads\/sites\/24\/2023\/10\/DIMENSAO-THUMB-2.jpg","contentUrl":"https:\/\/www.fiemg.com.br\/regional-vale-do-paranaiba\/wp-content\/uploads\/sites\/24\/2023\/10\/DIMENSAO-THUMB-2.jpg","width":300,"height":200},{"@type":"BreadcrumbList","@id":"https:\/\/www.fiemg.com.br\/regional-vale-do-paranaiba\/noticias\/mundo-senai-2023-traz-industria-4-0-para-uberlandia\/#breadcrumb","itemListElement":[{"@type":"ListItem","position":1,"name":"In\u00edcio","item":"https:\/\/www.fiemg.com.br\/regional-vale-do-paranaiba\/"},{"@type":"ListItem","position":2,"name":"Mundo Senai 2023 traz Ind\u00fastria 4.0 para Uberl\u00e2ndia"}]},{"@type":"WebSite","@id":"https:\/\/www.fiemg.com.br\/regional-vale-do-paranaiba\/#website","url":"https:\/\/www.fiemg.com.br\/regional-vale-do-paranaiba\/","name":"Regional Vale do Parana\u00edba","description":"Federa\u00e7\u00e3o das Ind\u00fastrias do Estado de Minas Gerais","publisher":{"@id":"https:\/\/www.fiemg.com.br\/regional-vale-do-paranaiba\/#organization"},"potentialAction":[{"@type":"SearchAction","target":{"@type":"EntryPoint","urlTemplate":"https:\/\/www.fiemg.com.br\/regional-vale-do-paranaiba\/?s={search_term_string}"},"query-input":{"@type":"PropertyValueSpecification","valueRequired":true,"valueName":"search_term_string"}}],"inLanguage":"pt-BR"},{"@type":"Organization","@id":"https:\/\/www.fiemg.com.br\/regional-vale-do-paranaiba\/#organization","name":"Regional Vale do Parana\u00edba","url":"https:\/\/www.fiemg.com.br\/regional-vale-do-paranaiba\/","logo":{"@type":"ImageObject","inLanguage":"pt-BR","@id":"https:\/\/www.fiemg.com.br\/regional-vale-do-paranaiba\/#\/schema\/logo\/image\/","url":"https:\/\/www.fiemg.com.br\/regional-vale-do-paranaiba\/wp-content\/uploads\/sites\/24\/2023\/02\/Ativo-1.png","contentUrl":"https:\/\/www.fiemg.com.br\/regional-vale-do-paranaiba\/wp-content\/uploads\/sites\/24\/2023\/02\/Ativo-1.png","width":563,"height":149,"caption":"Regional Vale do Parana\u00edba"},"image":{"@id":"https:\/\/www.fiemg.com.br\/regional-vale-do-paranaiba\/#\/schema\/logo\/image\/"}}]}},"_links":{"self":[{"href":"https:\/\/www.fiemg.com.br\/regional-vale-do-paranaiba\/wp-json\/wp\/v2\/noticias\/1739","targetHints":{"allow":["GET"]}}],"collection":[{"href":"https:\/\/www.fiemg.com.br\/regional-vale-do-paranaiba\/wp-json\/wp\/v2\/noticias"}],"about":[{"href":"https:\/\/www.fiemg.com.br\/regional-vale-do-paranaiba\/wp-json\/wp\/v2\/types\/noticias"}],"wp:featuredmedia":[{"embeddable":true,"href":"https:\/\/www.fiemg.com.br\/regional-vale-do-paranaiba\/wp-json\/wp\/v2\/media\/1742"}],"wp:attachment":[{"href":"https:\/\/www.fiemg.com.br\/regional-vale-do-paranaiba\/wp-json\/wp\/v2\/media?parent=1739"}],"wp:term":[{"taxonomy":"category","embeddable":true,"href":"https:\/\/www.fiemg.com.br\/regional-vale-do-paranaiba\/wp-json\/wp\/v2\/categories?post=1739"},{"taxonomy":"post_tag","embeddable":true,"href":"https:\/\/www.fiemg.com.br\/regional-vale-do-paranaiba\/wp-json\/wp\/v2\/tags?post=1739"}],"curies":[{"name":"wp","href":"https:\/\/api.w.org\/{rel}","templated":true}]}}