{"id":1991,"date":"2024-04-12T10:21:11","date_gmt":"2024-04-12T13:21:11","guid":{"rendered":"https:\/\/www.fiemg.com.br\/regional-vale-do-paranaiba\/?post_type=noticias&#038;p=1991"},"modified":"2024-04-15T10:18:44","modified_gmt":"2024-04-15T13:18:44","slug":"empresas-associadas-ao-sindivestu-participam-da-31a-edicao-do-minas-trend-na-proxima-semana-16-a-18-04","status":"publish","type":"noticias","link":"https:\/\/www.fiemg.com.br\/regional-vale-do-paranaiba\/noticias\/empresas-associadas-ao-sindivestu-participam-da-31a-edicao-do-minas-trend-na-proxima-semana-16-a-18-04\/","title":{"rendered":"Empresas associadas ao Sindivestu\u00a0participam da 31\u00aa edi\u00e7\u00e3o do Minas Trend na pr\u00f3xima semana (16 a 18\/04)"},"content":{"rendered":"\n<p>De 16 a 18 de abril de 2024, o Centro de Conven\u00e7\u00f5es do Minascentro, em Belo Horizonte, vai receber a 31\u00aa edi\u00e7\u00e3o do Minas Trend, trazendo em primeira m\u00e3o para lojistas de todo Brasil e as novidades da primavera\/ver\u00e3o 2025.&nbsp;Considerado o maior sal\u00e3o de neg\u00f3cios da Am\u00e9rica Latina, o evento movimenta o cen\u00e1rio da Moda n\u00e3o somente em Minas mas em todo o Brasil, al\u00e9m do p\u00fablico internacional.<\/p>\n\n\n\n<p>E em todas as edi\u00e7\u00f5es da feira, o Sindivestu (Sindicato das Ind\u00fastrias do Vestu\u00e1rio de Uberl\u00e2ndia) apoia e fomenta a participa\u00e7\u00e3o de seus associados para gera\u00e7\u00e3o de neg\u00f3cios.<\/p>\n\n\n\n<p>Para a presidente do Sindvestu, Alessiane Batoni, o papel do sindicato em oportunidades como esta \u00e9 estar ao lado da ind\u00fastria oferecendo apoio e experi\u00eancia para que o associado participe da melhor maneira poss\u00edvel. \u201cO Sindivestu desempenha um papel crucial como facilitador, conectando empresas associadas ao Minas Trend. A participa\u00e7\u00e3o neste evento n\u00e3o s\u00f3 amplia a visibilidade das marcas, mas tamb\u00e9m oferece oportunidades de crescimento e alavancagem no mercado da moda.\u201d<\/p>\n\n\n\n<p>Confira os associados Sindivestu que &nbsp;marcar\u00e3o presen\u00e7a na 31\u00aa edi\u00e7\u00e3o do Minas Trend:<\/p>\n\n\n\n<p><strong>Bixugrillo<\/strong><\/p>\n\n\n\n<p>Fundada em 1980,&nbsp;a empresa come\u00e7ou como&nbsp;estamparia t\u00eaxtil atendendo confec\u00e7\u00f5es da cidade de Uberl\u00e2ndia; e em meados de 2010, a marca Bixugrillo foi, de fato, criada.<\/p>\n\n\n\n<p>A proposta da marca \u00e9 atuar na \u00e1rea de moda casual e plus size no estilo <em>Boho Chic, <\/em>com modelagem amplas, tecidos de alta qualidade e conforto. De acordo com a propriet\u00e1ria Clerce Barbosa, a estampa esclusiva \u00e9 um dos diferenciais da empresa. \u201cTodas as estampas s\u00e3o criadas por mim, o tecido vem de f\u00e1brica totalmente branco e ele \u00e9 estampado dentro de nossa nossa f\u00e1brica.\u201d afirmou.<\/p>\n\n\n\n<p>Em rela\u00e7\u00e3o a participa\u00e7\u00e3o no Minas Trend ela ainda destacou que as expectativas s\u00e3o muito positivas em especial para aumentar o alcance de vendas.<\/p>\n\n\n\n<p>\u201cMinhas expectativas para essa feira s\u00e3o as melhores poss\u00edveis, quero divulgar mais a nossa marca, ativar novos relacionamentos com lojistas do setor de Moda Casual, aumentar nosso leque de vendas em todo o Brasil. Sei que tenho um produto bom e bem diferenciado por oferecer roupas com estampas exclusiva e bem criativas.\u201d destacou a empres\u00e1ria que tamb\u00e9m tem forma\u00e7\u00e3o&nbsp;em Artes Pl\u00e1sticas.<\/p>\n\n\n\n<p><strong>Ateli\u00ea P.Zeroum <\/strong><strong><\/strong><\/p>\n\n\n\n<p>Fundado em 2012, o ateli\u00ea \u00e9 refer\u00eancia nacional em bordados de luxo e atende as principais confec\u00e7\u00f5es n\u00e3o somente de Uberl\u00e2ndia mas de todo o pa\u00eds. Com destaque em bordados em pedraria, al\u00e9m de produzir, a empresa qualifica e forma profissionais para estilistas e lojistas do nicho.<\/p>\n\n\n\n<p>Os s\u00f3cios fundadores s\u00e3o Ediane e Fabiano Barbosa; Ediane iniciou sua expertise com bordados atrav\u00e9s de um curso realizado pelo grupo Patr\u00edcia Bonaldi, empresa no qual trabalhou por mais de 10 anos.<\/p>\n\n\n\n<p>De acordo com Fabiano, o p\u00fablico atendido pela empresa est\u00e1 espalhado pelo Brasil: \u201cAl\u00e9m das principais confec\u00e7\u00f5es de Uberl\u00e2ndia como Let\u00edcia Manzan, Raquel de Queiroz, Alexandrino, entre outras, atendemos lojistas de todo o pa\u00eds no segmento de luxo. Al\u00e9m disso, somos respons\u00e1veis por figurinos  de algumas apresenta\u00e7\u00f5es do quadro &#8220;Dan\u00e7a dos Famosos&#8221; no programa &#8220;Doming\u00e3o com Hulk&#8221; da Rede Globo, tanto o ano passado como este ano tamb\u00e9m, sempre pe\u00e7as bordadas exclusivas.\u201d<\/p>\n\n\n\n<p>O ateli\u00ea j\u00e1 havia participado do evento diversas vezes mas como prestador de servi\u00e7o atrav\u00e9s de suas linhas de produ\u00e7\u00e3o, esta \u00e9 a primeira vez que a marca estar\u00e1 presente apresentando suas pe\u00e7as autorais.<\/p>\n\n\n\n<p><\/p>\n\n\n\n<p><strong>Gl\u00f3ria Morais Ateli\u00ea <\/strong><strong><\/strong><\/p>\n\n\n\n<p>A marca \u201cGloria Morais\u201d \u00e9 assinada por 3 estilistas, as irm\u00e3s Janei e Simei Morais, naturais da cidade de Ituiutaba e da uberlandense Evyllen Kethlen. Tudo come\u00e7ou em 2001, quando Janei e Simei j\u00e1 trabalham juntas mas com um estilo \u201cmodinha\u201d; por\u00e9m sempre com o sonho de atuar com moda autoral.\u00a0<br><br>As estilistas contam que tem \u00f3timas expectativas para o evento esse ano, com a nova cole\u00e7\u00e3o que tr\u00e1s as &#8216;Entrelinhas&#8217; da marca Gl\u00f3ria Morais. &#8220;A participa\u00e7\u00e3o da marca no prestigiado Minas Trend \u00e9 um cap\u00edtulo emocionante em nossa hist\u00f3ria, \u00e9 a nossa segunda participa\u00e7\u00e3o no evento, e afirmamos que esse lan\u00e7amento promete ser ainda mais marcante do que nunca, trazendo tend\u00eancias e inova\u00e7\u00e3o para o mercado de moda festa.&#8221; afirmaram.<\/p>\n\n\n\n<p>\u201cEntre uma linha e outra n\u00e3o h\u00e1 supostamente nada exceto o branco da p\u00e1gina, da mesma maneira que o n\u00e3o-dito obviamente n\u00e3o foi escrito, logo, n\u00e3o pode ser lido. Entre as linhas, de dentro para fora, o mais \u00edntimo da marca, trazendo oque acreditamos ser.&#8221;<\/p>\n\n\n\n<p>Ainda de acordo com Janei, Simei e Kethleen, o que distingue os caminhos da marca \u00e9 a sensibilidade no olhar para o inimagin\u00e1vel, trazendo novas silhuetas, um novo jeito de bordado, com o artesanato, que vem de forma plural, confirmando design \u00fanico e criativo.<\/p>\n\n\n\n<p>Ano passado na estr\u00e9ia da marca no Minas Trend, a cole\u00e7\u00e3o foi inspirada na hist\u00f3ria da pr\u00f3pria marca para contar os detalhes que as empres\u00e1rias percorreram at\u00e9 chegarem onde est\u00e3o hoje.<\/p>\n\n\n\n<p><strong>Neusa Faria <\/strong><strong><\/strong><\/p>\n\n\n\n<p>Neusa Faria \u00e9 uma marca uberlandense que produz moda festa h\u00e1 quase 20 anos, e um dos seus diferenciais \u00e9 a numera\u00e7\u00e3o que vai at\u00e9 o n\u00famero 52, dependendo da necessidade do cliente.<\/p>\n\n\n\n<p>Esta \u00e9 a 13\u00aa vez que a confec\u00e7\u00e3o uberlandense participa do Minas Trend. O propriet\u00e1rio F\u00e1bio Faria contou que &nbsp;as primeiras edi\u00e7\u00f5es em que sua marca esteve no evento foi atrav\u00e9s do subs\u00eddio da FIEMG e do Sindivestu.<\/p>\n\n\n\n<p>\u201cO Sindicato falava pra gente ir, mas a produ\u00e7\u00e3o sempre com muito servi\u00e7o e n\u00e3o \u00edamos, at\u00e9 que me ofereceram subs\u00eddio por parte da FIEMG e Sindicato, e come\u00e7amos a participar. Hoje os neg\u00f3cios que fa\u00e7o atrav\u00e9s da feira representam&nbsp;&nbsp;50% da cole\u00e7\u00e3o de cada esta\u00e7\u00e3o.\u201d<\/p>\n\n\n\n<p>Outra vantagem citada pelo empres\u00e1rio \u00e9 a conex\u00e3o que o Minas Trend proporciona entre clientes de localidades mais distantes. \u201cHoje eu tenho clientes de Natal (RN), S\u00e3o Luiz (MA), Bel\u00e9m (PA), Maring\u00e1(PR) entre outros. E eu consigo atingir todas estes lugares devido ao alcance do Minas Trend.\u201d<\/p>\n\n\n\n<p>F\u00e1bio Faria, propriet\u00e1rio da marca \u00e9 qu\u00edmico de forma\u00e7\u00e3o e Neusa Faria \u00e9 o nome da irm\u00e3 dele que tamb\u00e9m atuou na empresa por mais de dez anos.<\/p>\n\n\n\n<p><strong>Pauzzi&nbsp;(Conte\u00fado colaborativo com jornal O TEMPO)<\/strong> <\/p>\n\n\n\n<p>Autodidata, tudo que Jessica Pauzzi aprendeu sobre moda foi com a m\u00e3e. Goiana, de 25 anos, cresceu praticamente no ch\u00e3o de f\u00e1brica e desde os 15 come\u00e7ou a trabalhar com ela, mas o gosto pelos bordados \u00e9, nas suas palavras, \u201cdesde que se entende por gente\u201d. \u201cEsta \u00e9 uma tend\u00eancia em Uberl\u00e2ndia, onde moro, \u00e9 muito forte na cidade\u201d, ela conta. Solicitada pelas amigas e colegas de faculdade, J\u00e9ssica come\u00e7ou a desenhar e confeccionar roupas de festa sob medida em seu ateli\u00ea. \u201cFa\u00e7o tudo, do croqui ao risco e, se precisar, bordo tamb\u00e9m\u201d, explica a estilista. <\/p>\n\n\n\n<p>A empresa j\u00e1 participou do Minas Trend em outras oportunidades, que \u00e9 considerado um &#8220;divisor de \u00e1guas&#8221; de acordo com a empres\u00e1ria citada, pois devido as conex\u00f5es do evento, o mercado da Pauzzi foi fortemente expandido.<\/p>\n\n\n\n<p><strong>Sapphire<\/strong><strong>:<\/strong><strong><\/strong><\/p>\n\n\n\n<p>A Sapphire up foi criada em 2014 para representar a moda mineira. Uma marca produzida por mulheres e feita para elas. Sempre com cole\u00e7\u00f5es amplas e sofisticadas, desenvolvidas artesanalmente por uma equipe altamente qualificada.&nbsp;A hist\u00f3ria come\u00e7ou h\u00e1 mais de 20 anos, com a estilista Alessandra Barbosa que ainda jovem ingressou no ramo da moda, aprendendo os segredos de modelagem e customizando o DNA das pe\u00e7as a partir da ess\u00eancia da marca. Com aproximados 10 anos de mercado, a Sapphire up tem se dedicado unicamente a produzir pe\u00e7as de alta costura modeladas para enaltecer a beleza das mulheres.<\/p>\n\n\n\n<p>A expectativa pro Minas Trend \u00e9 sempre alta de acordo com a propriet\u00e1ria Alessandra Barbosa. \u201cO primavera ver\u00e3o \u00e9 sempre melhor para roupa de festa; porque as vendas s\u00e3o mais elevadas j\u00e1 que os lojistas tem o ano todo para trabalhar. Nossa expectativa \u00e9 sempre melhor que outono inverno. E aqui nosso trabalho \u00e9 todo feito a m\u00e3o, com muito carinho, ent\u00e3o a gente coloca toda nossa energia e nosso amor mesmo nas cole\u00e7\u00f5es, estamos trabalhando bastante para entregar o melhor na pr\u00f3xima semana.\u201d afirmou.<\/p>\n\n\n\n<p>Acompanhe a participa\u00e7\u00e3o dos associados ao Sindivestu nas redes da FIEMG Regional Vale do Parana\u00edba. Instagram: @fiemgregionalvp | Facebook: FIEMG Regional Vale do Parana\u00edba<\/p>\n","protected":false},"featured_media":1993,"template":"","categories":[],"tags":[],"class_list":["post-1991","noticias","type-noticias","status-publish","has-post-thumbnail","hentry"],"acf":[],"yoast_head":"<!-- This site is optimized with the Yoast SEO plugin v26.2 - https:\/\/yoast.com\/wordpress\/plugins\/seo\/ -->\n<title>Empresas associadas ao Sindivestu\u00a0participam da 31\u00aa edi\u00e7\u00e3o do Minas Trend na pr\u00f3xima semana (16 a 18\/04) - Regional Vale do Parana\u00edba<\/title>\n<meta name=\"robots\" content=\"index, follow, max-snippet:-1, max-image-preview:large, max-video-preview:-1\" \/>\n<link rel=\"canonical\" href=\"https:\/\/www.fiemg.com.br\/regional-vale-do-paranaiba\/noticias\/empresas-associadas-ao-sindivestu-participam-da-31a-edicao-do-minas-trend-na-proxima-semana-16-a-18-04\/\" \/>\n<meta property=\"og:locale\" content=\"pt_BR\" \/>\n<meta property=\"og:type\" content=\"article\" \/>\n<meta property=\"og:title\" content=\"Empresas associadas ao Sindivestu\u00a0participam da 31\u00aa edi\u00e7\u00e3o do Minas Trend na pr\u00f3xima semana (16 a 18\/04) - Regional Vale do Parana\u00edba\" \/>\n<meta property=\"og:description\" content=\"De 16 a 18 de abril de 2024, o Centro de Conven\u00e7\u00f5es do Minascentro, em Belo Horizonte, vai receber a 31\u00aa edi\u00e7\u00e3o do Minas Trend, trazendo em primeira m\u00e3o para lojistas de todo Brasil e as novidades da primavera\/ver\u00e3o 2025.&nbsp;Considerado o maior sal\u00e3o de neg\u00f3cios da Am\u00e9rica Latina, o evento movimenta o cen\u00e1rio da Moda [&hellip;]\" \/>\n<meta property=\"og:url\" content=\"https:\/\/www.fiemg.com.br\/regional-vale-do-paranaiba\/noticias\/empresas-associadas-ao-sindivestu-participam-da-31a-edicao-do-minas-trend-na-proxima-semana-16-a-18-04\/\" \/>\n<meta property=\"og:site_name\" content=\"Regional Vale do Parana\u00edba\" \/>\n<meta property=\"article:modified_time\" content=\"2024-04-15T13:18:44+00:00\" \/>\n<meta property=\"og:image\" content=\"https:\/\/www.fiemg.com.br\/regional-vale-do-paranaiba\/wp-content\/uploads\/sites\/24\/2024\/04\/minas-trend-31-abril-edicao-1-1.jpg\" \/>\n\t<meta property=\"og:image:width\" content=\"1024\" \/>\n\t<meta property=\"og:image:height\" content=\"448\" \/>\n\t<meta property=\"og:image:type\" content=\"image\/jpeg\" \/>\n<meta name=\"twitter:card\" content=\"summary_large_image\" \/>\n<meta name=\"twitter:label1\" content=\"Est. tempo de leitura\" \/>\n\t<meta name=\"twitter:data1\" content=\"8 minutos\" \/>\n<script type=\"application\/ld+json\" class=\"yoast-schema-graph\">{\"@context\":\"https:\/\/schema.org\",\"@graph\":[{\"@type\":\"WebPage\",\"@id\":\"https:\/\/www.fiemg.com.br\/regional-vale-do-paranaiba\/noticias\/empresas-associadas-ao-sindivestu-participam-da-31a-edicao-do-minas-trend-na-proxima-semana-16-a-18-04\/\",\"url\":\"https:\/\/www.fiemg.com.br\/regional-vale-do-paranaiba\/noticias\/empresas-associadas-ao-sindivestu-participam-da-31a-edicao-do-minas-trend-na-proxima-semana-16-a-18-04\/\",\"name\":\"Empresas associadas ao Sindivestu\u00a0participam da 31\u00aa edi\u00e7\u00e3o do Minas Trend na pr\u00f3xima semana (16 a 18\/04) - Regional Vale do Parana\u00edba\",\"isPartOf\":{\"@id\":\"https:\/\/www.fiemg.com.br\/regional-vale-do-paranaiba\/#website\"},\"primaryImageOfPage\":{\"@id\":\"https:\/\/www.fiemg.com.br\/regional-vale-do-paranaiba\/noticias\/empresas-associadas-ao-sindivestu-participam-da-31a-edicao-do-minas-trend-na-proxima-semana-16-a-18-04\/#primaryimage\"},\"image\":{\"@id\":\"https:\/\/www.fiemg.com.br\/regional-vale-do-paranaiba\/noticias\/empresas-associadas-ao-sindivestu-participam-da-31a-edicao-do-minas-trend-na-proxima-semana-16-a-18-04\/#primaryimage\"},\"thumbnailUrl\":\"https:\/\/www.fiemg.com.br\/regional-vale-do-paranaiba\/wp-content\/uploads\/sites\/24\/2024\/04\/minas-trend-31-abril-edicao-1-1.jpg\",\"datePublished\":\"2024-04-12T13:21:11+00:00\",\"dateModified\":\"2024-04-15T13:18:44+00:00\",\"breadcrumb\":{\"@id\":\"https:\/\/www.fiemg.com.br\/regional-vale-do-paranaiba\/noticias\/empresas-associadas-ao-sindivestu-participam-da-31a-edicao-do-minas-trend-na-proxima-semana-16-a-18-04\/#breadcrumb\"},\"inLanguage\":\"pt-BR\",\"potentialAction\":[{\"@type\":\"ReadAction\",\"target\":[\"https:\/\/www.fiemg.com.br\/regional-vale-do-paranaiba\/noticias\/empresas-associadas-ao-sindivestu-participam-da-31a-edicao-do-minas-trend-na-proxima-semana-16-a-18-04\/\"]}]},{\"@type\":\"ImageObject\",\"inLanguage\":\"pt-BR\",\"@id\":\"https:\/\/www.fiemg.com.br\/regional-vale-do-paranaiba\/noticias\/empresas-associadas-ao-sindivestu-participam-da-31a-edicao-do-minas-trend-na-proxima-semana-16-a-18-04\/#primaryimage\",\"url\":\"https:\/\/www.fiemg.com.br\/regional-vale-do-paranaiba\/wp-content\/uploads\/sites\/24\/2024\/04\/minas-trend-31-abril-edicao-1-1.jpg\",\"contentUrl\":\"https:\/\/www.fiemg.com.br\/regional-vale-do-paranaiba\/wp-content\/uploads\/sites\/24\/2024\/04\/minas-trend-31-abril-edicao-1-1.jpg\",\"width\":1024,\"height\":448},{\"@type\":\"BreadcrumbList\",\"@id\":\"https:\/\/www.fiemg.com.br\/regional-vale-do-paranaiba\/noticias\/empresas-associadas-ao-sindivestu-participam-da-31a-edicao-do-minas-trend-na-proxima-semana-16-a-18-04\/#breadcrumb\",\"itemListElement\":[{\"@type\":\"ListItem\",\"position\":1,\"name\":\"In\u00edcio\",\"item\":\"https:\/\/www.fiemg.com.br\/regional-vale-do-paranaiba\/\"},{\"@type\":\"ListItem\",\"position\":2,\"name\":\"Empresas associadas ao Sindivestu\u00a0participam da 31\u00aa edi\u00e7\u00e3o do Minas Trend na pr\u00f3xima semana (16 a 18\/04)\"}]},{\"@type\":\"WebSite\",\"@id\":\"https:\/\/www.fiemg.com.br\/regional-vale-do-paranaiba\/#website\",\"url\":\"https:\/\/www.fiemg.com.br\/regional-vale-do-paranaiba\/\",\"name\":\"Regional Vale do Parana\u00edba\",\"description\":\"Federa\u00e7\u00e3o das Ind\u00fastrias do Estado de Minas Gerais\",\"publisher\":{\"@id\":\"https:\/\/www.fiemg.com.br\/regional-vale-do-paranaiba\/#organization\"},\"potentialAction\":[{\"@type\":\"SearchAction\",\"target\":{\"@type\":\"EntryPoint\",\"urlTemplate\":\"https:\/\/www.fiemg.com.br\/regional-vale-do-paranaiba\/?s={search_term_string}\"},\"query-input\":{\"@type\":\"PropertyValueSpecification\",\"valueRequired\":true,\"valueName\":\"search_term_string\"}}],\"inLanguage\":\"pt-BR\"},{\"@type\":\"Organization\",\"@id\":\"https:\/\/www.fiemg.com.br\/regional-vale-do-paranaiba\/#organization\",\"name\":\"Regional Vale do Parana\u00edba\",\"url\":\"https:\/\/www.fiemg.com.br\/regional-vale-do-paranaiba\/\",\"logo\":{\"@type\":\"ImageObject\",\"inLanguage\":\"pt-BR\",\"@id\":\"https:\/\/www.fiemg.com.br\/regional-vale-do-paranaiba\/#\/schema\/logo\/image\/\",\"url\":\"https:\/\/www.fiemg.com.br\/regional-vale-do-paranaiba\/wp-content\/uploads\/sites\/24\/2023\/02\/Ativo-1.png\",\"contentUrl\":\"https:\/\/www.fiemg.com.br\/regional-vale-do-paranaiba\/wp-content\/uploads\/sites\/24\/2023\/02\/Ativo-1.png\",\"width\":563,\"height\":149,\"caption\":\"Regional Vale do Parana\u00edba\"},\"image\":{\"@id\":\"https:\/\/www.fiemg.com.br\/regional-vale-do-paranaiba\/#\/schema\/logo\/image\/\"}}]}<\/script>\n<!-- \/ Yoast SEO plugin. -->","yoast_head_json":{"title":"Empresas associadas ao Sindivestu\u00a0participam da 31\u00aa edi\u00e7\u00e3o do Minas Trend na pr\u00f3xima semana (16 a 18\/04) - Regional Vale do Parana\u00edba","robots":{"index":"index","follow":"follow","max-snippet":"max-snippet:-1","max-image-preview":"max-image-preview:large","max-video-preview":"max-video-preview:-1"},"canonical":"https:\/\/www.fiemg.com.br\/regional-vale-do-paranaiba\/noticias\/empresas-associadas-ao-sindivestu-participam-da-31a-edicao-do-minas-trend-na-proxima-semana-16-a-18-04\/","og_locale":"pt_BR","og_type":"article","og_title":"Empresas associadas ao Sindivestu\u00a0participam da 31\u00aa edi\u00e7\u00e3o do Minas Trend na pr\u00f3xima semana (16 a 18\/04) - Regional Vale do Parana\u00edba","og_description":"De 16 a 18 de abril de 2024, o Centro de Conven\u00e7\u00f5es do Minascentro, em Belo Horizonte, vai receber a 31\u00aa edi\u00e7\u00e3o do Minas Trend, trazendo em primeira m\u00e3o para lojistas de todo Brasil e as novidades da primavera\/ver\u00e3o 2025.&nbsp;Considerado o maior sal\u00e3o de neg\u00f3cios da Am\u00e9rica Latina, o evento movimenta o cen\u00e1rio da Moda [&hellip;]","og_url":"https:\/\/www.fiemg.com.br\/regional-vale-do-paranaiba\/noticias\/empresas-associadas-ao-sindivestu-participam-da-31a-edicao-do-minas-trend-na-proxima-semana-16-a-18-04\/","og_site_name":"Regional Vale do Parana\u00edba","article_modified_time":"2024-04-15T13:18:44+00:00","og_image":[{"width":1024,"height":448,"url":"https:\/\/www.fiemg.com.br\/regional-vale-do-paranaiba\/wp-content\/uploads\/sites\/24\/2024\/04\/minas-trend-31-abril-edicao-1-1.jpg","type":"image\/jpeg"}],"twitter_card":"summary_large_image","twitter_misc":{"Est. tempo de leitura":"8 minutos"},"schema":{"@context":"https:\/\/schema.org","@graph":[{"@type":"WebPage","@id":"https:\/\/www.fiemg.com.br\/regional-vale-do-paranaiba\/noticias\/empresas-associadas-ao-sindivestu-participam-da-31a-edicao-do-minas-trend-na-proxima-semana-16-a-18-04\/","url":"https:\/\/www.fiemg.com.br\/regional-vale-do-paranaiba\/noticias\/empresas-associadas-ao-sindivestu-participam-da-31a-edicao-do-minas-trend-na-proxima-semana-16-a-18-04\/","name":"Empresas associadas ao Sindivestu\u00a0participam da 31\u00aa edi\u00e7\u00e3o do Minas Trend na pr\u00f3xima semana (16 a 18\/04) - Regional Vale do Parana\u00edba","isPartOf":{"@id":"https:\/\/www.fiemg.com.br\/regional-vale-do-paranaiba\/#website"},"primaryImageOfPage":{"@id":"https:\/\/www.fiemg.com.br\/regional-vale-do-paranaiba\/noticias\/empresas-associadas-ao-sindivestu-participam-da-31a-edicao-do-minas-trend-na-proxima-semana-16-a-18-04\/#primaryimage"},"image":{"@id":"https:\/\/www.fiemg.com.br\/regional-vale-do-paranaiba\/noticias\/empresas-associadas-ao-sindivestu-participam-da-31a-edicao-do-minas-trend-na-proxima-semana-16-a-18-04\/#primaryimage"},"thumbnailUrl":"https:\/\/www.fiemg.com.br\/regional-vale-do-paranaiba\/wp-content\/uploads\/sites\/24\/2024\/04\/minas-trend-31-abril-edicao-1-1.jpg","datePublished":"2024-04-12T13:21:11+00:00","dateModified":"2024-04-15T13:18:44+00:00","breadcrumb":{"@id":"https:\/\/www.fiemg.com.br\/regional-vale-do-paranaiba\/noticias\/empresas-associadas-ao-sindivestu-participam-da-31a-edicao-do-minas-trend-na-proxima-semana-16-a-18-04\/#breadcrumb"},"inLanguage":"pt-BR","potentialAction":[{"@type":"ReadAction","target":["https:\/\/www.fiemg.com.br\/regional-vale-do-paranaiba\/noticias\/empresas-associadas-ao-sindivestu-participam-da-31a-edicao-do-minas-trend-na-proxima-semana-16-a-18-04\/"]}]},{"@type":"ImageObject","inLanguage":"pt-BR","@id":"https:\/\/www.fiemg.com.br\/regional-vale-do-paranaiba\/noticias\/empresas-associadas-ao-sindivestu-participam-da-31a-edicao-do-minas-trend-na-proxima-semana-16-a-18-04\/#primaryimage","url":"https:\/\/www.fiemg.com.br\/regional-vale-do-paranaiba\/wp-content\/uploads\/sites\/24\/2024\/04\/minas-trend-31-abril-edicao-1-1.jpg","contentUrl":"https:\/\/www.fiemg.com.br\/regional-vale-do-paranaiba\/wp-content\/uploads\/sites\/24\/2024\/04\/minas-trend-31-abril-edicao-1-1.jpg","width":1024,"height":448},{"@type":"BreadcrumbList","@id":"https:\/\/www.fiemg.com.br\/regional-vale-do-paranaiba\/noticias\/empresas-associadas-ao-sindivestu-participam-da-31a-edicao-do-minas-trend-na-proxima-semana-16-a-18-04\/#breadcrumb","itemListElement":[{"@type":"ListItem","position":1,"name":"In\u00edcio","item":"https:\/\/www.fiemg.com.br\/regional-vale-do-paranaiba\/"},{"@type":"ListItem","position":2,"name":"Empresas associadas ao Sindivestu\u00a0participam da 31\u00aa edi\u00e7\u00e3o do Minas Trend na pr\u00f3xima semana (16 a 18\/04)"}]},{"@type":"WebSite","@id":"https:\/\/www.fiemg.com.br\/regional-vale-do-paranaiba\/#website","url":"https:\/\/www.fiemg.com.br\/regional-vale-do-paranaiba\/","name":"Regional Vale do Parana\u00edba","description":"Federa\u00e7\u00e3o das Ind\u00fastrias do Estado de Minas Gerais","publisher":{"@id":"https:\/\/www.fiemg.com.br\/regional-vale-do-paranaiba\/#organization"},"potentialAction":[{"@type":"SearchAction","target":{"@type":"EntryPoint","urlTemplate":"https:\/\/www.fiemg.com.br\/regional-vale-do-paranaiba\/?s={search_term_string}"},"query-input":{"@type":"PropertyValueSpecification","valueRequired":true,"valueName":"search_term_string"}}],"inLanguage":"pt-BR"},{"@type":"Organization","@id":"https:\/\/www.fiemg.com.br\/regional-vale-do-paranaiba\/#organization","name":"Regional Vale do Parana\u00edba","url":"https:\/\/www.fiemg.com.br\/regional-vale-do-paranaiba\/","logo":{"@type":"ImageObject","inLanguage":"pt-BR","@id":"https:\/\/www.fiemg.com.br\/regional-vale-do-paranaiba\/#\/schema\/logo\/image\/","url":"https:\/\/www.fiemg.com.br\/regional-vale-do-paranaiba\/wp-content\/uploads\/sites\/24\/2023\/02\/Ativo-1.png","contentUrl":"https:\/\/www.fiemg.com.br\/regional-vale-do-paranaiba\/wp-content\/uploads\/sites\/24\/2023\/02\/Ativo-1.png","width":563,"height":149,"caption":"Regional Vale do Parana\u00edba"},"image":{"@id":"https:\/\/www.fiemg.com.br\/regional-vale-do-paranaiba\/#\/schema\/logo\/image\/"}}]}},"_links":{"self":[{"href":"https:\/\/www.fiemg.com.br\/regional-vale-do-paranaiba\/wp-json\/wp\/v2\/noticias\/1991","targetHints":{"allow":["GET"]}}],"collection":[{"href":"https:\/\/www.fiemg.com.br\/regional-vale-do-paranaiba\/wp-json\/wp\/v2\/noticias"}],"about":[{"href":"https:\/\/www.fiemg.com.br\/regional-vale-do-paranaiba\/wp-json\/wp\/v2\/types\/noticias"}],"wp:featuredmedia":[{"embeddable":true,"href":"https:\/\/www.fiemg.com.br\/regional-vale-do-paranaiba\/wp-json\/wp\/v2\/media\/1993"}],"wp:attachment":[{"href":"https:\/\/www.fiemg.com.br\/regional-vale-do-paranaiba\/wp-json\/wp\/v2\/media?parent=1991"}],"wp:term":[{"taxonomy":"category","embeddable":true,"href":"https:\/\/www.fiemg.com.br\/regional-vale-do-paranaiba\/wp-json\/wp\/v2\/categories?post=1991"},{"taxonomy":"post_tag","embeddable":true,"href":"https:\/\/www.fiemg.com.br\/regional-vale-do-paranaiba\/wp-json\/wp\/v2\/tags?post=1991"}],"curies":[{"name":"wp","href":"https:\/\/api.w.org\/{rel}","templated":true}]}}