{"id":1996,"date":"2024-04-15T16:35:57","date_gmt":"2024-04-15T19:35:57","guid":{"rendered":"https:\/\/www.fiemg.com.br\/regional-vale-do-paranaiba\/?post_type=noticias&#038;p=1996"},"modified":"2024-04-16T11:38:29","modified_gmt":"2024-04-16T14:38:29","slug":"imersao-industria-reune-principais-liderancas-de-todo-em-3-dias-de-palestras-exclusivas","status":"publish","type":"noticias","link":"https:\/\/www.fiemg.com.br\/regional-vale-do-paranaiba\/noticias\/imersao-industria-reune-principais-liderancas-de-todo-em-3-dias-de-palestras-exclusivas\/","title":{"rendered":"Imers\u00e3o Ind\u00fastria re\u00fane principais lideran\u00e7as de todo Estado em 3 dias de palestras exclusivas"},"content":{"rendered":"\n<p>Conex\u00e3o com importantes especialistas do mercado, fomento ao networking, a novas experi\u00eancias, parcerias e conex\u00e3o, al\u00e9m da troca de conhecimento. Esses s\u00e3o alguns prop\u00f3sitos da 1\u00aa edi\u00e7\u00e3o do Imers\u00e3o Ind\u00fastria 2024, evento inovador e refer\u00eancia do setor produtivo que foi promovido pela FIEMG entre os dias 10 a 12 de abril, no Minascentro, em Belo Horizonte.\u00a0<\/p>\n\n\n\n<p>Neste ano, o Imers\u00e3o evidenciou o conceito \u201cImpulsionar inova\u00e7\u00e3o. Impactar o futuro\u201d promovendo debate de temas estrat\u00e9gicos para a ind\u00fastria e o mundo corporativo em mais de 50 pain\u00e9is e palestras simult\u00e2neos, com a participa\u00e7\u00e3o de profissionais importantes e influentes, que v\u00e3o abordar temas sobre energia, meio ambiente e impactos tribut\u00e1rios, ESG, intelig\u00eancia artificial, gest\u00e3o e lideran\u00e7a, entre outros<\/p>\n\n\n\n<p>Al\u00e9m disso, o evento trouxe espa\u00e7os dedicados \u00e0 integra\u00e7\u00e3o e experimenta\u00e7\u00e3o de marcas, proporcionando experi\u00eancias \u00fanicas. O Imers\u00e3o Ind\u00fastria tem como p\u00fablico-alvo empres\u00e1rios, executivos, profissionais liberais, estudantes, membros do poder p\u00fablico, sindicatos industriais e demais interessados.<\/p>\n\n\n\n<p>Criado em 2022, o Imers\u00e3o foi remodelado com o prop\u00f3sito de proporcionar uma experi\u00eancia inovadora aos participantes. O evento j\u00e1 teve como palestrantes e debatedores ministros de Estado, do Tribunal de Contas da Uni\u00e3o (TCU), empres\u00e1rios renomados, especialistas do mercado, influenciadores, jornalistas e outros convidados.<\/p>\n\n\n\n<p>Representantes da FIEMG Regional Vale do Parana\u00edba participaram da iniciativa e destacaram a qualidade do conte\u00fado compartilhado durante os 3 dias. Para o presidente do Sindarroz, Jorge Tadeu Meirelles, foi uma oportunidade \u00edmpar em especial no que se refere a lideran\u00e7a colaborativa. \u201cEu gostei muito da palestra da Rafaela Gontijo da NUU Alimentos de Patos de Minas. A empresa \u00e9 focada na fabrica\u00e7\u00e3o de produtos que traduzem a mineiridade e o gosto do mineiro. E a marca \u00e9 muito conectada, ativa nas redes sociais, foi muito interessante! Al\u00e9m do nosso deputado Nikolas Ferreira; o que me chamou muito aten\u00e7\u00e3o foi a maneira humilde que apresentou a hist\u00f3ria dele, com muita gratid\u00e3o a FIEMG at\u00e9 porque ele estudou no SESI n\u00e9, os n\u00fameros dos votos dele s\u00e3o impressionantes, a gente percebe que \u00e9 um jovem que tem um futuro promissor no nosso pa\u00eds.\u201d destacou.<\/p>\n\n\n\n<p>Rafaela Gontijo da empresa NUU Alimentos da cidade de Patos de Minas palestrou com o seguinte tema: \u201cJornada Regenerativa: Como crescer e gerar impacto positivo no ecossistema\u201d. Gontijo destacou sua empresa como case de sucesso em especial por respeitar a origem dos alimentos e seus respectivos sabores, endossando o slogan da NUU, que \u00e9 ser inovadora e caipira ao mesmo tempo.<\/p>\n\n\n\n<p>Participaram tamb\u00e9m os seguintes representantes da FIEMG Regional Vale do Parana\u00edba: Arquimedes Rosa, presidente do Sindmetal, Panayotes Tsatsakis, vice presidente do Sinduscon TAP, Alessiane Batoni, presidente do Sindivestu, Mauro Cunha, diretor da FIEMG Regional Vale do Parana\u00edba e presidente do SIAU, Paulo Romes. O presidente da Regional, Jos\u00e9 Alves, participou da abertura na quarta feira (10).<\/p>\n\n\n\n<p>Patr\u00edcia Ramos (apresentadora e influenciadora), Nina Silva (empres\u00e1ria, eleita a mulher mais disruptiva do mundo pela Women In Tech Global Awards), Thiago Concer (Criador do Movimento \u2018Orgulho em ser vendedor\u2019), Professor Marins (antrop\u00f3logo, professor, consultor de empresas), entre outros grandes nomes palestraram no evento para um p\u00fablico de aproximadamente 4 mil pessoas.<\/p>\n\n\n\n<p>O Imers\u00e3o Ind\u00fastria \u00e9 realizado pela FIEMG, SESI e SENAI, com patroc\u00ednio m\u00e1ster Gerdau, Vale, Gasmig, Cemig, Codemge, CNI, ArcelorMittal. O patroc\u00ednio ouro \u00e9 da Herculano Minera\u00e7\u00e3o, Sicoob Credfiemg e Sicoob Credminas, Barbosa Mello e Caixa Econ\u00f4mica Federal e o patroc\u00ednio prata, Bemisa, Localiza Gest\u00e3o de Frotas, Vallourec e IVECO Group. Apoio m\u00e1ster \u00e9 do Sebrae e os demais apoiadores s\u00e3o da RMMG, Mason Holdings, JMendes, Pfizer, (Re)energisa, Una, IEL, CIEMG.<\/p>\n","protected":false},"featured_media":1999,"template":"","categories":[],"tags":[],"class_list":["post-1996","noticias","type-noticias","status-publish","has-post-thumbnail","hentry"],"acf":[],"yoast_head":"<!-- This site is optimized with the Yoast SEO plugin v26.2 - https:\/\/yoast.com\/wordpress\/plugins\/seo\/ -->\n<title>Imers\u00e3o Ind\u00fastria re\u00fane principais lideran\u00e7as de todo Estado em 3 dias de palestras exclusivas - Regional Vale do Parana\u00edba<\/title>\n<meta name=\"robots\" content=\"index, follow, max-snippet:-1, max-image-preview:large, max-video-preview:-1\" \/>\n<link rel=\"canonical\" href=\"https:\/\/www.fiemg.com.br\/regional-vale-do-paranaiba\/noticias\/imersao-industria-reune-principais-liderancas-de-todo-em-3-dias-de-palestras-exclusivas\/\" \/>\n<meta property=\"og:locale\" content=\"pt_BR\" \/>\n<meta property=\"og:type\" content=\"article\" \/>\n<meta property=\"og:title\" content=\"Imers\u00e3o Ind\u00fastria re\u00fane principais lideran\u00e7as de todo Estado em 3 dias de palestras exclusivas - Regional Vale do Parana\u00edba\" \/>\n<meta property=\"og:description\" content=\"Conex\u00e3o com importantes especialistas do mercado, fomento ao networking, a novas experi\u00eancias, parcerias e conex\u00e3o, al\u00e9m da troca de conhecimento. Esses s\u00e3o alguns prop\u00f3sitos da 1\u00aa edi\u00e7\u00e3o do Imers\u00e3o Ind\u00fastria 2024, evento inovador e refer\u00eancia do setor produtivo que foi promovido pela FIEMG entre os dias 10 a 12 de abril, no Minascentro, em Belo [&hellip;]\" \/>\n<meta property=\"og:url\" content=\"https:\/\/www.fiemg.com.br\/regional-vale-do-paranaiba\/noticias\/imersao-industria-reune-principais-liderancas-de-todo-em-3-dias-de-palestras-exclusivas\/\" \/>\n<meta property=\"og:site_name\" content=\"Regional Vale do Parana\u00edba\" \/>\n<meta property=\"article:modified_time\" content=\"2024-04-16T14:38:29+00:00\" \/>\n<meta property=\"og:image\" content=\"https:\/\/www.fiemg.com.br\/regional-vale-do-paranaiba\/wp-content\/uploads\/sites\/24\/2024\/04\/Imersao-Industria-2-e1713209832319.jpg\" \/>\n\t<meta property=\"og:image:width\" content=\"400\" \/>\n\t<meta property=\"og:image:height\" content=\"297\" \/>\n\t<meta property=\"og:image:type\" content=\"image\/jpeg\" \/>\n<meta name=\"twitter:card\" content=\"summary_large_image\" \/>\n<meta name=\"twitter:label1\" content=\"Est. tempo de leitura\" \/>\n\t<meta name=\"twitter:data1\" content=\"4 minutos\" \/>\n<script type=\"application\/ld+json\" class=\"yoast-schema-graph\">{\"@context\":\"https:\/\/schema.org\",\"@graph\":[{\"@type\":\"WebPage\",\"@id\":\"https:\/\/www.fiemg.com.br\/regional-vale-do-paranaiba\/noticias\/imersao-industria-reune-principais-liderancas-de-todo-em-3-dias-de-palestras-exclusivas\/\",\"url\":\"https:\/\/www.fiemg.com.br\/regional-vale-do-paranaiba\/noticias\/imersao-industria-reune-principais-liderancas-de-todo-em-3-dias-de-palestras-exclusivas\/\",\"name\":\"Imers\u00e3o Ind\u00fastria re\u00fane principais lideran\u00e7as de todo Estado em 3 dias de palestras exclusivas - Regional Vale do Parana\u00edba\",\"isPartOf\":{\"@id\":\"https:\/\/www.fiemg.com.br\/regional-vale-do-paranaiba\/#website\"},\"primaryImageOfPage\":{\"@id\":\"https:\/\/www.fiemg.com.br\/regional-vale-do-paranaiba\/noticias\/imersao-industria-reune-principais-liderancas-de-todo-em-3-dias-de-palestras-exclusivas\/#primaryimage\"},\"image\":{\"@id\":\"https:\/\/www.fiemg.com.br\/regional-vale-do-paranaiba\/noticias\/imersao-industria-reune-principais-liderancas-de-todo-em-3-dias-de-palestras-exclusivas\/#primaryimage\"},\"thumbnailUrl\":\"https:\/\/www.fiemg.com.br\/regional-vale-do-paranaiba\/wp-content\/uploads\/sites\/24\/2024\/04\/Imersao-Industria-2-e1713209832319.jpg\",\"datePublished\":\"2024-04-15T19:35:57+00:00\",\"dateModified\":\"2024-04-16T14:38:29+00:00\",\"breadcrumb\":{\"@id\":\"https:\/\/www.fiemg.com.br\/regional-vale-do-paranaiba\/noticias\/imersao-industria-reune-principais-liderancas-de-todo-em-3-dias-de-palestras-exclusivas\/#breadcrumb\"},\"inLanguage\":\"pt-BR\",\"potentialAction\":[{\"@type\":\"ReadAction\",\"target\":[\"https:\/\/www.fiemg.com.br\/regional-vale-do-paranaiba\/noticias\/imersao-industria-reune-principais-liderancas-de-todo-em-3-dias-de-palestras-exclusivas\/\"]}]},{\"@type\":\"ImageObject\",\"inLanguage\":\"pt-BR\",\"@id\":\"https:\/\/www.fiemg.com.br\/regional-vale-do-paranaiba\/noticias\/imersao-industria-reune-principais-liderancas-de-todo-em-3-dias-de-palestras-exclusivas\/#primaryimage\",\"url\":\"https:\/\/www.fiemg.com.br\/regional-vale-do-paranaiba\/wp-content\/uploads\/sites\/24\/2024\/04\/Imersao-Industria-2-e1713209832319.jpg\",\"contentUrl\":\"https:\/\/www.fiemg.com.br\/regional-vale-do-paranaiba\/wp-content\/uploads\/sites\/24\/2024\/04\/Imersao-Industria-2-e1713209832319.jpg\",\"width\":400,\"height\":297},{\"@type\":\"BreadcrumbList\",\"@id\":\"https:\/\/www.fiemg.com.br\/regional-vale-do-paranaiba\/noticias\/imersao-industria-reune-principais-liderancas-de-todo-em-3-dias-de-palestras-exclusivas\/#breadcrumb\",\"itemListElement\":[{\"@type\":\"ListItem\",\"position\":1,\"name\":\"In\u00edcio\",\"item\":\"https:\/\/www.fiemg.com.br\/regional-vale-do-paranaiba\/\"},{\"@type\":\"ListItem\",\"position\":2,\"name\":\"Imers\u00e3o Ind\u00fastria re\u00fane principais lideran\u00e7as de todo Estado em 3 dias de palestras exclusivas\"}]},{\"@type\":\"WebSite\",\"@id\":\"https:\/\/www.fiemg.com.br\/regional-vale-do-paranaiba\/#website\",\"url\":\"https:\/\/www.fiemg.com.br\/regional-vale-do-paranaiba\/\",\"name\":\"Regional Vale do Parana\u00edba\",\"description\":\"Federa\u00e7\u00e3o das Ind\u00fastrias do Estado de Minas Gerais\",\"publisher\":{\"@id\":\"https:\/\/www.fiemg.com.br\/regional-vale-do-paranaiba\/#organization\"},\"potentialAction\":[{\"@type\":\"SearchAction\",\"target\":{\"@type\":\"EntryPoint\",\"urlTemplate\":\"https:\/\/www.fiemg.com.br\/regional-vale-do-paranaiba\/?s={search_term_string}\"},\"query-input\":{\"@type\":\"PropertyValueSpecification\",\"valueRequired\":true,\"valueName\":\"search_term_string\"}}],\"inLanguage\":\"pt-BR\"},{\"@type\":\"Organization\",\"@id\":\"https:\/\/www.fiemg.com.br\/regional-vale-do-paranaiba\/#organization\",\"name\":\"Regional Vale do Parana\u00edba\",\"url\":\"https:\/\/www.fiemg.com.br\/regional-vale-do-paranaiba\/\",\"logo\":{\"@type\":\"ImageObject\",\"inLanguage\":\"pt-BR\",\"@id\":\"https:\/\/www.fiemg.com.br\/regional-vale-do-paranaiba\/#\/schema\/logo\/image\/\",\"url\":\"https:\/\/www.fiemg.com.br\/regional-vale-do-paranaiba\/wp-content\/uploads\/sites\/24\/2023\/02\/Ativo-1.png\",\"contentUrl\":\"https:\/\/www.fiemg.com.br\/regional-vale-do-paranaiba\/wp-content\/uploads\/sites\/24\/2023\/02\/Ativo-1.png\",\"width\":563,\"height\":149,\"caption\":\"Regional Vale do Parana\u00edba\"},\"image\":{\"@id\":\"https:\/\/www.fiemg.com.br\/regional-vale-do-paranaiba\/#\/schema\/logo\/image\/\"}}]}<\/script>\n<!-- \/ Yoast SEO plugin. -->","yoast_head_json":{"title":"Imers\u00e3o Ind\u00fastria re\u00fane principais lideran\u00e7as de todo Estado em 3 dias de palestras exclusivas - Regional Vale do Parana\u00edba","robots":{"index":"index","follow":"follow","max-snippet":"max-snippet:-1","max-image-preview":"max-image-preview:large","max-video-preview":"max-video-preview:-1"},"canonical":"https:\/\/www.fiemg.com.br\/regional-vale-do-paranaiba\/noticias\/imersao-industria-reune-principais-liderancas-de-todo-em-3-dias-de-palestras-exclusivas\/","og_locale":"pt_BR","og_type":"article","og_title":"Imers\u00e3o Ind\u00fastria re\u00fane principais lideran\u00e7as de todo Estado em 3 dias de palestras exclusivas - Regional Vale do Parana\u00edba","og_description":"Conex\u00e3o com importantes especialistas do mercado, fomento ao networking, a novas experi\u00eancias, parcerias e conex\u00e3o, al\u00e9m da troca de conhecimento. Esses s\u00e3o alguns prop\u00f3sitos da 1\u00aa edi\u00e7\u00e3o do Imers\u00e3o Ind\u00fastria 2024, evento inovador e refer\u00eancia do setor produtivo que foi promovido pela FIEMG entre os dias 10 a 12 de abril, no Minascentro, em Belo [&hellip;]","og_url":"https:\/\/www.fiemg.com.br\/regional-vale-do-paranaiba\/noticias\/imersao-industria-reune-principais-liderancas-de-todo-em-3-dias-de-palestras-exclusivas\/","og_site_name":"Regional Vale do Parana\u00edba","article_modified_time":"2024-04-16T14:38:29+00:00","og_image":[{"width":400,"height":297,"url":"https:\/\/www.fiemg.com.br\/regional-vale-do-paranaiba\/wp-content\/uploads\/sites\/24\/2024\/04\/Imersao-Industria-2-e1713209832319.jpg","type":"image\/jpeg"}],"twitter_card":"summary_large_image","twitter_misc":{"Est. tempo de leitura":"4 minutos"},"schema":{"@context":"https:\/\/schema.org","@graph":[{"@type":"WebPage","@id":"https:\/\/www.fiemg.com.br\/regional-vale-do-paranaiba\/noticias\/imersao-industria-reune-principais-liderancas-de-todo-em-3-dias-de-palestras-exclusivas\/","url":"https:\/\/www.fiemg.com.br\/regional-vale-do-paranaiba\/noticias\/imersao-industria-reune-principais-liderancas-de-todo-em-3-dias-de-palestras-exclusivas\/","name":"Imers\u00e3o Ind\u00fastria re\u00fane principais lideran\u00e7as de todo Estado em 3 dias de palestras exclusivas - Regional Vale do Parana\u00edba","isPartOf":{"@id":"https:\/\/www.fiemg.com.br\/regional-vale-do-paranaiba\/#website"},"primaryImageOfPage":{"@id":"https:\/\/www.fiemg.com.br\/regional-vale-do-paranaiba\/noticias\/imersao-industria-reune-principais-liderancas-de-todo-em-3-dias-de-palestras-exclusivas\/#primaryimage"},"image":{"@id":"https:\/\/www.fiemg.com.br\/regional-vale-do-paranaiba\/noticias\/imersao-industria-reune-principais-liderancas-de-todo-em-3-dias-de-palestras-exclusivas\/#primaryimage"},"thumbnailUrl":"https:\/\/www.fiemg.com.br\/regional-vale-do-paranaiba\/wp-content\/uploads\/sites\/24\/2024\/04\/Imersao-Industria-2-e1713209832319.jpg","datePublished":"2024-04-15T19:35:57+00:00","dateModified":"2024-04-16T14:38:29+00:00","breadcrumb":{"@id":"https:\/\/www.fiemg.com.br\/regional-vale-do-paranaiba\/noticias\/imersao-industria-reune-principais-liderancas-de-todo-em-3-dias-de-palestras-exclusivas\/#breadcrumb"},"inLanguage":"pt-BR","potentialAction":[{"@type":"ReadAction","target":["https:\/\/www.fiemg.com.br\/regional-vale-do-paranaiba\/noticias\/imersao-industria-reune-principais-liderancas-de-todo-em-3-dias-de-palestras-exclusivas\/"]}]},{"@type":"ImageObject","inLanguage":"pt-BR","@id":"https:\/\/www.fiemg.com.br\/regional-vale-do-paranaiba\/noticias\/imersao-industria-reune-principais-liderancas-de-todo-em-3-dias-de-palestras-exclusivas\/#primaryimage","url":"https:\/\/www.fiemg.com.br\/regional-vale-do-paranaiba\/wp-content\/uploads\/sites\/24\/2024\/04\/Imersao-Industria-2-e1713209832319.jpg","contentUrl":"https:\/\/www.fiemg.com.br\/regional-vale-do-paranaiba\/wp-content\/uploads\/sites\/24\/2024\/04\/Imersao-Industria-2-e1713209832319.jpg","width":400,"height":297},{"@type":"BreadcrumbList","@id":"https:\/\/www.fiemg.com.br\/regional-vale-do-paranaiba\/noticias\/imersao-industria-reune-principais-liderancas-de-todo-em-3-dias-de-palestras-exclusivas\/#breadcrumb","itemListElement":[{"@type":"ListItem","position":1,"name":"In\u00edcio","item":"https:\/\/www.fiemg.com.br\/regional-vale-do-paranaiba\/"},{"@type":"ListItem","position":2,"name":"Imers\u00e3o Ind\u00fastria re\u00fane principais lideran\u00e7as de todo Estado em 3 dias de palestras exclusivas"}]},{"@type":"WebSite","@id":"https:\/\/www.fiemg.com.br\/regional-vale-do-paranaiba\/#website","url":"https:\/\/www.fiemg.com.br\/regional-vale-do-paranaiba\/","name":"Regional Vale do Parana\u00edba","description":"Federa\u00e7\u00e3o das Ind\u00fastrias do Estado de Minas Gerais","publisher":{"@id":"https:\/\/www.fiemg.com.br\/regional-vale-do-paranaiba\/#organization"},"potentialAction":[{"@type":"SearchAction","target":{"@type":"EntryPoint","urlTemplate":"https:\/\/www.fiemg.com.br\/regional-vale-do-paranaiba\/?s={search_term_string}"},"query-input":{"@type":"PropertyValueSpecification","valueRequired":true,"valueName":"search_term_string"}}],"inLanguage":"pt-BR"},{"@type":"Organization","@id":"https:\/\/www.fiemg.com.br\/regional-vale-do-paranaiba\/#organization","name":"Regional Vale do Parana\u00edba","url":"https:\/\/www.fiemg.com.br\/regional-vale-do-paranaiba\/","logo":{"@type":"ImageObject","inLanguage":"pt-BR","@id":"https:\/\/www.fiemg.com.br\/regional-vale-do-paranaiba\/#\/schema\/logo\/image\/","url":"https:\/\/www.fiemg.com.br\/regional-vale-do-paranaiba\/wp-content\/uploads\/sites\/24\/2023\/02\/Ativo-1.png","contentUrl":"https:\/\/www.fiemg.com.br\/regional-vale-do-paranaiba\/wp-content\/uploads\/sites\/24\/2023\/02\/Ativo-1.png","width":563,"height":149,"caption":"Regional Vale do Parana\u00edba"},"image":{"@id":"https:\/\/www.fiemg.com.br\/regional-vale-do-paranaiba\/#\/schema\/logo\/image\/"}}]}},"_links":{"self":[{"href":"https:\/\/www.fiemg.com.br\/regional-vale-do-paranaiba\/wp-json\/wp\/v2\/noticias\/1996","targetHints":{"allow":["GET"]}}],"collection":[{"href":"https:\/\/www.fiemg.com.br\/regional-vale-do-paranaiba\/wp-json\/wp\/v2\/noticias"}],"about":[{"href":"https:\/\/www.fiemg.com.br\/regional-vale-do-paranaiba\/wp-json\/wp\/v2\/types\/noticias"}],"wp:featuredmedia":[{"embeddable":true,"href":"https:\/\/www.fiemg.com.br\/regional-vale-do-paranaiba\/wp-json\/wp\/v2\/media\/1999"}],"wp:attachment":[{"href":"https:\/\/www.fiemg.com.br\/regional-vale-do-paranaiba\/wp-json\/wp\/v2\/media?parent=1996"}],"wp:term":[{"taxonomy":"category","embeddable":true,"href":"https:\/\/www.fiemg.com.br\/regional-vale-do-paranaiba\/wp-json\/wp\/v2\/categories?post=1996"},{"taxonomy":"post_tag","embeddable":true,"href":"https:\/\/www.fiemg.com.br\/regional-vale-do-paranaiba\/wp-json\/wp\/v2\/tags?post=1996"}],"curies":[{"name":"wp","href":"https:\/\/api.w.org\/{rel}","templated":true}]}}