{"id":2042,"date":"2024-01-16T10:48:49","date_gmt":"2024-01-16T13:48:49","guid":{"rendered":"https:\/\/www.fiemg.com.br\/regional-vale-do-paranaiba\/?post_type=noticias&#038;p=2042"},"modified":"2024-05-03T10:50:33","modified_gmt":"2024-05-03T13:50:33","slug":"projeto-trilhas-de-futuro-oferta-vagas-remanescentes-nas-cidades-de-uberlandia-e-araguari","status":"publish","type":"noticias","link":"https:\/\/www.fiemg.com.br\/regional-vale-do-paranaiba\/noticias\/projeto-trilhas-de-futuro-oferta-vagas-remanescentes-nas-cidades-de-uberlandia-e-araguari\/","title":{"rendered":"Projeto &#8220;Trilhas de Futuro&#8221; oferta vagas remanescentes nas cidades de Uberl\u00e2ndia e Araguari"},"content":{"rendered":"\n<p>O projeto do Governo Estadual &#8220;Trilhas de Futuro&#8221; est\u00e1 com vagas remanescentes para as cidades de Uberl\u00e2ndia e Araguari. Os cursos t\u00e9cnicos ofertados s\u00e3o gratuitos e abrangem diversas \u00e1reas, como Log\u00edstica, Eletr\u00f4nica, Meio Ambiente, Seguran\u00e7a do Trabalho e Soldagem. <\/p>\n\n\n\n<p>Toda a operacionaliza\u00e7\u00e3o dos cursos ser\u00e1 realizada pelo SENAI, que \u00e9 a maior escola profissionalizante da Am\u00e9rica Latina e comp\u00f5e uma comunidade educacional que acredita no poder da educa\u00e7\u00e3o e da inova\u00e7\u00e3o, com professores dedicados, infraestrutura de ponta e uma atmosfera inspiradora para impulsionar o processo de ensino aprendizagem.<\/p>\n\n\n\n<p>Vale lembrar que al\u00e9m da gratuidade o aluno recebe ajuda de custo mensal para alimenta\u00e7\u00e3o e transporte no valor de R$20,00. Os interessados devem acessar este <a href=\"http:\/\/www.trilhasdefuturo.mg.gov.br\">link<\/a> para inscri\u00e7\u00e3o entre os dias 16 e 24\/01.<\/p>\n","protected":false},"featured_media":2045,"template":"","categories":[],"tags":[],"class_list":["post-2042","noticias","type-noticias","status-publish","has-post-thumbnail","hentry"],"acf":[],"yoast_head":"<!-- This site is optimized with the Yoast SEO plugin v26.2 - https:\/\/yoast.com\/wordpress\/plugins\/seo\/ -->\n<title>Projeto &quot;Trilhas de Futuro&quot; oferta vagas remanescentes nas cidades de Uberl\u00e2ndia e Araguari - Regional Vale do Parana\u00edba<\/title>\n<meta name=\"robots\" content=\"index, follow, max-snippet:-1, max-image-preview:large, max-video-preview:-1\" \/>\n<link rel=\"canonical\" href=\"https:\/\/www.fiemg.com.br\/regional-vale-do-paranaiba\/noticias\/projeto-trilhas-de-futuro-oferta-vagas-remanescentes-nas-cidades-de-uberlandia-e-araguari\/\" \/>\n<meta property=\"og:locale\" content=\"pt_BR\" \/>\n<meta property=\"og:type\" content=\"article\" \/>\n<meta property=\"og:title\" content=\"Projeto &quot;Trilhas de Futuro&quot; oferta vagas remanescentes nas cidades de Uberl\u00e2ndia e Araguari - Regional Vale do Parana\u00edba\" \/>\n<meta property=\"og:description\" content=\"O projeto do Governo Estadual &#8220;Trilhas de Futuro&#8221; est\u00e1 com vagas remanescentes para as cidades de Uberl\u00e2ndia e Araguari. Os cursos t\u00e9cnicos ofertados s\u00e3o gratuitos e abrangem diversas \u00e1reas, como Log\u00edstica, Eletr\u00f4nica, Meio Ambiente, Seguran\u00e7a do Trabalho e Soldagem. Toda a operacionaliza\u00e7\u00e3o dos cursos ser\u00e1 realizada pelo SENAI, que \u00e9 a maior escola profissionalizante da [&hellip;]\" \/>\n<meta property=\"og:url\" content=\"https:\/\/www.fiemg.com.br\/regional-vale-do-paranaiba\/noticias\/projeto-trilhas-de-futuro-oferta-vagas-remanescentes-nas-cidades-de-uberlandia-e-araguari\/\" \/>\n<meta property=\"og:site_name\" content=\"Regional Vale do Parana\u00edba\" \/>\n<meta property=\"article:modified_time\" content=\"2024-05-03T13:50:33+00:00\" \/>\n<meta property=\"og:image\" content=\"https:\/\/www.fiemg.com.br\/regional-vale-do-paranaiba\/wp-content\/uploads\/sites\/24\/2024\/05\/WhatsApp-Image-2024-05-03-at-10.27.40-1.jpeg\" \/>\n\t<meta property=\"og:image:width\" content=\"1080\" \/>\n\t<meta property=\"og:image:height\" content=\"1048\" \/>\n\t<meta property=\"og:image:type\" content=\"image\/jpeg\" \/>\n<meta name=\"twitter:card\" content=\"summary_large_image\" \/>\n<meta name=\"twitter:label1\" content=\"Est. tempo de leitura\" \/>\n\t<meta name=\"twitter:data1\" content=\"1 minuto\" \/>\n<script type=\"application\/ld+json\" class=\"yoast-schema-graph\">{\"@context\":\"https:\/\/schema.org\",\"@graph\":[{\"@type\":\"WebPage\",\"@id\":\"https:\/\/www.fiemg.com.br\/regional-vale-do-paranaiba\/noticias\/projeto-trilhas-de-futuro-oferta-vagas-remanescentes-nas-cidades-de-uberlandia-e-araguari\/\",\"url\":\"https:\/\/www.fiemg.com.br\/regional-vale-do-paranaiba\/noticias\/projeto-trilhas-de-futuro-oferta-vagas-remanescentes-nas-cidades-de-uberlandia-e-araguari\/\",\"name\":\"Projeto \\\"Trilhas de Futuro\\\" oferta vagas remanescentes nas cidades de Uberl\u00e2ndia e Araguari - Regional Vale do Parana\u00edba\",\"isPartOf\":{\"@id\":\"https:\/\/www.fiemg.com.br\/regional-vale-do-paranaiba\/#website\"},\"primaryImageOfPage\":{\"@id\":\"https:\/\/www.fiemg.com.br\/regional-vale-do-paranaiba\/noticias\/projeto-trilhas-de-futuro-oferta-vagas-remanescentes-nas-cidades-de-uberlandia-e-araguari\/#primaryimage\"},\"image\":{\"@id\":\"https:\/\/www.fiemg.com.br\/regional-vale-do-paranaiba\/noticias\/projeto-trilhas-de-futuro-oferta-vagas-remanescentes-nas-cidades-de-uberlandia-e-araguari\/#primaryimage\"},\"thumbnailUrl\":\"https:\/\/www.fiemg.com.br\/regional-vale-do-paranaiba\/wp-content\/uploads\/sites\/24\/2024\/05\/WhatsApp-Image-2024-05-03-at-10.27.40-1.jpeg\",\"datePublished\":\"2024-01-16T13:48:49+00:00\",\"dateModified\":\"2024-05-03T13:50:33+00:00\",\"breadcrumb\":{\"@id\":\"https:\/\/www.fiemg.com.br\/regional-vale-do-paranaiba\/noticias\/projeto-trilhas-de-futuro-oferta-vagas-remanescentes-nas-cidades-de-uberlandia-e-araguari\/#breadcrumb\"},\"inLanguage\":\"pt-BR\",\"potentialAction\":[{\"@type\":\"ReadAction\",\"target\":[\"https:\/\/www.fiemg.com.br\/regional-vale-do-paranaiba\/noticias\/projeto-trilhas-de-futuro-oferta-vagas-remanescentes-nas-cidades-de-uberlandia-e-araguari\/\"]}]},{\"@type\":\"ImageObject\",\"inLanguage\":\"pt-BR\",\"@id\":\"https:\/\/www.fiemg.com.br\/regional-vale-do-paranaiba\/noticias\/projeto-trilhas-de-futuro-oferta-vagas-remanescentes-nas-cidades-de-uberlandia-e-araguari\/#primaryimage\",\"url\":\"https:\/\/www.fiemg.com.br\/regional-vale-do-paranaiba\/wp-content\/uploads\/sites\/24\/2024\/05\/WhatsApp-Image-2024-05-03-at-10.27.40-1.jpeg\",\"contentUrl\":\"https:\/\/www.fiemg.com.br\/regional-vale-do-paranaiba\/wp-content\/uploads\/sites\/24\/2024\/05\/WhatsApp-Image-2024-05-03-at-10.27.40-1.jpeg\",\"width\":1080,\"height\":1048},{\"@type\":\"BreadcrumbList\",\"@id\":\"https:\/\/www.fiemg.com.br\/regional-vale-do-paranaiba\/noticias\/projeto-trilhas-de-futuro-oferta-vagas-remanescentes-nas-cidades-de-uberlandia-e-araguari\/#breadcrumb\",\"itemListElement\":[{\"@type\":\"ListItem\",\"position\":1,\"name\":\"In\u00edcio\",\"item\":\"https:\/\/www.fiemg.com.br\/regional-vale-do-paranaiba\/\"},{\"@type\":\"ListItem\",\"position\":2,\"name\":\"Projeto &#8220;Trilhas de Futuro&#8221; oferta vagas remanescentes nas cidades de Uberl\u00e2ndia e Araguari\"}]},{\"@type\":\"WebSite\",\"@id\":\"https:\/\/www.fiemg.com.br\/regional-vale-do-paranaiba\/#website\",\"url\":\"https:\/\/www.fiemg.com.br\/regional-vale-do-paranaiba\/\",\"name\":\"Regional Vale do Parana\u00edba\",\"description\":\"Federa\u00e7\u00e3o das Ind\u00fastrias do Estado de Minas Gerais\",\"publisher\":{\"@id\":\"https:\/\/www.fiemg.com.br\/regional-vale-do-paranaiba\/#organization\"},\"potentialAction\":[{\"@type\":\"SearchAction\",\"target\":{\"@type\":\"EntryPoint\",\"urlTemplate\":\"https:\/\/www.fiemg.com.br\/regional-vale-do-paranaiba\/?s={search_term_string}\"},\"query-input\":{\"@type\":\"PropertyValueSpecification\",\"valueRequired\":true,\"valueName\":\"search_term_string\"}}],\"inLanguage\":\"pt-BR\"},{\"@type\":\"Organization\",\"@id\":\"https:\/\/www.fiemg.com.br\/regional-vale-do-paranaiba\/#organization\",\"name\":\"Regional Vale do Parana\u00edba\",\"url\":\"https:\/\/www.fiemg.com.br\/regional-vale-do-paranaiba\/\",\"logo\":{\"@type\":\"ImageObject\",\"inLanguage\":\"pt-BR\",\"@id\":\"https:\/\/www.fiemg.com.br\/regional-vale-do-paranaiba\/#\/schema\/logo\/image\/\",\"url\":\"https:\/\/www.fiemg.com.br\/regional-vale-do-paranaiba\/wp-content\/uploads\/sites\/24\/2023\/02\/Ativo-1.png\",\"contentUrl\":\"https:\/\/www.fiemg.com.br\/regional-vale-do-paranaiba\/wp-content\/uploads\/sites\/24\/2023\/02\/Ativo-1.png\",\"width\":563,\"height\":149,\"caption\":\"Regional Vale do Parana\u00edba\"},\"image\":{\"@id\":\"https:\/\/www.fiemg.com.br\/regional-vale-do-paranaiba\/#\/schema\/logo\/image\/\"}}]}<\/script>\n<!-- \/ Yoast SEO plugin. -->","yoast_head_json":{"title":"Projeto \"Trilhas de Futuro\" oferta vagas remanescentes nas cidades de Uberl\u00e2ndia e Araguari - Regional Vale do Parana\u00edba","robots":{"index":"index","follow":"follow","max-snippet":"max-snippet:-1","max-image-preview":"max-image-preview:large","max-video-preview":"max-video-preview:-1"},"canonical":"https:\/\/www.fiemg.com.br\/regional-vale-do-paranaiba\/noticias\/projeto-trilhas-de-futuro-oferta-vagas-remanescentes-nas-cidades-de-uberlandia-e-araguari\/","og_locale":"pt_BR","og_type":"article","og_title":"Projeto \"Trilhas de Futuro\" oferta vagas remanescentes nas cidades de Uberl\u00e2ndia e Araguari - Regional Vale do Parana\u00edba","og_description":"O projeto do Governo Estadual &#8220;Trilhas de Futuro&#8221; est\u00e1 com vagas remanescentes para as cidades de Uberl\u00e2ndia e Araguari. Os cursos t\u00e9cnicos ofertados s\u00e3o gratuitos e abrangem diversas \u00e1reas, como Log\u00edstica, Eletr\u00f4nica, Meio Ambiente, Seguran\u00e7a do Trabalho e Soldagem. Toda a operacionaliza\u00e7\u00e3o dos cursos ser\u00e1 realizada pelo SENAI, que \u00e9 a maior escola profissionalizante da [&hellip;]","og_url":"https:\/\/www.fiemg.com.br\/regional-vale-do-paranaiba\/noticias\/projeto-trilhas-de-futuro-oferta-vagas-remanescentes-nas-cidades-de-uberlandia-e-araguari\/","og_site_name":"Regional Vale do Parana\u00edba","article_modified_time":"2024-05-03T13:50:33+00:00","og_image":[{"width":1080,"height":1048,"url":"https:\/\/www.fiemg.com.br\/regional-vale-do-paranaiba\/wp-content\/uploads\/sites\/24\/2024\/05\/WhatsApp-Image-2024-05-03-at-10.27.40-1.jpeg","type":"image\/jpeg"}],"twitter_card":"summary_large_image","twitter_misc":{"Est. tempo de leitura":"1 minuto"},"schema":{"@context":"https:\/\/schema.org","@graph":[{"@type":"WebPage","@id":"https:\/\/www.fiemg.com.br\/regional-vale-do-paranaiba\/noticias\/projeto-trilhas-de-futuro-oferta-vagas-remanescentes-nas-cidades-de-uberlandia-e-araguari\/","url":"https:\/\/www.fiemg.com.br\/regional-vale-do-paranaiba\/noticias\/projeto-trilhas-de-futuro-oferta-vagas-remanescentes-nas-cidades-de-uberlandia-e-araguari\/","name":"Projeto \"Trilhas de Futuro\" oferta vagas remanescentes nas cidades de Uberl\u00e2ndia e Araguari - Regional Vale do Parana\u00edba","isPartOf":{"@id":"https:\/\/www.fiemg.com.br\/regional-vale-do-paranaiba\/#website"},"primaryImageOfPage":{"@id":"https:\/\/www.fiemg.com.br\/regional-vale-do-paranaiba\/noticias\/projeto-trilhas-de-futuro-oferta-vagas-remanescentes-nas-cidades-de-uberlandia-e-araguari\/#primaryimage"},"image":{"@id":"https:\/\/www.fiemg.com.br\/regional-vale-do-paranaiba\/noticias\/projeto-trilhas-de-futuro-oferta-vagas-remanescentes-nas-cidades-de-uberlandia-e-araguari\/#primaryimage"},"thumbnailUrl":"https:\/\/www.fiemg.com.br\/regional-vale-do-paranaiba\/wp-content\/uploads\/sites\/24\/2024\/05\/WhatsApp-Image-2024-05-03-at-10.27.40-1.jpeg","datePublished":"2024-01-16T13:48:49+00:00","dateModified":"2024-05-03T13:50:33+00:00","breadcrumb":{"@id":"https:\/\/www.fiemg.com.br\/regional-vale-do-paranaiba\/noticias\/projeto-trilhas-de-futuro-oferta-vagas-remanescentes-nas-cidades-de-uberlandia-e-araguari\/#breadcrumb"},"inLanguage":"pt-BR","potentialAction":[{"@type":"ReadAction","target":["https:\/\/www.fiemg.com.br\/regional-vale-do-paranaiba\/noticias\/projeto-trilhas-de-futuro-oferta-vagas-remanescentes-nas-cidades-de-uberlandia-e-araguari\/"]}]},{"@type":"ImageObject","inLanguage":"pt-BR","@id":"https:\/\/www.fiemg.com.br\/regional-vale-do-paranaiba\/noticias\/projeto-trilhas-de-futuro-oferta-vagas-remanescentes-nas-cidades-de-uberlandia-e-araguari\/#primaryimage","url":"https:\/\/www.fiemg.com.br\/regional-vale-do-paranaiba\/wp-content\/uploads\/sites\/24\/2024\/05\/WhatsApp-Image-2024-05-03-at-10.27.40-1.jpeg","contentUrl":"https:\/\/www.fiemg.com.br\/regional-vale-do-paranaiba\/wp-content\/uploads\/sites\/24\/2024\/05\/WhatsApp-Image-2024-05-03-at-10.27.40-1.jpeg","width":1080,"height":1048},{"@type":"BreadcrumbList","@id":"https:\/\/www.fiemg.com.br\/regional-vale-do-paranaiba\/noticias\/projeto-trilhas-de-futuro-oferta-vagas-remanescentes-nas-cidades-de-uberlandia-e-araguari\/#breadcrumb","itemListElement":[{"@type":"ListItem","position":1,"name":"In\u00edcio","item":"https:\/\/www.fiemg.com.br\/regional-vale-do-paranaiba\/"},{"@type":"ListItem","position":2,"name":"Projeto &#8220;Trilhas de Futuro&#8221; oferta vagas remanescentes nas cidades de Uberl\u00e2ndia e Araguari"}]},{"@type":"WebSite","@id":"https:\/\/www.fiemg.com.br\/regional-vale-do-paranaiba\/#website","url":"https:\/\/www.fiemg.com.br\/regional-vale-do-paranaiba\/","name":"Regional Vale do Parana\u00edba","description":"Federa\u00e7\u00e3o das Ind\u00fastrias do Estado de Minas Gerais","publisher":{"@id":"https:\/\/www.fiemg.com.br\/regional-vale-do-paranaiba\/#organization"},"potentialAction":[{"@type":"SearchAction","target":{"@type":"EntryPoint","urlTemplate":"https:\/\/www.fiemg.com.br\/regional-vale-do-paranaiba\/?s={search_term_string}"},"query-input":{"@type":"PropertyValueSpecification","valueRequired":true,"valueName":"search_term_string"}}],"inLanguage":"pt-BR"},{"@type":"Organization","@id":"https:\/\/www.fiemg.com.br\/regional-vale-do-paranaiba\/#organization","name":"Regional Vale do Parana\u00edba","url":"https:\/\/www.fiemg.com.br\/regional-vale-do-paranaiba\/","logo":{"@type":"ImageObject","inLanguage":"pt-BR","@id":"https:\/\/www.fiemg.com.br\/regional-vale-do-paranaiba\/#\/schema\/logo\/image\/","url":"https:\/\/www.fiemg.com.br\/regional-vale-do-paranaiba\/wp-content\/uploads\/sites\/24\/2023\/02\/Ativo-1.png","contentUrl":"https:\/\/www.fiemg.com.br\/regional-vale-do-paranaiba\/wp-content\/uploads\/sites\/24\/2023\/02\/Ativo-1.png","width":563,"height":149,"caption":"Regional Vale do Parana\u00edba"},"image":{"@id":"https:\/\/www.fiemg.com.br\/regional-vale-do-paranaiba\/#\/schema\/logo\/image\/"}}]}},"_links":{"self":[{"href":"https:\/\/www.fiemg.com.br\/regional-vale-do-paranaiba\/wp-json\/wp\/v2\/noticias\/2042","targetHints":{"allow":["GET"]}}],"collection":[{"href":"https:\/\/www.fiemg.com.br\/regional-vale-do-paranaiba\/wp-json\/wp\/v2\/noticias"}],"about":[{"href":"https:\/\/www.fiemg.com.br\/regional-vale-do-paranaiba\/wp-json\/wp\/v2\/types\/noticias"}],"wp:featuredmedia":[{"embeddable":true,"href":"https:\/\/www.fiemg.com.br\/regional-vale-do-paranaiba\/wp-json\/wp\/v2\/media\/2045"}],"wp:attachment":[{"href":"https:\/\/www.fiemg.com.br\/regional-vale-do-paranaiba\/wp-json\/wp\/v2\/media?parent=2042"}],"wp:term":[{"taxonomy":"category","embeddable":true,"href":"https:\/\/www.fiemg.com.br\/regional-vale-do-paranaiba\/wp-json\/wp\/v2\/categories?post=2042"},{"taxonomy":"post_tag","embeddable":true,"href":"https:\/\/www.fiemg.com.br\/regional-vale-do-paranaiba\/wp-json\/wp\/v2\/tags?post=2042"}],"curies":[{"name":"wp","href":"https:\/\/api.w.org\/{rel}","templated":true}]}}