{"id":2082,"date":"2024-03-18T11:08:25","date_gmt":"2024-03-18T14:08:25","guid":{"rendered":"https:\/\/www.fiemg.com.br\/regional-vale-do-paranaiba\/?post_type=noticias&#038;p=2082"},"modified":"2024-05-10T11:08:55","modified_gmt":"2024-05-10T14:08:55","slug":"presidente-do-sindmob-uberlandia-recebe-consultor-especializado-na-area-moveleira-para-criacao-de-parcerias","status":"publish","type":"noticias","link":"https:\/\/www.fiemg.com.br\/regional-vale-do-paranaiba\/noticias\/presidente-do-sindmob-uberlandia-recebe-consultor-especializado-na-area-moveleira-para-criacao-de-parcerias\/","title":{"rendered":"Presidente do Sindmob Uberl\u00e2ndia recebe consultor especializado na \u00e1rea moveleira para cria\u00e7\u00e3o de parcerias"},"content":{"rendered":"\n<p>Na tarde desta segunda-feira (18), o mais novo Presidente do Sindmob, Wagner Luis, se reuniu com o empres\u00e1rio Jos\u00e9 Adriano Festa, propriet\u00e1rio da Erable Consultoria e Assessoria Empresarial, e com o Agente de Rela\u00e7\u00f5es Empresariais, M\u00e1rio S\u00e9rgio Pires.<\/p>\n\n\n\n<p>O encontro teve como objetivo elencar poss\u00edveis consultorias, para empresas associadas ao sindicato, atrav\u00e9s da Erable Consultoria e Asessoria Empresarial, especialista no segmento moveleiro. <\/p>\n\n\n\n<p>Esta \u00e9 mais uma das a\u00e7\u00f5es incentivadas pela FIEMG Regional Vale do Parana\u00edba atuando no fortalecimento do empresariado local e no fomento \u00e0 ind\u00fastria mineira. Conhe\u00e7a as demais atividades e servi\u00e7os ofertados pela Regional em @fiemgregionalvaledoparanaiba<\/p>\n","protected":false},"featured_media":1529,"template":"","categories":[],"tags":[],"class_list":["post-2082","noticias","type-noticias","status-publish","has-post-thumbnail","hentry"],"acf":[],"yoast_head":"<!-- This site is optimized with the Yoast SEO plugin v26.2 - https:\/\/yoast.com\/wordpress\/plugins\/seo\/ -->\n<title>Presidente do Sindmob Uberl\u00e2ndia recebe consultor especializado na \u00e1rea moveleira para cria\u00e7\u00e3o de parcerias - Regional Vale do Parana\u00edba<\/title>\n<meta name=\"robots\" content=\"index, follow, max-snippet:-1, max-image-preview:large, max-video-preview:-1\" \/>\n<link rel=\"canonical\" href=\"https:\/\/www.fiemg.com.br\/regional-vale-do-paranaiba\/noticias\/presidente-do-sindmob-uberlandia-recebe-consultor-especializado-na-area-moveleira-para-criacao-de-parcerias\/\" \/>\n<meta property=\"og:locale\" content=\"pt_BR\" \/>\n<meta property=\"og:type\" content=\"article\" \/>\n<meta property=\"og:title\" content=\"Presidente do Sindmob Uberl\u00e2ndia recebe consultor especializado na \u00e1rea moveleira para cria\u00e7\u00e3o de parcerias - Regional Vale do Parana\u00edba\" \/>\n<meta property=\"og:description\" content=\"Na tarde desta segunda-feira (18), o mais novo Presidente do Sindmob, Wagner Luis, se reuniu com o empres\u00e1rio Jos\u00e9 Adriano Festa, propriet\u00e1rio da Erable Consultoria e Assessoria Empresarial, e com o Agente de Rela\u00e7\u00f5es Empresariais, M\u00e1rio S\u00e9rgio Pires. O encontro teve como objetivo elencar poss\u00edveis consultorias, para empresas associadas ao sindicato, atrav\u00e9s da Erable Consultoria [&hellip;]\" \/>\n<meta property=\"og:url\" content=\"https:\/\/www.fiemg.com.br\/regional-vale-do-paranaiba\/noticias\/presidente-do-sindmob-uberlandia-recebe-consultor-especializado-na-area-moveleira-para-criacao-de-parcerias\/\" \/>\n<meta property=\"og:site_name\" content=\"Regional Vale do Parana\u00edba\" \/>\n<meta property=\"article:modified_time\" content=\"2024-05-10T14:08:55+00:00\" \/>\n<meta property=\"og:image\" content=\"https:\/\/www.fiemg.com.br\/regional-vale-do-paranaiba\/wp-content\/uploads\/sites\/24\/2023\/08\/default.png\" \/>\n\t<meta property=\"og:image:width\" content=\"300\" \/>\n\t<meta property=\"og:image:height\" content=\"300\" \/>\n\t<meta property=\"og:image:type\" content=\"image\/png\" \/>\n<meta name=\"twitter:card\" content=\"summary_large_image\" \/>\n<meta name=\"twitter:label1\" content=\"Est. tempo de leitura\" \/>\n\t<meta name=\"twitter:data1\" content=\"1 minuto\" \/>\n<script type=\"application\/ld+json\" class=\"yoast-schema-graph\">{\"@context\":\"https:\/\/schema.org\",\"@graph\":[{\"@type\":\"WebPage\",\"@id\":\"https:\/\/www.fiemg.com.br\/regional-vale-do-paranaiba\/noticias\/presidente-do-sindmob-uberlandia-recebe-consultor-especializado-na-area-moveleira-para-criacao-de-parcerias\/\",\"url\":\"https:\/\/www.fiemg.com.br\/regional-vale-do-paranaiba\/noticias\/presidente-do-sindmob-uberlandia-recebe-consultor-especializado-na-area-moveleira-para-criacao-de-parcerias\/\",\"name\":\"Presidente do Sindmob Uberl\u00e2ndia recebe consultor especializado na \u00e1rea moveleira para cria\u00e7\u00e3o de parcerias - Regional Vale do Parana\u00edba\",\"isPartOf\":{\"@id\":\"https:\/\/www.fiemg.com.br\/regional-vale-do-paranaiba\/#website\"},\"primaryImageOfPage\":{\"@id\":\"https:\/\/www.fiemg.com.br\/regional-vale-do-paranaiba\/noticias\/presidente-do-sindmob-uberlandia-recebe-consultor-especializado-na-area-moveleira-para-criacao-de-parcerias\/#primaryimage\"},\"image\":{\"@id\":\"https:\/\/www.fiemg.com.br\/regional-vale-do-paranaiba\/noticias\/presidente-do-sindmob-uberlandia-recebe-consultor-especializado-na-area-moveleira-para-criacao-de-parcerias\/#primaryimage\"},\"thumbnailUrl\":\"https:\/\/www.fiemg.com.br\/regional-vale-do-paranaiba\/wp-content\/uploads\/sites\/24\/2023\/08\/default.png\",\"datePublished\":\"2024-03-18T14:08:25+00:00\",\"dateModified\":\"2024-05-10T14:08:55+00:00\",\"breadcrumb\":{\"@id\":\"https:\/\/www.fiemg.com.br\/regional-vale-do-paranaiba\/noticias\/presidente-do-sindmob-uberlandia-recebe-consultor-especializado-na-area-moveleira-para-criacao-de-parcerias\/#breadcrumb\"},\"inLanguage\":\"pt-BR\",\"potentialAction\":[{\"@type\":\"ReadAction\",\"target\":[\"https:\/\/www.fiemg.com.br\/regional-vale-do-paranaiba\/noticias\/presidente-do-sindmob-uberlandia-recebe-consultor-especializado-na-area-moveleira-para-criacao-de-parcerias\/\"]}]},{\"@type\":\"ImageObject\",\"inLanguage\":\"pt-BR\",\"@id\":\"https:\/\/www.fiemg.com.br\/regional-vale-do-paranaiba\/noticias\/presidente-do-sindmob-uberlandia-recebe-consultor-especializado-na-area-moveleira-para-criacao-de-parcerias\/#primaryimage\",\"url\":\"https:\/\/www.fiemg.com.br\/regional-vale-do-paranaiba\/wp-content\/uploads\/sites\/24\/2023\/08\/default.png\",\"contentUrl\":\"https:\/\/www.fiemg.com.br\/regional-vale-do-paranaiba\/wp-content\/uploads\/sites\/24\/2023\/08\/default.png\",\"width\":300,\"height\":300},{\"@type\":\"BreadcrumbList\",\"@id\":\"https:\/\/www.fiemg.com.br\/regional-vale-do-paranaiba\/noticias\/presidente-do-sindmob-uberlandia-recebe-consultor-especializado-na-area-moveleira-para-criacao-de-parcerias\/#breadcrumb\",\"itemListElement\":[{\"@type\":\"ListItem\",\"position\":1,\"name\":\"In\u00edcio\",\"item\":\"https:\/\/www.fiemg.com.br\/regional-vale-do-paranaiba\/\"},{\"@type\":\"ListItem\",\"position\":2,\"name\":\"Presidente do Sindmob Uberl\u00e2ndia recebe consultor especializado na \u00e1rea moveleira para cria\u00e7\u00e3o de parcerias\"}]},{\"@type\":\"WebSite\",\"@id\":\"https:\/\/www.fiemg.com.br\/regional-vale-do-paranaiba\/#website\",\"url\":\"https:\/\/www.fiemg.com.br\/regional-vale-do-paranaiba\/\",\"name\":\"Regional Vale do Parana\u00edba\",\"description\":\"Federa\u00e7\u00e3o das Ind\u00fastrias do Estado de Minas Gerais\",\"publisher\":{\"@id\":\"https:\/\/www.fiemg.com.br\/regional-vale-do-paranaiba\/#organization\"},\"potentialAction\":[{\"@type\":\"SearchAction\",\"target\":{\"@type\":\"EntryPoint\",\"urlTemplate\":\"https:\/\/www.fiemg.com.br\/regional-vale-do-paranaiba\/?s={search_term_string}\"},\"query-input\":{\"@type\":\"PropertyValueSpecification\",\"valueRequired\":true,\"valueName\":\"search_term_string\"}}],\"inLanguage\":\"pt-BR\"},{\"@type\":\"Organization\",\"@id\":\"https:\/\/www.fiemg.com.br\/regional-vale-do-paranaiba\/#organization\",\"name\":\"Regional Vale do Parana\u00edba\",\"url\":\"https:\/\/www.fiemg.com.br\/regional-vale-do-paranaiba\/\",\"logo\":{\"@type\":\"ImageObject\",\"inLanguage\":\"pt-BR\",\"@id\":\"https:\/\/www.fiemg.com.br\/regional-vale-do-paranaiba\/#\/schema\/logo\/image\/\",\"url\":\"https:\/\/www.fiemg.com.br\/regional-vale-do-paranaiba\/wp-content\/uploads\/sites\/24\/2023\/02\/Ativo-1.png\",\"contentUrl\":\"https:\/\/www.fiemg.com.br\/regional-vale-do-paranaiba\/wp-content\/uploads\/sites\/24\/2023\/02\/Ativo-1.png\",\"width\":563,\"height\":149,\"caption\":\"Regional Vale do Parana\u00edba\"},\"image\":{\"@id\":\"https:\/\/www.fiemg.com.br\/regional-vale-do-paranaiba\/#\/schema\/logo\/image\/\"}}]}<\/script>\n<!-- \/ Yoast SEO plugin. -->","yoast_head_json":{"title":"Presidente do Sindmob Uberl\u00e2ndia recebe consultor especializado na \u00e1rea moveleira para cria\u00e7\u00e3o de parcerias - Regional Vale do Parana\u00edba","robots":{"index":"index","follow":"follow","max-snippet":"max-snippet:-1","max-image-preview":"max-image-preview:large","max-video-preview":"max-video-preview:-1"},"canonical":"https:\/\/www.fiemg.com.br\/regional-vale-do-paranaiba\/noticias\/presidente-do-sindmob-uberlandia-recebe-consultor-especializado-na-area-moveleira-para-criacao-de-parcerias\/","og_locale":"pt_BR","og_type":"article","og_title":"Presidente do Sindmob Uberl\u00e2ndia recebe consultor especializado na \u00e1rea moveleira para cria\u00e7\u00e3o de parcerias - Regional Vale do Parana\u00edba","og_description":"Na tarde desta segunda-feira (18), o mais novo Presidente do Sindmob, Wagner Luis, se reuniu com o empres\u00e1rio Jos\u00e9 Adriano Festa, propriet\u00e1rio da Erable Consultoria e Assessoria Empresarial, e com o Agente de Rela\u00e7\u00f5es Empresariais, M\u00e1rio S\u00e9rgio Pires. O encontro teve como objetivo elencar poss\u00edveis consultorias, para empresas associadas ao sindicato, atrav\u00e9s da Erable Consultoria [&hellip;]","og_url":"https:\/\/www.fiemg.com.br\/regional-vale-do-paranaiba\/noticias\/presidente-do-sindmob-uberlandia-recebe-consultor-especializado-na-area-moveleira-para-criacao-de-parcerias\/","og_site_name":"Regional Vale do Parana\u00edba","article_modified_time":"2024-05-10T14:08:55+00:00","og_image":[{"width":300,"height":300,"url":"https:\/\/www.fiemg.com.br\/regional-vale-do-paranaiba\/wp-content\/uploads\/sites\/24\/2023\/08\/default.png","type":"image\/png"}],"twitter_card":"summary_large_image","twitter_misc":{"Est. tempo de leitura":"1 minuto"},"schema":{"@context":"https:\/\/schema.org","@graph":[{"@type":"WebPage","@id":"https:\/\/www.fiemg.com.br\/regional-vale-do-paranaiba\/noticias\/presidente-do-sindmob-uberlandia-recebe-consultor-especializado-na-area-moveleira-para-criacao-de-parcerias\/","url":"https:\/\/www.fiemg.com.br\/regional-vale-do-paranaiba\/noticias\/presidente-do-sindmob-uberlandia-recebe-consultor-especializado-na-area-moveleira-para-criacao-de-parcerias\/","name":"Presidente do Sindmob Uberl\u00e2ndia recebe consultor especializado na \u00e1rea moveleira para cria\u00e7\u00e3o de parcerias - Regional Vale do Parana\u00edba","isPartOf":{"@id":"https:\/\/www.fiemg.com.br\/regional-vale-do-paranaiba\/#website"},"primaryImageOfPage":{"@id":"https:\/\/www.fiemg.com.br\/regional-vale-do-paranaiba\/noticias\/presidente-do-sindmob-uberlandia-recebe-consultor-especializado-na-area-moveleira-para-criacao-de-parcerias\/#primaryimage"},"image":{"@id":"https:\/\/www.fiemg.com.br\/regional-vale-do-paranaiba\/noticias\/presidente-do-sindmob-uberlandia-recebe-consultor-especializado-na-area-moveleira-para-criacao-de-parcerias\/#primaryimage"},"thumbnailUrl":"https:\/\/www.fiemg.com.br\/regional-vale-do-paranaiba\/wp-content\/uploads\/sites\/24\/2023\/08\/default.png","datePublished":"2024-03-18T14:08:25+00:00","dateModified":"2024-05-10T14:08:55+00:00","breadcrumb":{"@id":"https:\/\/www.fiemg.com.br\/regional-vale-do-paranaiba\/noticias\/presidente-do-sindmob-uberlandia-recebe-consultor-especializado-na-area-moveleira-para-criacao-de-parcerias\/#breadcrumb"},"inLanguage":"pt-BR","potentialAction":[{"@type":"ReadAction","target":["https:\/\/www.fiemg.com.br\/regional-vale-do-paranaiba\/noticias\/presidente-do-sindmob-uberlandia-recebe-consultor-especializado-na-area-moveleira-para-criacao-de-parcerias\/"]}]},{"@type":"ImageObject","inLanguage":"pt-BR","@id":"https:\/\/www.fiemg.com.br\/regional-vale-do-paranaiba\/noticias\/presidente-do-sindmob-uberlandia-recebe-consultor-especializado-na-area-moveleira-para-criacao-de-parcerias\/#primaryimage","url":"https:\/\/www.fiemg.com.br\/regional-vale-do-paranaiba\/wp-content\/uploads\/sites\/24\/2023\/08\/default.png","contentUrl":"https:\/\/www.fiemg.com.br\/regional-vale-do-paranaiba\/wp-content\/uploads\/sites\/24\/2023\/08\/default.png","width":300,"height":300},{"@type":"BreadcrumbList","@id":"https:\/\/www.fiemg.com.br\/regional-vale-do-paranaiba\/noticias\/presidente-do-sindmob-uberlandia-recebe-consultor-especializado-na-area-moveleira-para-criacao-de-parcerias\/#breadcrumb","itemListElement":[{"@type":"ListItem","position":1,"name":"In\u00edcio","item":"https:\/\/www.fiemg.com.br\/regional-vale-do-paranaiba\/"},{"@type":"ListItem","position":2,"name":"Presidente do Sindmob Uberl\u00e2ndia recebe consultor especializado na \u00e1rea moveleira para cria\u00e7\u00e3o de parcerias"}]},{"@type":"WebSite","@id":"https:\/\/www.fiemg.com.br\/regional-vale-do-paranaiba\/#website","url":"https:\/\/www.fiemg.com.br\/regional-vale-do-paranaiba\/","name":"Regional Vale do Parana\u00edba","description":"Federa\u00e7\u00e3o das Ind\u00fastrias do Estado de Minas Gerais","publisher":{"@id":"https:\/\/www.fiemg.com.br\/regional-vale-do-paranaiba\/#organization"},"potentialAction":[{"@type":"SearchAction","target":{"@type":"EntryPoint","urlTemplate":"https:\/\/www.fiemg.com.br\/regional-vale-do-paranaiba\/?s={search_term_string}"},"query-input":{"@type":"PropertyValueSpecification","valueRequired":true,"valueName":"search_term_string"}}],"inLanguage":"pt-BR"},{"@type":"Organization","@id":"https:\/\/www.fiemg.com.br\/regional-vale-do-paranaiba\/#organization","name":"Regional Vale do Parana\u00edba","url":"https:\/\/www.fiemg.com.br\/regional-vale-do-paranaiba\/","logo":{"@type":"ImageObject","inLanguage":"pt-BR","@id":"https:\/\/www.fiemg.com.br\/regional-vale-do-paranaiba\/#\/schema\/logo\/image\/","url":"https:\/\/www.fiemg.com.br\/regional-vale-do-paranaiba\/wp-content\/uploads\/sites\/24\/2023\/02\/Ativo-1.png","contentUrl":"https:\/\/www.fiemg.com.br\/regional-vale-do-paranaiba\/wp-content\/uploads\/sites\/24\/2023\/02\/Ativo-1.png","width":563,"height":149,"caption":"Regional Vale do Parana\u00edba"},"image":{"@id":"https:\/\/www.fiemg.com.br\/regional-vale-do-paranaiba\/#\/schema\/logo\/image\/"}}]}},"_links":{"self":[{"href":"https:\/\/www.fiemg.com.br\/regional-vale-do-paranaiba\/wp-json\/wp\/v2\/noticias\/2082","targetHints":{"allow":["GET"]}}],"collection":[{"href":"https:\/\/www.fiemg.com.br\/regional-vale-do-paranaiba\/wp-json\/wp\/v2\/noticias"}],"about":[{"href":"https:\/\/www.fiemg.com.br\/regional-vale-do-paranaiba\/wp-json\/wp\/v2\/types\/noticias"}],"wp:featuredmedia":[{"embeddable":true,"href":"https:\/\/www.fiemg.com.br\/regional-vale-do-paranaiba\/wp-json\/wp\/v2\/media\/1529"}],"wp:attachment":[{"href":"https:\/\/www.fiemg.com.br\/regional-vale-do-paranaiba\/wp-json\/wp\/v2\/media?parent=2082"}],"wp:term":[{"taxonomy":"category","embeddable":true,"href":"https:\/\/www.fiemg.com.br\/regional-vale-do-paranaiba\/wp-json\/wp\/v2\/categories?post=2082"},{"taxonomy":"post_tag","embeddable":true,"href":"https:\/\/www.fiemg.com.br\/regional-vale-do-paranaiba\/wp-json\/wp\/v2\/tags?post=2082"}],"curies":[{"name":"wp","href":"https:\/\/api.w.org\/{rel}","templated":true}]}}