{"id":2088,"date":"2024-02-19T09:26:16","date_gmt":"2024-02-19T12:26:16","guid":{"rendered":"https:\/\/www.fiemg.com.br\/regional-vale-do-paranaiba\/?post_type=noticias&#038;p=2088"},"modified":"2024-05-14T09:28:12","modified_gmt":"2024-05-14T12:28:12","slug":"projeto-de-tampinha-em-tampinha-do-senai-busca-incentivar-a-reciclagem","status":"publish","type":"noticias","link":"https:\/\/www.fiemg.com.br\/regional-vale-do-paranaiba\/noticias\/projeto-de-tampinha-em-tampinha-do-senai-busca-incentivar-a-reciclagem\/","title":{"rendered":"Projeto &#8220;De tampinha em tampinha&#8221; do SENAI busca incentivar a reciclagem em parceria com empresa local"},"content":{"rendered":"\n<p>O projeto surgiu em novembro de 2023 e tem parceria com a empresa RECICLA &#8211; Arte em pl\u00e1stico e ARCA (Associa\u00e7\u00e3o de Recicladores e Catadores Aut\u00f4nomos) juntamente com o apoio dos instrutores e curso t\u00e9cnico em Meio Ambiente do SENAI. A iniciativa foi idealizada pela empresa RECICLA!, como uma forma de Sensibilizar a comunidade sobre a import\u00e2ncia da destina\u00e7\u00e3o adequada de recicl\u00e1veis para a reciclagem, atrav\u00e9s de uma Campanha de Mobiliza\u00e7\u00e3o de recolhimento de garrafas PET separando as Tampinhas, gerando trabalho para os catadores nas associa\u00e7\u00f5es e protegendo os rios e oceanos da polui\u00e7\u00e3o pl\u00e1stica.<\/p>\n\n\n\n<p>Em um primeiro momento, os alunos do curso t\u00e9cnico em meio ambiente, juntamente com a Instrutora Ingrid Pacheco, visitaram a ARCA para entender o funcionamento e o processo de recebimento, triagem e venda dos materiais recicl\u00e1veis provenientes da coleta seletiva da cidade. Agora, em 2024, os estudantes elaboraram um trabalho de Campanha de Mobiliza\u00e7\u00e3o, onde criou-se uma rede social <strong>@tecmeio_ambiente<\/strong>, que conta com publica\u00e7\u00f5es voltadas para mobiliza\u00e7\u00e3o da comunidade.&nbsp;<\/p>\n\n\n\n<p><strong>Impactando o meio ambiente&nbsp;<\/strong><\/p>\n\n\n\n<p>O projeto gera uma redu\u00e7\u00e3o dos impactos ambientais, tendo como objetivos a&nbsp; prote\u00e7\u00e3o e redu\u00e7\u00e3o da polui\u00e7\u00e3o pl\u00e1stica do solo e a contamina\u00e7\u00e3o de fauna e flora, o que evita que dejetos cheguem at\u00e9 o Rio Uberabinha que corta a cidade de Uberl\u00e2ndia. Al\u00e9m disso, uma vez que separamos os pl\u00e1sticos, eles podem ser utilizados como mat\u00e9ria prima para novos produtos, promovendo assim a <strong>Economia Circular <\/strong>e evitando a grande demanda por mat\u00e9ria prima extra\u00edda diretamente dos recursos naturais.&nbsp;<\/p>\n\n\n\n<p>Devido a isso, todos os materiais ser\u00e3o destinados para a Associa\u00e7\u00e3o de Recicladores e Catadores de Uberl\u00e2ndia \u2013 ARCA, com o intuito de promover um impacto social na gera\u00e7\u00e3o de trabalho para os catadores da institui\u00e7\u00e3o, visando transformar as tampinhas de pl\u00e1stico PP e PEAD em novos produtos ap\u00f3s tritura\u00e7\u00e3o e derretimento das mesmas, podendo gerar produtos diversos como brinquedos, vaso de planta, potes, dentre outros.<\/p>\n\n\n\n<p><strong>N\u00e3o fique de fora!<\/strong><\/p>\n\n\n\n<p>No SENAI, os alunos passaram em todas as salas de aula realizando palestras de Educa\u00e7\u00e3o Ambiental, conscientizando cerca de 480 alunos e colaboradores da unidade.&nbsp;<\/p>\n\n\n\n<p>O projeto tem como meta para todas as pessoas envolvidas, tanto da comunidade, quanto do SENAI, levar pelo menos uma garrafa PET com tampinha por semana para um local comum em uma campanha de recolhimento e tamb\u00e9m fazer a separa\u00e7\u00e3o correta ap\u00f3s consumo no SENAI, com a meta de em 1 m\u00eas recolher mais de 10.000 garrafas PET&nbsp; e tampinhas.<\/p>\n\n\n\n<p>Participe e ajude a iniciativa a alcan\u00e7ar mais pessoas. Juntos somos mais fortes!&nbsp;<\/p>\n\n\n\n<p><strong>Onde doar?&nbsp;<\/strong><\/p>\n\n\n\n<ul class=\"wp-block-list\">\n<li><strong>Unidade <\/strong><strong>SENAI Santa Rosa CFP Dr. Celso Charuri<\/strong><strong><\/strong><br>Endere\u00e7o: Av. Elis Regina, 370 &#8211; Santa Rosa<\/li>\n\n\n\n<li><strong>DMAE Uberl\u00e2ndia<\/strong><br>Endere\u00e7o:&nbsp; Av. Rondon Pacheco, 6400 &#8211; Tibery<\/li>\n\n\n\n<li><strong>Associa\u00e7\u00e3o de Recicladores e Catadores Aut\u00f4nomos (ARCA)<\/strong><br>Endere\u00e7o: Avenida Joaquim Ribeiro, N\u00ba 477 &#8211; Bairro Santa Luzia<\/li>\n<\/ul>\n","protected":false},"featured_media":2089,"template":"","categories":[],"tags":[],"class_list":["post-2088","noticias","type-noticias","status-publish","has-post-thumbnail","hentry"],"acf":[],"yoast_head":"<!-- This site is optimized with the Yoast SEO plugin v26.2 - https:\/\/yoast.com\/wordpress\/plugins\/seo\/ -->\n<title>Projeto &quot;De tampinha em tampinha&quot; do SENAI busca incentivar a reciclagem em parceria com empresa local - Regional Vale do Parana\u00edba<\/title>\n<meta name=\"robots\" content=\"index, follow, max-snippet:-1, max-image-preview:large, max-video-preview:-1\" \/>\n<link rel=\"canonical\" href=\"https:\/\/www.fiemg.com.br\/regional-vale-do-paranaiba\/noticias\/projeto-de-tampinha-em-tampinha-do-senai-busca-incentivar-a-reciclagem\/\" \/>\n<meta property=\"og:locale\" content=\"pt_BR\" \/>\n<meta property=\"og:type\" content=\"article\" \/>\n<meta property=\"og:title\" content=\"Projeto &quot;De tampinha em tampinha&quot; do SENAI busca incentivar a reciclagem em parceria com empresa local - Regional Vale do Parana\u00edba\" \/>\n<meta property=\"og:description\" content=\"O projeto surgiu em novembro de 2023 e tem parceria com a empresa RECICLA &#8211; Arte em pl\u00e1stico e ARCA (Associa\u00e7\u00e3o de Recicladores e Catadores Aut\u00f4nomos) juntamente com o apoio dos instrutores e curso t\u00e9cnico em Meio Ambiente do SENAI. A iniciativa foi idealizada pela empresa RECICLA!, como uma forma de Sensibilizar a comunidade sobre [&hellip;]\" \/>\n<meta property=\"og:url\" content=\"https:\/\/www.fiemg.com.br\/regional-vale-do-paranaiba\/noticias\/projeto-de-tampinha-em-tampinha-do-senai-busca-incentivar-a-reciclagem\/\" \/>\n<meta property=\"og:site_name\" content=\"Regional Vale do Parana\u00edba\" \/>\n<meta property=\"article:modified_time\" content=\"2024-05-14T12:28:12+00:00\" \/>\n<meta property=\"og:image\" content=\"https:\/\/www.fiemg.com.br\/regional-vale-do-paranaiba\/wp-content\/uploads\/sites\/24\/2024\/05\/tampinha-e1715689640953.png\" \/>\n\t<meta property=\"og:image:width\" content=\"200\" \/>\n\t<meta property=\"og:image:height\" content=\"197\" \/>\n\t<meta property=\"og:image:type\" content=\"image\/png\" \/>\n<meta name=\"twitter:card\" content=\"summary_large_image\" \/>\n<meta name=\"twitter:label1\" content=\"Est. tempo de leitura\" \/>\n\t<meta name=\"twitter:data1\" content=\"3 minutos\" \/>\n<script type=\"application\/ld+json\" class=\"yoast-schema-graph\">{\"@context\":\"https:\/\/schema.org\",\"@graph\":[{\"@type\":\"WebPage\",\"@id\":\"https:\/\/www.fiemg.com.br\/regional-vale-do-paranaiba\/noticias\/projeto-de-tampinha-em-tampinha-do-senai-busca-incentivar-a-reciclagem\/\",\"url\":\"https:\/\/www.fiemg.com.br\/regional-vale-do-paranaiba\/noticias\/projeto-de-tampinha-em-tampinha-do-senai-busca-incentivar-a-reciclagem\/\",\"name\":\"Projeto \\\"De tampinha em tampinha\\\" do SENAI busca incentivar a reciclagem em parceria com empresa local - Regional Vale do Parana\u00edba\",\"isPartOf\":{\"@id\":\"https:\/\/www.fiemg.com.br\/regional-vale-do-paranaiba\/#website\"},\"primaryImageOfPage\":{\"@id\":\"https:\/\/www.fiemg.com.br\/regional-vale-do-paranaiba\/noticias\/projeto-de-tampinha-em-tampinha-do-senai-busca-incentivar-a-reciclagem\/#primaryimage\"},\"image\":{\"@id\":\"https:\/\/www.fiemg.com.br\/regional-vale-do-paranaiba\/noticias\/projeto-de-tampinha-em-tampinha-do-senai-busca-incentivar-a-reciclagem\/#primaryimage\"},\"thumbnailUrl\":\"https:\/\/www.fiemg.com.br\/regional-vale-do-paranaiba\/wp-content\/uploads\/sites\/24\/2024\/05\/tampinha-e1715689640953.png\",\"datePublished\":\"2024-02-19T12:26:16+00:00\",\"dateModified\":\"2024-05-14T12:28:12+00:00\",\"breadcrumb\":{\"@id\":\"https:\/\/www.fiemg.com.br\/regional-vale-do-paranaiba\/noticias\/projeto-de-tampinha-em-tampinha-do-senai-busca-incentivar-a-reciclagem\/#breadcrumb\"},\"inLanguage\":\"pt-BR\",\"potentialAction\":[{\"@type\":\"ReadAction\",\"target\":[\"https:\/\/www.fiemg.com.br\/regional-vale-do-paranaiba\/noticias\/projeto-de-tampinha-em-tampinha-do-senai-busca-incentivar-a-reciclagem\/\"]}]},{\"@type\":\"ImageObject\",\"inLanguage\":\"pt-BR\",\"@id\":\"https:\/\/www.fiemg.com.br\/regional-vale-do-paranaiba\/noticias\/projeto-de-tampinha-em-tampinha-do-senai-busca-incentivar-a-reciclagem\/#primaryimage\",\"url\":\"https:\/\/www.fiemg.com.br\/regional-vale-do-paranaiba\/wp-content\/uploads\/sites\/24\/2024\/05\/tampinha-e1715689640953.png\",\"contentUrl\":\"https:\/\/www.fiemg.com.br\/regional-vale-do-paranaiba\/wp-content\/uploads\/sites\/24\/2024\/05\/tampinha-e1715689640953.png\",\"width\":200,\"height\":197},{\"@type\":\"BreadcrumbList\",\"@id\":\"https:\/\/www.fiemg.com.br\/regional-vale-do-paranaiba\/noticias\/projeto-de-tampinha-em-tampinha-do-senai-busca-incentivar-a-reciclagem\/#breadcrumb\",\"itemListElement\":[{\"@type\":\"ListItem\",\"position\":1,\"name\":\"In\u00edcio\",\"item\":\"https:\/\/www.fiemg.com.br\/regional-vale-do-paranaiba\/\"},{\"@type\":\"ListItem\",\"position\":2,\"name\":\"Projeto &#8220;De tampinha em tampinha&#8221; do SENAI busca incentivar a reciclagem em parceria com empresa local\"}]},{\"@type\":\"WebSite\",\"@id\":\"https:\/\/www.fiemg.com.br\/regional-vale-do-paranaiba\/#website\",\"url\":\"https:\/\/www.fiemg.com.br\/regional-vale-do-paranaiba\/\",\"name\":\"Regional Vale do Parana\u00edba\",\"description\":\"Federa\u00e7\u00e3o das Ind\u00fastrias do Estado de Minas Gerais\",\"publisher\":{\"@id\":\"https:\/\/www.fiemg.com.br\/regional-vale-do-paranaiba\/#organization\"},\"potentialAction\":[{\"@type\":\"SearchAction\",\"target\":{\"@type\":\"EntryPoint\",\"urlTemplate\":\"https:\/\/www.fiemg.com.br\/regional-vale-do-paranaiba\/?s={search_term_string}\"},\"query-input\":{\"@type\":\"PropertyValueSpecification\",\"valueRequired\":true,\"valueName\":\"search_term_string\"}}],\"inLanguage\":\"pt-BR\"},{\"@type\":\"Organization\",\"@id\":\"https:\/\/www.fiemg.com.br\/regional-vale-do-paranaiba\/#organization\",\"name\":\"Regional Vale do Parana\u00edba\",\"url\":\"https:\/\/www.fiemg.com.br\/regional-vale-do-paranaiba\/\",\"logo\":{\"@type\":\"ImageObject\",\"inLanguage\":\"pt-BR\",\"@id\":\"https:\/\/www.fiemg.com.br\/regional-vale-do-paranaiba\/#\/schema\/logo\/image\/\",\"url\":\"https:\/\/www.fiemg.com.br\/regional-vale-do-paranaiba\/wp-content\/uploads\/sites\/24\/2023\/02\/Ativo-1.png\",\"contentUrl\":\"https:\/\/www.fiemg.com.br\/regional-vale-do-paranaiba\/wp-content\/uploads\/sites\/24\/2023\/02\/Ativo-1.png\",\"width\":563,\"height\":149,\"caption\":\"Regional Vale do Parana\u00edba\"},\"image\":{\"@id\":\"https:\/\/www.fiemg.com.br\/regional-vale-do-paranaiba\/#\/schema\/logo\/image\/\"}}]}<\/script>\n<!-- \/ Yoast SEO plugin. -->","yoast_head_json":{"title":"Projeto \"De tampinha em tampinha\" do SENAI busca incentivar a reciclagem em parceria com empresa local - Regional Vale do Parana\u00edba","robots":{"index":"index","follow":"follow","max-snippet":"max-snippet:-1","max-image-preview":"max-image-preview:large","max-video-preview":"max-video-preview:-1"},"canonical":"https:\/\/www.fiemg.com.br\/regional-vale-do-paranaiba\/noticias\/projeto-de-tampinha-em-tampinha-do-senai-busca-incentivar-a-reciclagem\/","og_locale":"pt_BR","og_type":"article","og_title":"Projeto \"De tampinha em tampinha\" do SENAI busca incentivar a reciclagem em parceria com empresa local - Regional Vale do Parana\u00edba","og_description":"O projeto surgiu em novembro de 2023 e tem parceria com a empresa RECICLA &#8211; Arte em pl\u00e1stico e ARCA (Associa\u00e7\u00e3o de Recicladores e Catadores Aut\u00f4nomos) juntamente com o apoio dos instrutores e curso t\u00e9cnico em Meio Ambiente do SENAI. A iniciativa foi idealizada pela empresa RECICLA!, como uma forma de Sensibilizar a comunidade sobre [&hellip;]","og_url":"https:\/\/www.fiemg.com.br\/regional-vale-do-paranaiba\/noticias\/projeto-de-tampinha-em-tampinha-do-senai-busca-incentivar-a-reciclagem\/","og_site_name":"Regional Vale do Parana\u00edba","article_modified_time":"2024-05-14T12:28:12+00:00","og_image":[{"width":200,"height":197,"url":"https:\/\/www.fiemg.com.br\/regional-vale-do-paranaiba\/wp-content\/uploads\/sites\/24\/2024\/05\/tampinha-e1715689640953.png","type":"image\/png"}],"twitter_card":"summary_large_image","twitter_misc":{"Est. tempo de leitura":"3 minutos"},"schema":{"@context":"https:\/\/schema.org","@graph":[{"@type":"WebPage","@id":"https:\/\/www.fiemg.com.br\/regional-vale-do-paranaiba\/noticias\/projeto-de-tampinha-em-tampinha-do-senai-busca-incentivar-a-reciclagem\/","url":"https:\/\/www.fiemg.com.br\/regional-vale-do-paranaiba\/noticias\/projeto-de-tampinha-em-tampinha-do-senai-busca-incentivar-a-reciclagem\/","name":"Projeto \"De tampinha em tampinha\" do SENAI busca incentivar a reciclagem em parceria com empresa local - Regional Vale do Parana\u00edba","isPartOf":{"@id":"https:\/\/www.fiemg.com.br\/regional-vale-do-paranaiba\/#website"},"primaryImageOfPage":{"@id":"https:\/\/www.fiemg.com.br\/regional-vale-do-paranaiba\/noticias\/projeto-de-tampinha-em-tampinha-do-senai-busca-incentivar-a-reciclagem\/#primaryimage"},"image":{"@id":"https:\/\/www.fiemg.com.br\/regional-vale-do-paranaiba\/noticias\/projeto-de-tampinha-em-tampinha-do-senai-busca-incentivar-a-reciclagem\/#primaryimage"},"thumbnailUrl":"https:\/\/www.fiemg.com.br\/regional-vale-do-paranaiba\/wp-content\/uploads\/sites\/24\/2024\/05\/tampinha-e1715689640953.png","datePublished":"2024-02-19T12:26:16+00:00","dateModified":"2024-05-14T12:28:12+00:00","breadcrumb":{"@id":"https:\/\/www.fiemg.com.br\/regional-vale-do-paranaiba\/noticias\/projeto-de-tampinha-em-tampinha-do-senai-busca-incentivar-a-reciclagem\/#breadcrumb"},"inLanguage":"pt-BR","potentialAction":[{"@type":"ReadAction","target":["https:\/\/www.fiemg.com.br\/regional-vale-do-paranaiba\/noticias\/projeto-de-tampinha-em-tampinha-do-senai-busca-incentivar-a-reciclagem\/"]}]},{"@type":"ImageObject","inLanguage":"pt-BR","@id":"https:\/\/www.fiemg.com.br\/regional-vale-do-paranaiba\/noticias\/projeto-de-tampinha-em-tampinha-do-senai-busca-incentivar-a-reciclagem\/#primaryimage","url":"https:\/\/www.fiemg.com.br\/regional-vale-do-paranaiba\/wp-content\/uploads\/sites\/24\/2024\/05\/tampinha-e1715689640953.png","contentUrl":"https:\/\/www.fiemg.com.br\/regional-vale-do-paranaiba\/wp-content\/uploads\/sites\/24\/2024\/05\/tampinha-e1715689640953.png","width":200,"height":197},{"@type":"BreadcrumbList","@id":"https:\/\/www.fiemg.com.br\/regional-vale-do-paranaiba\/noticias\/projeto-de-tampinha-em-tampinha-do-senai-busca-incentivar-a-reciclagem\/#breadcrumb","itemListElement":[{"@type":"ListItem","position":1,"name":"In\u00edcio","item":"https:\/\/www.fiemg.com.br\/regional-vale-do-paranaiba\/"},{"@type":"ListItem","position":2,"name":"Projeto &#8220;De tampinha em tampinha&#8221; do SENAI busca incentivar a reciclagem em parceria com empresa local"}]},{"@type":"WebSite","@id":"https:\/\/www.fiemg.com.br\/regional-vale-do-paranaiba\/#website","url":"https:\/\/www.fiemg.com.br\/regional-vale-do-paranaiba\/","name":"Regional Vale do Parana\u00edba","description":"Federa\u00e7\u00e3o das Ind\u00fastrias do Estado de Minas Gerais","publisher":{"@id":"https:\/\/www.fiemg.com.br\/regional-vale-do-paranaiba\/#organization"},"potentialAction":[{"@type":"SearchAction","target":{"@type":"EntryPoint","urlTemplate":"https:\/\/www.fiemg.com.br\/regional-vale-do-paranaiba\/?s={search_term_string}"},"query-input":{"@type":"PropertyValueSpecification","valueRequired":true,"valueName":"search_term_string"}}],"inLanguage":"pt-BR"},{"@type":"Organization","@id":"https:\/\/www.fiemg.com.br\/regional-vale-do-paranaiba\/#organization","name":"Regional Vale do Parana\u00edba","url":"https:\/\/www.fiemg.com.br\/regional-vale-do-paranaiba\/","logo":{"@type":"ImageObject","inLanguage":"pt-BR","@id":"https:\/\/www.fiemg.com.br\/regional-vale-do-paranaiba\/#\/schema\/logo\/image\/","url":"https:\/\/www.fiemg.com.br\/regional-vale-do-paranaiba\/wp-content\/uploads\/sites\/24\/2023\/02\/Ativo-1.png","contentUrl":"https:\/\/www.fiemg.com.br\/regional-vale-do-paranaiba\/wp-content\/uploads\/sites\/24\/2023\/02\/Ativo-1.png","width":563,"height":149,"caption":"Regional Vale do Parana\u00edba"},"image":{"@id":"https:\/\/www.fiemg.com.br\/regional-vale-do-paranaiba\/#\/schema\/logo\/image\/"}}]}},"_links":{"self":[{"href":"https:\/\/www.fiemg.com.br\/regional-vale-do-paranaiba\/wp-json\/wp\/v2\/noticias\/2088","targetHints":{"allow":["GET"]}}],"collection":[{"href":"https:\/\/www.fiemg.com.br\/regional-vale-do-paranaiba\/wp-json\/wp\/v2\/noticias"}],"about":[{"href":"https:\/\/www.fiemg.com.br\/regional-vale-do-paranaiba\/wp-json\/wp\/v2\/types\/noticias"}],"wp:featuredmedia":[{"embeddable":true,"href":"https:\/\/www.fiemg.com.br\/regional-vale-do-paranaiba\/wp-json\/wp\/v2\/media\/2089"}],"wp:attachment":[{"href":"https:\/\/www.fiemg.com.br\/regional-vale-do-paranaiba\/wp-json\/wp\/v2\/media?parent=2088"}],"wp:term":[{"taxonomy":"category","embeddable":true,"href":"https:\/\/www.fiemg.com.br\/regional-vale-do-paranaiba\/wp-json\/wp\/v2\/categories?post=2088"},{"taxonomy":"post_tag","embeddable":true,"href":"https:\/\/www.fiemg.com.br\/regional-vale-do-paranaiba\/wp-json\/wp\/v2\/tags?post=2088"}],"curies":[{"name":"wp","href":"https:\/\/api.w.org\/{rel}","templated":true}]}}