{"id":2117,"date":"2024-05-17T11:05:54","date_gmt":"2024-05-17T14:05:54","guid":{"rendered":"https:\/\/www.fiemg.com.br\/regional-vale-do-paranaiba\/?post_type=noticias&#038;p=2117"},"modified":"2024-05-17T11:21:38","modified_gmt":"2024-05-17T14:21:38","slug":"g7-se-reune-no-36o-batalhao-de-infantaria-mecanizada-em-uberlandia","status":"publish","type":"noticias","link":"https:\/\/www.fiemg.com.br\/regional-vale-do-paranaiba\/noticias\/g7-se-reune-no-36o-batalhao-de-infantaria-mecanizada-em-uberlandia\/","title":{"rendered":"G7 se re\u00fane no 36\u00ba Batalh\u00e3o de Infantaria Mecanizada em Uberl\u00e2ndia"},"content":{"rendered":"\n<p>O G7 Uberl\u00e2ndia \u00e9 composto pelas 7 principais entidades de classe do munic\u00edpio: FIEMG Regional Vale do Parana\u00edba, ACIUB, Unedi, OAB, Ma\u00e7onaria, CDL e Sociedade M\u00e9dica.<\/p>\n\n\n\n<p>Na manh\u00e3 de hoje o grupo foi convidado a participar de uma reuni\u00e3o com o comandante do Batalh\u00e3o, o senhor Felipe Barroso, que apresentou as principais atividades realizadas pelo Ex\u00e9rcito n\u00e3o somente em Uberl\u00e2ndia mas em a\u00e7\u00f5es nacionais.<\/p>\n\n\n\n<p>O presidente do Sindmetal, senhor Arquimedes Rosa, representou o presidente da FIEMG Regional Vale do Parana\u00edba, senhor Jos\u00e9 Alves Ferreira Filho.<\/p>\n\n\n\n<p>O principal ponto abordado e que atende diretamente as expectativas da Federa\u00e7\u00e3o \u00e9 um banco de talentos gerado anualmente pelo Ex\u00e9rcito com os soldados com bom comportamento, e que podem ser contratados pela iniciativa privada posteriormente. &#8220;N\u00f3s temos uma necessidade muito grande de m\u00e3o de obra qualificada nas empresas, esta indica\u00e7\u00e3o do ex\u00e9rcito vai nos ajudar muito principalmente que hoje em dia n\u00e3o encontramos jovens com o h\u00e1bito de obedecer hierarquias e normas internas, valores priorit\u00e1rios no Batalh\u00e3o.&#8221;<\/p>\n\n\n\n<p>O comandante citado ficou \u00e0 disposi\u00e7\u00e3o da Federa\u00e7\u00e3o para o repasse destas informa\u00e7\u00f5es para que o empresariado possa realizar futuras contrata\u00e7\u00f5es bem sucedidas.<\/p>\n","protected":false},"featured_media":2118,"template":"","categories":[],"tags":[],"class_list":["post-2117","noticias","type-noticias","status-publish","has-post-thumbnail","hentry"],"acf":[],"yoast_head":"<!-- This site is optimized with the Yoast SEO plugin v26.2 - https:\/\/yoast.com\/wordpress\/plugins\/seo\/ -->\n<title>G7 se re\u00fane no 36\u00ba Batalh\u00e3o de Infantaria Mecanizada em Uberl\u00e2ndia - Regional Vale do Parana\u00edba<\/title>\n<meta name=\"robots\" content=\"index, follow, max-snippet:-1, max-image-preview:large, max-video-preview:-1\" \/>\n<link rel=\"canonical\" href=\"https:\/\/www.fiemg.com.br\/regional-vale-do-paranaiba\/noticias\/g7-se-reune-no-36o-batalhao-de-infantaria-mecanizada-em-uberlandia\/\" \/>\n<meta property=\"og:locale\" content=\"pt_BR\" \/>\n<meta property=\"og:type\" content=\"article\" \/>\n<meta property=\"og:title\" content=\"G7 se re\u00fane no 36\u00ba Batalh\u00e3o de Infantaria Mecanizada em Uberl\u00e2ndia - Regional Vale do Parana\u00edba\" \/>\n<meta property=\"og:description\" content=\"O G7 Uberl\u00e2ndia \u00e9 composto pelas 7 principais entidades de classe do munic\u00edpio: FIEMG Regional Vale do Parana\u00edba, ACIUB, Unedi, OAB, Ma\u00e7onaria, CDL e Sociedade M\u00e9dica. Na manh\u00e3 de hoje o grupo foi convidado a participar de uma reuni\u00e3o com o comandante do Batalh\u00e3o, o senhor Felipe Barroso, que apresentou as principais atividades realizadas pelo [&hellip;]\" \/>\n<meta property=\"og:url\" content=\"https:\/\/www.fiemg.com.br\/regional-vale-do-paranaiba\/noticias\/g7-se-reune-no-36o-batalhao-de-infantaria-mecanizada-em-uberlandia\/\" \/>\n<meta property=\"og:site_name\" content=\"Regional Vale do Parana\u00edba\" \/>\n<meta property=\"article:modified_time\" content=\"2024-05-17T14:21:38+00:00\" \/>\n<meta property=\"og:image\" content=\"https:\/\/www.fiemg.com.br\/regional-vale-do-paranaiba\/wp-content\/uploads\/sites\/24\/2024\/05\/WhatsApp-Image-2024-05-17-at-10.57.53-e1715954748364.jpeg\" \/>\n\t<meta property=\"og:image:width\" content=\"300\" \/>\n\t<meta property=\"og:image:height\" content=\"225\" \/>\n\t<meta property=\"og:image:type\" content=\"image\/jpeg\" \/>\n<meta name=\"twitter:card\" content=\"summary_large_image\" \/>\n<meta name=\"twitter:label1\" content=\"Est. tempo de leitura\" \/>\n\t<meta name=\"twitter:data1\" content=\"2 minutos\" \/>\n<script type=\"application\/ld+json\" class=\"yoast-schema-graph\">{\"@context\":\"https:\/\/schema.org\",\"@graph\":[{\"@type\":\"WebPage\",\"@id\":\"https:\/\/www.fiemg.com.br\/regional-vale-do-paranaiba\/noticias\/g7-se-reune-no-36o-batalhao-de-infantaria-mecanizada-em-uberlandia\/\",\"url\":\"https:\/\/www.fiemg.com.br\/regional-vale-do-paranaiba\/noticias\/g7-se-reune-no-36o-batalhao-de-infantaria-mecanizada-em-uberlandia\/\",\"name\":\"G7 se re\u00fane no 36\u00ba Batalh\u00e3o de Infantaria Mecanizada em Uberl\u00e2ndia - Regional Vale do Parana\u00edba\",\"isPartOf\":{\"@id\":\"https:\/\/www.fiemg.com.br\/regional-vale-do-paranaiba\/#website\"},\"primaryImageOfPage\":{\"@id\":\"https:\/\/www.fiemg.com.br\/regional-vale-do-paranaiba\/noticias\/g7-se-reune-no-36o-batalhao-de-infantaria-mecanizada-em-uberlandia\/#primaryimage\"},\"image\":{\"@id\":\"https:\/\/www.fiemg.com.br\/regional-vale-do-paranaiba\/noticias\/g7-se-reune-no-36o-batalhao-de-infantaria-mecanizada-em-uberlandia\/#primaryimage\"},\"thumbnailUrl\":\"https:\/\/www.fiemg.com.br\/regional-vale-do-paranaiba\/wp-content\/uploads\/sites\/24\/2024\/05\/WhatsApp-Image-2024-05-17-at-10.57.53-e1715954748364.jpeg\",\"datePublished\":\"2024-05-17T14:05:54+00:00\",\"dateModified\":\"2024-05-17T14:21:38+00:00\",\"breadcrumb\":{\"@id\":\"https:\/\/www.fiemg.com.br\/regional-vale-do-paranaiba\/noticias\/g7-se-reune-no-36o-batalhao-de-infantaria-mecanizada-em-uberlandia\/#breadcrumb\"},\"inLanguage\":\"pt-BR\",\"potentialAction\":[{\"@type\":\"ReadAction\",\"target\":[\"https:\/\/www.fiemg.com.br\/regional-vale-do-paranaiba\/noticias\/g7-se-reune-no-36o-batalhao-de-infantaria-mecanizada-em-uberlandia\/\"]}]},{\"@type\":\"ImageObject\",\"inLanguage\":\"pt-BR\",\"@id\":\"https:\/\/www.fiemg.com.br\/regional-vale-do-paranaiba\/noticias\/g7-se-reune-no-36o-batalhao-de-infantaria-mecanizada-em-uberlandia\/#primaryimage\",\"url\":\"https:\/\/www.fiemg.com.br\/regional-vale-do-paranaiba\/wp-content\/uploads\/sites\/24\/2024\/05\/WhatsApp-Image-2024-05-17-at-10.57.53-e1715954748364.jpeg\",\"contentUrl\":\"https:\/\/www.fiemg.com.br\/regional-vale-do-paranaiba\/wp-content\/uploads\/sites\/24\/2024\/05\/WhatsApp-Image-2024-05-17-at-10.57.53-e1715954748364.jpeg\",\"width\":300,\"height\":225},{\"@type\":\"BreadcrumbList\",\"@id\":\"https:\/\/www.fiemg.com.br\/regional-vale-do-paranaiba\/noticias\/g7-se-reune-no-36o-batalhao-de-infantaria-mecanizada-em-uberlandia\/#breadcrumb\",\"itemListElement\":[{\"@type\":\"ListItem\",\"position\":1,\"name\":\"In\u00edcio\",\"item\":\"https:\/\/www.fiemg.com.br\/regional-vale-do-paranaiba\/\"},{\"@type\":\"ListItem\",\"position\":2,\"name\":\"G7 se re\u00fane no 36\u00ba Batalh\u00e3o de Infantaria Mecanizada em Uberl\u00e2ndia\"}]},{\"@type\":\"WebSite\",\"@id\":\"https:\/\/www.fiemg.com.br\/regional-vale-do-paranaiba\/#website\",\"url\":\"https:\/\/www.fiemg.com.br\/regional-vale-do-paranaiba\/\",\"name\":\"Regional Vale do Parana\u00edba\",\"description\":\"Federa\u00e7\u00e3o das Ind\u00fastrias do Estado de Minas Gerais\",\"publisher\":{\"@id\":\"https:\/\/www.fiemg.com.br\/regional-vale-do-paranaiba\/#organization\"},\"potentialAction\":[{\"@type\":\"SearchAction\",\"target\":{\"@type\":\"EntryPoint\",\"urlTemplate\":\"https:\/\/www.fiemg.com.br\/regional-vale-do-paranaiba\/?s={search_term_string}\"},\"query-input\":{\"@type\":\"PropertyValueSpecification\",\"valueRequired\":true,\"valueName\":\"search_term_string\"}}],\"inLanguage\":\"pt-BR\"},{\"@type\":\"Organization\",\"@id\":\"https:\/\/www.fiemg.com.br\/regional-vale-do-paranaiba\/#organization\",\"name\":\"Regional Vale do Parana\u00edba\",\"url\":\"https:\/\/www.fiemg.com.br\/regional-vale-do-paranaiba\/\",\"logo\":{\"@type\":\"ImageObject\",\"inLanguage\":\"pt-BR\",\"@id\":\"https:\/\/www.fiemg.com.br\/regional-vale-do-paranaiba\/#\/schema\/logo\/image\/\",\"url\":\"https:\/\/www.fiemg.com.br\/regional-vale-do-paranaiba\/wp-content\/uploads\/sites\/24\/2023\/02\/Ativo-1.png\",\"contentUrl\":\"https:\/\/www.fiemg.com.br\/regional-vale-do-paranaiba\/wp-content\/uploads\/sites\/24\/2023\/02\/Ativo-1.png\",\"width\":563,\"height\":149,\"caption\":\"Regional Vale do Parana\u00edba\"},\"image\":{\"@id\":\"https:\/\/www.fiemg.com.br\/regional-vale-do-paranaiba\/#\/schema\/logo\/image\/\"}}]}<\/script>\n<!-- \/ Yoast SEO plugin. -->","yoast_head_json":{"title":"G7 se re\u00fane no 36\u00ba Batalh\u00e3o de Infantaria Mecanizada em Uberl\u00e2ndia - Regional Vale do Parana\u00edba","robots":{"index":"index","follow":"follow","max-snippet":"max-snippet:-1","max-image-preview":"max-image-preview:large","max-video-preview":"max-video-preview:-1"},"canonical":"https:\/\/www.fiemg.com.br\/regional-vale-do-paranaiba\/noticias\/g7-se-reune-no-36o-batalhao-de-infantaria-mecanizada-em-uberlandia\/","og_locale":"pt_BR","og_type":"article","og_title":"G7 se re\u00fane no 36\u00ba Batalh\u00e3o de Infantaria Mecanizada em Uberl\u00e2ndia - Regional Vale do Parana\u00edba","og_description":"O G7 Uberl\u00e2ndia \u00e9 composto pelas 7 principais entidades de classe do munic\u00edpio: FIEMG Regional Vale do Parana\u00edba, ACIUB, Unedi, OAB, Ma\u00e7onaria, CDL e Sociedade M\u00e9dica. Na manh\u00e3 de hoje o grupo foi convidado a participar de uma reuni\u00e3o com o comandante do Batalh\u00e3o, o senhor Felipe Barroso, que apresentou as principais atividades realizadas pelo [&hellip;]","og_url":"https:\/\/www.fiemg.com.br\/regional-vale-do-paranaiba\/noticias\/g7-se-reune-no-36o-batalhao-de-infantaria-mecanizada-em-uberlandia\/","og_site_name":"Regional Vale do Parana\u00edba","article_modified_time":"2024-05-17T14:21:38+00:00","og_image":[{"width":300,"height":225,"url":"https:\/\/www.fiemg.com.br\/regional-vale-do-paranaiba\/wp-content\/uploads\/sites\/24\/2024\/05\/WhatsApp-Image-2024-05-17-at-10.57.53-e1715954748364.jpeg","type":"image\/jpeg"}],"twitter_card":"summary_large_image","twitter_misc":{"Est. tempo de leitura":"2 minutos"},"schema":{"@context":"https:\/\/schema.org","@graph":[{"@type":"WebPage","@id":"https:\/\/www.fiemg.com.br\/regional-vale-do-paranaiba\/noticias\/g7-se-reune-no-36o-batalhao-de-infantaria-mecanizada-em-uberlandia\/","url":"https:\/\/www.fiemg.com.br\/regional-vale-do-paranaiba\/noticias\/g7-se-reune-no-36o-batalhao-de-infantaria-mecanizada-em-uberlandia\/","name":"G7 se re\u00fane no 36\u00ba Batalh\u00e3o de Infantaria Mecanizada em Uberl\u00e2ndia - Regional Vale do Parana\u00edba","isPartOf":{"@id":"https:\/\/www.fiemg.com.br\/regional-vale-do-paranaiba\/#website"},"primaryImageOfPage":{"@id":"https:\/\/www.fiemg.com.br\/regional-vale-do-paranaiba\/noticias\/g7-se-reune-no-36o-batalhao-de-infantaria-mecanizada-em-uberlandia\/#primaryimage"},"image":{"@id":"https:\/\/www.fiemg.com.br\/regional-vale-do-paranaiba\/noticias\/g7-se-reune-no-36o-batalhao-de-infantaria-mecanizada-em-uberlandia\/#primaryimage"},"thumbnailUrl":"https:\/\/www.fiemg.com.br\/regional-vale-do-paranaiba\/wp-content\/uploads\/sites\/24\/2024\/05\/WhatsApp-Image-2024-05-17-at-10.57.53-e1715954748364.jpeg","datePublished":"2024-05-17T14:05:54+00:00","dateModified":"2024-05-17T14:21:38+00:00","breadcrumb":{"@id":"https:\/\/www.fiemg.com.br\/regional-vale-do-paranaiba\/noticias\/g7-se-reune-no-36o-batalhao-de-infantaria-mecanizada-em-uberlandia\/#breadcrumb"},"inLanguage":"pt-BR","potentialAction":[{"@type":"ReadAction","target":["https:\/\/www.fiemg.com.br\/regional-vale-do-paranaiba\/noticias\/g7-se-reune-no-36o-batalhao-de-infantaria-mecanizada-em-uberlandia\/"]}]},{"@type":"ImageObject","inLanguage":"pt-BR","@id":"https:\/\/www.fiemg.com.br\/regional-vale-do-paranaiba\/noticias\/g7-se-reune-no-36o-batalhao-de-infantaria-mecanizada-em-uberlandia\/#primaryimage","url":"https:\/\/www.fiemg.com.br\/regional-vale-do-paranaiba\/wp-content\/uploads\/sites\/24\/2024\/05\/WhatsApp-Image-2024-05-17-at-10.57.53-e1715954748364.jpeg","contentUrl":"https:\/\/www.fiemg.com.br\/regional-vale-do-paranaiba\/wp-content\/uploads\/sites\/24\/2024\/05\/WhatsApp-Image-2024-05-17-at-10.57.53-e1715954748364.jpeg","width":300,"height":225},{"@type":"BreadcrumbList","@id":"https:\/\/www.fiemg.com.br\/regional-vale-do-paranaiba\/noticias\/g7-se-reune-no-36o-batalhao-de-infantaria-mecanizada-em-uberlandia\/#breadcrumb","itemListElement":[{"@type":"ListItem","position":1,"name":"In\u00edcio","item":"https:\/\/www.fiemg.com.br\/regional-vale-do-paranaiba\/"},{"@type":"ListItem","position":2,"name":"G7 se re\u00fane no 36\u00ba Batalh\u00e3o de Infantaria Mecanizada em Uberl\u00e2ndia"}]},{"@type":"WebSite","@id":"https:\/\/www.fiemg.com.br\/regional-vale-do-paranaiba\/#website","url":"https:\/\/www.fiemg.com.br\/regional-vale-do-paranaiba\/","name":"Regional Vale do Parana\u00edba","description":"Federa\u00e7\u00e3o das Ind\u00fastrias do Estado de Minas Gerais","publisher":{"@id":"https:\/\/www.fiemg.com.br\/regional-vale-do-paranaiba\/#organization"},"potentialAction":[{"@type":"SearchAction","target":{"@type":"EntryPoint","urlTemplate":"https:\/\/www.fiemg.com.br\/regional-vale-do-paranaiba\/?s={search_term_string}"},"query-input":{"@type":"PropertyValueSpecification","valueRequired":true,"valueName":"search_term_string"}}],"inLanguage":"pt-BR"},{"@type":"Organization","@id":"https:\/\/www.fiemg.com.br\/regional-vale-do-paranaiba\/#organization","name":"Regional Vale do Parana\u00edba","url":"https:\/\/www.fiemg.com.br\/regional-vale-do-paranaiba\/","logo":{"@type":"ImageObject","inLanguage":"pt-BR","@id":"https:\/\/www.fiemg.com.br\/regional-vale-do-paranaiba\/#\/schema\/logo\/image\/","url":"https:\/\/www.fiemg.com.br\/regional-vale-do-paranaiba\/wp-content\/uploads\/sites\/24\/2023\/02\/Ativo-1.png","contentUrl":"https:\/\/www.fiemg.com.br\/regional-vale-do-paranaiba\/wp-content\/uploads\/sites\/24\/2023\/02\/Ativo-1.png","width":563,"height":149,"caption":"Regional Vale do Parana\u00edba"},"image":{"@id":"https:\/\/www.fiemg.com.br\/regional-vale-do-paranaiba\/#\/schema\/logo\/image\/"}}]}},"_links":{"self":[{"href":"https:\/\/www.fiemg.com.br\/regional-vale-do-paranaiba\/wp-json\/wp\/v2\/noticias\/2117","targetHints":{"allow":["GET"]}}],"collection":[{"href":"https:\/\/www.fiemg.com.br\/regional-vale-do-paranaiba\/wp-json\/wp\/v2\/noticias"}],"about":[{"href":"https:\/\/www.fiemg.com.br\/regional-vale-do-paranaiba\/wp-json\/wp\/v2\/types\/noticias"}],"wp:featuredmedia":[{"embeddable":true,"href":"https:\/\/www.fiemg.com.br\/regional-vale-do-paranaiba\/wp-json\/wp\/v2\/media\/2118"}],"wp:attachment":[{"href":"https:\/\/www.fiemg.com.br\/regional-vale-do-paranaiba\/wp-json\/wp\/v2\/media?parent=2117"}],"wp:term":[{"taxonomy":"category","embeddable":true,"href":"https:\/\/www.fiemg.com.br\/regional-vale-do-paranaiba\/wp-json\/wp\/v2\/categories?post=2117"},{"taxonomy":"post_tag","embeddable":true,"href":"https:\/\/www.fiemg.com.br\/regional-vale-do-paranaiba\/wp-json\/wp\/v2\/tags?post=2117"}],"curies":[{"name":"wp","href":"https:\/\/api.w.org\/{rel}","templated":true}]}}