{"id":2158,"date":"2024-05-24T11:51:54","date_gmt":"2024-05-24T14:51:54","guid":{"rendered":"https:\/\/www.fiemg.com.br\/regional-vale-do-paranaiba\/?post_type=noticias&#038;p=2158"},"modified":"2024-05-24T11:54:18","modified_gmt":"2024-05-24T14:54:18","slug":"raquel-de-queiroz-o-talento-da-estilista-que-saiu-do-norte-de-minas-para-ganhar-o-mundo","status":"publish","type":"noticias","link":"https:\/\/www.fiemg.com.br\/regional-vale-do-paranaiba\/noticias\/raquel-de-queiroz-o-talento-da-estilista-que-saiu-do-norte-de-minas-para-ganhar-o-mundo\/","title":{"rendered":"Raquel de Queiroz: o talento da estilista que saiu do Norte de Minas para ganhar o mundo"},"content":{"rendered":"\n<figure class=\"wp-block-image size-large\"><img fetchpriority=\"high\" decoding=\"async\" width=\"1024\" height=\"495\" src=\"https:\/\/www.fiemg.com.br\/regional-vale-do-paranaiba\/wp-content\/uploads\/sites\/24\/2024\/05\/raquel-recorte-1024x495.png\" alt=\"\" class=\"wp-image-2159\" srcset=\"https:\/\/www.fiemg.com.br\/regional-vale-do-paranaiba\/wp-content\/uploads\/sites\/24\/2024\/05\/raquel-recorte-1024x495.png 1024w, https:\/\/www.fiemg.com.br\/regional-vale-do-paranaiba\/wp-content\/uploads\/sites\/24\/2024\/05\/raquel-recorte-300x145.png 300w, https:\/\/www.fiemg.com.br\/regional-vale-do-paranaiba\/wp-content\/uploads\/sites\/24\/2024\/05\/raquel-recorte-768x371.png 768w, https:\/\/www.fiemg.com.br\/regional-vale-do-paranaiba\/wp-content\/uploads\/sites\/24\/2024\/05\/raquel-recorte-1536x742.png 1536w, https:\/\/www.fiemg.com.br\/regional-vale-do-paranaiba\/wp-content\/uploads\/sites\/24\/2024\/05\/raquel-recorte.png 1822w\" sizes=\"(max-width: 1024px) 100vw, 1024px\" \/><\/figure>\n\n\n\n<p>Natural da pequena cidade de Machacalis, norte de Minas Gerais, Raquel de Queiroz celebra 36 anos de ateli\u00ea e 11 da atual marca. A empres\u00e1ria conta que desde a inf\u00e2ncia foi muito envolvida n\u00e3o somente com moda mas com a arte em geral; com aptid\u00e3o nata para o desenho, ilustrava poesias que eram ensinadas na escola. Filha de costureira e membro de uma fam\u00edlia humilde, a estilista destaca que apesar de todos os desafios sempre teve seu sonho muito bem definido e determinado.<\/p>\n\n\n\n<p>\u201cMeu primeiro ateli\u00ea eu montei na sala da minha casa, l\u00e1 eu atendia minhas clientes e j\u00e1 sabia que era daquilo que eu queria viver. Tive uma passagem pela cidade de Te\u00f3filo Otoni onde eu vivi 12 anos, e h\u00e1 20 anos veio para Uberl\u00e2ndia, com o caminh\u00e3o de mudan\u00e7a e minhas duas filhas. Mas sempre com o meu prop\u00f3sito muito certo e muito firme, eu sempre soube onde eu estava e onde eu queria chegar, sempre com a ideia de que seria com o meu trabalho que eu iria alcan\u00e7ar tudo o que eu sonhava e realizar todos os meus sonhos.\u201d<\/p>\n\n\n\n<p>J\u00e1 aqui em Uberl\u00e2ndia, o trabalho da estilista come\u00e7ava a ser reconhecido, por\u00e9m seu maior sonho era ter uma cole\u00e7\u00e3o totalmente autoral que levasse seu nome, e com ele, toda a identidade criativa da empres\u00e1ria. \u201cComecei a pesquisar e descobri o Minas Trend, e quem me auxiliou com o todo o processo foi o Sindivestu, na \u00e9poca a presente era a Alba (Lima). Antes de participar da primeira feira eu fui como visitante fiquei completamente deslumbrada e decidi que ali que eu apresentaria minha primeira cole\u00e7\u00e3o; ap\u00f3s conversar com as minhas filhas, eu vendi meu carro na \u00e9poca, investi todo o dinheiro na primeira cole\u00e7\u00e3o e fui para o Minas Trend, e eu me emociono at\u00e9 hoje de lembrar o quanto minhas pe\u00e7as foram admiradas, fez um sucesso t\u00e3o grande que eu n\u00e3o conseguia atender os clientes, de tanta demanda. Ent\u00e3o o Minas Trend foi um divisor de \u00e1guas para minha vida e para minha hist\u00f3ria.\u201d<\/p>\n\n\n\n<p>A primeira participa\u00e7\u00e3o de Raquel no Minas Trend foi em abril de 2013, e a partir de ent\u00e3o a marca ganhou notoriedade n\u00e3o somente em Minas e no Brasil mas no mundo. Vale destacar que Raquel de Queiroz continua sendo associada ao Sindivestu que atualmente est\u00e1 sob o comando da presidente Alessiane Batoni, do vice Marcos Daniel e da coordenadora executiva Rejane Nascimento.<\/p>\n\n\n\n<p>A hist\u00f3ria da estilista tamb\u00e9m est\u00e1 sendo contada durante esta semana que \u00e9 dedicada ao dia da ind\u00fastria nas redes sociais da FIEMG Regional Vale do Parana\u00edba, acesse e confira: @fiemgregionalvaledoparanaiba<\/p>\n\n\n\n<p><\/p>\n","protected":false},"featured_media":2159,"template":"","categories":[],"tags":[],"class_list":["post-2158","noticias","type-noticias","status-publish","has-post-thumbnail","hentry"],"acf":[],"yoast_head":"<!-- This site is optimized with the Yoast SEO plugin v26.2 - https:\/\/yoast.com\/wordpress\/plugins\/seo\/ -->\n<title>Raquel de Queiroz: o talento da estilista que saiu do Norte de Minas para ganhar o mundo - Regional Vale do Parana\u00edba<\/title>\n<meta name=\"robots\" content=\"index, follow, max-snippet:-1, max-image-preview:large, max-video-preview:-1\" \/>\n<link rel=\"canonical\" href=\"https:\/\/www.fiemg.com.br\/regional-vale-do-paranaiba\/noticias\/raquel-de-queiroz-o-talento-da-estilista-que-saiu-do-norte-de-minas-para-ganhar-o-mundo\/\" \/>\n<meta property=\"og:locale\" content=\"pt_BR\" \/>\n<meta property=\"og:type\" content=\"article\" \/>\n<meta property=\"og:title\" content=\"Raquel de Queiroz: o talento da estilista que saiu do Norte de Minas para ganhar o mundo - Regional Vale do Parana\u00edba\" \/>\n<meta property=\"og:description\" content=\"Natural da pequena cidade de Machacalis, norte de Minas Gerais, Raquel de Queiroz celebra 36 anos de ateli\u00ea e 11 da atual marca. A empres\u00e1ria conta que desde a inf\u00e2ncia foi muito envolvida n\u00e3o somente com moda mas com a arte em geral; com aptid\u00e3o nata para o desenho, ilustrava poesias que eram ensinadas na [&hellip;]\" \/>\n<meta property=\"og:url\" content=\"https:\/\/www.fiemg.com.br\/regional-vale-do-paranaiba\/noticias\/raquel-de-queiroz-o-talento-da-estilista-que-saiu-do-norte-de-minas-para-ganhar-o-mundo\/\" \/>\n<meta property=\"og:site_name\" content=\"Regional Vale do Parana\u00edba\" \/>\n<meta property=\"article:modified_time\" content=\"2024-05-24T14:54:18+00:00\" \/>\n<meta property=\"og:image\" content=\"https:\/\/www.fiemg.com.br\/regional-vale-do-paranaiba\/wp-content\/uploads\/sites\/24\/2024\/05\/raquel-recorte.png\" \/>\n\t<meta property=\"og:image:width\" content=\"1822\" \/>\n\t<meta property=\"og:image:height\" content=\"880\" \/>\n\t<meta property=\"og:image:type\" content=\"image\/png\" \/>\n<meta name=\"twitter:card\" content=\"summary_large_image\" \/>\n<meta name=\"twitter:label1\" content=\"Est. tempo de leitura\" \/>\n\t<meta name=\"twitter:data1\" content=\"3 minutos\" \/>\n<script type=\"application\/ld+json\" class=\"yoast-schema-graph\">{\"@context\":\"https:\/\/schema.org\",\"@graph\":[{\"@type\":\"WebPage\",\"@id\":\"https:\/\/www.fiemg.com.br\/regional-vale-do-paranaiba\/noticias\/raquel-de-queiroz-o-talento-da-estilista-que-saiu-do-norte-de-minas-para-ganhar-o-mundo\/\",\"url\":\"https:\/\/www.fiemg.com.br\/regional-vale-do-paranaiba\/noticias\/raquel-de-queiroz-o-talento-da-estilista-que-saiu-do-norte-de-minas-para-ganhar-o-mundo\/\",\"name\":\"Raquel de Queiroz: o talento da estilista que saiu do Norte de Minas para ganhar o mundo - Regional Vale do Parana\u00edba\",\"isPartOf\":{\"@id\":\"https:\/\/www.fiemg.com.br\/regional-vale-do-paranaiba\/#website\"},\"primaryImageOfPage\":{\"@id\":\"https:\/\/www.fiemg.com.br\/regional-vale-do-paranaiba\/noticias\/raquel-de-queiroz-o-talento-da-estilista-que-saiu-do-norte-de-minas-para-ganhar-o-mundo\/#primaryimage\"},\"image\":{\"@id\":\"https:\/\/www.fiemg.com.br\/regional-vale-do-paranaiba\/noticias\/raquel-de-queiroz-o-talento-da-estilista-que-saiu-do-norte-de-minas-para-ganhar-o-mundo\/#primaryimage\"},\"thumbnailUrl\":\"https:\/\/www.fiemg.com.br\/regional-vale-do-paranaiba\/wp-content\/uploads\/sites\/24\/2024\/05\/raquel-recorte.png\",\"datePublished\":\"2024-05-24T14:51:54+00:00\",\"dateModified\":\"2024-05-24T14:54:18+00:00\",\"breadcrumb\":{\"@id\":\"https:\/\/www.fiemg.com.br\/regional-vale-do-paranaiba\/noticias\/raquel-de-queiroz-o-talento-da-estilista-que-saiu-do-norte-de-minas-para-ganhar-o-mundo\/#breadcrumb\"},\"inLanguage\":\"pt-BR\",\"potentialAction\":[{\"@type\":\"ReadAction\",\"target\":[\"https:\/\/www.fiemg.com.br\/regional-vale-do-paranaiba\/noticias\/raquel-de-queiroz-o-talento-da-estilista-que-saiu-do-norte-de-minas-para-ganhar-o-mundo\/\"]}]},{\"@type\":\"ImageObject\",\"inLanguage\":\"pt-BR\",\"@id\":\"https:\/\/www.fiemg.com.br\/regional-vale-do-paranaiba\/noticias\/raquel-de-queiroz-o-talento-da-estilista-que-saiu-do-norte-de-minas-para-ganhar-o-mundo\/#primaryimage\",\"url\":\"https:\/\/www.fiemg.com.br\/regional-vale-do-paranaiba\/wp-content\/uploads\/sites\/24\/2024\/05\/raquel-recorte.png\",\"contentUrl\":\"https:\/\/www.fiemg.com.br\/regional-vale-do-paranaiba\/wp-content\/uploads\/sites\/24\/2024\/05\/raquel-recorte.png\",\"width\":1822,\"height\":880},{\"@type\":\"BreadcrumbList\",\"@id\":\"https:\/\/www.fiemg.com.br\/regional-vale-do-paranaiba\/noticias\/raquel-de-queiroz-o-talento-da-estilista-que-saiu-do-norte-de-minas-para-ganhar-o-mundo\/#breadcrumb\",\"itemListElement\":[{\"@type\":\"ListItem\",\"position\":1,\"name\":\"In\u00edcio\",\"item\":\"https:\/\/www.fiemg.com.br\/regional-vale-do-paranaiba\/\"},{\"@type\":\"ListItem\",\"position\":2,\"name\":\"Raquel de Queiroz: o talento da estilista que saiu do Norte de Minas para ganhar o mundo\"}]},{\"@type\":\"WebSite\",\"@id\":\"https:\/\/www.fiemg.com.br\/regional-vale-do-paranaiba\/#website\",\"url\":\"https:\/\/www.fiemg.com.br\/regional-vale-do-paranaiba\/\",\"name\":\"Regional Vale do Parana\u00edba\",\"description\":\"Federa\u00e7\u00e3o das Ind\u00fastrias do Estado de Minas Gerais\",\"publisher\":{\"@id\":\"https:\/\/www.fiemg.com.br\/regional-vale-do-paranaiba\/#organization\"},\"potentialAction\":[{\"@type\":\"SearchAction\",\"target\":{\"@type\":\"EntryPoint\",\"urlTemplate\":\"https:\/\/www.fiemg.com.br\/regional-vale-do-paranaiba\/?s={search_term_string}\"},\"query-input\":{\"@type\":\"PropertyValueSpecification\",\"valueRequired\":true,\"valueName\":\"search_term_string\"}}],\"inLanguage\":\"pt-BR\"},{\"@type\":\"Organization\",\"@id\":\"https:\/\/www.fiemg.com.br\/regional-vale-do-paranaiba\/#organization\",\"name\":\"Regional Vale do Parana\u00edba\",\"url\":\"https:\/\/www.fiemg.com.br\/regional-vale-do-paranaiba\/\",\"logo\":{\"@type\":\"ImageObject\",\"inLanguage\":\"pt-BR\",\"@id\":\"https:\/\/www.fiemg.com.br\/regional-vale-do-paranaiba\/#\/schema\/logo\/image\/\",\"url\":\"https:\/\/www.fiemg.com.br\/regional-vale-do-paranaiba\/wp-content\/uploads\/sites\/24\/2023\/02\/Ativo-1.png\",\"contentUrl\":\"https:\/\/www.fiemg.com.br\/regional-vale-do-paranaiba\/wp-content\/uploads\/sites\/24\/2023\/02\/Ativo-1.png\",\"width\":563,\"height\":149,\"caption\":\"Regional Vale do Parana\u00edba\"},\"image\":{\"@id\":\"https:\/\/www.fiemg.com.br\/regional-vale-do-paranaiba\/#\/schema\/logo\/image\/\"}}]}<\/script>\n<!-- \/ Yoast SEO plugin. -->","yoast_head_json":{"title":"Raquel de Queiroz: o talento da estilista que saiu do Norte de Minas para ganhar o mundo - Regional Vale do Parana\u00edba","robots":{"index":"index","follow":"follow","max-snippet":"max-snippet:-1","max-image-preview":"max-image-preview:large","max-video-preview":"max-video-preview:-1"},"canonical":"https:\/\/www.fiemg.com.br\/regional-vale-do-paranaiba\/noticias\/raquel-de-queiroz-o-talento-da-estilista-que-saiu-do-norte-de-minas-para-ganhar-o-mundo\/","og_locale":"pt_BR","og_type":"article","og_title":"Raquel de Queiroz: o talento da estilista que saiu do Norte de Minas para ganhar o mundo - Regional Vale do Parana\u00edba","og_description":"Natural da pequena cidade de Machacalis, norte de Minas Gerais, Raquel de Queiroz celebra 36 anos de ateli\u00ea e 11 da atual marca. A empres\u00e1ria conta que desde a inf\u00e2ncia foi muito envolvida n\u00e3o somente com moda mas com a arte em geral; com aptid\u00e3o nata para o desenho, ilustrava poesias que eram ensinadas na [&hellip;]","og_url":"https:\/\/www.fiemg.com.br\/regional-vale-do-paranaiba\/noticias\/raquel-de-queiroz-o-talento-da-estilista-que-saiu-do-norte-de-minas-para-ganhar-o-mundo\/","og_site_name":"Regional Vale do Parana\u00edba","article_modified_time":"2024-05-24T14:54:18+00:00","og_image":[{"width":1822,"height":880,"url":"https:\/\/www.fiemg.com.br\/regional-vale-do-paranaiba\/wp-content\/uploads\/sites\/24\/2024\/05\/raquel-recorte.png","type":"image\/png"}],"twitter_card":"summary_large_image","twitter_misc":{"Est. tempo de leitura":"3 minutos"},"schema":{"@context":"https:\/\/schema.org","@graph":[{"@type":"WebPage","@id":"https:\/\/www.fiemg.com.br\/regional-vale-do-paranaiba\/noticias\/raquel-de-queiroz-o-talento-da-estilista-que-saiu-do-norte-de-minas-para-ganhar-o-mundo\/","url":"https:\/\/www.fiemg.com.br\/regional-vale-do-paranaiba\/noticias\/raquel-de-queiroz-o-talento-da-estilista-que-saiu-do-norte-de-minas-para-ganhar-o-mundo\/","name":"Raquel de Queiroz: o talento da estilista que saiu do Norte de Minas para ganhar o mundo - Regional Vale do Parana\u00edba","isPartOf":{"@id":"https:\/\/www.fiemg.com.br\/regional-vale-do-paranaiba\/#website"},"primaryImageOfPage":{"@id":"https:\/\/www.fiemg.com.br\/regional-vale-do-paranaiba\/noticias\/raquel-de-queiroz-o-talento-da-estilista-que-saiu-do-norte-de-minas-para-ganhar-o-mundo\/#primaryimage"},"image":{"@id":"https:\/\/www.fiemg.com.br\/regional-vale-do-paranaiba\/noticias\/raquel-de-queiroz-o-talento-da-estilista-que-saiu-do-norte-de-minas-para-ganhar-o-mundo\/#primaryimage"},"thumbnailUrl":"https:\/\/www.fiemg.com.br\/regional-vale-do-paranaiba\/wp-content\/uploads\/sites\/24\/2024\/05\/raquel-recorte.png","datePublished":"2024-05-24T14:51:54+00:00","dateModified":"2024-05-24T14:54:18+00:00","breadcrumb":{"@id":"https:\/\/www.fiemg.com.br\/regional-vale-do-paranaiba\/noticias\/raquel-de-queiroz-o-talento-da-estilista-que-saiu-do-norte-de-minas-para-ganhar-o-mundo\/#breadcrumb"},"inLanguage":"pt-BR","potentialAction":[{"@type":"ReadAction","target":["https:\/\/www.fiemg.com.br\/regional-vale-do-paranaiba\/noticias\/raquel-de-queiroz-o-talento-da-estilista-que-saiu-do-norte-de-minas-para-ganhar-o-mundo\/"]}]},{"@type":"ImageObject","inLanguage":"pt-BR","@id":"https:\/\/www.fiemg.com.br\/regional-vale-do-paranaiba\/noticias\/raquel-de-queiroz-o-talento-da-estilista-que-saiu-do-norte-de-minas-para-ganhar-o-mundo\/#primaryimage","url":"https:\/\/www.fiemg.com.br\/regional-vale-do-paranaiba\/wp-content\/uploads\/sites\/24\/2024\/05\/raquel-recorte.png","contentUrl":"https:\/\/www.fiemg.com.br\/regional-vale-do-paranaiba\/wp-content\/uploads\/sites\/24\/2024\/05\/raquel-recorte.png","width":1822,"height":880},{"@type":"BreadcrumbList","@id":"https:\/\/www.fiemg.com.br\/regional-vale-do-paranaiba\/noticias\/raquel-de-queiroz-o-talento-da-estilista-que-saiu-do-norte-de-minas-para-ganhar-o-mundo\/#breadcrumb","itemListElement":[{"@type":"ListItem","position":1,"name":"In\u00edcio","item":"https:\/\/www.fiemg.com.br\/regional-vale-do-paranaiba\/"},{"@type":"ListItem","position":2,"name":"Raquel de Queiroz: o talento da estilista que saiu do Norte de Minas para ganhar o mundo"}]},{"@type":"WebSite","@id":"https:\/\/www.fiemg.com.br\/regional-vale-do-paranaiba\/#website","url":"https:\/\/www.fiemg.com.br\/regional-vale-do-paranaiba\/","name":"Regional Vale do Parana\u00edba","description":"Federa\u00e7\u00e3o das Ind\u00fastrias do Estado de Minas Gerais","publisher":{"@id":"https:\/\/www.fiemg.com.br\/regional-vale-do-paranaiba\/#organization"},"potentialAction":[{"@type":"SearchAction","target":{"@type":"EntryPoint","urlTemplate":"https:\/\/www.fiemg.com.br\/regional-vale-do-paranaiba\/?s={search_term_string}"},"query-input":{"@type":"PropertyValueSpecification","valueRequired":true,"valueName":"search_term_string"}}],"inLanguage":"pt-BR"},{"@type":"Organization","@id":"https:\/\/www.fiemg.com.br\/regional-vale-do-paranaiba\/#organization","name":"Regional Vale do Parana\u00edba","url":"https:\/\/www.fiemg.com.br\/regional-vale-do-paranaiba\/","logo":{"@type":"ImageObject","inLanguage":"pt-BR","@id":"https:\/\/www.fiemg.com.br\/regional-vale-do-paranaiba\/#\/schema\/logo\/image\/","url":"https:\/\/www.fiemg.com.br\/regional-vale-do-paranaiba\/wp-content\/uploads\/sites\/24\/2023\/02\/Ativo-1.png","contentUrl":"https:\/\/www.fiemg.com.br\/regional-vale-do-paranaiba\/wp-content\/uploads\/sites\/24\/2023\/02\/Ativo-1.png","width":563,"height":149,"caption":"Regional Vale do Parana\u00edba"},"image":{"@id":"https:\/\/www.fiemg.com.br\/regional-vale-do-paranaiba\/#\/schema\/logo\/image\/"}}]}},"_links":{"self":[{"href":"https:\/\/www.fiemg.com.br\/regional-vale-do-paranaiba\/wp-json\/wp\/v2\/noticias\/2158","targetHints":{"allow":["GET"]}}],"collection":[{"href":"https:\/\/www.fiemg.com.br\/regional-vale-do-paranaiba\/wp-json\/wp\/v2\/noticias"}],"about":[{"href":"https:\/\/www.fiemg.com.br\/regional-vale-do-paranaiba\/wp-json\/wp\/v2\/types\/noticias"}],"wp:featuredmedia":[{"embeddable":true,"href":"https:\/\/www.fiemg.com.br\/regional-vale-do-paranaiba\/wp-json\/wp\/v2\/media\/2159"}],"wp:attachment":[{"href":"https:\/\/www.fiemg.com.br\/regional-vale-do-paranaiba\/wp-json\/wp\/v2\/media?parent=2158"}],"wp:term":[{"taxonomy":"category","embeddable":true,"href":"https:\/\/www.fiemg.com.br\/regional-vale-do-paranaiba\/wp-json\/wp\/v2\/categories?post=2158"},{"taxonomy":"post_tag","embeddable":true,"href":"https:\/\/www.fiemg.com.br\/regional-vale-do-paranaiba\/wp-json\/wp\/v2\/tags?post=2158"}],"curies":[{"name":"wp","href":"https:\/\/api.w.org\/{rel}","templated":true}]}}