{"id":2182,"date":"2024-05-29T16:02:23","date_gmt":"2024-05-29T19:02:23","guid":{"rendered":"https:\/\/www.fiemg.com.br\/regional-vale-do-paranaiba\/?post_type=noticias&#038;p=2182"},"modified":"2024-05-29T16:06:57","modified_gmt":"2024-05-29T19:06:57","slug":"alunos-do-sesi-guiomar-de-freitas-costa-visitam-a-usina-de-capim-branco","status":"publish","type":"noticias","link":"https:\/\/www.fiemg.com.br\/regional-vale-do-paranaiba\/noticias\/alunos-do-sesi-guiomar-de-freitas-costa-visitam-a-usina-de-capim-branco\/","title":{"rendered":"Alunos do SESI Guiomar de Freitas Costa visitam a Usina de Capim Branco"},"content":{"rendered":"\n<figure class=\"wp-block-image size-large\"><img fetchpriority=\"high\" decoding=\"async\" width=\"1024\" height=\"768\" src=\"https:\/\/www.fiemg.com.br\/regional-vale-do-paranaiba\/wp-content\/uploads\/sites\/24\/2024\/05\/WhatsApp-Image-2024-05-29-at-14.47.42-1-1024x768.jpeg\" alt=\"\" class=\"wp-image-2183\" srcset=\"https:\/\/www.fiemg.com.br\/regional-vale-do-paranaiba\/wp-content\/uploads\/sites\/24\/2024\/05\/WhatsApp-Image-2024-05-29-at-14.47.42-1-1024x768.jpeg 1024w, https:\/\/www.fiemg.com.br\/regional-vale-do-paranaiba\/wp-content\/uploads\/sites\/24\/2024\/05\/WhatsApp-Image-2024-05-29-at-14.47.42-1-300x225.jpeg 300w, https:\/\/www.fiemg.com.br\/regional-vale-do-paranaiba\/wp-content\/uploads\/sites\/24\/2024\/05\/WhatsApp-Image-2024-05-29-at-14.47.42-1-768x576.jpeg 768w, https:\/\/www.fiemg.com.br\/regional-vale-do-paranaiba\/wp-content\/uploads\/sites\/24\/2024\/05\/WhatsApp-Image-2024-05-29-at-14.47.42-1-1536x1152.jpeg 1536w, https:\/\/www.fiemg.com.br\/regional-vale-do-paranaiba\/wp-content\/uploads\/sites\/24\/2024\/05\/WhatsApp-Image-2024-05-29-at-14.47.42-1.jpeg 1600w\" sizes=\"(max-width: 1024px) 100vw, 1024px\" \/><\/figure>\n\n\n\n<p class=\"has-text-align-left\">Durante o primeiro trimestre de 2024, os 40 alunos do 2\u00ba ano do ensino m\u00e9dio, turma Gama, da Escola SESI Guiomar de Freitas costa, aprenderam as diversas formas de obten\u00e7\u00e3o de energia, sobretudo as de gera\u00e7\u00e3o de grande porte como os tipos de usinas. <\/p>\n\n\n\n<p class=\"has-text-align-left\">Ainda em sala de aula na disciplina de F\u00edsica, ministrada pelo professor Wesley Borges Costa, os estudantes foram divididos em grupos nos quais cada um ficou encarregado de pesquisar e montar a apresenta\u00e7\u00e3o de uma Usina (Hidroel\u00e9trica, Termoel\u00e9trica, Nuclear, Solar, \u00c9olica, Fotovoltaica, Heliot\u00e9rmica, Maremotriz, Geot\u00e9rmica). Al\u00e9m disso, os alunos pesquisaram um local em qualquer espa\u00e7o do mundo no qual as fam\u00edlias ainda sofrem com a falta de energia el\u00e9trica e viabilizaram, a partir de ent\u00e3o, um estudo sobre a possibilidade de implanta\u00e7\u00e3o da sua respectiva usina neste local. Cada grupo tamb\u00e9m montou uma maquete sobre os tipos de usinas e apresentou as formas de energias transformadas at\u00e9 a obten\u00e7\u00e3o da energia el\u00e9trica em si.<\/p>\n\n\n\n<p class=\"has-text-align-left\">E para finalizar o estudo citado foi realizada a visita t\u00e9cnica na Usina de Capim Branco para que a turma tivesse a oportunidade mais concreta de aprofundar o conhecimento na tem\u00e1tica. Durante a visita os alunos assistiram um v\u00eddeo que mostrava a hist\u00f3ria da usina em quest\u00e3o e tamb\u00e9m as formas de se produzir energia. Em seguida, foram visitados alguns locais importantes da usina como a superf\u00edcie acima do gerador el\u00e9trico. <\/p>\n\n\n\n<p>Conhe\u00e7a os demais projetos interdisciplinares do SESI Guiomar de Freitas Costa no instagram @escolasesiudi<\/p>\n","protected":false},"featured_media":2183,"template":"","categories":[],"tags":[],"class_list":["post-2182","noticias","type-noticias","status-publish","has-post-thumbnail","hentry"],"acf":[],"yoast_head":"<!-- This site is optimized with the Yoast SEO plugin v26.2 - https:\/\/yoast.com\/wordpress\/plugins\/seo\/ -->\n<title>Alunos do SESI Guiomar de Freitas Costa visitam a Usina de Capim Branco - Regional Vale do Parana\u00edba<\/title>\n<meta name=\"robots\" content=\"index, follow, max-snippet:-1, max-image-preview:large, max-video-preview:-1\" \/>\n<link rel=\"canonical\" href=\"https:\/\/www.fiemg.com.br\/regional-vale-do-paranaiba\/noticias\/alunos-do-sesi-guiomar-de-freitas-costa-visitam-a-usina-de-capim-branco\/\" \/>\n<meta property=\"og:locale\" content=\"pt_BR\" \/>\n<meta property=\"og:type\" content=\"article\" \/>\n<meta property=\"og:title\" content=\"Alunos do SESI Guiomar de Freitas Costa visitam a Usina de Capim Branco - Regional Vale do Parana\u00edba\" \/>\n<meta property=\"og:description\" content=\"Durante o primeiro trimestre de 2024, os 40 alunos do 2\u00ba ano do ensino m\u00e9dio, turma Gama, da Escola SESI Guiomar de Freitas costa, aprenderam as diversas formas de obten\u00e7\u00e3o de energia, sobretudo as de gera\u00e7\u00e3o de grande porte como os tipos de usinas. Ainda em sala de aula na disciplina de F\u00edsica, ministrada pelo [&hellip;]\" \/>\n<meta property=\"og:url\" content=\"https:\/\/www.fiemg.com.br\/regional-vale-do-paranaiba\/noticias\/alunos-do-sesi-guiomar-de-freitas-costa-visitam-a-usina-de-capim-branco\/\" \/>\n<meta property=\"og:site_name\" content=\"Regional Vale do Parana\u00edba\" \/>\n<meta property=\"article:modified_time\" content=\"2024-05-29T19:06:57+00:00\" \/>\n<meta property=\"og:image\" content=\"https:\/\/www.fiemg.com.br\/regional-vale-do-paranaiba\/wp-content\/uploads\/sites\/24\/2024\/05\/WhatsApp-Image-2024-05-29-at-14.47.42-1.jpeg\" \/>\n\t<meta property=\"og:image:width\" content=\"1600\" \/>\n\t<meta property=\"og:image:height\" content=\"1200\" \/>\n\t<meta property=\"og:image:type\" content=\"image\/jpeg\" \/>\n<meta name=\"twitter:card\" content=\"summary_large_image\" \/>\n<meta name=\"twitter:label1\" content=\"Est. tempo de leitura\" \/>\n\t<meta name=\"twitter:data1\" content=\"2 minutos\" \/>\n<script type=\"application\/ld+json\" class=\"yoast-schema-graph\">{\"@context\":\"https:\/\/schema.org\",\"@graph\":[{\"@type\":\"WebPage\",\"@id\":\"https:\/\/www.fiemg.com.br\/regional-vale-do-paranaiba\/noticias\/alunos-do-sesi-guiomar-de-freitas-costa-visitam-a-usina-de-capim-branco\/\",\"url\":\"https:\/\/www.fiemg.com.br\/regional-vale-do-paranaiba\/noticias\/alunos-do-sesi-guiomar-de-freitas-costa-visitam-a-usina-de-capim-branco\/\",\"name\":\"Alunos do SESI Guiomar de Freitas Costa visitam a Usina de Capim Branco - Regional Vale do Parana\u00edba\",\"isPartOf\":{\"@id\":\"https:\/\/www.fiemg.com.br\/regional-vale-do-paranaiba\/#website\"},\"primaryImageOfPage\":{\"@id\":\"https:\/\/www.fiemg.com.br\/regional-vale-do-paranaiba\/noticias\/alunos-do-sesi-guiomar-de-freitas-costa-visitam-a-usina-de-capim-branco\/#primaryimage\"},\"image\":{\"@id\":\"https:\/\/www.fiemg.com.br\/regional-vale-do-paranaiba\/noticias\/alunos-do-sesi-guiomar-de-freitas-costa-visitam-a-usina-de-capim-branco\/#primaryimage\"},\"thumbnailUrl\":\"https:\/\/www.fiemg.com.br\/regional-vale-do-paranaiba\/wp-content\/uploads\/sites\/24\/2024\/05\/WhatsApp-Image-2024-05-29-at-14.47.42-1.jpeg\",\"datePublished\":\"2024-05-29T19:02:23+00:00\",\"dateModified\":\"2024-05-29T19:06:57+00:00\",\"breadcrumb\":{\"@id\":\"https:\/\/www.fiemg.com.br\/regional-vale-do-paranaiba\/noticias\/alunos-do-sesi-guiomar-de-freitas-costa-visitam-a-usina-de-capim-branco\/#breadcrumb\"},\"inLanguage\":\"pt-BR\",\"potentialAction\":[{\"@type\":\"ReadAction\",\"target\":[\"https:\/\/www.fiemg.com.br\/regional-vale-do-paranaiba\/noticias\/alunos-do-sesi-guiomar-de-freitas-costa-visitam-a-usina-de-capim-branco\/\"]}]},{\"@type\":\"ImageObject\",\"inLanguage\":\"pt-BR\",\"@id\":\"https:\/\/www.fiemg.com.br\/regional-vale-do-paranaiba\/noticias\/alunos-do-sesi-guiomar-de-freitas-costa-visitam-a-usina-de-capim-branco\/#primaryimage\",\"url\":\"https:\/\/www.fiemg.com.br\/regional-vale-do-paranaiba\/wp-content\/uploads\/sites\/24\/2024\/05\/WhatsApp-Image-2024-05-29-at-14.47.42-1.jpeg\",\"contentUrl\":\"https:\/\/www.fiemg.com.br\/regional-vale-do-paranaiba\/wp-content\/uploads\/sites\/24\/2024\/05\/WhatsApp-Image-2024-05-29-at-14.47.42-1.jpeg\",\"width\":1600,\"height\":1200},{\"@type\":\"BreadcrumbList\",\"@id\":\"https:\/\/www.fiemg.com.br\/regional-vale-do-paranaiba\/noticias\/alunos-do-sesi-guiomar-de-freitas-costa-visitam-a-usina-de-capim-branco\/#breadcrumb\",\"itemListElement\":[{\"@type\":\"ListItem\",\"position\":1,\"name\":\"In\u00edcio\",\"item\":\"https:\/\/www.fiemg.com.br\/regional-vale-do-paranaiba\/\"},{\"@type\":\"ListItem\",\"position\":2,\"name\":\"Alunos do SESI Guiomar de Freitas Costa visitam a Usina de Capim Branco\"}]},{\"@type\":\"WebSite\",\"@id\":\"https:\/\/www.fiemg.com.br\/regional-vale-do-paranaiba\/#website\",\"url\":\"https:\/\/www.fiemg.com.br\/regional-vale-do-paranaiba\/\",\"name\":\"Regional Vale do Parana\u00edba\",\"description\":\"Federa\u00e7\u00e3o das Ind\u00fastrias do Estado de Minas Gerais\",\"publisher\":{\"@id\":\"https:\/\/www.fiemg.com.br\/regional-vale-do-paranaiba\/#organization\"},\"potentialAction\":[{\"@type\":\"SearchAction\",\"target\":{\"@type\":\"EntryPoint\",\"urlTemplate\":\"https:\/\/www.fiemg.com.br\/regional-vale-do-paranaiba\/?s={search_term_string}\"},\"query-input\":{\"@type\":\"PropertyValueSpecification\",\"valueRequired\":true,\"valueName\":\"search_term_string\"}}],\"inLanguage\":\"pt-BR\"},{\"@type\":\"Organization\",\"@id\":\"https:\/\/www.fiemg.com.br\/regional-vale-do-paranaiba\/#organization\",\"name\":\"Regional Vale do Parana\u00edba\",\"url\":\"https:\/\/www.fiemg.com.br\/regional-vale-do-paranaiba\/\",\"logo\":{\"@type\":\"ImageObject\",\"inLanguage\":\"pt-BR\",\"@id\":\"https:\/\/www.fiemg.com.br\/regional-vale-do-paranaiba\/#\/schema\/logo\/image\/\",\"url\":\"https:\/\/www.fiemg.com.br\/regional-vale-do-paranaiba\/wp-content\/uploads\/sites\/24\/2023\/02\/Ativo-1.png\",\"contentUrl\":\"https:\/\/www.fiemg.com.br\/regional-vale-do-paranaiba\/wp-content\/uploads\/sites\/24\/2023\/02\/Ativo-1.png\",\"width\":563,\"height\":149,\"caption\":\"Regional Vale do Parana\u00edba\"},\"image\":{\"@id\":\"https:\/\/www.fiemg.com.br\/regional-vale-do-paranaiba\/#\/schema\/logo\/image\/\"}}]}<\/script>\n<!-- \/ Yoast SEO plugin. -->","yoast_head_json":{"title":"Alunos do SESI Guiomar de Freitas Costa visitam a Usina de Capim Branco - Regional Vale do Parana\u00edba","robots":{"index":"index","follow":"follow","max-snippet":"max-snippet:-1","max-image-preview":"max-image-preview:large","max-video-preview":"max-video-preview:-1"},"canonical":"https:\/\/www.fiemg.com.br\/regional-vale-do-paranaiba\/noticias\/alunos-do-sesi-guiomar-de-freitas-costa-visitam-a-usina-de-capim-branco\/","og_locale":"pt_BR","og_type":"article","og_title":"Alunos do SESI Guiomar de Freitas Costa visitam a Usina de Capim Branco - Regional Vale do Parana\u00edba","og_description":"Durante o primeiro trimestre de 2024, os 40 alunos do 2\u00ba ano do ensino m\u00e9dio, turma Gama, da Escola SESI Guiomar de Freitas costa, aprenderam as diversas formas de obten\u00e7\u00e3o de energia, sobretudo as de gera\u00e7\u00e3o de grande porte como os tipos de usinas. Ainda em sala de aula na disciplina de F\u00edsica, ministrada pelo [&hellip;]","og_url":"https:\/\/www.fiemg.com.br\/regional-vale-do-paranaiba\/noticias\/alunos-do-sesi-guiomar-de-freitas-costa-visitam-a-usina-de-capim-branco\/","og_site_name":"Regional Vale do Parana\u00edba","article_modified_time":"2024-05-29T19:06:57+00:00","og_image":[{"width":1600,"height":1200,"url":"https:\/\/www.fiemg.com.br\/regional-vale-do-paranaiba\/wp-content\/uploads\/sites\/24\/2024\/05\/WhatsApp-Image-2024-05-29-at-14.47.42-1.jpeg","type":"image\/jpeg"}],"twitter_card":"summary_large_image","twitter_misc":{"Est. tempo de leitura":"2 minutos"},"schema":{"@context":"https:\/\/schema.org","@graph":[{"@type":"WebPage","@id":"https:\/\/www.fiemg.com.br\/regional-vale-do-paranaiba\/noticias\/alunos-do-sesi-guiomar-de-freitas-costa-visitam-a-usina-de-capim-branco\/","url":"https:\/\/www.fiemg.com.br\/regional-vale-do-paranaiba\/noticias\/alunos-do-sesi-guiomar-de-freitas-costa-visitam-a-usina-de-capim-branco\/","name":"Alunos do SESI Guiomar de Freitas Costa visitam a Usina de Capim Branco - Regional Vale do Parana\u00edba","isPartOf":{"@id":"https:\/\/www.fiemg.com.br\/regional-vale-do-paranaiba\/#website"},"primaryImageOfPage":{"@id":"https:\/\/www.fiemg.com.br\/regional-vale-do-paranaiba\/noticias\/alunos-do-sesi-guiomar-de-freitas-costa-visitam-a-usina-de-capim-branco\/#primaryimage"},"image":{"@id":"https:\/\/www.fiemg.com.br\/regional-vale-do-paranaiba\/noticias\/alunos-do-sesi-guiomar-de-freitas-costa-visitam-a-usina-de-capim-branco\/#primaryimage"},"thumbnailUrl":"https:\/\/www.fiemg.com.br\/regional-vale-do-paranaiba\/wp-content\/uploads\/sites\/24\/2024\/05\/WhatsApp-Image-2024-05-29-at-14.47.42-1.jpeg","datePublished":"2024-05-29T19:02:23+00:00","dateModified":"2024-05-29T19:06:57+00:00","breadcrumb":{"@id":"https:\/\/www.fiemg.com.br\/regional-vale-do-paranaiba\/noticias\/alunos-do-sesi-guiomar-de-freitas-costa-visitam-a-usina-de-capim-branco\/#breadcrumb"},"inLanguage":"pt-BR","potentialAction":[{"@type":"ReadAction","target":["https:\/\/www.fiemg.com.br\/regional-vale-do-paranaiba\/noticias\/alunos-do-sesi-guiomar-de-freitas-costa-visitam-a-usina-de-capim-branco\/"]}]},{"@type":"ImageObject","inLanguage":"pt-BR","@id":"https:\/\/www.fiemg.com.br\/regional-vale-do-paranaiba\/noticias\/alunos-do-sesi-guiomar-de-freitas-costa-visitam-a-usina-de-capim-branco\/#primaryimage","url":"https:\/\/www.fiemg.com.br\/regional-vale-do-paranaiba\/wp-content\/uploads\/sites\/24\/2024\/05\/WhatsApp-Image-2024-05-29-at-14.47.42-1.jpeg","contentUrl":"https:\/\/www.fiemg.com.br\/regional-vale-do-paranaiba\/wp-content\/uploads\/sites\/24\/2024\/05\/WhatsApp-Image-2024-05-29-at-14.47.42-1.jpeg","width":1600,"height":1200},{"@type":"BreadcrumbList","@id":"https:\/\/www.fiemg.com.br\/regional-vale-do-paranaiba\/noticias\/alunos-do-sesi-guiomar-de-freitas-costa-visitam-a-usina-de-capim-branco\/#breadcrumb","itemListElement":[{"@type":"ListItem","position":1,"name":"In\u00edcio","item":"https:\/\/www.fiemg.com.br\/regional-vale-do-paranaiba\/"},{"@type":"ListItem","position":2,"name":"Alunos do SESI Guiomar de Freitas Costa visitam a Usina de Capim Branco"}]},{"@type":"WebSite","@id":"https:\/\/www.fiemg.com.br\/regional-vale-do-paranaiba\/#website","url":"https:\/\/www.fiemg.com.br\/regional-vale-do-paranaiba\/","name":"Regional Vale do Parana\u00edba","description":"Federa\u00e7\u00e3o das Ind\u00fastrias do Estado de Minas Gerais","publisher":{"@id":"https:\/\/www.fiemg.com.br\/regional-vale-do-paranaiba\/#organization"},"potentialAction":[{"@type":"SearchAction","target":{"@type":"EntryPoint","urlTemplate":"https:\/\/www.fiemg.com.br\/regional-vale-do-paranaiba\/?s={search_term_string}"},"query-input":{"@type":"PropertyValueSpecification","valueRequired":true,"valueName":"search_term_string"}}],"inLanguage":"pt-BR"},{"@type":"Organization","@id":"https:\/\/www.fiemg.com.br\/regional-vale-do-paranaiba\/#organization","name":"Regional Vale do Parana\u00edba","url":"https:\/\/www.fiemg.com.br\/regional-vale-do-paranaiba\/","logo":{"@type":"ImageObject","inLanguage":"pt-BR","@id":"https:\/\/www.fiemg.com.br\/regional-vale-do-paranaiba\/#\/schema\/logo\/image\/","url":"https:\/\/www.fiemg.com.br\/regional-vale-do-paranaiba\/wp-content\/uploads\/sites\/24\/2023\/02\/Ativo-1.png","contentUrl":"https:\/\/www.fiemg.com.br\/regional-vale-do-paranaiba\/wp-content\/uploads\/sites\/24\/2023\/02\/Ativo-1.png","width":563,"height":149,"caption":"Regional Vale do Parana\u00edba"},"image":{"@id":"https:\/\/www.fiemg.com.br\/regional-vale-do-paranaiba\/#\/schema\/logo\/image\/"}}]}},"_links":{"self":[{"href":"https:\/\/www.fiemg.com.br\/regional-vale-do-paranaiba\/wp-json\/wp\/v2\/noticias\/2182","targetHints":{"allow":["GET"]}}],"collection":[{"href":"https:\/\/www.fiemg.com.br\/regional-vale-do-paranaiba\/wp-json\/wp\/v2\/noticias"}],"about":[{"href":"https:\/\/www.fiemg.com.br\/regional-vale-do-paranaiba\/wp-json\/wp\/v2\/types\/noticias"}],"wp:featuredmedia":[{"embeddable":true,"href":"https:\/\/www.fiemg.com.br\/regional-vale-do-paranaiba\/wp-json\/wp\/v2\/media\/2183"}],"wp:attachment":[{"href":"https:\/\/www.fiemg.com.br\/regional-vale-do-paranaiba\/wp-json\/wp\/v2\/media?parent=2182"}],"wp:term":[{"taxonomy":"category","embeddable":true,"href":"https:\/\/www.fiemg.com.br\/regional-vale-do-paranaiba\/wp-json\/wp\/v2\/categories?post=2182"},{"taxonomy":"post_tag","embeddable":true,"href":"https:\/\/www.fiemg.com.br\/regional-vale-do-paranaiba\/wp-json\/wp\/v2\/tags?post=2182"}],"curies":[{"name":"wp","href":"https:\/\/api.w.org\/{rel}","templated":true}]}}