{"id":2191,"date":"2024-06-03T10:02:11","date_gmt":"2024-06-03T13:02:11","guid":{"rendered":"https:\/\/www.fiemg.com.br\/regional-vale-do-paranaiba\/?post_type=noticias&#038;p=2191"},"modified":"2024-06-03T10:54:19","modified_gmt":"2024-06-03T13:54:19","slug":"equipe-sesi-sst-de-uberlandia-participa-de-capacitacao-para-resgaste-em-altura","status":"publish","type":"noticias","link":"https:\/\/www.fiemg.com.br\/regional-vale-do-paranaiba\/noticias\/equipe-sesi-sst-de-uberlandia-participa-de-capacitacao-para-resgaste-em-altura\/","title":{"rendered":"Equipe SESI SST de Uberl\u00e2ndia participa de capacita\u00e7\u00e3o para resgaste em altura"},"content":{"rendered":"\n<figure class=\"wp-block-gallery has-nested-images columns-default is-cropped wp-block-gallery-1 is-layout-flex wp-block-gallery-is-layout-flex\">\n<figure class=\"wp-block-image\"><img decoding=\"async\" src=\"https:\/\/www.fiemg.com.br\/6439d7f9-db9b-4018-bb15-b3599475a3d2\" alt=\"\" \/><\/figure>\n<\/figure>\n\n\n\n<p>O time de Bombeiros Civis do SESI SST Uberl\u00e2ndia composto por 13 profissionais passou por mais um treinamento de capacita\u00e7\u00e3o na \u00faltima semana (27 a 31\/5). De acordo com o gerente da Unidade no munic\u00edpio citado, Douglas Oliveira, o treinamento de resgate em altura \u00e9 essencial para garantir a seguran\u00e7a dos trabalhadores, pois capacita equipes a agir rapidamente em situa\u00e7\u00f5es de emerg\u00eancia, reduzindo o risco de acidentes graves.<\/p>\n\n\n\n<p>&#8220;Manter o time dos bombeiros civis treinados e capacitados \u00e9 essencial para garantir uma resposta eficaz em situa\u00e7\u00f5es de emerg\u00eancia. Eles s\u00e3o a primeira linha de defesa em muitos cen\u00e1rios, desde inc\u00eandios at\u00e9 acidentes e desastres naturais. O treinamento cont\u00ednuo permite que eles estejam preparados para lidar com uma variedade de situa\u00e7\u00f5es, mantendo a calma e agindo com rapidez e efici\u00eancia para proteger vidas e propriedades. Al\u00e9m disso, o treinamento constante ajuda a atualizar as habilidades e conhecimentos do time, garantindo que estejam sempre alinhados com as melhores pr\u00e1ticas e tecnologias dispon\u00edveis.&#8221;<\/p>\n\n\n\n<p>O SESI demonstra o seu compromisso com a seguran\u00e7a e o bem-estar de seus funcion\u00e1rios, o que \u00e9 fundamental para manter um ambiente de trabalho saud\u00e1vel e produtivo. <a href=\"https:\/\/www.fiemg.com.br\/unidades\/sesi-uberlandia-unidade-de-seguranca-e-saude-no-trabalho-uberlandia\/\">Conhe\u00e7a<\/a> a Unidade SST em Uberl\u00e2ndia e as solu\u00e7\u00f5es personalizadas para a ind\u00fastria do Tri\u00e2ngulo Mineiro.<\/p>\n","protected":false},"featured_media":2194,"template":"","categories":[],"tags":[],"class_list":["post-2191","noticias","type-noticias","status-publish","has-post-thumbnail","hentry"],"acf":[],"yoast_head":"<!-- This site is optimized with the Yoast SEO plugin v26.2 - https:\/\/yoast.com\/wordpress\/plugins\/seo\/ -->\n<title>Equipe SESI SST de Uberl\u00e2ndia participa de capacita\u00e7\u00e3o para resgaste em altura - Regional Vale do Parana\u00edba<\/title>\n<meta name=\"robots\" content=\"index, follow, max-snippet:-1, max-image-preview:large, max-video-preview:-1\" \/>\n<link rel=\"canonical\" href=\"https:\/\/www.fiemg.com.br\/regional-vale-do-paranaiba\/noticias\/equipe-sesi-sst-de-uberlandia-participa-de-capacitacao-para-resgaste-em-altura\/\" \/>\n<meta property=\"og:locale\" content=\"pt_BR\" \/>\n<meta property=\"og:type\" content=\"article\" \/>\n<meta property=\"og:title\" content=\"Equipe SESI SST de Uberl\u00e2ndia participa de capacita\u00e7\u00e3o para resgaste em altura - Regional Vale do Parana\u00edba\" \/>\n<meta property=\"og:description\" content=\"O time de Bombeiros Civis do SESI SST Uberl\u00e2ndia composto por 13 profissionais passou por mais um treinamento de capacita\u00e7\u00e3o na \u00faltima semana (27 a 31\/5). De acordo com o gerente da Unidade no munic\u00edpio citado, Douglas Oliveira, o treinamento de resgate em altura \u00e9 essencial para garantir a seguran\u00e7a dos trabalhadores, pois capacita equipes [&hellip;]\" \/>\n<meta property=\"og:url\" content=\"https:\/\/www.fiemg.com.br\/regional-vale-do-paranaiba\/noticias\/equipe-sesi-sst-de-uberlandia-participa-de-capacitacao-para-resgaste-em-altura\/\" \/>\n<meta property=\"og:site_name\" content=\"Regional Vale do Parana\u00edba\" \/>\n<meta property=\"article:modified_time\" content=\"2024-06-03T13:54:19+00:00\" \/>\n<meta property=\"og:image\" content=\"https:\/\/www.fiemg.com.br\/regional-vale-do-paranaiba\/wp-content\/uploads\/sites\/24\/2024\/06\/WhatsApp-Image-2024-05-31-at-09.30.31-3-1.jpeg\" \/>\n\t<meta property=\"og:image:width\" content=\"900\" \/>\n\t<meta property=\"og:image:height\" content=\"1600\" \/>\n\t<meta property=\"og:image:type\" content=\"image\/jpeg\" \/>\n<meta name=\"twitter:card\" content=\"summary_large_image\" \/>\n<meta name=\"twitter:label1\" content=\"Est. tempo de leitura\" \/>\n\t<meta name=\"twitter:data1\" content=\"2 minutos\" \/>\n<script type=\"application\/ld+json\" class=\"yoast-schema-graph\">{\"@context\":\"https:\/\/schema.org\",\"@graph\":[{\"@type\":\"WebPage\",\"@id\":\"https:\/\/www.fiemg.com.br\/regional-vale-do-paranaiba\/noticias\/equipe-sesi-sst-de-uberlandia-participa-de-capacitacao-para-resgaste-em-altura\/\",\"url\":\"https:\/\/www.fiemg.com.br\/regional-vale-do-paranaiba\/noticias\/equipe-sesi-sst-de-uberlandia-participa-de-capacitacao-para-resgaste-em-altura\/\",\"name\":\"Equipe SESI SST de Uberl\u00e2ndia participa de capacita\u00e7\u00e3o para resgaste em altura - Regional Vale do Parana\u00edba\",\"isPartOf\":{\"@id\":\"https:\/\/www.fiemg.com.br\/regional-vale-do-paranaiba\/#website\"},\"primaryImageOfPage\":{\"@id\":\"https:\/\/www.fiemg.com.br\/regional-vale-do-paranaiba\/noticias\/equipe-sesi-sst-de-uberlandia-participa-de-capacitacao-para-resgaste-em-altura\/#primaryimage\"},\"image\":{\"@id\":\"https:\/\/www.fiemg.com.br\/regional-vale-do-paranaiba\/noticias\/equipe-sesi-sst-de-uberlandia-participa-de-capacitacao-para-resgaste-em-altura\/#primaryimage\"},\"thumbnailUrl\":\"https:\/\/www.fiemg.com.br\/regional-vale-do-paranaiba\/wp-content\/uploads\/sites\/24\/2024\/06\/WhatsApp-Image-2024-05-31-at-09.30.31-3-1.jpeg\",\"datePublished\":\"2024-06-03T13:02:11+00:00\",\"dateModified\":\"2024-06-03T13:54:19+00:00\",\"breadcrumb\":{\"@id\":\"https:\/\/www.fiemg.com.br\/regional-vale-do-paranaiba\/noticias\/equipe-sesi-sst-de-uberlandia-participa-de-capacitacao-para-resgaste-em-altura\/#breadcrumb\"},\"inLanguage\":\"pt-BR\",\"potentialAction\":[{\"@type\":\"ReadAction\",\"target\":[\"https:\/\/www.fiemg.com.br\/regional-vale-do-paranaiba\/noticias\/equipe-sesi-sst-de-uberlandia-participa-de-capacitacao-para-resgaste-em-altura\/\"]}]},{\"@type\":\"ImageObject\",\"inLanguage\":\"pt-BR\",\"@id\":\"https:\/\/www.fiemg.com.br\/regional-vale-do-paranaiba\/noticias\/equipe-sesi-sst-de-uberlandia-participa-de-capacitacao-para-resgaste-em-altura\/#primaryimage\",\"url\":\"https:\/\/www.fiemg.com.br\/regional-vale-do-paranaiba\/wp-content\/uploads\/sites\/24\/2024\/06\/WhatsApp-Image-2024-05-31-at-09.30.31-3-1.jpeg\",\"contentUrl\":\"https:\/\/www.fiemg.com.br\/regional-vale-do-paranaiba\/wp-content\/uploads\/sites\/24\/2024\/06\/WhatsApp-Image-2024-05-31-at-09.30.31-3-1.jpeg\",\"width\":900,\"height\":1600},{\"@type\":\"BreadcrumbList\",\"@id\":\"https:\/\/www.fiemg.com.br\/regional-vale-do-paranaiba\/noticias\/equipe-sesi-sst-de-uberlandia-participa-de-capacitacao-para-resgaste-em-altura\/#breadcrumb\",\"itemListElement\":[{\"@type\":\"ListItem\",\"position\":1,\"name\":\"In\u00edcio\",\"item\":\"https:\/\/www.fiemg.com.br\/regional-vale-do-paranaiba\/\"},{\"@type\":\"ListItem\",\"position\":2,\"name\":\"Equipe SESI SST de Uberl\u00e2ndia participa de capacita\u00e7\u00e3o para resgaste em altura\"}]},{\"@type\":\"WebSite\",\"@id\":\"https:\/\/www.fiemg.com.br\/regional-vale-do-paranaiba\/#website\",\"url\":\"https:\/\/www.fiemg.com.br\/regional-vale-do-paranaiba\/\",\"name\":\"Regional Vale do Parana\u00edba\",\"description\":\"Federa\u00e7\u00e3o das Ind\u00fastrias do Estado de Minas Gerais\",\"publisher\":{\"@id\":\"https:\/\/www.fiemg.com.br\/regional-vale-do-paranaiba\/#organization\"},\"potentialAction\":[{\"@type\":\"SearchAction\",\"target\":{\"@type\":\"EntryPoint\",\"urlTemplate\":\"https:\/\/www.fiemg.com.br\/regional-vale-do-paranaiba\/?s={search_term_string}\"},\"query-input\":{\"@type\":\"PropertyValueSpecification\",\"valueRequired\":true,\"valueName\":\"search_term_string\"}}],\"inLanguage\":\"pt-BR\"},{\"@type\":\"Organization\",\"@id\":\"https:\/\/www.fiemg.com.br\/regional-vale-do-paranaiba\/#organization\",\"name\":\"Regional Vale do Parana\u00edba\",\"url\":\"https:\/\/www.fiemg.com.br\/regional-vale-do-paranaiba\/\",\"logo\":{\"@type\":\"ImageObject\",\"inLanguage\":\"pt-BR\",\"@id\":\"https:\/\/www.fiemg.com.br\/regional-vale-do-paranaiba\/#\/schema\/logo\/image\/\",\"url\":\"https:\/\/www.fiemg.com.br\/regional-vale-do-paranaiba\/wp-content\/uploads\/sites\/24\/2023\/02\/Ativo-1.png\",\"contentUrl\":\"https:\/\/www.fiemg.com.br\/regional-vale-do-paranaiba\/wp-content\/uploads\/sites\/24\/2023\/02\/Ativo-1.png\",\"width\":563,\"height\":149,\"caption\":\"Regional Vale do Parana\u00edba\"},\"image\":{\"@id\":\"https:\/\/www.fiemg.com.br\/regional-vale-do-paranaiba\/#\/schema\/logo\/image\/\"}}]}<\/script>\n<!-- \/ Yoast SEO plugin. -->","yoast_head_json":{"title":"Equipe SESI SST de Uberl\u00e2ndia participa de capacita\u00e7\u00e3o para resgaste em altura - Regional Vale do Parana\u00edba","robots":{"index":"index","follow":"follow","max-snippet":"max-snippet:-1","max-image-preview":"max-image-preview:large","max-video-preview":"max-video-preview:-1"},"canonical":"https:\/\/www.fiemg.com.br\/regional-vale-do-paranaiba\/noticias\/equipe-sesi-sst-de-uberlandia-participa-de-capacitacao-para-resgaste-em-altura\/","og_locale":"pt_BR","og_type":"article","og_title":"Equipe SESI SST de Uberl\u00e2ndia participa de capacita\u00e7\u00e3o para resgaste em altura - Regional Vale do Parana\u00edba","og_description":"O time de Bombeiros Civis do SESI SST Uberl\u00e2ndia composto por 13 profissionais passou por mais um treinamento de capacita\u00e7\u00e3o na \u00faltima semana (27 a 31\/5). De acordo com o gerente da Unidade no munic\u00edpio citado, Douglas Oliveira, o treinamento de resgate em altura \u00e9 essencial para garantir a seguran\u00e7a dos trabalhadores, pois capacita equipes [&hellip;]","og_url":"https:\/\/www.fiemg.com.br\/regional-vale-do-paranaiba\/noticias\/equipe-sesi-sst-de-uberlandia-participa-de-capacitacao-para-resgaste-em-altura\/","og_site_name":"Regional Vale do Parana\u00edba","article_modified_time":"2024-06-03T13:54:19+00:00","og_image":[{"width":900,"height":1600,"url":"https:\/\/www.fiemg.com.br\/regional-vale-do-paranaiba\/wp-content\/uploads\/sites\/24\/2024\/06\/WhatsApp-Image-2024-05-31-at-09.30.31-3-1.jpeg","type":"image\/jpeg"}],"twitter_card":"summary_large_image","twitter_misc":{"Est. tempo de leitura":"2 minutos"},"schema":{"@context":"https:\/\/schema.org","@graph":[{"@type":"WebPage","@id":"https:\/\/www.fiemg.com.br\/regional-vale-do-paranaiba\/noticias\/equipe-sesi-sst-de-uberlandia-participa-de-capacitacao-para-resgaste-em-altura\/","url":"https:\/\/www.fiemg.com.br\/regional-vale-do-paranaiba\/noticias\/equipe-sesi-sst-de-uberlandia-participa-de-capacitacao-para-resgaste-em-altura\/","name":"Equipe SESI SST de Uberl\u00e2ndia participa de capacita\u00e7\u00e3o para resgaste em altura - Regional Vale do Parana\u00edba","isPartOf":{"@id":"https:\/\/www.fiemg.com.br\/regional-vale-do-paranaiba\/#website"},"primaryImageOfPage":{"@id":"https:\/\/www.fiemg.com.br\/regional-vale-do-paranaiba\/noticias\/equipe-sesi-sst-de-uberlandia-participa-de-capacitacao-para-resgaste-em-altura\/#primaryimage"},"image":{"@id":"https:\/\/www.fiemg.com.br\/regional-vale-do-paranaiba\/noticias\/equipe-sesi-sst-de-uberlandia-participa-de-capacitacao-para-resgaste-em-altura\/#primaryimage"},"thumbnailUrl":"https:\/\/www.fiemg.com.br\/regional-vale-do-paranaiba\/wp-content\/uploads\/sites\/24\/2024\/06\/WhatsApp-Image-2024-05-31-at-09.30.31-3-1.jpeg","datePublished":"2024-06-03T13:02:11+00:00","dateModified":"2024-06-03T13:54:19+00:00","breadcrumb":{"@id":"https:\/\/www.fiemg.com.br\/regional-vale-do-paranaiba\/noticias\/equipe-sesi-sst-de-uberlandia-participa-de-capacitacao-para-resgaste-em-altura\/#breadcrumb"},"inLanguage":"pt-BR","potentialAction":[{"@type":"ReadAction","target":["https:\/\/www.fiemg.com.br\/regional-vale-do-paranaiba\/noticias\/equipe-sesi-sst-de-uberlandia-participa-de-capacitacao-para-resgaste-em-altura\/"]}]},{"@type":"ImageObject","inLanguage":"pt-BR","@id":"https:\/\/www.fiemg.com.br\/regional-vale-do-paranaiba\/noticias\/equipe-sesi-sst-de-uberlandia-participa-de-capacitacao-para-resgaste-em-altura\/#primaryimage","url":"https:\/\/www.fiemg.com.br\/regional-vale-do-paranaiba\/wp-content\/uploads\/sites\/24\/2024\/06\/WhatsApp-Image-2024-05-31-at-09.30.31-3-1.jpeg","contentUrl":"https:\/\/www.fiemg.com.br\/regional-vale-do-paranaiba\/wp-content\/uploads\/sites\/24\/2024\/06\/WhatsApp-Image-2024-05-31-at-09.30.31-3-1.jpeg","width":900,"height":1600},{"@type":"BreadcrumbList","@id":"https:\/\/www.fiemg.com.br\/regional-vale-do-paranaiba\/noticias\/equipe-sesi-sst-de-uberlandia-participa-de-capacitacao-para-resgaste-em-altura\/#breadcrumb","itemListElement":[{"@type":"ListItem","position":1,"name":"In\u00edcio","item":"https:\/\/www.fiemg.com.br\/regional-vale-do-paranaiba\/"},{"@type":"ListItem","position":2,"name":"Equipe SESI SST de Uberl\u00e2ndia participa de capacita\u00e7\u00e3o para resgaste em altura"}]},{"@type":"WebSite","@id":"https:\/\/www.fiemg.com.br\/regional-vale-do-paranaiba\/#website","url":"https:\/\/www.fiemg.com.br\/regional-vale-do-paranaiba\/","name":"Regional Vale do Parana\u00edba","description":"Federa\u00e7\u00e3o das Ind\u00fastrias do Estado de Minas Gerais","publisher":{"@id":"https:\/\/www.fiemg.com.br\/regional-vale-do-paranaiba\/#organization"},"potentialAction":[{"@type":"SearchAction","target":{"@type":"EntryPoint","urlTemplate":"https:\/\/www.fiemg.com.br\/regional-vale-do-paranaiba\/?s={search_term_string}"},"query-input":{"@type":"PropertyValueSpecification","valueRequired":true,"valueName":"search_term_string"}}],"inLanguage":"pt-BR"},{"@type":"Organization","@id":"https:\/\/www.fiemg.com.br\/regional-vale-do-paranaiba\/#organization","name":"Regional Vale do Parana\u00edba","url":"https:\/\/www.fiemg.com.br\/regional-vale-do-paranaiba\/","logo":{"@type":"ImageObject","inLanguage":"pt-BR","@id":"https:\/\/www.fiemg.com.br\/regional-vale-do-paranaiba\/#\/schema\/logo\/image\/","url":"https:\/\/www.fiemg.com.br\/regional-vale-do-paranaiba\/wp-content\/uploads\/sites\/24\/2023\/02\/Ativo-1.png","contentUrl":"https:\/\/www.fiemg.com.br\/regional-vale-do-paranaiba\/wp-content\/uploads\/sites\/24\/2023\/02\/Ativo-1.png","width":563,"height":149,"caption":"Regional Vale do Parana\u00edba"},"image":{"@id":"https:\/\/www.fiemg.com.br\/regional-vale-do-paranaiba\/#\/schema\/logo\/image\/"}}]}},"_links":{"self":[{"href":"https:\/\/www.fiemg.com.br\/regional-vale-do-paranaiba\/wp-json\/wp\/v2\/noticias\/2191","targetHints":{"allow":["GET"]}}],"collection":[{"href":"https:\/\/www.fiemg.com.br\/regional-vale-do-paranaiba\/wp-json\/wp\/v2\/noticias"}],"about":[{"href":"https:\/\/www.fiemg.com.br\/regional-vale-do-paranaiba\/wp-json\/wp\/v2\/types\/noticias"}],"wp:featuredmedia":[{"embeddable":true,"href":"https:\/\/www.fiemg.com.br\/regional-vale-do-paranaiba\/wp-json\/wp\/v2\/media\/2194"}],"wp:attachment":[{"href":"https:\/\/www.fiemg.com.br\/regional-vale-do-paranaiba\/wp-json\/wp\/v2\/media?parent=2191"}],"wp:term":[{"taxonomy":"category","embeddable":true,"href":"https:\/\/www.fiemg.com.br\/regional-vale-do-paranaiba\/wp-json\/wp\/v2\/categories?post=2191"},{"taxonomy":"post_tag","embeddable":true,"href":"https:\/\/www.fiemg.com.br\/regional-vale-do-paranaiba\/wp-json\/wp\/v2\/tags?post=2191"}],"curies":[{"name":"wp","href":"https:\/\/api.w.org\/{rel}","templated":true}]}}