{"id":2206,"date":"2024-04-20T14:37:19","date_gmt":"2024-04-20T17:37:19","guid":{"rendered":"https:\/\/www.fiemg.com.br\/regional-vale-do-paranaiba\/?post_type=noticias&#038;p=2206"},"modified":"2024-06-07T14:42:53","modified_gmt":"2024-06-07T17:42:53","slug":"sesi-araguari-realiza-projeto-literario-para-alunos-do-2o-ano-do-ensino-fundamental","status":"publish","type":"noticias","link":"https:\/\/www.fiemg.com.br\/regional-vale-do-paranaiba\/noticias\/sesi-araguari-realiza-projeto-literario-para-alunos-do-2o-ano-do-ensino-fundamental\/","title":{"rendered":"SESI Araguari realiza projeto liter\u00e1rio para alunos do 2\u00ba ano do ensino fundamental"},"content":{"rendered":"\n<figure class=\"wp-block-image size-large\"><img fetchpriority=\"high\" decoding=\"async\" width=\"995\" height=\"1024\" src=\"https:\/\/www.fiemg.com.br\/regional-vale-do-paranaiba\/wp-content\/uploads\/sites\/24\/2024\/06\/WhatsApp-Image-2024-06-07-at-14.33.54-1-995x1024.jpeg\" alt=\"\" class=\"wp-image-2207\" srcset=\"https:\/\/www.fiemg.com.br\/regional-vale-do-paranaiba\/wp-content\/uploads\/sites\/24\/2024\/06\/WhatsApp-Image-2024-06-07-at-14.33.54-1-995x1024.jpeg 995w, https:\/\/www.fiemg.com.br\/regional-vale-do-paranaiba\/wp-content\/uploads\/sites\/24\/2024\/06\/WhatsApp-Image-2024-06-07-at-14.33.54-1-292x300.jpeg 292w, https:\/\/www.fiemg.com.br\/regional-vale-do-paranaiba\/wp-content\/uploads\/sites\/24\/2024\/06\/WhatsApp-Image-2024-06-07-at-14.33.54-1-768x790.jpeg 768w, https:\/\/www.fiemg.com.br\/regional-vale-do-paranaiba\/wp-content\/uploads\/sites\/24\/2024\/06\/WhatsApp-Image-2024-06-07-at-14.33.54-1.jpeg 1080w\" sizes=\"(max-width: 995px) 100vw, 995px\" \/><\/figure>\n\n\n\n<p>O projeto liter\u00e1rio &#8220;Mergulhando na fantasia de Eva Furnari&#8221; foi conduzido pela professora Ana R\u00fabia Nascimento Bitencour do SESI M\u00e1rio Abdala do munic\u00edpio de Araguari.<\/p>\n\n\n\n<p>Com objetivo de destacar a import\u00e2ncia e o est\u00edmulo da leitura, o projeto foi desenvolvido de maneira interdisciplinar, ou seja, envolvendo todas as \u00e1reas do conhecimento.<br>O livro escolhido foi o &#8220;N\u00f3s&#8221; da autora Eva Furnari no qual traz uma personagem que sofre preconceito social, e a partir disso foi trabalhado em sala de aula as diferen\u00e7as e a necessidade de respeitar a individualidade de cada um.<br>&#8220;Come\u00e7amos pela leitura di\u00e1ria nos tabletes, depois passamos para a confec\u00e7\u00e3o de um livro da turma exemplificando as diferen\u00e7as existentes entre as crian\u00e7as.  Servimos uma macarronada de leitura, onde as crian\u00e7as se deliciaram com um prato escolhido pela maioria, mostrando que mesmo com tantas diferen\u00e7as temos sempre algo em comum e<br>terminamos com exposi\u00e7\u00f5es de objetos diferentes e antigos, explorando as mudan\u00e7as ocorridas ao longo<br>do tempo.&#8221; afirmou a professora respons\u00e1vel.<\/p>\n\n\n\n<p>Os resultados alcan\u00e7ados pelo projeto liter\u00e1rio foram expostos na escola no \u00faltimo dia 20\/4 e contou com a participa\u00e7\u00e3o das fam\u00edlias das crian\u00e7as para prestigiar tamb\u00e9m.<\/p>\n","protected":false},"featured_media":2207,"template":"","categories":[],"tags":[],"class_list":["post-2206","noticias","type-noticias","status-publish","has-post-thumbnail","hentry"],"acf":[],"yoast_head":"<!-- This site is optimized with the Yoast SEO plugin v26.2 - https:\/\/yoast.com\/wordpress\/plugins\/seo\/ -->\n<title>SESI Araguari realiza projeto liter\u00e1rio para alunos do 2\u00ba ano do ensino fundamental - Regional Vale do Parana\u00edba<\/title>\n<meta name=\"robots\" content=\"index, follow, max-snippet:-1, max-image-preview:large, max-video-preview:-1\" \/>\n<link rel=\"canonical\" href=\"https:\/\/www.fiemg.com.br\/regional-vale-do-paranaiba\/noticias\/sesi-araguari-realiza-projeto-literario-para-alunos-do-2o-ano-do-ensino-fundamental\/\" \/>\n<meta property=\"og:locale\" content=\"pt_BR\" \/>\n<meta property=\"og:type\" content=\"article\" \/>\n<meta property=\"og:title\" content=\"SESI Araguari realiza projeto liter\u00e1rio para alunos do 2\u00ba ano do ensino fundamental - Regional Vale do Parana\u00edba\" \/>\n<meta property=\"og:description\" content=\"O projeto liter\u00e1rio &#8220;Mergulhando na fantasia de Eva Furnari&#8221; foi conduzido pela professora Ana R\u00fabia Nascimento Bitencour do SESI M\u00e1rio Abdala do munic\u00edpio de Araguari. Com objetivo de destacar a import\u00e2ncia e o est\u00edmulo da leitura, o projeto foi desenvolvido de maneira interdisciplinar, ou seja, envolvendo todas as \u00e1reas do conhecimento.O livro escolhido foi o [&hellip;]\" \/>\n<meta property=\"og:url\" content=\"https:\/\/www.fiemg.com.br\/regional-vale-do-paranaiba\/noticias\/sesi-araguari-realiza-projeto-literario-para-alunos-do-2o-ano-do-ensino-fundamental\/\" \/>\n<meta property=\"og:site_name\" content=\"Regional Vale do Parana\u00edba\" \/>\n<meta property=\"article:modified_time\" content=\"2024-06-07T17:42:53+00:00\" \/>\n<meta property=\"og:image\" content=\"https:\/\/www.fiemg.com.br\/regional-vale-do-paranaiba\/wp-content\/uploads\/sites\/24\/2024\/06\/WhatsApp-Image-2024-06-07-at-14.33.54-1.jpeg\" \/>\n\t<meta property=\"og:image:width\" content=\"1080\" \/>\n\t<meta property=\"og:image:height\" content=\"1111\" \/>\n\t<meta property=\"og:image:type\" content=\"image\/jpeg\" \/>\n<meta name=\"twitter:card\" content=\"summary_large_image\" \/>\n<meta name=\"twitter:label1\" content=\"Est. tempo de leitura\" \/>\n\t<meta name=\"twitter:data1\" content=\"2 minutos\" \/>\n<script type=\"application\/ld+json\" class=\"yoast-schema-graph\">{\"@context\":\"https:\/\/schema.org\",\"@graph\":[{\"@type\":\"WebPage\",\"@id\":\"https:\/\/www.fiemg.com.br\/regional-vale-do-paranaiba\/noticias\/sesi-araguari-realiza-projeto-literario-para-alunos-do-2o-ano-do-ensino-fundamental\/\",\"url\":\"https:\/\/www.fiemg.com.br\/regional-vale-do-paranaiba\/noticias\/sesi-araguari-realiza-projeto-literario-para-alunos-do-2o-ano-do-ensino-fundamental\/\",\"name\":\"SESI Araguari realiza projeto liter\u00e1rio para alunos do 2\u00ba ano do ensino fundamental - Regional Vale do Parana\u00edba\",\"isPartOf\":{\"@id\":\"https:\/\/www.fiemg.com.br\/regional-vale-do-paranaiba\/#website\"},\"primaryImageOfPage\":{\"@id\":\"https:\/\/www.fiemg.com.br\/regional-vale-do-paranaiba\/noticias\/sesi-araguari-realiza-projeto-literario-para-alunos-do-2o-ano-do-ensino-fundamental\/#primaryimage\"},\"image\":{\"@id\":\"https:\/\/www.fiemg.com.br\/regional-vale-do-paranaiba\/noticias\/sesi-araguari-realiza-projeto-literario-para-alunos-do-2o-ano-do-ensino-fundamental\/#primaryimage\"},\"thumbnailUrl\":\"https:\/\/www.fiemg.com.br\/regional-vale-do-paranaiba\/wp-content\/uploads\/sites\/24\/2024\/06\/WhatsApp-Image-2024-06-07-at-14.33.54-1.jpeg\",\"datePublished\":\"2024-04-20T17:37:19+00:00\",\"dateModified\":\"2024-06-07T17:42:53+00:00\",\"breadcrumb\":{\"@id\":\"https:\/\/www.fiemg.com.br\/regional-vale-do-paranaiba\/noticias\/sesi-araguari-realiza-projeto-literario-para-alunos-do-2o-ano-do-ensino-fundamental\/#breadcrumb\"},\"inLanguage\":\"pt-BR\",\"potentialAction\":[{\"@type\":\"ReadAction\",\"target\":[\"https:\/\/www.fiemg.com.br\/regional-vale-do-paranaiba\/noticias\/sesi-araguari-realiza-projeto-literario-para-alunos-do-2o-ano-do-ensino-fundamental\/\"]}]},{\"@type\":\"ImageObject\",\"inLanguage\":\"pt-BR\",\"@id\":\"https:\/\/www.fiemg.com.br\/regional-vale-do-paranaiba\/noticias\/sesi-araguari-realiza-projeto-literario-para-alunos-do-2o-ano-do-ensino-fundamental\/#primaryimage\",\"url\":\"https:\/\/www.fiemg.com.br\/regional-vale-do-paranaiba\/wp-content\/uploads\/sites\/24\/2024\/06\/WhatsApp-Image-2024-06-07-at-14.33.54-1.jpeg\",\"contentUrl\":\"https:\/\/www.fiemg.com.br\/regional-vale-do-paranaiba\/wp-content\/uploads\/sites\/24\/2024\/06\/WhatsApp-Image-2024-06-07-at-14.33.54-1.jpeg\",\"width\":1080,\"height\":1111},{\"@type\":\"BreadcrumbList\",\"@id\":\"https:\/\/www.fiemg.com.br\/regional-vale-do-paranaiba\/noticias\/sesi-araguari-realiza-projeto-literario-para-alunos-do-2o-ano-do-ensino-fundamental\/#breadcrumb\",\"itemListElement\":[{\"@type\":\"ListItem\",\"position\":1,\"name\":\"In\u00edcio\",\"item\":\"https:\/\/www.fiemg.com.br\/regional-vale-do-paranaiba\/\"},{\"@type\":\"ListItem\",\"position\":2,\"name\":\"SESI Araguari realiza projeto liter\u00e1rio para alunos do 2\u00ba ano do ensino fundamental\"}]},{\"@type\":\"WebSite\",\"@id\":\"https:\/\/www.fiemg.com.br\/regional-vale-do-paranaiba\/#website\",\"url\":\"https:\/\/www.fiemg.com.br\/regional-vale-do-paranaiba\/\",\"name\":\"Regional Vale do Parana\u00edba\",\"description\":\"Federa\u00e7\u00e3o das Ind\u00fastrias do Estado de Minas Gerais\",\"publisher\":{\"@id\":\"https:\/\/www.fiemg.com.br\/regional-vale-do-paranaiba\/#organization\"},\"potentialAction\":[{\"@type\":\"SearchAction\",\"target\":{\"@type\":\"EntryPoint\",\"urlTemplate\":\"https:\/\/www.fiemg.com.br\/regional-vale-do-paranaiba\/?s={search_term_string}\"},\"query-input\":{\"@type\":\"PropertyValueSpecification\",\"valueRequired\":true,\"valueName\":\"search_term_string\"}}],\"inLanguage\":\"pt-BR\"},{\"@type\":\"Organization\",\"@id\":\"https:\/\/www.fiemg.com.br\/regional-vale-do-paranaiba\/#organization\",\"name\":\"Regional Vale do Parana\u00edba\",\"url\":\"https:\/\/www.fiemg.com.br\/regional-vale-do-paranaiba\/\",\"logo\":{\"@type\":\"ImageObject\",\"inLanguage\":\"pt-BR\",\"@id\":\"https:\/\/www.fiemg.com.br\/regional-vale-do-paranaiba\/#\/schema\/logo\/image\/\",\"url\":\"https:\/\/www.fiemg.com.br\/regional-vale-do-paranaiba\/wp-content\/uploads\/sites\/24\/2023\/02\/Ativo-1.png\",\"contentUrl\":\"https:\/\/www.fiemg.com.br\/regional-vale-do-paranaiba\/wp-content\/uploads\/sites\/24\/2023\/02\/Ativo-1.png\",\"width\":563,\"height\":149,\"caption\":\"Regional Vale do Parana\u00edba\"},\"image\":{\"@id\":\"https:\/\/www.fiemg.com.br\/regional-vale-do-paranaiba\/#\/schema\/logo\/image\/\"}}]}<\/script>\n<!-- \/ Yoast SEO plugin. -->","yoast_head_json":{"title":"SESI Araguari realiza projeto liter\u00e1rio para alunos do 2\u00ba ano do ensino fundamental - Regional Vale do Parana\u00edba","robots":{"index":"index","follow":"follow","max-snippet":"max-snippet:-1","max-image-preview":"max-image-preview:large","max-video-preview":"max-video-preview:-1"},"canonical":"https:\/\/www.fiemg.com.br\/regional-vale-do-paranaiba\/noticias\/sesi-araguari-realiza-projeto-literario-para-alunos-do-2o-ano-do-ensino-fundamental\/","og_locale":"pt_BR","og_type":"article","og_title":"SESI Araguari realiza projeto liter\u00e1rio para alunos do 2\u00ba ano do ensino fundamental - Regional Vale do Parana\u00edba","og_description":"O projeto liter\u00e1rio &#8220;Mergulhando na fantasia de Eva Furnari&#8221; foi conduzido pela professora Ana R\u00fabia Nascimento Bitencour do SESI M\u00e1rio Abdala do munic\u00edpio de Araguari. Com objetivo de destacar a import\u00e2ncia e o est\u00edmulo da leitura, o projeto foi desenvolvido de maneira interdisciplinar, ou seja, envolvendo todas as \u00e1reas do conhecimento.O livro escolhido foi o [&hellip;]","og_url":"https:\/\/www.fiemg.com.br\/regional-vale-do-paranaiba\/noticias\/sesi-araguari-realiza-projeto-literario-para-alunos-do-2o-ano-do-ensino-fundamental\/","og_site_name":"Regional Vale do Parana\u00edba","article_modified_time":"2024-06-07T17:42:53+00:00","og_image":[{"width":1080,"height":1111,"url":"https:\/\/www.fiemg.com.br\/regional-vale-do-paranaiba\/wp-content\/uploads\/sites\/24\/2024\/06\/WhatsApp-Image-2024-06-07-at-14.33.54-1.jpeg","type":"image\/jpeg"}],"twitter_card":"summary_large_image","twitter_misc":{"Est. tempo de leitura":"2 minutos"},"schema":{"@context":"https:\/\/schema.org","@graph":[{"@type":"WebPage","@id":"https:\/\/www.fiemg.com.br\/regional-vale-do-paranaiba\/noticias\/sesi-araguari-realiza-projeto-literario-para-alunos-do-2o-ano-do-ensino-fundamental\/","url":"https:\/\/www.fiemg.com.br\/regional-vale-do-paranaiba\/noticias\/sesi-araguari-realiza-projeto-literario-para-alunos-do-2o-ano-do-ensino-fundamental\/","name":"SESI Araguari realiza projeto liter\u00e1rio para alunos do 2\u00ba ano do ensino fundamental - Regional Vale do Parana\u00edba","isPartOf":{"@id":"https:\/\/www.fiemg.com.br\/regional-vale-do-paranaiba\/#website"},"primaryImageOfPage":{"@id":"https:\/\/www.fiemg.com.br\/regional-vale-do-paranaiba\/noticias\/sesi-araguari-realiza-projeto-literario-para-alunos-do-2o-ano-do-ensino-fundamental\/#primaryimage"},"image":{"@id":"https:\/\/www.fiemg.com.br\/regional-vale-do-paranaiba\/noticias\/sesi-araguari-realiza-projeto-literario-para-alunos-do-2o-ano-do-ensino-fundamental\/#primaryimage"},"thumbnailUrl":"https:\/\/www.fiemg.com.br\/regional-vale-do-paranaiba\/wp-content\/uploads\/sites\/24\/2024\/06\/WhatsApp-Image-2024-06-07-at-14.33.54-1.jpeg","datePublished":"2024-04-20T17:37:19+00:00","dateModified":"2024-06-07T17:42:53+00:00","breadcrumb":{"@id":"https:\/\/www.fiemg.com.br\/regional-vale-do-paranaiba\/noticias\/sesi-araguari-realiza-projeto-literario-para-alunos-do-2o-ano-do-ensino-fundamental\/#breadcrumb"},"inLanguage":"pt-BR","potentialAction":[{"@type":"ReadAction","target":["https:\/\/www.fiemg.com.br\/regional-vale-do-paranaiba\/noticias\/sesi-araguari-realiza-projeto-literario-para-alunos-do-2o-ano-do-ensino-fundamental\/"]}]},{"@type":"ImageObject","inLanguage":"pt-BR","@id":"https:\/\/www.fiemg.com.br\/regional-vale-do-paranaiba\/noticias\/sesi-araguari-realiza-projeto-literario-para-alunos-do-2o-ano-do-ensino-fundamental\/#primaryimage","url":"https:\/\/www.fiemg.com.br\/regional-vale-do-paranaiba\/wp-content\/uploads\/sites\/24\/2024\/06\/WhatsApp-Image-2024-06-07-at-14.33.54-1.jpeg","contentUrl":"https:\/\/www.fiemg.com.br\/regional-vale-do-paranaiba\/wp-content\/uploads\/sites\/24\/2024\/06\/WhatsApp-Image-2024-06-07-at-14.33.54-1.jpeg","width":1080,"height":1111},{"@type":"BreadcrumbList","@id":"https:\/\/www.fiemg.com.br\/regional-vale-do-paranaiba\/noticias\/sesi-araguari-realiza-projeto-literario-para-alunos-do-2o-ano-do-ensino-fundamental\/#breadcrumb","itemListElement":[{"@type":"ListItem","position":1,"name":"In\u00edcio","item":"https:\/\/www.fiemg.com.br\/regional-vale-do-paranaiba\/"},{"@type":"ListItem","position":2,"name":"SESI Araguari realiza projeto liter\u00e1rio para alunos do 2\u00ba ano do ensino fundamental"}]},{"@type":"WebSite","@id":"https:\/\/www.fiemg.com.br\/regional-vale-do-paranaiba\/#website","url":"https:\/\/www.fiemg.com.br\/regional-vale-do-paranaiba\/","name":"Regional Vale do Parana\u00edba","description":"Federa\u00e7\u00e3o das Ind\u00fastrias do Estado de Minas Gerais","publisher":{"@id":"https:\/\/www.fiemg.com.br\/regional-vale-do-paranaiba\/#organization"},"potentialAction":[{"@type":"SearchAction","target":{"@type":"EntryPoint","urlTemplate":"https:\/\/www.fiemg.com.br\/regional-vale-do-paranaiba\/?s={search_term_string}"},"query-input":{"@type":"PropertyValueSpecification","valueRequired":true,"valueName":"search_term_string"}}],"inLanguage":"pt-BR"},{"@type":"Organization","@id":"https:\/\/www.fiemg.com.br\/regional-vale-do-paranaiba\/#organization","name":"Regional Vale do Parana\u00edba","url":"https:\/\/www.fiemg.com.br\/regional-vale-do-paranaiba\/","logo":{"@type":"ImageObject","inLanguage":"pt-BR","@id":"https:\/\/www.fiemg.com.br\/regional-vale-do-paranaiba\/#\/schema\/logo\/image\/","url":"https:\/\/www.fiemg.com.br\/regional-vale-do-paranaiba\/wp-content\/uploads\/sites\/24\/2023\/02\/Ativo-1.png","contentUrl":"https:\/\/www.fiemg.com.br\/regional-vale-do-paranaiba\/wp-content\/uploads\/sites\/24\/2023\/02\/Ativo-1.png","width":563,"height":149,"caption":"Regional Vale do Parana\u00edba"},"image":{"@id":"https:\/\/www.fiemg.com.br\/regional-vale-do-paranaiba\/#\/schema\/logo\/image\/"}}]}},"_links":{"self":[{"href":"https:\/\/www.fiemg.com.br\/regional-vale-do-paranaiba\/wp-json\/wp\/v2\/noticias\/2206","targetHints":{"allow":["GET"]}}],"collection":[{"href":"https:\/\/www.fiemg.com.br\/regional-vale-do-paranaiba\/wp-json\/wp\/v2\/noticias"}],"about":[{"href":"https:\/\/www.fiemg.com.br\/regional-vale-do-paranaiba\/wp-json\/wp\/v2\/types\/noticias"}],"wp:featuredmedia":[{"embeddable":true,"href":"https:\/\/www.fiemg.com.br\/regional-vale-do-paranaiba\/wp-json\/wp\/v2\/media\/2207"}],"wp:attachment":[{"href":"https:\/\/www.fiemg.com.br\/regional-vale-do-paranaiba\/wp-json\/wp\/v2\/media?parent=2206"}],"wp:term":[{"taxonomy":"category","embeddable":true,"href":"https:\/\/www.fiemg.com.br\/regional-vale-do-paranaiba\/wp-json\/wp\/v2\/categories?post=2206"},{"taxonomy":"post_tag","embeddable":true,"href":"https:\/\/www.fiemg.com.br\/regional-vale-do-paranaiba\/wp-json\/wp\/v2\/tags?post=2206"}],"curies":[{"name":"wp","href":"https:\/\/api.w.org\/{rel}","templated":true}]}}