{"id":2224,"date":"2024-06-20T09:04:18","date_gmt":"2024-06-20T12:04:18","guid":{"rendered":"https:\/\/www.fiemg.com.br\/regional-vale-do-paranaiba\/?post_type=noticias&#038;p=2224"},"modified":"2024-06-20T09:04:19","modified_gmt":"2024-06-20T12:04:19","slug":"sindmetal-realiza-9a-edicao-do-autostop-2024","status":"publish","type":"noticias","link":"https:\/\/www.fiemg.com.br\/regional-vale-do-paranaiba\/noticias\/sindmetal-realiza-9a-edicao-do-autostop-2024\/","title":{"rendered":"Sindmetal realiza 9\u00aa edi\u00e7\u00e3o do AutoStop 2024"},"content":{"rendered":"\n<figure class=\"wp-block-image size-full is-resized\"><img fetchpriority=\"high\" decoding=\"async\" width=\"759\" height=\"432\" src=\"https:\/\/www.fiemg.com.br\/regional-vale-do-paranaiba\/wp-content\/uploads\/sites\/24\/2024\/06\/Captura-de-tela-2024-06-20-090325.png\" alt=\"\" class=\"wp-image-2225\" style=\"width:842px;height:auto\" srcset=\"https:\/\/www.fiemg.com.br\/regional-vale-do-paranaiba\/wp-content\/uploads\/sites\/24\/2024\/06\/Captura-de-tela-2024-06-20-090325.png 759w, https:\/\/www.fiemg.com.br\/regional-vale-do-paranaiba\/wp-content\/uploads\/sites\/24\/2024\/06\/Captura-de-tela-2024-06-20-090325-300x171.png 300w\" sizes=\"(max-width: 759px) 100vw, 759px\" \/><\/figure>\n\n\n\n<p>Na sua 9\u00aa edi\u00e7\u00e3o, o <strong>AutoStop 2024<\/strong>, ir\u00e1 trazer palestras t\u00e9cnicas <strong>gratuitas<\/strong> para profissionais do segmento automotivo e tamb\u00e9m a realiza\u00e7\u00e3o de um checklist automotivo <strong>gratuito <\/strong>na pra\u00e7a, dando assim a oportunidade para os propriet\u00e1rios de ve\u00edculos integrarem o evento e conhecerem ainda mais o seu ve\u00edculo.<br>Quem passar por l\u00e1 com carro ganha a vistoria do carro! Vai ser feito um teste de suspens\u00e3o feito por T\u00e9cnicos Nakata e um checklist completo da parte el\u00e9trica do ve\u00edculo feito por alunos da Escola de Mec\u00e2nica da Prefeitura de Uberl\u00e2ndia. No final o motorista j\u00e1 sai com um diagn\u00f3stico completo do ve\u00edculo para levar do seu mec\u00e2nico.<br>Em 2022, a 7\u00aa edi\u00e7\u00e3o do AutoStop realizou cerca de 90 checklists de ve\u00edculos que passaram pela Pra\u00e7a S\u00e9rgio Pacheco. Em 2023, mais de 130 ve\u00edculos foram vistoriados. Para 2024, a expectativa \u00e9 aumentar os n\u00fameros de atendimentos, por isso o evento foi constru\u00eddo a partir da necessidade dos propriet\u00e1rios de ve\u00edculos, que muitas vezes n\u00e3o conseguem encontrar a orienta\u00e7\u00e3o de um profissional qualificado na hora de fazer a vistoria.<br>O AutoStop 2024 \u00e9 uma idealiza\u00e7\u00e3o Sindmetal, em parceria com a Prefeitura Municipal de Uberl\u00e2ndia, Pellegrino, SEBRAE Minas e FIEMG Regional Vale do Parana\u00edba, com apoio Nakata, SYL Sistema de Freios, Sampel Pe\u00e7as Automotivas, Sab\u00f3, Fania, Metal Leve e Gates Brasil.&nbsp;<\/p>\n\n\n\n<p><strong>PALESTRAS &#8211; 17, 18, 19 e 20\/06<\/strong><strong><br><\/strong><strong> <\/strong><strong>Marcio Kendi Imanisi &#8211; Metal Leve<\/strong> (Palestra: Dicas e procedimentos adequados de desmontagem e montagem de motores de moto (160cc) &#8211; 17\/06<br><strong>F\u00e1bio Sim\u00f5es &#8211; Instrutor T\u00e9cnico SYL Pastilhas de Freio<\/strong> (Palestra: Evolu\u00e7\u00e3o e Manuten\u00e7\u00e3o do Sistema de Freio.)&nbsp; 18\/06<br><strong>Moacir Jos\u00e9 Vieira &#8211; Fania<\/strong> (Palestra: T\u00e9cnica Motivacional.) &#8211; 19\/06<br><strong>Gerson &#8211; Sampel Pe\u00e7as Automotivas<\/strong> (O DNA da Sampel &#8211; Parque Fabril, Presen\u00e7a Global, Qualidade Original, Dicas T\u00e9cnicas Informativos e Suportes Hidr\u00e1ulicos.) &#8211; 20\/06&nbsp;<\/p>\n\n\n\n<p><strong>Local: SEBRAE Uberl\u00e2ndia &#8211; <\/strong>R. Iza\u00fa Rangel de Mendon\u00e7a, 20 &#8211; Santa M\u00f4nica<br><strong>Hor\u00e1rio: <\/strong>18h30<br>Obs.: Para participar das palestras \u00e9 necess\u00e1rio se inscrever previamente na plataforma Sympla. Clique <a href=\"https:\/\/www.sympla.com.br\/evento\/autostop-2024\/2460344?referrer=www.google.com&amp;share_id=copiarlink\"><strong>aqui<\/strong><\/a> e acesse.&nbsp;<strong>AUTOSTOP NA PRA\u00c7A &#8211; 21 E 22\/06<\/strong><strong><br><\/strong><strong>Local:<\/strong><strong>Pra\u00e7a S\u00e9rgio Pacheco &#8211; <\/strong>Centro<br><strong>Hor\u00e1rio:<\/strong> 08h \u00e0s 17h \/ 08h \u00e0s 12h<br>Para mais informa\u00e7\u00f5es entre em contato: (34) 9.9762-2053 \/ Wyara Cristina &#8211; Executiva Sindical.<\/p>\n","protected":false},"featured_media":2225,"template":"","categories":[],"tags":[],"class_list":["post-2224","noticias","type-noticias","status-publish","has-post-thumbnail","hentry"],"acf":[],"yoast_head":"<!-- This site is optimized with the Yoast SEO plugin v26.2 - https:\/\/yoast.com\/wordpress\/plugins\/seo\/ -->\n<title>Sindmetal realiza 9\u00aa edi\u00e7\u00e3o do AutoStop 2024 - Regional Vale do Parana\u00edba<\/title>\n<meta name=\"robots\" content=\"index, follow, max-snippet:-1, max-image-preview:large, max-video-preview:-1\" \/>\n<link rel=\"canonical\" href=\"https:\/\/www.fiemg.com.br\/regional-vale-do-paranaiba\/noticias\/sindmetal-realiza-9a-edicao-do-autostop-2024\/\" \/>\n<meta property=\"og:locale\" content=\"pt_BR\" \/>\n<meta property=\"og:type\" content=\"article\" \/>\n<meta property=\"og:title\" content=\"Sindmetal realiza 9\u00aa edi\u00e7\u00e3o do AutoStop 2024 - Regional Vale do Parana\u00edba\" \/>\n<meta property=\"og:description\" content=\"Na sua 9\u00aa edi\u00e7\u00e3o, o AutoStop 2024, ir\u00e1 trazer palestras t\u00e9cnicas gratuitas para profissionais do segmento automotivo e tamb\u00e9m a realiza\u00e7\u00e3o de um checklist automotivo gratuito na pra\u00e7a, dando assim a oportunidade para os propriet\u00e1rios de ve\u00edculos integrarem o evento e conhecerem ainda mais o seu ve\u00edculo.Quem passar por l\u00e1 com carro ganha a vistoria [&hellip;]\" \/>\n<meta property=\"og:url\" content=\"https:\/\/www.fiemg.com.br\/regional-vale-do-paranaiba\/noticias\/sindmetal-realiza-9a-edicao-do-autostop-2024\/\" \/>\n<meta property=\"og:site_name\" content=\"Regional Vale do Parana\u00edba\" \/>\n<meta property=\"article:modified_time\" content=\"2024-06-20T12:04:19+00:00\" \/>\n<meta property=\"og:image\" content=\"https:\/\/www.fiemg.com.br\/regional-vale-do-paranaiba\/wp-content\/uploads\/sites\/24\/2024\/06\/Captura-de-tela-2024-06-20-090325.png\" \/>\n\t<meta property=\"og:image:width\" content=\"759\" \/>\n\t<meta property=\"og:image:height\" content=\"432\" \/>\n\t<meta property=\"og:image:type\" content=\"image\/png\" \/>\n<meta name=\"twitter:card\" content=\"summary_large_image\" \/>\n<meta name=\"twitter:label1\" content=\"Est. tempo de leitura\" \/>\n\t<meta name=\"twitter:data1\" content=\"3 minutos\" \/>\n<script type=\"application\/ld+json\" class=\"yoast-schema-graph\">{\"@context\":\"https:\/\/schema.org\",\"@graph\":[{\"@type\":\"WebPage\",\"@id\":\"https:\/\/www.fiemg.com.br\/regional-vale-do-paranaiba\/noticias\/sindmetal-realiza-9a-edicao-do-autostop-2024\/\",\"url\":\"https:\/\/www.fiemg.com.br\/regional-vale-do-paranaiba\/noticias\/sindmetal-realiza-9a-edicao-do-autostop-2024\/\",\"name\":\"Sindmetal realiza 9\u00aa edi\u00e7\u00e3o do AutoStop 2024 - Regional Vale do Parana\u00edba\",\"isPartOf\":{\"@id\":\"https:\/\/www.fiemg.com.br\/regional-vale-do-paranaiba\/#website\"},\"primaryImageOfPage\":{\"@id\":\"https:\/\/www.fiemg.com.br\/regional-vale-do-paranaiba\/noticias\/sindmetal-realiza-9a-edicao-do-autostop-2024\/#primaryimage\"},\"image\":{\"@id\":\"https:\/\/www.fiemg.com.br\/regional-vale-do-paranaiba\/noticias\/sindmetal-realiza-9a-edicao-do-autostop-2024\/#primaryimage\"},\"thumbnailUrl\":\"https:\/\/www.fiemg.com.br\/regional-vale-do-paranaiba\/wp-content\/uploads\/sites\/24\/2024\/06\/Captura-de-tela-2024-06-20-090325.png\",\"datePublished\":\"2024-06-20T12:04:18+00:00\",\"dateModified\":\"2024-06-20T12:04:19+00:00\",\"breadcrumb\":{\"@id\":\"https:\/\/www.fiemg.com.br\/regional-vale-do-paranaiba\/noticias\/sindmetal-realiza-9a-edicao-do-autostop-2024\/#breadcrumb\"},\"inLanguage\":\"pt-BR\",\"potentialAction\":[{\"@type\":\"ReadAction\",\"target\":[\"https:\/\/www.fiemg.com.br\/regional-vale-do-paranaiba\/noticias\/sindmetal-realiza-9a-edicao-do-autostop-2024\/\"]}]},{\"@type\":\"ImageObject\",\"inLanguage\":\"pt-BR\",\"@id\":\"https:\/\/www.fiemg.com.br\/regional-vale-do-paranaiba\/noticias\/sindmetal-realiza-9a-edicao-do-autostop-2024\/#primaryimage\",\"url\":\"https:\/\/www.fiemg.com.br\/regional-vale-do-paranaiba\/wp-content\/uploads\/sites\/24\/2024\/06\/Captura-de-tela-2024-06-20-090325.png\",\"contentUrl\":\"https:\/\/www.fiemg.com.br\/regional-vale-do-paranaiba\/wp-content\/uploads\/sites\/24\/2024\/06\/Captura-de-tela-2024-06-20-090325.png\",\"width\":759,\"height\":432},{\"@type\":\"BreadcrumbList\",\"@id\":\"https:\/\/www.fiemg.com.br\/regional-vale-do-paranaiba\/noticias\/sindmetal-realiza-9a-edicao-do-autostop-2024\/#breadcrumb\",\"itemListElement\":[{\"@type\":\"ListItem\",\"position\":1,\"name\":\"In\u00edcio\",\"item\":\"https:\/\/www.fiemg.com.br\/regional-vale-do-paranaiba\/\"},{\"@type\":\"ListItem\",\"position\":2,\"name\":\"Sindmetal realiza 9\u00aa edi\u00e7\u00e3o do AutoStop 2024\"}]},{\"@type\":\"WebSite\",\"@id\":\"https:\/\/www.fiemg.com.br\/regional-vale-do-paranaiba\/#website\",\"url\":\"https:\/\/www.fiemg.com.br\/regional-vale-do-paranaiba\/\",\"name\":\"Regional Vale do Parana\u00edba\",\"description\":\"Federa\u00e7\u00e3o das Ind\u00fastrias do Estado de Minas Gerais\",\"publisher\":{\"@id\":\"https:\/\/www.fiemg.com.br\/regional-vale-do-paranaiba\/#organization\"},\"potentialAction\":[{\"@type\":\"SearchAction\",\"target\":{\"@type\":\"EntryPoint\",\"urlTemplate\":\"https:\/\/www.fiemg.com.br\/regional-vale-do-paranaiba\/?s={search_term_string}\"},\"query-input\":{\"@type\":\"PropertyValueSpecification\",\"valueRequired\":true,\"valueName\":\"search_term_string\"}}],\"inLanguage\":\"pt-BR\"},{\"@type\":\"Organization\",\"@id\":\"https:\/\/www.fiemg.com.br\/regional-vale-do-paranaiba\/#organization\",\"name\":\"Regional Vale do Parana\u00edba\",\"url\":\"https:\/\/www.fiemg.com.br\/regional-vale-do-paranaiba\/\",\"logo\":{\"@type\":\"ImageObject\",\"inLanguage\":\"pt-BR\",\"@id\":\"https:\/\/www.fiemg.com.br\/regional-vale-do-paranaiba\/#\/schema\/logo\/image\/\",\"url\":\"https:\/\/www.fiemg.com.br\/regional-vale-do-paranaiba\/wp-content\/uploads\/sites\/24\/2023\/02\/Ativo-1.png\",\"contentUrl\":\"https:\/\/www.fiemg.com.br\/regional-vale-do-paranaiba\/wp-content\/uploads\/sites\/24\/2023\/02\/Ativo-1.png\",\"width\":563,\"height\":149,\"caption\":\"Regional Vale do Parana\u00edba\"},\"image\":{\"@id\":\"https:\/\/www.fiemg.com.br\/regional-vale-do-paranaiba\/#\/schema\/logo\/image\/\"}}]}<\/script>\n<!-- \/ Yoast SEO plugin. -->","yoast_head_json":{"title":"Sindmetal realiza 9\u00aa edi\u00e7\u00e3o do AutoStop 2024 - Regional Vale do Parana\u00edba","robots":{"index":"index","follow":"follow","max-snippet":"max-snippet:-1","max-image-preview":"max-image-preview:large","max-video-preview":"max-video-preview:-1"},"canonical":"https:\/\/www.fiemg.com.br\/regional-vale-do-paranaiba\/noticias\/sindmetal-realiza-9a-edicao-do-autostop-2024\/","og_locale":"pt_BR","og_type":"article","og_title":"Sindmetal realiza 9\u00aa edi\u00e7\u00e3o do AutoStop 2024 - Regional Vale do Parana\u00edba","og_description":"Na sua 9\u00aa edi\u00e7\u00e3o, o AutoStop 2024, ir\u00e1 trazer palestras t\u00e9cnicas gratuitas para profissionais do segmento automotivo e tamb\u00e9m a realiza\u00e7\u00e3o de um checklist automotivo gratuito na pra\u00e7a, dando assim a oportunidade para os propriet\u00e1rios de ve\u00edculos integrarem o evento e conhecerem ainda mais o seu ve\u00edculo.Quem passar por l\u00e1 com carro ganha a vistoria [&hellip;]","og_url":"https:\/\/www.fiemg.com.br\/regional-vale-do-paranaiba\/noticias\/sindmetal-realiza-9a-edicao-do-autostop-2024\/","og_site_name":"Regional Vale do Parana\u00edba","article_modified_time":"2024-06-20T12:04:19+00:00","og_image":[{"width":759,"height":432,"url":"https:\/\/www.fiemg.com.br\/regional-vale-do-paranaiba\/wp-content\/uploads\/sites\/24\/2024\/06\/Captura-de-tela-2024-06-20-090325.png","type":"image\/png"}],"twitter_card":"summary_large_image","twitter_misc":{"Est. tempo de leitura":"3 minutos"},"schema":{"@context":"https:\/\/schema.org","@graph":[{"@type":"WebPage","@id":"https:\/\/www.fiemg.com.br\/regional-vale-do-paranaiba\/noticias\/sindmetal-realiza-9a-edicao-do-autostop-2024\/","url":"https:\/\/www.fiemg.com.br\/regional-vale-do-paranaiba\/noticias\/sindmetal-realiza-9a-edicao-do-autostop-2024\/","name":"Sindmetal realiza 9\u00aa edi\u00e7\u00e3o do AutoStop 2024 - Regional Vale do Parana\u00edba","isPartOf":{"@id":"https:\/\/www.fiemg.com.br\/regional-vale-do-paranaiba\/#website"},"primaryImageOfPage":{"@id":"https:\/\/www.fiemg.com.br\/regional-vale-do-paranaiba\/noticias\/sindmetal-realiza-9a-edicao-do-autostop-2024\/#primaryimage"},"image":{"@id":"https:\/\/www.fiemg.com.br\/regional-vale-do-paranaiba\/noticias\/sindmetal-realiza-9a-edicao-do-autostop-2024\/#primaryimage"},"thumbnailUrl":"https:\/\/www.fiemg.com.br\/regional-vale-do-paranaiba\/wp-content\/uploads\/sites\/24\/2024\/06\/Captura-de-tela-2024-06-20-090325.png","datePublished":"2024-06-20T12:04:18+00:00","dateModified":"2024-06-20T12:04:19+00:00","breadcrumb":{"@id":"https:\/\/www.fiemg.com.br\/regional-vale-do-paranaiba\/noticias\/sindmetal-realiza-9a-edicao-do-autostop-2024\/#breadcrumb"},"inLanguage":"pt-BR","potentialAction":[{"@type":"ReadAction","target":["https:\/\/www.fiemg.com.br\/regional-vale-do-paranaiba\/noticias\/sindmetal-realiza-9a-edicao-do-autostop-2024\/"]}]},{"@type":"ImageObject","inLanguage":"pt-BR","@id":"https:\/\/www.fiemg.com.br\/regional-vale-do-paranaiba\/noticias\/sindmetal-realiza-9a-edicao-do-autostop-2024\/#primaryimage","url":"https:\/\/www.fiemg.com.br\/regional-vale-do-paranaiba\/wp-content\/uploads\/sites\/24\/2024\/06\/Captura-de-tela-2024-06-20-090325.png","contentUrl":"https:\/\/www.fiemg.com.br\/regional-vale-do-paranaiba\/wp-content\/uploads\/sites\/24\/2024\/06\/Captura-de-tela-2024-06-20-090325.png","width":759,"height":432},{"@type":"BreadcrumbList","@id":"https:\/\/www.fiemg.com.br\/regional-vale-do-paranaiba\/noticias\/sindmetal-realiza-9a-edicao-do-autostop-2024\/#breadcrumb","itemListElement":[{"@type":"ListItem","position":1,"name":"In\u00edcio","item":"https:\/\/www.fiemg.com.br\/regional-vale-do-paranaiba\/"},{"@type":"ListItem","position":2,"name":"Sindmetal realiza 9\u00aa edi\u00e7\u00e3o do AutoStop 2024"}]},{"@type":"WebSite","@id":"https:\/\/www.fiemg.com.br\/regional-vale-do-paranaiba\/#website","url":"https:\/\/www.fiemg.com.br\/regional-vale-do-paranaiba\/","name":"Regional Vale do Parana\u00edba","description":"Federa\u00e7\u00e3o das Ind\u00fastrias do Estado de Minas Gerais","publisher":{"@id":"https:\/\/www.fiemg.com.br\/regional-vale-do-paranaiba\/#organization"},"potentialAction":[{"@type":"SearchAction","target":{"@type":"EntryPoint","urlTemplate":"https:\/\/www.fiemg.com.br\/regional-vale-do-paranaiba\/?s={search_term_string}"},"query-input":{"@type":"PropertyValueSpecification","valueRequired":true,"valueName":"search_term_string"}}],"inLanguage":"pt-BR"},{"@type":"Organization","@id":"https:\/\/www.fiemg.com.br\/regional-vale-do-paranaiba\/#organization","name":"Regional Vale do Parana\u00edba","url":"https:\/\/www.fiemg.com.br\/regional-vale-do-paranaiba\/","logo":{"@type":"ImageObject","inLanguage":"pt-BR","@id":"https:\/\/www.fiemg.com.br\/regional-vale-do-paranaiba\/#\/schema\/logo\/image\/","url":"https:\/\/www.fiemg.com.br\/regional-vale-do-paranaiba\/wp-content\/uploads\/sites\/24\/2023\/02\/Ativo-1.png","contentUrl":"https:\/\/www.fiemg.com.br\/regional-vale-do-paranaiba\/wp-content\/uploads\/sites\/24\/2023\/02\/Ativo-1.png","width":563,"height":149,"caption":"Regional Vale do Parana\u00edba"},"image":{"@id":"https:\/\/www.fiemg.com.br\/regional-vale-do-paranaiba\/#\/schema\/logo\/image\/"}}]}},"_links":{"self":[{"href":"https:\/\/www.fiemg.com.br\/regional-vale-do-paranaiba\/wp-json\/wp\/v2\/noticias\/2224","targetHints":{"allow":["GET"]}}],"collection":[{"href":"https:\/\/www.fiemg.com.br\/regional-vale-do-paranaiba\/wp-json\/wp\/v2\/noticias"}],"about":[{"href":"https:\/\/www.fiemg.com.br\/regional-vale-do-paranaiba\/wp-json\/wp\/v2\/types\/noticias"}],"wp:featuredmedia":[{"embeddable":true,"href":"https:\/\/www.fiemg.com.br\/regional-vale-do-paranaiba\/wp-json\/wp\/v2\/media\/2225"}],"wp:attachment":[{"href":"https:\/\/www.fiemg.com.br\/regional-vale-do-paranaiba\/wp-json\/wp\/v2\/media?parent=2224"}],"wp:term":[{"taxonomy":"category","embeddable":true,"href":"https:\/\/www.fiemg.com.br\/regional-vale-do-paranaiba\/wp-json\/wp\/v2\/categories?post=2224"},{"taxonomy":"post_tag","embeddable":true,"href":"https:\/\/www.fiemg.com.br\/regional-vale-do-paranaiba\/wp-json\/wp\/v2\/tags?post=2224"}],"curies":[{"name":"wp","href":"https:\/\/api.w.org\/{rel}","templated":true}]}}