{"id":2239,"date":"2024-06-27T15:49:38","date_gmt":"2024-06-27T18:49:38","guid":{"rendered":"https:\/\/www.fiemg.com.br\/regional-vale-do-paranaiba\/?post_type=noticias&#038;p=2239"},"modified":"2024-06-28T09:44:46","modified_gmt":"2024-06-28T12:44:46","slug":"fiemg-regional-sindmob-iel-e-sebrae-ofertam-consultoria-personalizada-para-setor-moveleiro-em-uberlandia","status":"publish","type":"noticias","link":"https:\/\/www.fiemg.com.br\/regional-vale-do-paranaiba\/noticias\/fiemg-regional-sindmob-iel-e-sebrae-ofertam-consultoria-personalizada-para-setor-moveleiro-em-uberlandia\/","title":{"rendered":"FIEMG Regional, Sindmob, IEL e SEBRAE ofertam consultoria personalizada para setor moveleiro em Uberl\u00e2ndia"},"content":{"rendered":"\n<figure class=\"wp-block-image size-large\"><img fetchpriority=\"high\" decoding=\"async\" width=\"1024\" height=\"768\" src=\"https:\/\/www.fiemg.com.br\/regional-vale-do-paranaiba\/wp-content\/uploads\/sites\/24\/2024\/06\/WhatsApp-Image-2024-06-27-at-15.04.41-1024x768.jpeg\" alt=\"\" class=\"wp-image-2241\" srcset=\"https:\/\/www.fiemg.com.br\/regional-vale-do-paranaiba\/wp-content\/uploads\/sites\/24\/2024\/06\/WhatsApp-Image-2024-06-27-at-15.04.41-1024x768.jpeg 1024w, https:\/\/www.fiemg.com.br\/regional-vale-do-paranaiba\/wp-content\/uploads\/sites\/24\/2024\/06\/WhatsApp-Image-2024-06-27-at-15.04.41-300x225.jpeg 300w, https:\/\/www.fiemg.com.br\/regional-vale-do-paranaiba\/wp-content\/uploads\/sites\/24\/2024\/06\/WhatsApp-Image-2024-06-27-at-15.04.41-768x576.jpeg 768w, https:\/\/www.fiemg.com.br\/regional-vale-do-paranaiba\/wp-content\/uploads\/sites\/24\/2024\/06\/WhatsApp-Image-2024-06-27-at-15.04.41-1536x1152.jpeg 1536w, https:\/\/www.fiemg.com.br\/regional-vale-do-paranaiba\/wp-content\/uploads\/sites\/24\/2024\/06\/WhatsApp-Image-2024-06-27-at-15.04.41.jpeg 1600w\" sizes=\"(max-width: 1024px) 100vw, 1024px\" \/><\/figure>\n\n\n\n<p>Durante todo o dia de ontem (26), o analista de rela\u00e7\u00f5es empresariais da FIEMG Regional Vale do Parana\u00edba, M\u00e1rio S\u00e9rgio Pires, e o analista de projetos do IEL, Pedro Casasanta, realizaram visitas em marcenarias da cidade de Uberl\u00e2ndia apresentando o material detalhado da consultoria com Adriano Festa, que ter\u00e1 in\u00edcio imediato.<\/p>\n\n\n\n<p>Os analistas estiveram ontem em 6 marcenarias, Marvit M\u00f3veis, Eum\u00f3veis, Catigu\u00e1, Ouro Preto, Classe A e Recriar; al\u00e9m da consultoria citada, puderam tamb\u00e9m conhecer mais de perto a realidade dos empres\u00e1rios, bem como suas dores e necessidades.<\/p>\n\n\n\n<p>Ao total s\u00e3o 10 vagas dispon\u00edveis para um consultoria de 24 horas de atendimento inloco, al\u00e9m do atendimento online, no qual o consultor citado que \u00e9 especialista no setor moveleiro, vai avaliar indicadores como lucratividade, utiliza\u00e7\u00e3o de sobras, cortes de MDF, programa\u00e7\u00e3o de entrega entre outras tem\u00e1ticas.<\/p>\n\n\n\n<blockquote class=\"wp-block-quote is-layout-flow wp-block-quote-is-layout-flow\">\n<p><\/p>\n<cite>\u201cComo l\u00edder sindical estou extremamente satisfeito e feliz com o engajamento do pessoal das marcenarias na ades\u00e3o desta consultoria. \u00c9 uma solu\u00e7\u00e3o inovadora que vai auxiliar diretamente a rotina dos empres\u00e1rios do nosso setor. Inclusive agrade\u00e7o em especial o M\u00e1rio, analista da FIEMG Regional, pelo empenho nas visitas para apresenta\u00e7\u00e3o do material. Fico feliz em participar deste movimento para alavancar cada vez mais nossas empresas moveleiras.\u201d afirmou o presidente interino do Sindmob, Wagner Luis.<\/cite><\/blockquote>\n\n\n\n<p>Conhe\u00e7a as demais solu\u00e7\u00f5es e projetos da FIEMG Regional Vale do Parana\u00edba <a href=\"https:\/\/www.instagram.com\/fiemgregionalvaledoparanaiba\/\">aqui.<\/a><\/p>\n","protected":false},"featured_media":2242,"template":"","categories":[],"tags":[],"class_list":["post-2239","noticias","type-noticias","status-publish","has-post-thumbnail","hentry"],"acf":[],"yoast_head":"<!-- This site is optimized with the Yoast SEO plugin v26.2 - https:\/\/yoast.com\/wordpress\/plugins\/seo\/ -->\n<title>FIEMG Regional, Sindmob, IEL e SEBRAE ofertam consultoria personalizada para setor moveleiro em Uberl\u00e2ndia - Regional Vale do Parana\u00edba<\/title>\n<meta name=\"robots\" content=\"index, follow, max-snippet:-1, max-image-preview:large, max-video-preview:-1\" \/>\n<link rel=\"canonical\" href=\"https:\/\/www.fiemg.com.br\/regional-vale-do-paranaiba\/noticias\/fiemg-regional-sindmob-iel-e-sebrae-ofertam-consultoria-personalizada-para-setor-moveleiro-em-uberlandia\/\" \/>\n<meta property=\"og:locale\" content=\"pt_BR\" \/>\n<meta property=\"og:type\" content=\"article\" \/>\n<meta property=\"og:title\" content=\"FIEMG Regional, Sindmob, IEL e SEBRAE ofertam consultoria personalizada para setor moveleiro em Uberl\u00e2ndia - Regional Vale do Parana\u00edba\" \/>\n<meta property=\"og:description\" content=\"Durante todo o dia de ontem (26), o analista de rela\u00e7\u00f5es empresariais da FIEMG Regional Vale do Parana\u00edba, M\u00e1rio S\u00e9rgio Pires, e o analista de projetos do IEL, Pedro Casasanta, realizaram visitas em marcenarias da cidade de Uberl\u00e2ndia apresentando o material detalhado da consultoria com Adriano Festa, que ter\u00e1 in\u00edcio imediato. Os analistas estiveram ontem [&hellip;]\" \/>\n<meta property=\"og:url\" content=\"https:\/\/www.fiemg.com.br\/regional-vale-do-paranaiba\/noticias\/fiemg-regional-sindmob-iel-e-sebrae-ofertam-consultoria-personalizada-para-setor-moveleiro-em-uberlandia\/\" \/>\n<meta property=\"og:site_name\" content=\"Regional Vale do Parana\u00edba\" \/>\n<meta property=\"article:modified_time\" content=\"2024-06-28T12:44:46+00:00\" \/>\n<meta property=\"og:image\" content=\"https:\/\/www.fiemg.com.br\/regional-vale-do-paranaiba\/wp-content\/uploads\/sites\/24\/2024\/06\/WhatsApp-Image-2024-06-27-at-15.04.41-1.jpeg\" \/>\n\t<meta property=\"og:image:width\" content=\"1600\" \/>\n\t<meta property=\"og:image:height\" content=\"1200\" \/>\n\t<meta property=\"og:image:type\" content=\"image\/jpeg\" \/>\n<meta name=\"twitter:card\" content=\"summary_large_image\" \/>\n<meta name=\"twitter:label1\" content=\"Est. tempo de leitura\" \/>\n\t<meta name=\"twitter:data1\" content=\"2 minutos\" \/>\n<script type=\"application\/ld+json\" class=\"yoast-schema-graph\">{\"@context\":\"https:\/\/schema.org\",\"@graph\":[{\"@type\":\"WebPage\",\"@id\":\"https:\/\/www.fiemg.com.br\/regional-vale-do-paranaiba\/noticias\/fiemg-regional-sindmob-iel-e-sebrae-ofertam-consultoria-personalizada-para-setor-moveleiro-em-uberlandia\/\",\"url\":\"https:\/\/www.fiemg.com.br\/regional-vale-do-paranaiba\/noticias\/fiemg-regional-sindmob-iel-e-sebrae-ofertam-consultoria-personalizada-para-setor-moveleiro-em-uberlandia\/\",\"name\":\"FIEMG Regional, Sindmob, IEL e SEBRAE ofertam consultoria personalizada para setor moveleiro em Uberl\u00e2ndia - Regional Vale do Parana\u00edba\",\"isPartOf\":{\"@id\":\"https:\/\/www.fiemg.com.br\/regional-vale-do-paranaiba\/#website\"},\"primaryImageOfPage\":{\"@id\":\"https:\/\/www.fiemg.com.br\/regional-vale-do-paranaiba\/noticias\/fiemg-regional-sindmob-iel-e-sebrae-ofertam-consultoria-personalizada-para-setor-moveleiro-em-uberlandia\/#primaryimage\"},\"image\":{\"@id\":\"https:\/\/www.fiemg.com.br\/regional-vale-do-paranaiba\/noticias\/fiemg-regional-sindmob-iel-e-sebrae-ofertam-consultoria-personalizada-para-setor-moveleiro-em-uberlandia\/#primaryimage\"},\"thumbnailUrl\":\"https:\/\/www.fiemg.com.br\/regional-vale-do-paranaiba\/wp-content\/uploads\/sites\/24\/2024\/06\/WhatsApp-Image-2024-06-27-at-15.04.41-1.jpeg\",\"datePublished\":\"2024-06-27T18:49:38+00:00\",\"dateModified\":\"2024-06-28T12:44:46+00:00\",\"breadcrumb\":{\"@id\":\"https:\/\/www.fiemg.com.br\/regional-vale-do-paranaiba\/noticias\/fiemg-regional-sindmob-iel-e-sebrae-ofertam-consultoria-personalizada-para-setor-moveleiro-em-uberlandia\/#breadcrumb\"},\"inLanguage\":\"pt-BR\",\"potentialAction\":[{\"@type\":\"ReadAction\",\"target\":[\"https:\/\/www.fiemg.com.br\/regional-vale-do-paranaiba\/noticias\/fiemg-regional-sindmob-iel-e-sebrae-ofertam-consultoria-personalizada-para-setor-moveleiro-em-uberlandia\/\"]}]},{\"@type\":\"ImageObject\",\"inLanguage\":\"pt-BR\",\"@id\":\"https:\/\/www.fiemg.com.br\/regional-vale-do-paranaiba\/noticias\/fiemg-regional-sindmob-iel-e-sebrae-ofertam-consultoria-personalizada-para-setor-moveleiro-em-uberlandia\/#primaryimage\",\"url\":\"https:\/\/www.fiemg.com.br\/regional-vale-do-paranaiba\/wp-content\/uploads\/sites\/24\/2024\/06\/WhatsApp-Image-2024-06-27-at-15.04.41-1.jpeg\",\"contentUrl\":\"https:\/\/www.fiemg.com.br\/regional-vale-do-paranaiba\/wp-content\/uploads\/sites\/24\/2024\/06\/WhatsApp-Image-2024-06-27-at-15.04.41-1.jpeg\",\"width\":1600,\"height\":1200},{\"@type\":\"BreadcrumbList\",\"@id\":\"https:\/\/www.fiemg.com.br\/regional-vale-do-paranaiba\/noticias\/fiemg-regional-sindmob-iel-e-sebrae-ofertam-consultoria-personalizada-para-setor-moveleiro-em-uberlandia\/#breadcrumb\",\"itemListElement\":[{\"@type\":\"ListItem\",\"position\":1,\"name\":\"In\u00edcio\",\"item\":\"https:\/\/www.fiemg.com.br\/regional-vale-do-paranaiba\/\"},{\"@type\":\"ListItem\",\"position\":2,\"name\":\"FIEMG Regional, Sindmob, IEL e SEBRAE ofertam consultoria personalizada para setor moveleiro em Uberl\u00e2ndia\"}]},{\"@type\":\"WebSite\",\"@id\":\"https:\/\/www.fiemg.com.br\/regional-vale-do-paranaiba\/#website\",\"url\":\"https:\/\/www.fiemg.com.br\/regional-vale-do-paranaiba\/\",\"name\":\"Regional Vale do Parana\u00edba\",\"description\":\"Federa\u00e7\u00e3o das Ind\u00fastrias do Estado de Minas Gerais\",\"publisher\":{\"@id\":\"https:\/\/www.fiemg.com.br\/regional-vale-do-paranaiba\/#organization\"},\"potentialAction\":[{\"@type\":\"SearchAction\",\"target\":{\"@type\":\"EntryPoint\",\"urlTemplate\":\"https:\/\/www.fiemg.com.br\/regional-vale-do-paranaiba\/?s={search_term_string}\"},\"query-input\":{\"@type\":\"PropertyValueSpecification\",\"valueRequired\":true,\"valueName\":\"search_term_string\"}}],\"inLanguage\":\"pt-BR\"},{\"@type\":\"Organization\",\"@id\":\"https:\/\/www.fiemg.com.br\/regional-vale-do-paranaiba\/#organization\",\"name\":\"Regional Vale do Parana\u00edba\",\"url\":\"https:\/\/www.fiemg.com.br\/regional-vale-do-paranaiba\/\",\"logo\":{\"@type\":\"ImageObject\",\"inLanguage\":\"pt-BR\",\"@id\":\"https:\/\/www.fiemg.com.br\/regional-vale-do-paranaiba\/#\/schema\/logo\/image\/\",\"url\":\"https:\/\/www.fiemg.com.br\/regional-vale-do-paranaiba\/wp-content\/uploads\/sites\/24\/2023\/02\/Ativo-1.png\",\"contentUrl\":\"https:\/\/www.fiemg.com.br\/regional-vale-do-paranaiba\/wp-content\/uploads\/sites\/24\/2023\/02\/Ativo-1.png\",\"width\":563,\"height\":149,\"caption\":\"Regional Vale do Parana\u00edba\"},\"image\":{\"@id\":\"https:\/\/www.fiemg.com.br\/regional-vale-do-paranaiba\/#\/schema\/logo\/image\/\"}}]}<\/script>\n<!-- \/ Yoast SEO plugin. -->","yoast_head_json":{"title":"FIEMG Regional, Sindmob, IEL e SEBRAE ofertam consultoria personalizada para setor moveleiro em Uberl\u00e2ndia - Regional Vale do Parana\u00edba","robots":{"index":"index","follow":"follow","max-snippet":"max-snippet:-1","max-image-preview":"max-image-preview:large","max-video-preview":"max-video-preview:-1"},"canonical":"https:\/\/www.fiemg.com.br\/regional-vale-do-paranaiba\/noticias\/fiemg-regional-sindmob-iel-e-sebrae-ofertam-consultoria-personalizada-para-setor-moveleiro-em-uberlandia\/","og_locale":"pt_BR","og_type":"article","og_title":"FIEMG Regional, Sindmob, IEL e SEBRAE ofertam consultoria personalizada para setor moveleiro em Uberl\u00e2ndia - Regional Vale do Parana\u00edba","og_description":"Durante todo o dia de ontem (26), o analista de rela\u00e7\u00f5es empresariais da FIEMG Regional Vale do Parana\u00edba, M\u00e1rio S\u00e9rgio Pires, e o analista de projetos do IEL, Pedro Casasanta, realizaram visitas em marcenarias da cidade de Uberl\u00e2ndia apresentando o material detalhado da consultoria com Adriano Festa, que ter\u00e1 in\u00edcio imediato. Os analistas estiveram ontem [&hellip;]","og_url":"https:\/\/www.fiemg.com.br\/regional-vale-do-paranaiba\/noticias\/fiemg-regional-sindmob-iel-e-sebrae-ofertam-consultoria-personalizada-para-setor-moveleiro-em-uberlandia\/","og_site_name":"Regional Vale do Parana\u00edba","article_modified_time":"2024-06-28T12:44:46+00:00","og_image":[{"width":1600,"height":1200,"url":"https:\/\/www.fiemg.com.br\/regional-vale-do-paranaiba\/wp-content\/uploads\/sites\/24\/2024\/06\/WhatsApp-Image-2024-06-27-at-15.04.41-1.jpeg","type":"image\/jpeg"}],"twitter_card":"summary_large_image","twitter_misc":{"Est. tempo de leitura":"2 minutos"},"schema":{"@context":"https:\/\/schema.org","@graph":[{"@type":"WebPage","@id":"https:\/\/www.fiemg.com.br\/regional-vale-do-paranaiba\/noticias\/fiemg-regional-sindmob-iel-e-sebrae-ofertam-consultoria-personalizada-para-setor-moveleiro-em-uberlandia\/","url":"https:\/\/www.fiemg.com.br\/regional-vale-do-paranaiba\/noticias\/fiemg-regional-sindmob-iel-e-sebrae-ofertam-consultoria-personalizada-para-setor-moveleiro-em-uberlandia\/","name":"FIEMG Regional, Sindmob, IEL e SEBRAE ofertam consultoria personalizada para setor moveleiro em Uberl\u00e2ndia - Regional Vale do Parana\u00edba","isPartOf":{"@id":"https:\/\/www.fiemg.com.br\/regional-vale-do-paranaiba\/#website"},"primaryImageOfPage":{"@id":"https:\/\/www.fiemg.com.br\/regional-vale-do-paranaiba\/noticias\/fiemg-regional-sindmob-iel-e-sebrae-ofertam-consultoria-personalizada-para-setor-moveleiro-em-uberlandia\/#primaryimage"},"image":{"@id":"https:\/\/www.fiemg.com.br\/regional-vale-do-paranaiba\/noticias\/fiemg-regional-sindmob-iel-e-sebrae-ofertam-consultoria-personalizada-para-setor-moveleiro-em-uberlandia\/#primaryimage"},"thumbnailUrl":"https:\/\/www.fiemg.com.br\/regional-vale-do-paranaiba\/wp-content\/uploads\/sites\/24\/2024\/06\/WhatsApp-Image-2024-06-27-at-15.04.41-1.jpeg","datePublished":"2024-06-27T18:49:38+00:00","dateModified":"2024-06-28T12:44:46+00:00","breadcrumb":{"@id":"https:\/\/www.fiemg.com.br\/regional-vale-do-paranaiba\/noticias\/fiemg-regional-sindmob-iel-e-sebrae-ofertam-consultoria-personalizada-para-setor-moveleiro-em-uberlandia\/#breadcrumb"},"inLanguage":"pt-BR","potentialAction":[{"@type":"ReadAction","target":["https:\/\/www.fiemg.com.br\/regional-vale-do-paranaiba\/noticias\/fiemg-regional-sindmob-iel-e-sebrae-ofertam-consultoria-personalizada-para-setor-moveleiro-em-uberlandia\/"]}]},{"@type":"ImageObject","inLanguage":"pt-BR","@id":"https:\/\/www.fiemg.com.br\/regional-vale-do-paranaiba\/noticias\/fiemg-regional-sindmob-iel-e-sebrae-ofertam-consultoria-personalizada-para-setor-moveleiro-em-uberlandia\/#primaryimage","url":"https:\/\/www.fiemg.com.br\/regional-vale-do-paranaiba\/wp-content\/uploads\/sites\/24\/2024\/06\/WhatsApp-Image-2024-06-27-at-15.04.41-1.jpeg","contentUrl":"https:\/\/www.fiemg.com.br\/regional-vale-do-paranaiba\/wp-content\/uploads\/sites\/24\/2024\/06\/WhatsApp-Image-2024-06-27-at-15.04.41-1.jpeg","width":1600,"height":1200},{"@type":"BreadcrumbList","@id":"https:\/\/www.fiemg.com.br\/regional-vale-do-paranaiba\/noticias\/fiemg-regional-sindmob-iel-e-sebrae-ofertam-consultoria-personalizada-para-setor-moveleiro-em-uberlandia\/#breadcrumb","itemListElement":[{"@type":"ListItem","position":1,"name":"In\u00edcio","item":"https:\/\/www.fiemg.com.br\/regional-vale-do-paranaiba\/"},{"@type":"ListItem","position":2,"name":"FIEMG Regional, Sindmob, IEL e SEBRAE ofertam consultoria personalizada para setor moveleiro em Uberl\u00e2ndia"}]},{"@type":"WebSite","@id":"https:\/\/www.fiemg.com.br\/regional-vale-do-paranaiba\/#website","url":"https:\/\/www.fiemg.com.br\/regional-vale-do-paranaiba\/","name":"Regional Vale do Parana\u00edba","description":"Federa\u00e7\u00e3o das Ind\u00fastrias do Estado de Minas Gerais","publisher":{"@id":"https:\/\/www.fiemg.com.br\/regional-vale-do-paranaiba\/#organization"},"potentialAction":[{"@type":"SearchAction","target":{"@type":"EntryPoint","urlTemplate":"https:\/\/www.fiemg.com.br\/regional-vale-do-paranaiba\/?s={search_term_string}"},"query-input":{"@type":"PropertyValueSpecification","valueRequired":true,"valueName":"search_term_string"}}],"inLanguage":"pt-BR"},{"@type":"Organization","@id":"https:\/\/www.fiemg.com.br\/regional-vale-do-paranaiba\/#organization","name":"Regional Vale do Parana\u00edba","url":"https:\/\/www.fiemg.com.br\/regional-vale-do-paranaiba\/","logo":{"@type":"ImageObject","inLanguage":"pt-BR","@id":"https:\/\/www.fiemg.com.br\/regional-vale-do-paranaiba\/#\/schema\/logo\/image\/","url":"https:\/\/www.fiemg.com.br\/regional-vale-do-paranaiba\/wp-content\/uploads\/sites\/24\/2023\/02\/Ativo-1.png","contentUrl":"https:\/\/www.fiemg.com.br\/regional-vale-do-paranaiba\/wp-content\/uploads\/sites\/24\/2023\/02\/Ativo-1.png","width":563,"height":149,"caption":"Regional Vale do Parana\u00edba"},"image":{"@id":"https:\/\/www.fiemg.com.br\/regional-vale-do-paranaiba\/#\/schema\/logo\/image\/"}}]}},"_links":{"self":[{"href":"https:\/\/www.fiemg.com.br\/regional-vale-do-paranaiba\/wp-json\/wp\/v2\/noticias\/2239","targetHints":{"allow":["GET"]}}],"collection":[{"href":"https:\/\/www.fiemg.com.br\/regional-vale-do-paranaiba\/wp-json\/wp\/v2\/noticias"}],"about":[{"href":"https:\/\/www.fiemg.com.br\/regional-vale-do-paranaiba\/wp-json\/wp\/v2\/types\/noticias"}],"wp:featuredmedia":[{"embeddable":true,"href":"https:\/\/www.fiemg.com.br\/regional-vale-do-paranaiba\/wp-json\/wp\/v2\/media\/2242"}],"wp:attachment":[{"href":"https:\/\/www.fiemg.com.br\/regional-vale-do-paranaiba\/wp-json\/wp\/v2\/media?parent=2239"}],"wp:term":[{"taxonomy":"category","embeddable":true,"href":"https:\/\/www.fiemg.com.br\/regional-vale-do-paranaiba\/wp-json\/wp\/v2\/categories?post=2239"},{"taxonomy":"post_tag","embeddable":true,"href":"https:\/\/www.fiemg.com.br\/regional-vale-do-paranaiba\/wp-json\/wp\/v2\/tags?post=2239"}],"curies":[{"name":"wp","href":"https:\/\/api.w.org\/{rel}","templated":true}]}}