{"id":2250,"date":"2024-07-01T16:29:34","date_gmt":"2024-07-01T19:29:34","guid":{"rendered":"https:\/\/www.fiemg.com.br\/regional-vale-do-paranaiba\/?post_type=noticias&#038;p=2250"},"modified":"2024-07-01T16:40:55","modified_gmt":"2024-07-01T19:40:55","slug":"equipe-sesi-senai-de-araguari-visita-empresa-arroz-vasconcelos","status":"publish","type":"noticias","link":"https:\/\/www.fiemg.com.br\/regional-vale-do-paranaiba\/noticias\/equipe-sesi-senai-de-araguari-visita-empresa-arroz-vasconcelos\/","title":{"rendered":"Equipe SESI SENAI de Araguari visita empresa Arroz Vasconcelos"},"content":{"rendered":"\n<figure class=\"wp-block-image size-large\"><img fetchpriority=\"high\" decoding=\"async\" width=\"576\" height=\"1024\" src=\"https:\/\/www.fiemg.com.br\/regional-vale-do-paranaiba\/wp-content\/uploads\/sites\/24\/2024\/07\/WhatsApp-Image-2024-07-01-at-11.19.56-576x1024.jpeg\" alt=\"\" class=\"wp-image-2252\" srcset=\"https:\/\/www.fiemg.com.br\/regional-vale-do-paranaiba\/wp-content\/uploads\/sites\/24\/2024\/07\/WhatsApp-Image-2024-07-01-at-11.19.56-576x1024.jpeg 576w, https:\/\/www.fiemg.com.br\/regional-vale-do-paranaiba\/wp-content\/uploads\/sites\/24\/2024\/07\/WhatsApp-Image-2024-07-01-at-11.19.56-169x300.jpeg 169w, https:\/\/www.fiemg.com.br\/regional-vale-do-paranaiba\/wp-content\/uploads\/sites\/24\/2024\/07\/WhatsApp-Image-2024-07-01-at-11.19.56-768x1365.jpeg 768w, https:\/\/www.fiemg.com.br\/regional-vale-do-paranaiba\/wp-content\/uploads\/sites\/24\/2024\/07\/WhatsApp-Image-2024-07-01-at-11.19.56-864x1536.jpeg 864w, https:\/\/www.fiemg.com.br\/regional-vale-do-paranaiba\/wp-content\/uploads\/sites\/24\/2024\/07\/WhatsApp-Image-2024-07-01-at-11.19.56.jpeg 900w\" sizes=\"(max-width: 576px) 100vw, 576px\" \/><\/figure>\n\n\n\n<p>Na manh\u00e3 de hoje (01), parte da equipe do SESI SENAI de Araguari, visitou a ind\u00fastria Arroz Vasconcelos com o objetivo de conhecer os projetos sociais desenvolvidos pelo Grupo. Participaram da iniciativa o diretor da FIEMG Regional Vale do Parana\u00edba, Mauro Cunha, a gerente de Unidade SESI SENAI do munic\u00edpio, Vanda Oliveira, o supervisor do SENAI Alexandre Oliveira e a pedagoga do SESI, Cl\u00e1udia da Cunha e o CEO da empresa, Rubens Martins Ara\u00fajo.<\/p>\n\n\n\n<p>O diretor da FIEMG Regional, Mauro Cunha, aproveitou a oportundidade para tratar com o CEO citado, sobre o projeto Recriar desenvolvido pelo SENAI (Servi\u00e7o Nacional de Aprendizagem Industrial). &#8220;Foi uma grande oportundidade n\u00e3o somente de levar a equipe do SESI SENAI para conhecer mais de perto da Vasconcelos, mas tamb\u00e9m tratar com o Rubens o incr\u00edvel projeto que \u00e9 o Recriar. A iniciativa ajuda tanto a sociedade como o empres\u00e1rio, e isso \u00e9 tudo que n\u00f3s precisamos, digo n\u00e3o somente como empres\u00e1rio mas tamb\u00e9m como cidad\u00e3o Araguarino.&#8221; afirmou o tamb\u00e9m empres\u00e1rio do setor de alimentos.<\/p>\n\n\n\n<p class=\"has-text-align-center\"><strong>Confira os detalhes do Projeto Recria<\/strong><\/p>\n\n\n\n<p class=\"has-text-align-left\">O Projeto Recriar tem como objetivo a aproxima\u00e7\u00e3o entre a sociedade e a ind\u00fastria por<br>meio de financiamento, a ser realizado pela ind\u00fastria, com o patroc\u00ednio de bolsas de estudos<br>a fim de possibilitar o maior acesso da comunidade \u00e0 cursos de forma\u00e7\u00e3o profissional, que,<br>atualmente, est\u00e1 em sintonia com as melhores pr\u00e1ticas e conceitos em educa\u00e7\u00e3o mundial,<br>com metodologia focada no desenvolvimento de compet\u00eancias t\u00e9cnicas e socioemocionais<br>conectadas \u00e0 difus\u00e3o de novas tecnologias e \u00e0 necessidade do aperfei\u00e7oamento cont\u00ednuo.<br>A empresa que aderir ao Projeto realizar\u00e1 o apadrinhamento de candidatos aos cursos do<br>SENAI da sua regi\u00e3o de atua\u00e7\u00e3o, no estado de Minas Gerais, de acordo com regras<br>espec\u00edficas que ser\u00e3o estabelecidas em contratos de parceria, os quais guardar\u00e3o as<br>peculiaridades de cada unidade de Educa\u00e7\u00e3o Profissional do SENAI.<br>Com a formaliza\u00e7\u00e3o da parceria, a empresa-madrinha ter\u00e1 maior visibilidade e proximidade<br>com os futuros talentos do mercado; vincular\u00e1 a marca da empresa \u00e0 marca do SENAI,<br>associando sua participa\u00e7\u00e3o ativa na melhoria da educa\u00e7\u00e3o mineira; contribuir\u00e1 com a<br>forma\u00e7\u00e3o e transforma\u00e7\u00e3o de vidas da comunidade; aumentar\u00e1 os resultados de ESG da<br>empresa (pilar social) junto \u00e0 comunidade em que atua; ser\u00e1 protagonista em um movimento<br>social que ajudar\u00e1 a conquistar um futuro melhor.<\/p>\n\n\n\n<p class=\"has-text-align-left\">Dada a gratuidade de parte da iniciativa, foi aberto um chamamento p\u00fablico de divulga\u00e7\u00e3o em todo o Estado para as empresas que desejam participar, acesse <a href=\"https:\/\/www.fiemg.com.br\/area-de-interesse\/projeto-recriar-2\/\">aqui<\/a> e saiba mais.<br><\/p>\n\n\n\n<p><\/p>\n","protected":false},"featured_media":2253,"template":"","categories":[],"tags":[],"class_list":["post-2250","noticias","type-noticias","status-publish","has-post-thumbnail","hentry"],"acf":[],"yoast_head":"<!-- This site is optimized with the Yoast SEO plugin v26.2 - https:\/\/yoast.com\/wordpress\/plugins\/seo\/ -->\n<title>Equipe SESI SENAI de Araguari visita empresa Arroz Vasconcelos - Regional Vale do Parana\u00edba<\/title>\n<meta name=\"robots\" content=\"index, follow, max-snippet:-1, max-image-preview:large, max-video-preview:-1\" \/>\n<link rel=\"canonical\" href=\"https:\/\/www.fiemg.com.br\/regional-vale-do-paranaiba\/noticias\/equipe-sesi-senai-de-araguari-visita-empresa-arroz-vasconcelos\/\" \/>\n<meta property=\"og:locale\" content=\"pt_BR\" \/>\n<meta property=\"og:type\" content=\"article\" \/>\n<meta property=\"og:title\" content=\"Equipe SESI SENAI de Araguari visita empresa Arroz Vasconcelos - Regional Vale do Parana\u00edba\" \/>\n<meta property=\"og:description\" content=\"Na manh\u00e3 de hoje (01), parte da equipe do SESI SENAI de Araguari, visitou a ind\u00fastria Arroz Vasconcelos com o objetivo de conhecer os projetos sociais desenvolvidos pelo Grupo. Participaram da iniciativa o diretor da FIEMG Regional Vale do Parana\u00edba, Mauro Cunha, a gerente de Unidade SESI SENAI do munic\u00edpio, Vanda Oliveira, o supervisor do [&hellip;]\" \/>\n<meta property=\"og:url\" content=\"https:\/\/www.fiemg.com.br\/regional-vale-do-paranaiba\/noticias\/equipe-sesi-senai-de-araguari-visita-empresa-arroz-vasconcelos\/\" \/>\n<meta property=\"og:site_name\" content=\"Regional Vale do Parana\u00edba\" \/>\n<meta property=\"article:modified_time\" content=\"2024-07-01T19:40:55+00:00\" \/>\n<meta property=\"og:image\" content=\"https:\/\/www.fiemg.com.br\/regional-vale-do-paranaiba\/wp-content\/uploads\/sites\/24\/2024\/07\/WhatsApp-Image-2024-07-01-at-11.19.56-1.jpeg\" \/>\n\t<meta property=\"og:image:width\" content=\"900\" \/>\n\t<meta property=\"og:image:height\" content=\"1600\" \/>\n\t<meta property=\"og:image:type\" content=\"image\/jpeg\" \/>\n<meta name=\"twitter:card\" content=\"summary_large_image\" \/>\n<meta name=\"twitter:label1\" content=\"Est. tempo de leitura\" \/>\n\t<meta name=\"twitter:data1\" content=\"3 minutos\" \/>\n<script type=\"application\/ld+json\" class=\"yoast-schema-graph\">{\"@context\":\"https:\/\/schema.org\",\"@graph\":[{\"@type\":\"WebPage\",\"@id\":\"https:\/\/www.fiemg.com.br\/regional-vale-do-paranaiba\/noticias\/equipe-sesi-senai-de-araguari-visita-empresa-arroz-vasconcelos\/\",\"url\":\"https:\/\/www.fiemg.com.br\/regional-vale-do-paranaiba\/noticias\/equipe-sesi-senai-de-araguari-visita-empresa-arroz-vasconcelos\/\",\"name\":\"Equipe SESI SENAI de Araguari visita empresa Arroz Vasconcelos - Regional Vale do Parana\u00edba\",\"isPartOf\":{\"@id\":\"https:\/\/www.fiemg.com.br\/regional-vale-do-paranaiba\/#website\"},\"primaryImageOfPage\":{\"@id\":\"https:\/\/www.fiemg.com.br\/regional-vale-do-paranaiba\/noticias\/equipe-sesi-senai-de-araguari-visita-empresa-arroz-vasconcelos\/#primaryimage\"},\"image\":{\"@id\":\"https:\/\/www.fiemg.com.br\/regional-vale-do-paranaiba\/noticias\/equipe-sesi-senai-de-araguari-visita-empresa-arroz-vasconcelos\/#primaryimage\"},\"thumbnailUrl\":\"https:\/\/www.fiemg.com.br\/regional-vale-do-paranaiba\/wp-content\/uploads\/sites\/24\/2024\/07\/WhatsApp-Image-2024-07-01-at-11.19.56-1.jpeg\",\"datePublished\":\"2024-07-01T19:29:34+00:00\",\"dateModified\":\"2024-07-01T19:40:55+00:00\",\"breadcrumb\":{\"@id\":\"https:\/\/www.fiemg.com.br\/regional-vale-do-paranaiba\/noticias\/equipe-sesi-senai-de-araguari-visita-empresa-arroz-vasconcelos\/#breadcrumb\"},\"inLanguage\":\"pt-BR\",\"potentialAction\":[{\"@type\":\"ReadAction\",\"target\":[\"https:\/\/www.fiemg.com.br\/regional-vale-do-paranaiba\/noticias\/equipe-sesi-senai-de-araguari-visita-empresa-arroz-vasconcelos\/\"]}]},{\"@type\":\"ImageObject\",\"inLanguage\":\"pt-BR\",\"@id\":\"https:\/\/www.fiemg.com.br\/regional-vale-do-paranaiba\/noticias\/equipe-sesi-senai-de-araguari-visita-empresa-arroz-vasconcelos\/#primaryimage\",\"url\":\"https:\/\/www.fiemg.com.br\/regional-vale-do-paranaiba\/wp-content\/uploads\/sites\/24\/2024\/07\/WhatsApp-Image-2024-07-01-at-11.19.56-1.jpeg\",\"contentUrl\":\"https:\/\/www.fiemg.com.br\/regional-vale-do-paranaiba\/wp-content\/uploads\/sites\/24\/2024\/07\/WhatsApp-Image-2024-07-01-at-11.19.56-1.jpeg\",\"width\":900,\"height\":1600},{\"@type\":\"BreadcrumbList\",\"@id\":\"https:\/\/www.fiemg.com.br\/regional-vale-do-paranaiba\/noticias\/equipe-sesi-senai-de-araguari-visita-empresa-arroz-vasconcelos\/#breadcrumb\",\"itemListElement\":[{\"@type\":\"ListItem\",\"position\":1,\"name\":\"In\u00edcio\",\"item\":\"https:\/\/www.fiemg.com.br\/regional-vale-do-paranaiba\/\"},{\"@type\":\"ListItem\",\"position\":2,\"name\":\"Equipe SESI SENAI de Araguari visita empresa Arroz Vasconcelos\"}]},{\"@type\":\"WebSite\",\"@id\":\"https:\/\/www.fiemg.com.br\/regional-vale-do-paranaiba\/#website\",\"url\":\"https:\/\/www.fiemg.com.br\/regional-vale-do-paranaiba\/\",\"name\":\"Regional Vale do Parana\u00edba\",\"description\":\"Federa\u00e7\u00e3o das Ind\u00fastrias do Estado de Minas Gerais\",\"publisher\":{\"@id\":\"https:\/\/www.fiemg.com.br\/regional-vale-do-paranaiba\/#organization\"},\"potentialAction\":[{\"@type\":\"SearchAction\",\"target\":{\"@type\":\"EntryPoint\",\"urlTemplate\":\"https:\/\/www.fiemg.com.br\/regional-vale-do-paranaiba\/?s={search_term_string}\"},\"query-input\":{\"@type\":\"PropertyValueSpecification\",\"valueRequired\":true,\"valueName\":\"search_term_string\"}}],\"inLanguage\":\"pt-BR\"},{\"@type\":\"Organization\",\"@id\":\"https:\/\/www.fiemg.com.br\/regional-vale-do-paranaiba\/#organization\",\"name\":\"Regional Vale do Parana\u00edba\",\"url\":\"https:\/\/www.fiemg.com.br\/regional-vale-do-paranaiba\/\",\"logo\":{\"@type\":\"ImageObject\",\"inLanguage\":\"pt-BR\",\"@id\":\"https:\/\/www.fiemg.com.br\/regional-vale-do-paranaiba\/#\/schema\/logo\/image\/\",\"url\":\"https:\/\/www.fiemg.com.br\/regional-vale-do-paranaiba\/wp-content\/uploads\/sites\/24\/2023\/02\/Ativo-1.png\",\"contentUrl\":\"https:\/\/www.fiemg.com.br\/regional-vale-do-paranaiba\/wp-content\/uploads\/sites\/24\/2023\/02\/Ativo-1.png\",\"width\":563,\"height\":149,\"caption\":\"Regional Vale do Parana\u00edba\"},\"image\":{\"@id\":\"https:\/\/www.fiemg.com.br\/regional-vale-do-paranaiba\/#\/schema\/logo\/image\/\"}}]}<\/script>\n<!-- \/ Yoast SEO plugin. -->","yoast_head_json":{"title":"Equipe SESI SENAI de Araguari visita empresa Arroz Vasconcelos - Regional Vale do Parana\u00edba","robots":{"index":"index","follow":"follow","max-snippet":"max-snippet:-1","max-image-preview":"max-image-preview:large","max-video-preview":"max-video-preview:-1"},"canonical":"https:\/\/www.fiemg.com.br\/regional-vale-do-paranaiba\/noticias\/equipe-sesi-senai-de-araguari-visita-empresa-arroz-vasconcelos\/","og_locale":"pt_BR","og_type":"article","og_title":"Equipe SESI SENAI de Araguari visita empresa Arroz Vasconcelos - Regional Vale do Parana\u00edba","og_description":"Na manh\u00e3 de hoje (01), parte da equipe do SESI SENAI de Araguari, visitou a ind\u00fastria Arroz Vasconcelos com o objetivo de conhecer os projetos sociais desenvolvidos pelo Grupo. Participaram da iniciativa o diretor da FIEMG Regional Vale do Parana\u00edba, Mauro Cunha, a gerente de Unidade SESI SENAI do munic\u00edpio, Vanda Oliveira, o supervisor do [&hellip;]","og_url":"https:\/\/www.fiemg.com.br\/regional-vale-do-paranaiba\/noticias\/equipe-sesi-senai-de-araguari-visita-empresa-arroz-vasconcelos\/","og_site_name":"Regional Vale do Parana\u00edba","article_modified_time":"2024-07-01T19:40:55+00:00","og_image":[{"width":900,"height":1600,"url":"https:\/\/www.fiemg.com.br\/regional-vale-do-paranaiba\/wp-content\/uploads\/sites\/24\/2024\/07\/WhatsApp-Image-2024-07-01-at-11.19.56-1.jpeg","type":"image\/jpeg"}],"twitter_card":"summary_large_image","twitter_misc":{"Est. tempo de leitura":"3 minutos"},"schema":{"@context":"https:\/\/schema.org","@graph":[{"@type":"WebPage","@id":"https:\/\/www.fiemg.com.br\/regional-vale-do-paranaiba\/noticias\/equipe-sesi-senai-de-araguari-visita-empresa-arroz-vasconcelos\/","url":"https:\/\/www.fiemg.com.br\/regional-vale-do-paranaiba\/noticias\/equipe-sesi-senai-de-araguari-visita-empresa-arroz-vasconcelos\/","name":"Equipe SESI SENAI de Araguari visita empresa Arroz Vasconcelos - Regional Vale do Parana\u00edba","isPartOf":{"@id":"https:\/\/www.fiemg.com.br\/regional-vale-do-paranaiba\/#website"},"primaryImageOfPage":{"@id":"https:\/\/www.fiemg.com.br\/regional-vale-do-paranaiba\/noticias\/equipe-sesi-senai-de-araguari-visita-empresa-arroz-vasconcelos\/#primaryimage"},"image":{"@id":"https:\/\/www.fiemg.com.br\/regional-vale-do-paranaiba\/noticias\/equipe-sesi-senai-de-araguari-visita-empresa-arroz-vasconcelos\/#primaryimage"},"thumbnailUrl":"https:\/\/www.fiemg.com.br\/regional-vale-do-paranaiba\/wp-content\/uploads\/sites\/24\/2024\/07\/WhatsApp-Image-2024-07-01-at-11.19.56-1.jpeg","datePublished":"2024-07-01T19:29:34+00:00","dateModified":"2024-07-01T19:40:55+00:00","breadcrumb":{"@id":"https:\/\/www.fiemg.com.br\/regional-vale-do-paranaiba\/noticias\/equipe-sesi-senai-de-araguari-visita-empresa-arroz-vasconcelos\/#breadcrumb"},"inLanguage":"pt-BR","potentialAction":[{"@type":"ReadAction","target":["https:\/\/www.fiemg.com.br\/regional-vale-do-paranaiba\/noticias\/equipe-sesi-senai-de-araguari-visita-empresa-arroz-vasconcelos\/"]}]},{"@type":"ImageObject","inLanguage":"pt-BR","@id":"https:\/\/www.fiemg.com.br\/regional-vale-do-paranaiba\/noticias\/equipe-sesi-senai-de-araguari-visita-empresa-arroz-vasconcelos\/#primaryimage","url":"https:\/\/www.fiemg.com.br\/regional-vale-do-paranaiba\/wp-content\/uploads\/sites\/24\/2024\/07\/WhatsApp-Image-2024-07-01-at-11.19.56-1.jpeg","contentUrl":"https:\/\/www.fiemg.com.br\/regional-vale-do-paranaiba\/wp-content\/uploads\/sites\/24\/2024\/07\/WhatsApp-Image-2024-07-01-at-11.19.56-1.jpeg","width":900,"height":1600},{"@type":"BreadcrumbList","@id":"https:\/\/www.fiemg.com.br\/regional-vale-do-paranaiba\/noticias\/equipe-sesi-senai-de-araguari-visita-empresa-arroz-vasconcelos\/#breadcrumb","itemListElement":[{"@type":"ListItem","position":1,"name":"In\u00edcio","item":"https:\/\/www.fiemg.com.br\/regional-vale-do-paranaiba\/"},{"@type":"ListItem","position":2,"name":"Equipe SESI SENAI de Araguari visita empresa Arroz Vasconcelos"}]},{"@type":"WebSite","@id":"https:\/\/www.fiemg.com.br\/regional-vale-do-paranaiba\/#website","url":"https:\/\/www.fiemg.com.br\/regional-vale-do-paranaiba\/","name":"Regional Vale do Parana\u00edba","description":"Federa\u00e7\u00e3o das Ind\u00fastrias do Estado de Minas Gerais","publisher":{"@id":"https:\/\/www.fiemg.com.br\/regional-vale-do-paranaiba\/#organization"},"potentialAction":[{"@type":"SearchAction","target":{"@type":"EntryPoint","urlTemplate":"https:\/\/www.fiemg.com.br\/regional-vale-do-paranaiba\/?s={search_term_string}"},"query-input":{"@type":"PropertyValueSpecification","valueRequired":true,"valueName":"search_term_string"}}],"inLanguage":"pt-BR"},{"@type":"Organization","@id":"https:\/\/www.fiemg.com.br\/regional-vale-do-paranaiba\/#organization","name":"Regional Vale do Parana\u00edba","url":"https:\/\/www.fiemg.com.br\/regional-vale-do-paranaiba\/","logo":{"@type":"ImageObject","inLanguage":"pt-BR","@id":"https:\/\/www.fiemg.com.br\/regional-vale-do-paranaiba\/#\/schema\/logo\/image\/","url":"https:\/\/www.fiemg.com.br\/regional-vale-do-paranaiba\/wp-content\/uploads\/sites\/24\/2023\/02\/Ativo-1.png","contentUrl":"https:\/\/www.fiemg.com.br\/regional-vale-do-paranaiba\/wp-content\/uploads\/sites\/24\/2023\/02\/Ativo-1.png","width":563,"height":149,"caption":"Regional Vale do Parana\u00edba"},"image":{"@id":"https:\/\/www.fiemg.com.br\/regional-vale-do-paranaiba\/#\/schema\/logo\/image\/"}}]}},"_links":{"self":[{"href":"https:\/\/www.fiemg.com.br\/regional-vale-do-paranaiba\/wp-json\/wp\/v2\/noticias\/2250","targetHints":{"allow":["GET"]}}],"collection":[{"href":"https:\/\/www.fiemg.com.br\/regional-vale-do-paranaiba\/wp-json\/wp\/v2\/noticias"}],"about":[{"href":"https:\/\/www.fiemg.com.br\/regional-vale-do-paranaiba\/wp-json\/wp\/v2\/types\/noticias"}],"wp:featuredmedia":[{"embeddable":true,"href":"https:\/\/www.fiemg.com.br\/regional-vale-do-paranaiba\/wp-json\/wp\/v2\/media\/2253"}],"wp:attachment":[{"href":"https:\/\/www.fiemg.com.br\/regional-vale-do-paranaiba\/wp-json\/wp\/v2\/media?parent=2250"}],"wp:term":[{"taxonomy":"category","embeddable":true,"href":"https:\/\/www.fiemg.com.br\/regional-vale-do-paranaiba\/wp-json\/wp\/v2\/categories?post=2250"},{"taxonomy":"post_tag","embeddable":true,"href":"https:\/\/www.fiemg.com.br\/regional-vale-do-paranaiba\/wp-json\/wp\/v2\/tags?post=2250"}],"curies":[{"name":"wp","href":"https:\/\/api.w.org\/{rel}","templated":true}]}}