{"id":2277,"date":"2024-07-05T15:45:27","date_gmt":"2024-07-05T18:45:27","guid":{"rendered":"https:\/\/www.fiemg.com.br\/regional-vale-do-paranaiba\/?post_type=noticias&#038;p=2277"},"modified":"2024-07-08T08:53:06","modified_gmt":"2024-07-08T11:53:06","slug":"representantes-da-fiemg-regional-vale-do-paranaiba-visitaram-a-multinacional-ebba-sucos","status":"publish","type":"noticias","link":"https:\/\/www.fiemg.com.br\/regional-vale-do-paranaiba\/noticias\/representantes-da-fiemg-regional-vale-do-paranaiba-visitaram-a-multinacional-ebba-sucos\/","title":{"rendered":"Representantes da FIEMG Regional Vale do Parana\u00edba visitaram a multinacional, EBBA Sucos"},"content":{"rendered":"\n<figure class=\"wp-block-image size-large\"><img fetchpriority=\"high\" decoding=\"async\" width=\"768\" height=\"1024\" src=\"https:\/\/www.fiemg.com.br\/regional-vale-do-paranaiba\/wp-content\/uploads\/sites\/24\/2024\/07\/WhatsApp-Image-2024-07-04-at-15.11.13-768x1024.jpeg\" alt=\"\" class=\"wp-image-2278\" srcset=\"https:\/\/www.fiemg.com.br\/regional-vale-do-paranaiba\/wp-content\/uploads\/sites\/24\/2024\/07\/WhatsApp-Image-2024-07-04-at-15.11.13-768x1024.jpeg 768w, https:\/\/www.fiemg.com.br\/regional-vale-do-paranaiba\/wp-content\/uploads\/sites\/24\/2024\/07\/WhatsApp-Image-2024-07-04-at-15.11.13-225x300.jpeg 225w, https:\/\/www.fiemg.com.br\/regional-vale-do-paranaiba\/wp-content\/uploads\/sites\/24\/2024\/07\/WhatsApp-Image-2024-07-04-at-15.11.13.jpeg 960w\" sizes=\"(max-width: 768px) 100vw, 768px\" \/><\/figure>\n\n\n\n<p>Na tarde de ontem (4) representantes da FIEMG Regional Vale do Parana\u00edba visitaram a multinacional sediada em Araguari, a EBBA Sucos. O objetivo do encontro foi apresentar as lideran\u00e7as da ind\u00fastria os benef\u00edcios ofertados pela Federa\u00e7\u00e3o atrav\u00e9s dos sindicatos empresariais.<\/p>\n\n\n\n<p>Participaram do encontro o presidente do Sindbebidas, M\u00e1rio Marques, diretor da FIEMG Regional Vale do Parana\u00edba, Mauro Cunha, o presidente do Sindarroz, Jorge Tadeu Meirelles, a agente de relacionamento com mercado, Polyana Arantes, Cristiano Lamego, \u00a0diretor do Sindbebidas (Sind. Ind. Bebidas), os diretores da empresa citada, Pedro e Paulo Magalh\u00e3es; o secret\u00e1rio de desenvolvimento econ\u00f4mico de Araguari, Antonieti J\u00fanior, o presidente da FIEMG Regional Vale do Parana\u00edba, Jos\u00e9 Alves, esteve no almo\u00e7o de relacionamento.<\/p>\n\n\n\n<p>De acordo com Mauro Cunha, a visita foi uma oportunidade \u00edmpar para divulga\u00e7\u00e3o das solu\u00e7\u00f5es e servi\u00e7os da Federa\u00e7\u00e3o: \u201cNossa visita na EBBA foi excelente; uma empresa multinacional consolidada e que pode usufruir cada vez mais de todo o portfolio da FIEMG. Fomos muito bem recebidos e teremos, com certeza, muitos frutos desta iniciativa.\u201d<\/p>\n\n\n\n<p>O presidente do Sindarroz, Jorge Tadeu, que tamb\u00e9m acompanhou o encontro destacou a necessidade das abordagens presenciais nas grandes ind\u00fastrias locais. \u201cEstar presencialmente nas empresas \u00e9 sempre muito v\u00e1lido, e compartilhar tudo o que a FIEMG oferece e ainda conhecer mais uma empresa do porte da EBBA foi um momento muito interessante.\u201d<\/p>\n\n\n\n<p>              <strong>                  Conhe\u00e7a a EBBA <\/strong>(<strong>Empresa Brasileira de Bebidas e Alimentos)<\/strong><\/p>\n\n\n\n<p>A Britvic PLC, fundada na Inglaterra na metade do s\u00e9culo 19, possui capital aberto e \u00e9 uma das maiores empresas de bebidas n\u00e3o alc\u00f3olicas do mundo. Com um portf\u00f3lio de mais de 50 marcas e uma parceria com a PepsiCo na Europa desde 1987, possui unidades de neg\u00f3cio em pa\u00edses como Inglaterra, Fran\u00e7a e Irlanda, somando mais de 5.000 colaboradores. No ano de 2015, a Britvic PLC iniciou sua opera\u00e7\u00e3o no Brasil ao incorporar a <strong>Empresa Brasileira de Bebidas e Alimentos (EBBA),<\/strong>&nbsp;detentora h\u00e1 mais de 60 anos das marcas Maguary e Dafruta, formando, assim, a Britvic Ebba. Em 2017, a empresa expandiu seus neg\u00f3cios ap\u00f3s a aquisi\u00e7\u00e3o da Bela Ischia Alimentos Ltda, reunindo assim tr\u00eas marcas consagradas no territ\u00f3rio nacional: Maguary, Dafruta e Bela Ischia.<\/p>\n","protected":false},"featured_media":2279,"template":"","categories":[],"tags":[],"class_list":["post-2277","noticias","type-noticias","status-publish","has-post-thumbnail","hentry"],"acf":[],"yoast_head":"<!-- This site is optimized with the Yoast SEO plugin v26.2 - https:\/\/yoast.com\/wordpress\/plugins\/seo\/ -->\n<title>Representantes da FIEMG Regional Vale do Parana\u00edba visitaram a multinacional, EBBA Sucos - Regional Vale do Parana\u00edba<\/title>\n<meta name=\"robots\" content=\"index, follow, max-snippet:-1, max-image-preview:large, max-video-preview:-1\" \/>\n<link rel=\"canonical\" href=\"https:\/\/www.fiemg.com.br\/regional-vale-do-paranaiba\/noticias\/representantes-da-fiemg-regional-vale-do-paranaiba-visitaram-a-multinacional-ebba-sucos\/\" \/>\n<meta property=\"og:locale\" content=\"pt_BR\" \/>\n<meta property=\"og:type\" content=\"article\" \/>\n<meta property=\"og:title\" content=\"Representantes da FIEMG Regional Vale do Parana\u00edba visitaram a multinacional, EBBA Sucos - Regional Vale do Parana\u00edba\" \/>\n<meta property=\"og:description\" content=\"Na tarde de ontem (4) representantes da FIEMG Regional Vale do Parana\u00edba visitaram a multinacional sediada em Araguari, a EBBA Sucos. O objetivo do encontro foi apresentar as lideran\u00e7as da ind\u00fastria os benef\u00edcios ofertados pela Federa\u00e7\u00e3o atrav\u00e9s dos sindicatos empresariais. Participaram do encontro o presidente do Sindbebidas, M\u00e1rio Marques, diretor da FIEMG Regional Vale do [&hellip;]\" \/>\n<meta property=\"og:url\" content=\"https:\/\/www.fiemg.com.br\/regional-vale-do-paranaiba\/noticias\/representantes-da-fiemg-regional-vale-do-paranaiba-visitaram-a-multinacional-ebba-sucos\/\" \/>\n<meta property=\"og:site_name\" content=\"Regional Vale do Parana\u00edba\" \/>\n<meta property=\"article:modified_time\" content=\"2024-07-08T11:53:06+00:00\" \/>\n<meta property=\"og:image\" content=\"https:\/\/www.fiemg.com.br\/regional-vale-do-paranaiba\/wp-content\/uploads\/sites\/24\/2024\/07\/WhatsApp-Image-2024-07-04-at-15.11.13-1.jpeg\" \/>\n\t<meta property=\"og:image:width\" content=\"960\" \/>\n\t<meta property=\"og:image:height\" content=\"1280\" \/>\n\t<meta property=\"og:image:type\" content=\"image\/jpeg\" \/>\n<meta name=\"twitter:card\" content=\"summary_large_image\" \/>\n<meta name=\"twitter:label1\" content=\"Est. tempo de leitura\" \/>\n\t<meta name=\"twitter:data1\" content=\"3 minutos\" \/>\n<script type=\"application\/ld+json\" class=\"yoast-schema-graph\">{\"@context\":\"https:\/\/schema.org\",\"@graph\":[{\"@type\":\"WebPage\",\"@id\":\"https:\/\/www.fiemg.com.br\/regional-vale-do-paranaiba\/noticias\/representantes-da-fiemg-regional-vale-do-paranaiba-visitaram-a-multinacional-ebba-sucos\/\",\"url\":\"https:\/\/www.fiemg.com.br\/regional-vale-do-paranaiba\/noticias\/representantes-da-fiemg-regional-vale-do-paranaiba-visitaram-a-multinacional-ebba-sucos\/\",\"name\":\"Representantes da FIEMG Regional Vale do Parana\u00edba visitaram a multinacional, EBBA Sucos - Regional Vale do Parana\u00edba\",\"isPartOf\":{\"@id\":\"https:\/\/www.fiemg.com.br\/regional-vale-do-paranaiba\/#website\"},\"primaryImageOfPage\":{\"@id\":\"https:\/\/www.fiemg.com.br\/regional-vale-do-paranaiba\/noticias\/representantes-da-fiemg-regional-vale-do-paranaiba-visitaram-a-multinacional-ebba-sucos\/#primaryimage\"},\"image\":{\"@id\":\"https:\/\/www.fiemg.com.br\/regional-vale-do-paranaiba\/noticias\/representantes-da-fiemg-regional-vale-do-paranaiba-visitaram-a-multinacional-ebba-sucos\/#primaryimage\"},\"thumbnailUrl\":\"https:\/\/www.fiemg.com.br\/regional-vale-do-paranaiba\/wp-content\/uploads\/sites\/24\/2024\/07\/WhatsApp-Image-2024-07-04-at-15.11.13-1.jpeg\",\"datePublished\":\"2024-07-05T18:45:27+00:00\",\"dateModified\":\"2024-07-08T11:53:06+00:00\",\"breadcrumb\":{\"@id\":\"https:\/\/www.fiemg.com.br\/regional-vale-do-paranaiba\/noticias\/representantes-da-fiemg-regional-vale-do-paranaiba-visitaram-a-multinacional-ebba-sucos\/#breadcrumb\"},\"inLanguage\":\"pt-BR\",\"potentialAction\":[{\"@type\":\"ReadAction\",\"target\":[\"https:\/\/www.fiemg.com.br\/regional-vale-do-paranaiba\/noticias\/representantes-da-fiemg-regional-vale-do-paranaiba-visitaram-a-multinacional-ebba-sucos\/\"]}]},{\"@type\":\"ImageObject\",\"inLanguage\":\"pt-BR\",\"@id\":\"https:\/\/www.fiemg.com.br\/regional-vale-do-paranaiba\/noticias\/representantes-da-fiemg-regional-vale-do-paranaiba-visitaram-a-multinacional-ebba-sucos\/#primaryimage\",\"url\":\"https:\/\/www.fiemg.com.br\/regional-vale-do-paranaiba\/wp-content\/uploads\/sites\/24\/2024\/07\/WhatsApp-Image-2024-07-04-at-15.11.13-1.jpeg\",\"contentUrl\":\"https:\/\/www.fiemg.com.br\/regional-vale-do-paranaiba\/wp-content\/uploads\/sites\/24\/2024\/07\/WhatsApp-Image-2024-07-04-at-15.11.13-1.jpeg\",\"width\":960,\"height\":1280},{\"@type\":\"BreadcrumbList\",\"@id\":\"https:\/\/www.fiemg.com.br\/regional-vale-do-paranaiba\/noticias\/representantes-da-fiemg-regional-vale-do-paranaiba-visitaram-a-multinacional-ebba-sucos\/#breadcrumb\",\"itemListElement\":[{\"@type\":\"ListItem\",\"position\":1,\"name\":\"In\u00edcio\",\"item\":\"https:\/\/www.fiemg.com.br\/regional-vale-do-paranaiba\/\"},{\"@type\":\"ListItem\",\"position\":2,\"name\":\"Representantes da FIEMG Regional Vale do Parana\u00edba visitaram a multinacional, EBBA Sucos\"}]},{\"@type\":\"WebSite\",\"@id\":\"https:\/\/www.fiemg.com.br\/regional-vale-do-paranaiba\/#website\",\"url\":\"https:\/\/www.fiemg.com.br\/regional-vale-do-paranaiba\/\",\"name\":\"Regional Vale do Parana\u00edba\",\"description\":\"Federa\u00e7\u00e3o das Ind\u00fastrias do Estado de Minas Gerais\",\"publisher\":{\"@id\":\"https:\/\/www.fiemg.com.br\/regional-vale-do-paranaiba\/#organization\"},\"potentialAction\":[{\"@type\":\"SearchAction\",\"target\":{\"@type\":\"EntryPoint\",\"urlTemplate\":\"https:\/\/www.fiemg.com.br\/regional-vale-do-paranaiba\/?s={search_term_string}\"},\"query-input\":{\"@type\":\"PropertyValueSpecification\",\"valueRequired\":true,\"valueName\":\"search_term_string\"}}],\"inLanguage\":\"pt-BR\"},{\"@type\":\"Organization\",\"@id\":\"https:\/\/www.fiemg.com.br\/regional-vale-do-paranaiba\/#organization\",\"name\":\"Regional Vale do Parana\u00edba\",\"url\":\"https:\/\/www.fiemg.com.br\/regional-vale-do-paranaiba\/\",\"logo\":{\"@type\":\"ImageObject\",\"inLanguage\":\"pt-BR\",\"@id\":\"https:\/\/www.fiemg.com.br\/regional-vale-do-paranaiba\/#\/schema\/logo\/image\/\",\"url\":\"https:\/\/www.fiemg.com.br\/regional-vale-do-paranaiba\/wp-content\/uploads\/sites\/24\/2023\/02\/Ativo-1.png\",\"contentUrl\":\"https:\/\/www.fiemg.com.br\/regional-vale-do-paranaiba\/wp-content\/uploads\/sites\/24\/2023\/02\/Ativo-1.png\",\"width\":563,\"height\":149,\"caption\":\"Regional Vale do Parana\u00edba\"},\"image\":{\"@id\":\"https:\/\/www.fiemg.com.br\/regional-vale-do-paranaiba\/#\/schema\/logo\/image\/\"}}]}<\/script>\n<!-- \/ Yoast SEO plugin. -->","yoast_head_json":{"title":"Representantes da FIEMG Regional Vale do Parana\u00edba visitaram a multinacional, EBBA Sucos - Regional Vale do Parana\u00edba","robots":{"index":"index","follow":"follow","max-snippet":"max-snippet:-1","max-image-preview":"max-image-preview:large","max-video-preview":"max-video-preview:-1"},"canonical":"https:\/\/www.fiemg.com.br\/regional-vale-do-paranaiba\/noticias\/representantes-da-fiemg-regional-vale-do-paranaiba-visitaram-a-multinacional-ebba-sucos\/","og_locale":"pt_BR","og_type":"article","og_title":"Representantes da FIEMG Regional Vale do Parana\u00edba visitaram a multinacional, EBBA Sucos - Regional Vale do Parana\u00edba","og_description":"Na tarde de ontem (4) representantes da FIEMG Regional Vale do Parana\u00edba visitaram a multinacional sediada em Araguari, a EBBA Sucos. O objetivo do encontro foi apresentar as lideran\u00e7as da ind\u00fastria os benef\u00edcios ofertados pela Federa\u00e7\u00e3o atrav\u00e9s dos sindicatos empresariais. Participaram do encontro o presidente do Sindbebidas, M\u00e1rio Marques, diretor da FIEMG Regional Vale do [&hellip;]","og_url":"https:\/\/www.fiemg.com.br\/regional-vale-do-paranaiba\/noticias\/representantes-da-fiemg-regional-vale-do-paranaiba-visitaram-a-multinacional-ebba-sucos\/","og_site_name":"Regional Vale do Parana\u00edba","article_modified_time":"2024-07-08T11:53:06+00:00","og_image":[{"width":960,"height":1280,"url":"https:\/\/www.fiemg.com.br\/regional-vale-do-paranaiba\/wp-content\/uploads\/sites\/24\/2024\/07\/WhatsApp-Image-2024-07-04-at-15.11.13-1.jpeg","type":"image\/jpeg"}],"twitter_card":"summary_large_image","twitter_misc":{"Est. tempo de leitura":"3 minutos"},"schema":{"@context":"https:\/\/schema.org","@graph":[{"@type":"WebPage","@id":"https:\/\/www.fiemg.com.br\/regional-vale-do-paranaiba\/noticias\/representantes-da-fiemg-regional-vale-do-paranaiba-visitaram-a-multinacional-ebba-sucos\/","url":"https:\/\/www.fiemg.com.br\/regional-vale-do-paranaiba\/noticias\/representantes-da-fiemg-regional-vale-do-paranaiba-visitaram-a-multinacional-ebba-sucos\/","name":"Representantes da FIEMG Regional Vale do Parana\u00edba visitaram a multinacional, EBBA Sucos - Regional Vale do Parana\u00edba","isPartOf":{"@id":"https:\/\/www.fiemg.com.br\/regional-vale-do-paranaiba\/#website"},"primaryImageOfPage":{"@id":"https:\/\/www.fiemg.com.br\/regional-vale-do-paranaiba\/noticias\/representantes-da-fiemg-regional-vale-do-paranaiba-visitaram-a-multinacional-ebba-sucos\/#primaryimage"},"image":{"@id":"https:\/\/www.fiemg.com.br\/regional-vale-do-paranaiba\/noticias\/representantes-da-fiemg-regional-vale-do-paranaiba-visitaram-a-multinacional-ebba-sucos\/#primaryimage"},"thumbnailUrl":"https:\/\/www.fiemg.com.br\/regional-vale-do-paranaiba\/wp-content\/uploads\/sites\/24\/2024\/07\/WhatsApp-Image-2024-07-04-at-15.11.13-1.jpeg","datePublished":"2024-07-05T18:45:27+00:00","dateModified":"2024-07-08T11:53:06+00:00","breadcrumb":{"@id":"https:\/\/www.fiemg.com.br\/regional-vale-do-paranaiba\/noticias\/representantes-da-fiemg-regional-vale-do-paranaiba-visitaram-a-multinacional-ebba-sucos\/#breadcrumb"},"inLanguage":"pt-BR","potentialAction":[{"@type":"ReadAction","target":["https:\/\/www.fiemg.com.br\/regional-vale-do-paranaiba\/noticias\/representantes-da-fiemg-regional-vale-do-paranaiba-visitaram-a-multinacional-ebba-sucos\/"]}]},{"@type":"ImageObject","inLanguage":"pt-BR","@id":"https:\/\/www.fiemg.com.br\/regional-vale-do-paranaiba\/noticias\/representantes-da-fiemg-regional-vale-do-paranaiba-visitaram-a-multinacional-ebba-sucos\/#primaryimage","url":"https:\/\/www.fiemg.com.br\/regional-vale-do-paranaiba\/wp-content\/uploads\/sites\/24\/2024\/07\/WhatsApp-Image-2024-07-04-at-15.11.13-1.jpeg","contentUrl":"https:\/\/www.fiemg.com.br\/regional-vale-do-paranaiba\/wp-content\/uploads\/sites\/24\/2024\/07\/WhatsApp-Image-2024-07-04-at-15.11.13-1.jpeg","width":960,"height":1280},{"@type":"BreadcrumbList","@id":"https:\/\/www.fiemg.com.br\/regional-vale-do-paranaiba\/noticias\/representantes-da-fiemg-regional-vale-do-paranaiba-visitaram-a-multinacional-ebba-sucos\/#breadcrumb","itemListElement":[{"@type":"ListItem","position":1,"name":"In\u00edcio","item":"https:\/\/www.fiemg.com.br\/regional-vale-do-paranaiba\/"},{"@type":"ListItem","position":2,"name":"Representantes da FIEMG Regional Vale do Parana\u00edba visitaram a multinacional, EBBA Sucos"}]},{"@type":"WebSite","@id":"https:\/\/www.fiemg.com.br\/regional-vale-do-paranaiba\/#website","url":"https:\/\/www.fiemg.com.br\/regional-vale-do-paranaiba\/","name":"Regional Vale do Parana\u00edba","description":"Federa\u00e7\u00e3o das Ind\u00fastrias do Estado de Minas Gerais","publisher":{"@id":"https:\/\/www.fiemg.com.br\/regional-vale-do-paranaiba\/#organization"},"potentialAction":[{"@type":"SearchAction","target":{"@type":"EntryPoint","urlTemplate":"https:\/\/www.fiemg.com.br\/regional-vale-do-paranaiba\/?s={search_term_string}"},"query-input":{"@type":"PropertyValueSpecification","valueRequired":true,"valueName":"search_term_string"}}],"inLanguage":"pt-BR"},{"@type":"Organization","@id":"https:\/\/www.fiemg.com.br\/regional-vale-do-paranaiba\/#organization","name":"Regional Vale do Parana\u00edba","url":"https:\/\/www.fiemg.com.br\/regional-vale-do-paranaiba\/","logo":{"@type":"ImageObject","inLanguage":"pt-BR","@id":"https:\/\/www.fiemg.com.br\/regional-vale-do-paranaiba\/#\/schema\/logo\/image\/","url":"https:\/\/www.fiemg.com.br\/regional-vale-do-paranaiba\/wp-content\/uploads\/sites\/24\/2023\/02\/Ativo-1.png","contentUrl":"https:\/\/www.fiemg.com.br\/regional-vale-do-paranaiba\/wp-content\/uploads\/sites\/24\/2023\/02\/Ativo-1.png","width":563,"height":149,"caption":"Regional Vale do Parana\u00edba"},"image":{"@id":"https:\/\/www.fiemg.com.br\/regional-vale-do-paranaiba\/#\/schema\/logo\/image\/"}}]}},"_links":{"self":[{"href":"https:\/\/www.fiemg.com.br\/regional-vale-do-paranaiba\/wp-json\/wp\/v2\/noticias\/2277","targetHints":{"allow":["GET"]}}],"collection":[{"href":"https:\/\/www.fiemg.com.br\/regional-vale-do-paranaiba\/wp-json\/wp\/v2\/noticias"}],"about":[{"href":"https:\/\/www.fiemg.com.br\/regional-vale-do-paranaiba\/wp-json\/wp\/v2\/types\/noticias"}],"wp:featuredmedia":[{"embeddable":true,"href":"https:\/\/www.fiemg.com.br\/regional-vale-do-paranaiba\/wp-json\/wp\/v2\/media\/2279"}],"wp:attachment":[{"href":"https:\/\/www.fiemg.com.br\/regional-vale-do-paranaiba\/wp-json\/wp\/v2\/media?parent=2277"}],"wp:term":[{"taxonomy":"category","embeddable":true,"href":"https:\/\/www.fiemg.com.br\/regional-vale-do-paranaiba\/wp-json\/wp\/v2\/categories?post=2277"},{"taxonomy":"post_tag","embeddable":true,"href":"https:\/\/www.fiemg.com.br\/regional-vale-do-paranaiba\/wp-json\/wp\/v2\/tags?post=2277"}],"curies":[{"name":"wp","href":"https:\/\/api.w.org\/{rel}","templated":true}]}}