{"id":2287,"date":"2024-07-09T17:58:05","date_gmt":"2024-07-09T20:58:05","guid":{"rendered":"https:\/\/www.fiemg.com.br\/regional-vale-do-paranaiba\/noticias\/torneio-da-first-lego-league-e-realizado-no-sesi-uberlandia\/"},"modified":"2024-07-09T18:01:03","modified_gmt":"2024-07-09T21:01:03","slug":"torneio-da-first-lego-league-e-realizado-no-sesi-uberlandia","status":"publish","type":"noticias","link":"https:\/\/www.fiemg.com.br\/regional-vale-do-paranaiba\/noticias\/torneio-da-first-lego-league-e-realizado-no-sesi-uberlandia\/","title":{"rendered":"Torneio da First Lego League\u00a0 \u00e9 realizado no SESI Uberl\u00e2ndia"},"content":{"rendered":"\n<p>Alunos do&nbsp; SESI de Araguari, Uberaba e Uberl\u00e2ndia participaram, em 2 de julho,&nbsp; da etapa microrregional do torneio <strong><em>FIRST\u00ae<\/em> LEGO\u00ae League Challenge <\/strong>na escola SESI Guiomar de Freitas Costa, em Uberl\u00e2ndia, Tri\u00e2ngulo Mineiro. Cada unidade teve duas equipes na competi\u00e7\u00e3o que fizeram apresenta\u00e7\u00f5es com rob\u00f4s e apresentaram projetos de inova\u00e7\u00e3o.<\/p>\n\n\n\n<p>A gerente do SESI Araguari, Vanda Oliveira, destacou a import\u00e2ncia deste tipo de evento para o desenvolvimento dos alunos bem como da escola. \u201cAl\u00e9m da visibilidade para nossa escola, n\u00e3o somente o torneio mas a rob\u00f3tica em si traz muitas novas habilidades para nossos alunos; eles se tornam mais criativos, mais cr\u00edticos e mais anal\u00edticos, \u00e9 um crescimento que transforma a vida deles como um todo.\u201d<\/p>\n\n\n\n<p>O analista pedag\u00f3gico do SESI MG, Thiago Morcatty, explicou que o departamento nacional do SESI \u00e9 o operador oficial do torneio no Brasil, sendo que a disputa \u00e9 realizada em outros pa\u00edses com as suas respectivas entidades respons\u00e1veis. \u201cEssas etapas microrregionais que estamos realizando em v\u00e1rias regi\u00f5es do Minas \u00e9 uma prepara\u00e7\u00e3o para a etapa estadual. A participa\u00e7\u00e3o no torneio traz para os alunos uma experi\u00eancia \u00fanica de trabalho em equipe, l\u00f3gica, soft skills, entre outras habilidades.\u201d<\/p>\n\n\n\n<p>As equipes do SESI Uberl\u00e2ndia, Uberaba e Araguari v\u00e3o participar da etapa oficial em Belo Horizonte, que vai contar com mais de 50 equipes de todo o estado e tem a tem\u00e1tica \u201cO fundo do oceano\u201d.O programa <strong><em>FIRST\u00ae<\/em> LEGO\u00ae League Challenge<\/strong> desafia estudantes de 9 a 15 anos a buscarem solu\u00e7\u00f5es para problemas da sociedade a partir de um mergulho no conceito STEAM (Ci\u00eancia, Tecnologia, Engenharia, Artes e Matem\u00e1tica). O torneio \u00e9 realizado anualmente pela <strong>LEGO\u00ae <\/strong>e re\u00fane estudantes dos ensinos fundamental e m\u00e9dio de todo o Brasil.<br><br><em>Ariane Baldini<\/em><br><strong>Imprensa FIEMG<\/strong><\/p>\n","protected":false},"featured_media":2288,"template":"","categories":[16],"tags":[145,152,112,181],"class_list":["post-2287","noticias","type-noticias","status-publish","has-post-thumbnail","hentry","category-educacao","tag-educacao","tag-robotica","tag-sesi","tag-torneio"],"acf":[],"yoast_head":"<!-- This site is optimized with the Yoast SEO plugin v26.2 - https:\/\/yoast.com\/wordpress\/plugins\/seo\/ -->\n<title>Torneio da First Lego League\u00a0 \u00e9 realizado no SESI Uberl\u00e2ndia - Regional Vale do Parana\u00edba<\/title>\n<meta name=\"description\" content=\"Alunos fizeram apresenta\u00e7\u00f5es com rob\u00f4s e apresentaram projetos de inova\u00e7\u00e3o.\" \/>\n<meta name=\"robots\" content=\"index, follow, max-snippet:-1, max-image-preview:large, max-video-preview:-1\" \/>\n<link rel=\"canonical\" href=\"https:\/\/www.fiemg.com.br\/regional-vale-do-paranaiba\/noticias\/torneio-da-first-lego-league-e-realizado-no-sesi-uberlandia\/\" \/>\n<meta property=\"og:locale\" content=\"pt_BR\" \/>\n<meta property=\"og:type\" content=\"article\" \/>\n<meta property=\"og:title\" content=\"Torneio da First Lego League\u00a0 \u00e9 realizado no SESI Uberl\u00e2ndia - Regional Vale do Parana\u00edba\" \/>\n<meta property=\"og:description\" content=\"Alunos fizeram apresenta\u00e7\u00f5es com rob\u00f4s e apresentaram projetos de inova\u00e7\u00e3o.\" \/>\n<meta property=\"og:url\" content=\"https:\/\/www.fiemg.com.br\/regional-vale-do-paranaiba\/noticias\/torneio-da-first-lego-league-e-realizado-no-sesi-uberlandia\/\" \/>\n<meta property=\"og:site_name\" content=\"Regional Vale do Parana\u00edba\" \/>\n<meta property=\"article:modified_time\" content=\"2024-07-09T21:01:03+00:00\" \/>\n<meta property=\"og:image\" content=\"https:\/\/www.fiemg.com.br\/regional-vale-do-paranaiba\/wp-content\/uploads\/sites\/24\/2024\/07\/robotica_thumb.jpeg\" \/>\n\t<meta property=\"og:image:width\" content=\"512\" \/>\n\t<meta property=\"og:image:height\" content=\"512\" \/>\n\t<meta property=\"og:image:type\" content=\"image\/jpeg\" \/>\n<meta name=\"twitter:card\" content=\"summary_large_image\" \/>\n<meta name=\"twitter:label1\" content=\"Est. tempo de leitura\" \/>\n\t<meta name=\"twitter:data1\" content=\"2 minutos\" \/>\n<script type=\"application\/ld+json\" class=\"yoast-schema-graph\">{\"@context\":\"https:\/\/schema.org\",\"@graph\":[{\"@type\":\"WebPage\",\"@id\":\"https:\/\/www.fiemg.com.br\/regional-vale-do-paranaiba\/noticias\/torneio-da-first-lego-league-e-realizado-no-sesi-uberlandia\/\",\"url\":\"https:\/\/www.fiemg.com.br\/regional-vale-do-paranaiba\/noticias\/torneio-da-first-lego-league-e-realizado-no-sesi-uberlandia\/\",\"name\":\"Torneio da First Lego League\u00a0 \u00e9 realizado no SESI Uberl\u00e2ndia - Regional Vale do Parana\u00edba\",\"isPartOf\":{\"@id\":\"https:\/\/www.fiemg.com.br\/regional-vale-do-paranaiba\/#website\"},\"primaryImageOfPage\":{\"@id\":\"https:\/\/www.fiemg.com.br\/regional-vale-do-paranaiba\/noticias\/torneio-da-first-lego-league-e-realizado-no-sesi-uberlandia\/#primaryimage\"},\"image\":{\"@id\":\"https:\/\/www.fiemg.com.br\/regional-vale-do-paranaiba\/noticias\/torneio-da-first-lego-league-e-realizado-no-sesi-uberlandia\/#primaryimage\"},\"thumbnailUrl\":\"https:\/\/www.fiemg.com.br\/regional-vale-do-paranaiba\/wp-content\/uploads\/sites\/24\/2024\/07\/robotica_thumb.jpeg\",\"datePublished\":\"2024-07-09T20:58:05+00:00\",\"dateModified\":\"2024-07-09T21:01:03+00:00\",\"description\":\"Alunos fizeram apresenta\u00e7\u00f5es com rob\u00f4s e apresentaram projetos de inova\u00e7\u00e3o.\",\"breadcrumb\":{\"@id\":\"https:\/\/www.fiemg.com.br\/regional-vale-do-paranaiba\/noticias\/torneio-da-first-lego-league-e-realizado-no-sesi-uberlandia\/#breadcrumb\"},\"inLanguage\":\"pt-BR\",\"potentialAction\":[{\"@type\":\"ReadAction\",\"target\":[\"https:\/\/www.fiemg.com.br\/regional-vale-do-paranaiba\/noticias\/torneio-da-first-lego-league-e-realizado-no-sesi-uberlandia\/\"]}]},{\"@type\":\"ImageObject\",\"inLanguage\":\"pt-BR\",\"@id\":\"https:\/\/www.fiemg.com.br\/regional-vale-do-paranaiba\/noticias\/torneio-da-first-lego-league-e-realizado-no-sesi-uberlandia\/#primaryimage\",\"url\":\"https:\/\/www.fiemg.com.br\/regional-vale-do-paranaiba\/wp-content\/uploads\/sites\/24\/2024\/07\/robotica_thumb.jpeg\",\"contentUrl\":\"https:\/\/www.fiemg.com.br\/regional-vale-do-paranaiba\/wp-content\/uploads\/sites\/24\/2024\/07\/robotica_thumb.jpeg\",\"width\":512,\"height\":512,\"caption\":\"Torneio da First Lego League \u00e9 realizado no SESI Uberl\u00e2ndia\"},{\"@type\":\"BreadcrumbList\",\"@id\":\"https:\/\/www.fiemg.com.br\/regional-vale-do-paranaiba\/noticias\/torneio-da-first-lego-league-e-realizado-no-sesi-uberlandia\/#breadcrumb\",\"itemListElement\":[{\"@type\":\"ListItem\",\"position\":1,\"name\":\"In\u00edcio\",\"item\":\"https:\/\/www.fiemg.com.br\/regional-vale-do-paranaiba\/\"},{\"@type\":\"ListItem\",\"position\":2,\"name\":\"Torneio da First Lego League\u00a0 \u00e9 realizado no SESI Uberl\u00e2ndia\"}]},{\"@type\":\"WebSite\",\"@id\":\"https:\/\/www.fiemg.com.br\/regional-vale-do-paranaiba\/#website\",\"url\":\"https:\/\/www.fiemg.com.br\/regional-vale-do-paranaiba\/\",\"name\":\"Regional Vale do Parana\u00edba\",\"description\":\"Federa\u00e7\u00e3o das Ind\u00fastrias do Estado de Minas Gerais\",\"publisher\":{\"@id\":\"https:\/\/www.fiemg.com.br\/regional-vale-do-paranaiba\/#organization\"},\"potentialAction\":[{\"@type\":\"SearchAction\",\"target\":{\"@type\":\"EntryPoint\",\"urlTemplate\":\"https:\/\/www.fiemg.com.br\/regional-vale-do-paranaiba\/?s={search_term_string}\"},\"query-input\":{\"@type\":\"PropertyValueSpecification\",\"valueRequired\":true,\"valueName\":\"search_term_string\"}}],\"inLanguage\":\"pt-BR\"},{\"@type\":\"Organization\",\"@id\":\"https:\/\/www.fiemg.com.br\/regional-vale-do-paranaiba\/#organization\",\"name\":\"Regional Vale do Parana\u00edba\",\"url\":\"https:\/\/www.fiemg.com.br\/regional-vale-do-paranaiba\/\",\"logo\":{\"@type\":\"ImageObject\",\"inLanguage\":\"pt-BR\",\"@id\":\"https:\/\/www.fiemg.com.br\/regional-vale-do-paranaiba\/#\/schema\/logo\/image\/\",\"url\":\"https:\/\/www.fiemg.com.br\/regional-vale-do-paranaiba\/wp-content\/uploads\/sites\/24\/2023\/02\/Ativo-1.png\",\"contentUrl\":\"https:\/\/www.fiemg.com.br\/regional-vale-do-paranaiba\/wp-content\/uploads\/sites\/24\/2023\/02\/Ativo-1.png\",\"width\":563,\"height\":149,\"caption\":\"Regional Vale do Parana\u00edba\"},\"image\":{\"@id\":\"https:\/\/www.fiemg.com.br\/regional-vale-do-paranaiba\/#\/schema\/logo\/image\/\"}}]}<\/script>\n<!-- \/ Yoast SEO plugin. -->","yoast_head_json":{"title":"Torneio da First Lego League\u00a0 \u00e9 realizado no SESI Uberl\u00e2ndia - Regional Vale do Parana\u00edba","description":"Alunos fizeram apresenta\u00e7\u00f5es com rob\u00f4s e apresentaram projetos de inova\u00e7\u00e3o.","robots":{"index":"index","follow":"follow","max-snippet":"max-snippet:-1","max-image-preview":"max-image-preview:large","max-video-preview":"max-video-preview:-1"},"canonical":"https:\/\/www.fiemg.com.br\/regional-vale-do-paranaiba\/noticias\/torneio-da-first-lego-league-e-realizado-no-sesi-uberlandia\/","og_locale":"pt_BR","og_type":"article","og_title":"Torneio da First Lego League\u00a0 \u00e9 realizado no SESI Uberl\u00e2ndia - Regional Vale do Parana\u00edba","og_description":"Alunos fizeram apresenta\u00e7\u00f5es com rob\u00f4s e apresentaram projetos de inova\u00e7\u00e3o.","og_url":"https:\/\/www.fiemg.com.br\/regional-vale-do-paranaiba\/noticias\/torneio-da-first-lego-league-e-realizado-no-sesi-uberlandia\/","og_site_name":"Regional Vale do Parana\u00edba","article_modified_time":"2024-07-09T21:01:03+00:00","og_image":[{"width":512,"height":512,"url":"https:\/\/www.fiemg.com.br\/regional-vale-do-paranaiba\/wp-content\/uploads\/sites\/24\/2024\/07\/robotica_thumb.jpeg","type":"image\/jpeg"}],"twitter_card":"summary_large_image","twitter_misc":{"Est. tempo de leitura":"2 minutos"},"schema":{"@context":"https:\/\/schema.org","@graph":[{"@type":"WebPage","@id":"https:\/\/www.fiemg.com.br\/regional-vale-do-paranaiba\/noticias\/torneio-da-first-lego-league-e-realizado-no-sesi-uberlandia\/","url":"https:\/\/www.fiemg.com.br\/regional-vale-do-paranaiba\/noticias\/torneio-da-first-lego-league-e-realizado-no-sesi-uberlandia\/","name":"Torneio da First Lego League\u00a0 \u00e9 realizado no SESI Uberl\u00e2ndia - Regional Vale do Parana\u00edba","isPartOf":{"@id":"https:\/\/www.fiemg.com.br\/regional-vale-do-paranaiba\/#website"},"primaryImageOfPage":{"@id":"https:\/\/www.fiemg.com.br\/regional-vale-do-paranaiba\/noticias\/torneio-da-first-lego-league-e-realizado-no-sesi-uberlandia\/#primaryimage"},"image":{"@id":"https:\/\/www.fiemg.com.br\/regional-vale-do-paranaiba\/noticias\/torneio-da-first-lego-league-e-realizado-no-sesi-uberlandia\/#primaryimage"},"thumbnailUrl":"https:\/\/www.fiemg.com.br\/regional-vale-do-paranaiba\/wp-content\/uploads\/sites\/24\/2024\/07\/robotica_thumb.jpeg","datePublished":"2024-07-09T20:58:05+00:00","dateModified":"2024-07-09T21:01:03+00:00","description":"Alunos fizeram apresenta\u00e7\u00f5es com rob\u00f4s e apresentaram projetos de inova\u00e7\u00e3o.","breadcrumb":{"@id":"https:\/\/www.fiemg.com.br\/regional-vale-do-paranaiba\/noticias\/torneio-da-first-lego-league-e-realizado-no-sesi-uberlandia\/#breadcrumb"},"inLanguage":"pt-BR","potentialAction":[{"@type":"ReadAction","target":["https:\/\/www.fiemg.com.br\/regional-vale-do-paranaiba\/noticias\/torneio-da-first-lego-league-e-realizado-no-sesi-uberlandia\/"]}]},{"@type":"ImageObject","inLanguage":"pt-BR","@id":"https:\/\/www.fiemg.com.br\/regional-vale-do-paranaiba\/noticias\/torneio-da-first-lego-league-e-realizado-no-sesi-uberlandia\/#primaryimage","url":"https:\/\/www.fiemg.com.br\/regional-vale-do-paranaiba\/wp-content\/uploads\/sites\/24\/2024\/07\/robotica_thumb.jpeg","contentUrl":"https:\/\/www.fiemg.com.br\/regional-vale-do-paranaiba\/wp-content\/uploads\/sites\/24\/2024\/07\/robotica_thumb.jpeg","width":512,"height":512,"caption":"Torneio da First Lego League \u00e9 realizado no SESI Uberl\u00e2ndia"},{"@type":"BreadcrumbList","@id":"https:\/\/www.fiemg.com.br\/regional-vale-do-paranaiba\/noticias\/torneio-da-first-lego-league-e-realizado-no-sesi-uberlandia\/#breadcrumb","itemListElement":[{"@type":"ListItem","position":1,"name":"In\u00edcio","item":"https:\/\/www.fiemg.com.br\/regional-vale-do-paranaiba\/"},{"@type":"ListItem","position":2,"name":"Torneio da First Lego League\u00a0 \u00e9 realizado no SESI Uberl\u00e2ndia"}]},{"@type":"WebSite","@id":"https:\/\/www.fiemg.com.br\/regional-vale-do-paranaiba\/#website","url":"https:\/\/www.fiemg.com.br\/regional-vale-do-paranaiba\/","name":"Regional Vale do Parana\u00edba","description":"Federa\u00e7\u00e3o das Ind\u00fastrias do Estado de Minas Gerais","publisher":{"@id":"https:\/\/www.fiemg.com.br\/regional-vale-do-paranaiba\/#organization"},"potentialAction":[{"@type":"SearchAction","target":{"@type":"EntryPoint","urlTemplate":"https:\/\/www.fiemg.com.br\/regional-vale-do-paranaiba\/?s={search_term_string}"},"query-input":{"@type":"PropertyValueSpecification","valueRequired":true,"valueName":"search_term_string"}}],"inLanguage":"pt-BR"},{"@type":"Organization","@id":"https:\/\/www.fiemg.com.br\/regional-vale-do-paranaiba\/#organization","name":"Regional Vale do Parana\u00edba","url":"https:\/\/www.fiemg.com.br\/regional-vale-do-paranaiba\/","logo":{"@type":"ImageObject","inLanguage":"pt-BR","@id":"https:\/\/www.fiemg.com.br\/regional-vale-do-paranaiba\/#\/schema\/logo\/image\/","url":"https:\/\/www.fiemg.com.br\/regional-vale-do-paranaiba\/wp-content\/uploads\/sites\/24\/2023\/02\/Ativo-1.png","contentUrl":"https:\/\/www.fiemg.com.br\/regional-vale-do-paranaiba\/wp-content\/uploads\/sites\/24\/2023\/02\/Ativo-1.png","width":563,"height":149,"caption":"Regional Vale do Parana\u00edba"},"image":{"@id":"https:\/\/www.fiemg.com.br\/regional-vale-do-paranaiba\/#\/schema\/logo\/image\/"}}]}},"_links":{"self":[{"href":"https:\/\/www.fiemg.com.br\/regional-vale-do-paranaiba\/wp-json\/wp\/v2\/noticias\/2287","targetHints":{"allow":["GET"]}}],"collection":[{"href":"https:\/\/www.fiemg.com.br\/regional-vale-do-paranaiba\/wp-json\/wp\/v2\/noticias"}],"about":[{"href":"https:\/\/www.fiemg.com.br\/regional-vale-do-paranaiba\/wp-json\/wp\/v2\/types\/noticias"}],"wp:featuredmedia":[{"embeddable":true,"href":"https:\/\/www.fiemg.com.br\/regional-vale-do-paranaiba\/wp-json\/wp\/v2\/media\/2288"}],"wp:attachment":[{"href":"https:\/\/www.fiemg.com.br\/regional-vale-do-paranaiba\/wp-json\/wp\/v2\/media?parent=2287"}],"wp:term":[{"taxonomy":"category","embeddable":true,"href":"https:\/\/www.fiemg.com.br\/regional-vale-do-paranaiba\/wp-json\/wp\/v2\/categories?post=2287"},{"taxonomy":"post_tag","embeddable":true,"href":"https:\/\/www.fiemg.com.br\/regional-vale-do-paranaiba\/wp-json\/wp\/v2\/tags?post=2287"}],"curies":[{"name":"wp","href":"https:\/\/api.w.org\/{rel}","templated":true}]}}