{"id":2305,"date":"2024-07-25T14:44:39","date_gmt":"2024-07-25T17:44:39","guid":{"rendered":"https:\/\/www.fiemg.com.br\/regional-vale-do-paranaiba\/?post_type=noticias&#038;p=2305"},"modified":"2024-07-25T17:20:12","modified_gmt":"2024-07-25T20:20:12","slug":"sindicato-da-industria-da-alimentacao-de-uberlandia-apresenta-os-laboratorios-de-analises-do-senai-para-empresarios-do-setor","status":"publish","type":"noticias","link":"https:\/\/www.fiemg.com.br\/regional-vale-do-paranaiba\/noticias\/sindicato-da-industria-da-alimentacao-de-uberlandia-apresenta-os-laboratorios-de-analises-do-senai-para-empresarios-do-setor\/","title":{"rendered":"Sindicato da Ind\u00fastria da Alimenta\u00e7\u00e3o de Uberl\u00e2ndia apresenta os laborat\u00f3rios de an\u00e1lises do SENAI para empres\u00e1rios do setor\u00a0\u00a0\u00a0\u00a0\u00a0"},"content":{"rendered":"\n<figure class=\"wp-block-image size-large\"><img fetchpriority=\"high\" decoding=\"async\" width=\"1024\" height=\"768\" src=\"https:\/\/www.fiemg.com.br\/regional-vale-do-paranaiba\/wp-content\/uploads\/sites\/24\/2024\/07\/WhatsApp-Image-2024-07-25-at-11.13.35-1-1024x768.jpeg\" alt=\"\" class=\"wp-image-2308\" srcset=\"https:\/\/www.fiemg.com.br\/regional-vale-do-paranaiba\/wp-content\/uploads\/sites\/24\/2024\/07\/WhatsApp-Image-2024-07-25-at-11.13.35-1-1024x768.jpeg 1024w, https:\/\/www.fiemg.com.br\/regional-vale-do-paranaiba\/wp-content\/uploads\/sites\/24\/2024\/07\/WhatsApp-Image-2024-07-25-at-11.13.35-1-300x225.jpeg 300w, https:\/\/www.fiemg.com.br\/regional-vale-do-paranaiba\/wp-content\/uploads\/sites\/24\/2024\/07\/WhatsApp-Image-2024-07-25-at-11.13.35-1-768x576.jpeg 768w, https:\/\/www.fiemg.com.br\/regional-vale-do-paranaiba\/wp-content\/uploads\/sites\/24\/2024\/07\/WhatsApp-Image-2024-07-25-at-11.13.35-1-1536x1152.jpeg 1536w, https:\/\/www.fiemg.com.br\/regional-vale-do-paranaiba\/wp-content\/uploads\/sites\/24\/2024\/07\/WhatsApp-Image-2024-07-25-at-11.13.35-1.jpeg 1600w\" sizes=\"(max-width: 1024px) 100vw, 1024px\" \/><\/figure>\n\n\n\n<p>Na manh\u00e3 de hoje (25), o Sindicato da Ind\u00fastria da Alimenta\u00e7\u00e3o de Uberl\u00e2ndia (SIAU) <\/p>\n\n\n\n<p>Na manh\u00e3 de hoje (25), o Sindicato da Ind\u00fastria da Alimenta\u00e7\u00e3o de Uberl\u00e2ndia (SIAU) apresentou os laborat\u00f3rios de an\u00e1lises de alimentos e bebidas&nbsp;do SENAI F\u00e1bio de Ara\u00fajo Motta&nbsp;a empres\u00e1rios do nicho. Participaram do encontro 30 empres\u00e1rios que al\u00e9m de conhecer a estrutura dos laborat\u00f3rios, visitaram tamb\u00e9m a escola SESI e tiverem a oportunidade de conhecer de maneira mais aprofundada os benef\u00edcios e solu\u00e7\u00f5es ofertadas pela FIEMG.<\/p>\n\n\n\n<p>O evento foi conduzido pelo presidente do Sindicato, Paulo Romes, que destacou as necessidades das ind\u00fastrias estarem unidas para enfrentarem juntas as dificuldades comuns da voca\u00e7\u00e3o empresarial. Durante a din\u00e2mica, cada empres\u00e1rio se apresentou e brevemente e frisou suas principais dores; na sequ\u00eancia os colaboradores do SESI e SENAI apresentaram os servi\u00e7os que as Unidades disponibilizam para as ind\u00fastrias, como o ensino regular do SESI, clube, sa\u00fade e seguran\u00e7a do trabalho etc.<\/p>\n\n\n\n<p>Para finalizar, os empres\u00e1rios visitaram a estrutura dos laborat\u00f3rios citados eles realizam diversas an\u00e1lises para cerca de 130 empresas por m\u00eas. O analista de tecnologia do SENAI, Fabr\u00edcio Silv\u00e9rio, elencou as an\u00e1lises dispon\u00edveis e apresentou o conte\u00fado t\u00e9cnico dos atendimentos. \u201cN\u00f3s mostramos todos os servi\u00e7os que prestamos para as empresas, a maioria tem que fazer ensaio compuls\u00f3rio obrigado por lei. As an\u00e1lises mais frequentes que realizamos aqui no laborat\u00f3rio s\u00e3o as an\u00e1lises de \u00e1gua, \u00e1gua pot\u00e1vel e an\u00e1lise de produto, por exemplo, p\u00e3o de queijo, antes de ser comercializado precisa da an\u00e1lise microbiol\u00f3gica, salgados de forma geral precisam, a vigil\u00e2ncia sanit\u00e1ria exige.\u201d<\/p>\n\n\n\n<p>Luiza Gobbi, propriet\u00e1ria da \u201cEncanto de Minas\u201d ind\u00fastria que produz cerca de 70 toneladas de p\u00e3o de queijo congelado por m\u00eas, participou da visita e j\u00e1 sinalizou que transferir as an\u00e1lises de produto da sua empresa para o laborat\u00f3rio do SENAI. \u201cTem sido um processo muito rico e produtivo conhecer mais de perto os servi\u00e7os da FIEMG como um todo. Na minha empresa j\u00e1 est\u00e1 sendo realizado um atendimento para efici\u00eancia energ\u00e9tica atrav\u00e9s do SENAI e agora vamos come\u00e7ar com as an\u00e1lises aqui no laborat\u00f3rio que at\u00e9 ent\u00e3o eu n\u00e3o conhecia.\u201d<\/p>\n\n\n\n<p>Tamb\u00e9m marcaram presen\u00e7a no encontro o analista de neg\u00f3cios empresariais da FIEMG Regional Vale do Parana\u00edba, M\u00e1rio S\u00e9rgio Pires, o gerente do SESI SST, Douglas Cunha, a supervisora t\u00e9cnica do SENAI, Patr\u00edcia Carvalho, os agentes de relacionamento com mercado da FIEMG, Edson Santana e Polyana Arantes, a coordenadora do SESI, Valda Silva, o supervisor de esportes Eduardo de Deus, e a coordenadora do SIAU, Wellen Rezende.<\/p>\n\n\n\n<p><\/p>\n\n\n\n<p><strong>Imprensa FIEMG\u00a0Regional Vale do Parana\u00edba<\/strong><\/p>\n","protected":false},"featured_media":2308,"template":"","categories":[],"tags":[],"class_list":["post-2305","noticias","type-noticias","status-publish","has-post-thumbnail","hentry"],"acf":[],"yoast_head":"<!-- This site is optimized with the Yoast SEO plugin v26.2 - https:\/\/yoast.com\/wordpress\/plugins\/seo\/ -->\n<title>Sindicato da Ind\u00fastria da Alimenta\u00e7\u00e3o de Uberl\u00e2ndia apresenta os laborat\u00f3rios de an\u00e1lises do SENAI para empres\u00e1rios do setor\u00a0\u00a0\u00a0\u00a0\u00a0 - Regional Vale do Parana\u00edba<\/title>\n<meta name=\"robots\" content=\"index, follow, max-snippet:-1, max-image-preview:large, max-video-preview:-1\" \/>\n<link rel=\"canonical\" href=\"https:\/\/www.fiemg.com.br\/regional-vale-do-paranaiba\/noticias\/sindicato-da-industria-da-alimentacao-de-uberlandia-apresenta-os-laboratorios-de-analises-do-senai-para-empresarios-do-setor\/\" \/>\n<meta property=\"og:locale\" content=\"pt_BR\" \/>\n<meta property=\"og:type\" content=\"article\" \/>\n<meta property=\"og:title\" content=\"Sindicato da Ind\u00fastria da Alimenta\u00e7\u00e3o de Uberl\u00e2ndia apresenta os laborat\u00f3rios de an\u00e1lises do SENAI para empres\u00e1rios do setor\u00a0\u00a0\u00a0\u00a0\u00a0 - Regional Vale do Parana\u00edba\" \/>\n<meta property=\"og:description\" content=\"Na manh\u00e3 de hoje (25), o Sindicato da Ind\u00fastria da Alimenta\u00e7\u00e3o de Uberl\u00e2ndia (SIAU) Na manh\u00e3 de hoje (25), o Sindicato da Ind\u00fastria da Alimenta\u00e7\u00e3o de Uberl\u00e2ndia (SIAU) apresentou os laborat\u00f3rios de an\u00e1lises de alimentos e bebidas&nbsp;do SENAI F\u00e1bio de Ara\u00fajo Motta&nbsp;a empres\u00e1rios do nicho. Participaram do encontro 30 empres\u00e1rios que al\u00e9m de conhecer a [&hellip;]\" \/>\n<meta property=\"og:url\" content=\"https:\/\/www.fiemg.com.br\/regional-vale-do-paranaiba\/noticias\/sindicato-da-industria-da-alimentacao-de-uberlandia-apresenta-os-laboratorios-de-analises-do-senai-para-empresarios-do-setor\/\" \/>\n<meta property=\"og:site_name\" content=\"Regional Vale do Parana\u00edba\" \/>\n<meta property=\"article:modified_time\" content=\"2024-07-25T20:20:12+00:00\" \/>\n<meta property=\"og:image\" content=\"https:\/\/www.fiemg.com.br\/regional-vale-do-paranaiba\/wp-content\/uploads\/sites\/24\/2024\/07\/WhatsApp-Image-2024-07-25-at-11.13.35-1.jpeg\" \/>\n\t<meta property=\"og:image:width\" content=\"1600\" \/>\n\t<meta property=\"og:image:height\" content=\"1200\" \/>\n\t<meta property=\"og:image:type\" content=\"image\/jpeg\" \/>\n<meta name=\"twitter:card\" content=\"summary_large_image\" \/>\n<meta name=\"twitter:label1\" content=\"Est. tempo de leitura\" \/>\n\t<meta name=\"twitter:data1\" content=\"3 minutos\" \/>\n<script type=\"application\/ld+json\" class=\"yoast-schema-graph\">{\"@context\":\"https:\/\/schema.org\",\"@graph\":[{\"@type\":\"WebPage\",\"@id\":\"https:\/\/www.fiemg.com.br\/regional-vale-do-paranaiba\/noticias\/sindicato-da-industria-da-alimentacao-de-uberlandia-apresenta-os-laboratorios-de-analises-do-senai-para-empresarios-do-setor\/\",\"url\":\"https:\/\/www.fiemg.com.br\/regional-vale-do-paranaiba\/noticias\/sindicato-da-industria-da-alimentacao-de-uberlandia-apresenta-os-laboratorios-de-analises-do-senai-para-empresarios-do-setor\/\",\"name\":\"Sindicato da Ind\u00fastria da Alimenta\u00e7\u00e3o de Uberl\u00e2ndia apresenta os laborat\u00f3rios de an\u00e1lises do SENAI para empres\u00e1rios do setor\u00a0\u00a0\u00a0\u00a0\u00a0 - Regional Vale do Parana\u00edba\",\"isPartOf\":{\"@id\":\"https:\/\/www.fiemg.com.br\/regional-vale-do-paranaiba\/#website\"},\"primaryImageOfPage\":{\"@id\":\"https:\/\/www.fiemg.com.br\/regional-vale-do-paranaiba\/noticias\/sindicato-da-industria-da-alimentacao-de-uberlandia-apresenta-os-laboratorios-de-analises-do-senai-para-empresarios-do-setor\/#primaryimage\"},\"image\":{\"@id\":\"https:\/\/www.fiemg.com.br\/regional-vale-do-paranaiba\/noticias\/sindicato-da-industria-da-alimentacao-de-uberlandia-apresenta-os-laboratorios-de-analises-do-senai-para-empresarios-do-setor\/#primaryimage\"},\"thumbnailUrl\":\"https:\/\/www.fiemg.com.br\/regional-vale-do-paranaiba\/wp-content\/uploads\/sites\/24\/2024\/07\/WhatsApp-Image-2024-07-25-at-11.13.35-1.jpeg\",\"datePublished\":\"2024-07-25T17:44:39+00:00\",\"dateModified\":\"2024-07-25T20:20:12+00:00\",\"breadcrumb\":{\"@id\":\"https:\/\/www.fiemg.com.br\/regional-vale-do-paranaiba\/noticias\/sindicato-da-industria-da-alimentacao-de-uberlandia-apresenta-os-laboratorios-de-analises-do-senai-para-empresarios-do-setor\/#breadcrumb\"},\"inLanguage\":\"pt-BR\",\"potentialAction\":[{\"@type\":\"ReadAction\",\"target\":[\"https:\/\/www.fiemg.com.br\/regional-vale-do-paranaiba\/noticias\/sindicato-da-industria-da-alimentacao-de-uberlandia-apresenta-os-laboratorios-de-analises-do-senai-para-empresarios-do-setor\/\"]}]},{\"@type\":\"ImageObject\",\"inLanguage\":\"pt-BR\",\"@id\":\"https:\/\/www.fiemg.com.br\/regional-vale-do-paranaiba\/noticias\/sindicato-da-industria-da-alimentacao-de-uberlandia-apresenta-os-laboratorios-de-analises-do-senai-para-empresarios-do-setor\/#primaryimage\",\"url\":\"https:\/\/www.fiemg.com.br\/regional-vale-do-paranaiba\/wp-content\/uploads\/sites\/24\/2024\/07\/WhatsApp-Image-2024-07-25-at-11.13.35-1.jpeg\",\"contentUrl\":\"https:\/\/www.fiemg.com.br\/regional-vale-do-paranaiba\/wp-content\/uploads\/sites\/24\/2024\/07\/WhatsApp-Image-2024-07-25-at-11.13.35-1.jpeg\",\"width\":1600,\"height\":1200},{\"@type\":\"BreadcrumbList\",\"@id\":\"https:\/\/www.fiemg.com.br\/regional-vale-do-paranaiba\/noticias\/sindicato-da-industria-da-alimentacao-de-uberlandia-apresenta-os-laboratorios-de-analises-do-senai-para-empresarios-do-setor\/#breadcrumb\",\"itemListElement\":[{\"@type\":\"ListItem\",\"position\":1,\"name\":\"In\u00edcio\",\"item\":\"https:\/\/www.fiemg.com.br\/regional-vale-do-paranaiba\/\"},{\"@type\":\"ListItem\",\"position\":2,\"name\":\"Sindicato da Ind\u00fastria da Alimenta\u00e7\u00e3o de Uberl\u00e2ndia apresenta os laborat\u00f3rios de an\u00e1lises do SENAI para empres\u00e1rios do setor\u00a0\u00a0\u00a0\u00a0\u00a0\"}]},{\"@type\":\"WebSite\",\"@id\":\"https:\/\/www.fiemg.com.br\/regional-vale-do-paranaiba\/#website\",\"url\":\"https:\/\/www.fiemg.com.br\/regional-vale-do-paranaiba\/\",\"name\":\"Regional Vale do Parana\u00edba\",\"description\":\"Federa\u00e7\u00e3o das Ind\u00fastrias do Estado de Minas Gerais\",\"publisher\":{\"@id\":\"https:\/\/www.fiemg.com.br\/regional-vale-do-paranaiba\/#organization\"},\"potentialAction\":[{\"@type\":\"SearchAction\",\"target\":{\"@type\":\"EntryPoint\",\"urlTemplate\":\"https:\/\/www.fiemg.com.br\/regional-vale-do-paranaiba\/?s={search_term_string}\"},\"query-input\":{\"@type\":\"PropertyValueSpecification\",\"valueRequired\":true,\"valueName\":\"search_term_string\"}}],\"inLanguage\":\"pt-BR\"},{\"@type\":\"Organization\",\"@id\":\"https:\/\/www.fiemg.com.br\/regional-vale-do-paranaiba\/#organization\",\"name\":\"Regional Vale do Parana\u00edba\",\"url\":\"https:\/\/www.fiemg.com.br\/regional-vale-do-paranaiba\/\",\"logo\":{\"@type\":\"ImageObject\",\"inLanguage\":\"pt-BR\",\"@id\":\"https:\/\/www.fiemg.com.br\/regional-vale-do-paranaiba\/#\/schema\/logo\/image\/\",\"url\":\"https:\/\/www.fiemg.com.br\/regional-vale-do-paranaiba\/wp-content\/uploads\/sites\/24\/2023\/02\/Ativo-1.png\",\"contentUrl\":\"https:\/\/www.fiemg.com.br\/regional-vale-do-paranaiba\/wp-content\/uploads\/sites\/24\/2023\/02\/Ativo-1.png\",\"width\":563,\"height\":149,\"caption\":\"Regional Vale do Parana\u00edba\"},\"image\":{\"@id\":\"https:\/\/www.fiemg.com.br\/regional-vale-do-paranaiba\/#\/schema\/logo\/image\/\"}}]}<\/script>\n<!-- \/ Yoast SEO plugin. -->","yoast_head_json":{"title":"Sindicato da Ind\u00fastria da Alimenta\u00e7\u00e3o de Uberl\u00e2ndia apresenta os laborat\u00f3rios de an\u00e1lises do SENAI para empres\u00e1rios do setor\u00a0\u00a0\u00a0\u00a0\u00a0 - Regional Vale do Parana\u00edba","robots":{"index":"index","follow":"follow","max-snippet":"max-snippet:-1","max-image-preview":"max-image-preview:large","max-video-preview":"max-video-preview:-1"},"canonical":"https:\/\/www.fiemg.com.br\/regional-vale-do-paranaiba\/noticias\/sindicato-da-industria-da-alimentacao-de-uberlandia-apresenta-os-laboratorios-de-analises-do-senai-para-empresarios-do-setor\/","og_locale":"pt_BR","og_type":"article","og_title":"Sindicato da Ind\u00fastria da Alimenta\u00e7\u00e3o de Uberl\u00e2ndia apresenta os laborat\u00f3rios de an\u00e1lises do SENAI para empres\u00e1rios do setor\u00a0\u00a0\u00a0\u00a0\u00a0 - Regional Vale do Parana\u00edba","og_description":"Na manh\u00e3 de hoje (25), o Sindicato da Ind\u00fastria da Alimenta\u00e7\u00e3o de Uberl\u00e2ndia (SIAU) Na manh\u00e3 de hoje (25), o Sindicato da Ind\u00fastria da Alimenta\u00e7\u00e3o de Uberl\u00e2ndia (SIAU) apresentou os laborat\u00f3rios de an\u00e1lises de alimentos e bebidas&nbsp;do SENAI F\u00e1bio de Ara\u00fajo Motta&nbsp;a empres\u00e1rios do nicho. Participaram do encontro 30 empres\u00e1rios que al\u00e9m de conhecer a [&hellip;]","og_url":"https:\/\/www.fiemg.com.br\/regional-vale-do-paranaiba\/noticias\/sindicato-da-industria-da-alimentacao-de-uberlandia-apresenta-os-laboratorios-de-analises-do-senai-para-empresarios-do-setor\/","og_site_name":"Regional Vale do Parana\u00edba","article_modified_time":"2024-07-25T20:20:12+00:00","og_image":[{"width":1600,"height":1200,"url":"https:\/\/www.fiemg.com.br\/regional-vale-do-paranaiba\/wp-content\/uploads\/sites\/24\/2024\/07\/WhatsApp-Image-2024-07-25-at-11.13.35-1.jpeg","type":"image\/jpeg"}],"twitter_card":"summary_large_image","twitter_misc":{"Est. tempo de leitura":"3 minutos"},"schema":{"@context":"https:\/\/schema.org","@graph":[{"@type":"WebPage","@id":"https:\/\/www.fiemg.com.br\/regional-vale-do-paranaiba\/noticias\/sindicato-da-industria-da-alimentacao-de-uberlandia-apresenta-os-laboratorios-de-analises-do-senai-para-empresarios-do-setor\/","url":"https:\/\/www.fiemg.com.br\/regional-vale-do-paranaiba\/noticias\/sindicato-da-industria-da-alimentacao-de-uberlandia-apresenta-os-laboratorios-de-analises-do-senai-para-empresarios-do-setor\/","name":"Sindicato da Ind\u00fastria da Alimenta\u00e7\u00e3o de Uberl\u00e2ndia apresenta os laborat\u00f3rios de an\u00e1lises do SENAI para empres\u00e1rios do setor\u00a0\u00a0\u00a0\u00a0\u00a0 - Regional Vale do Parana\u00edba","isPartOf":{"@id":"https:\/\/www.fiemg.com.br\/regional-vale-do-paranaiba\/#website"},"primaryImageOfPage":{"@id":"https:\/\/www.fiemg.com.br\/regional-vale-do-paranaiba\/noticias\/sindicato-da-industria-da-alimentacao-de-uberlandia-apresenta-os-laboratorios-de-analises-do-senai-para-empresarios-do-setor\/#primaryimage"},"image":{"@id":"https:\/\/www.fiemg.com.br\/regional-vale-do-paranaiba\/noticias\/sindicato-da-industria-da-alimentacao-de-uberlandia-apresenta-os-laboratorios-de-analises-do-senai-para-empresarios-do-setor\/#primaryimage"},"thumbnailUrl":"https:\/\/www.fiemg.com.br\/regional-vale-do-paranaiba\/wp-content\/uploads\/sites\/24\/2024\/07\/WhatsApp-Image-2024-07-25-at-11.13.35-1.jpeg","datePublished":"2024-07-25T17:44:39+00:00","dateModified":"2024-07-25T20:20:12+00:00","breadcrumb":{"@id":"https:\/\/www.fiemg.com.br\/regional-vale-do-paranaiba\/noticias\/sindicato-da-industria-da-alimentacao-de-uberlandia-apresenta-os-laboratorios-de-analises-do-senai-para-empresarios-do-setor\/#breadcrumb"},"inLanguage":"pt-BR","potentialAction":[{"@type":"ReadAction","target":["https:\/\/www.fiemg.com.br\/regional-vale-do-paranaiba\/noticias\/sindicato-da-industria-da-alimentacao-de-uberlandia-apresenta-os-laboratorios-de-analises-do-senai-para-empresarios-do-setor\/"]}]},{"@type":"ImageObject","inLanguage":"pt-BR","@id":"https:\/\/www.fiemg.com.br\/regional-vale-do-paranaiba\/noticias\/sindicato-da-industria-da-alimentacao-de-uberlandia-apresenta-os-laboratorios-de-analises-do-senai-para-empresarios-do-setor\/#primaryimage","url":"https:\/\/www.fiemg.com.br\/regional-vale-do-paranaiba\/wp-content\/uploads\/sites\/24\/2024\/07\/WhatsApp-Image-2024-07-25-at-11.13.35-1.jpeg","contentUrl":"https:\/\/www.fiemg.com.br\/regional-vale-do-paranaiba\/wp-content\/uploads\/sites\/24\/2024\/07\/WhatsApp-Image-2024-07-25-at-11.13.35-1.jpeg","width":1600,"height":1200},{"@type":"BreadcrumbList","@id":"https:\/\/www.fiemg.com.br\/regional-vale-do-paranaiba\/noticias\/sindicato-da-industria-da-alimentacao-de-uberlandia-apresenta-os-laboratorios-de-analises-do-senai-para-empresarios-do-setor\/#breadcrumb","itemListElement":[{"@type":"ListItem","position":1,"name":"In\u00edcio","item":"https:\/\/www.fiemg.com.br\/regional-vale-do-paranaiba\/"},{"@type":"ListItem","position":2,"name":"Sindicato da Ind\u00fastria da Alimenta\u00e7\u00e3o de Uberl\u00e2ndia apresenta os laborat\u00f3rios de an\u00e1lises do SENAI para empres\u00e1rios do setor\u00a0\u00a0\u00a0\u00a0\u00a0"}]},{"@type":"WebSite","@id":"https:\/\/www.fiemg.com.br\/regional-vale-do-paranaiba\/#website","url":"https:\/\/www.fiemg.com.br\/regional-vale-do-paranaiba\/","name":"Regional Vale do Parana\u00edba","description":"Federa\u00e7\u00e3o das Ind\u00fastrias do Estado de Minas Gerais","publisher":{"@id":"https:\/\/www.fiemg.com.br\/regional-vale-do-paranaiba\/#organization"},"potentialAction":[{"@type":"SearchAction","target":{"@type":"EntryPoint","urlTemplate":"https:\/\/www.fiemg.com.br\/regional-vale-do-paranaiba\/?s={search_term_string}"},"query-input":{"@type":"PropertyValueSpecification","valueRequired":true,"valueName":"search_term_string"}}],"inLanguage":"pt-BR"},{"@type":"Organization","@id":"https:\/\/www.fiemg.com.br\/regional-vale-do-paranaiba\/#organization","name":"Regional Vale do Parana\u00edba","url":"https:\/\/www.fiemg.com.br\/regional-vale-do-paranaiba\/","logo":{"@type":"ImageObject","inLanguage":"pt-BR","@id":"https:\/\/www.fiemg.com.br\/regional-vale-do-paranaiba\/#\/schema\/logo\/image\/","url":"https:\/\/www.fiemg.com.br\/regional-vale-do-paranaiba\/wp-content\/uploads\/sites\/24\/2023\/02\/Ativo-1.png","contentUrl":"https:\/\/www.fiemg.com.br\/regional-vale-do-paranaiba\/wp-content\/uploads\/sites\/24\/2023\/02\/Ativo-1.png","width":563,"height":149,"caption":"Regional Vale do Parana\u00edba"},"image":{"@id":"https:\/\/www.fiemg.com.br\/regional-vale-do-paranaiba\/#\/schema\/logo\/image\/"}}]}},"_links":{"self":[{"href":"https:\/\/www.fiemg.com.br\/regional-vale-do-paranaiba\/wp-json\/wp\/v2\/noticias\/2305","targetHints":{"allow":["GET"]}}],"collection":[{"href":"https:\/\/www.fiemg.com.br\/regional-vale-do-paranaiba\/wp-json\/wp\/v2\/noticias"}],"about":[{"href":"https:\/\/www.fiemg.com.br\/regional-vale-do-paranaiba\/wp-json\/wp\/v2\/types\/noticias"}],"wp:featuredmedia":[{"embeddable":true,"href":"https:\/\/www.fiemg.com.br\/regional-vale-do-paranaiba\/wp-json\/wp\/v2\/media\/2308"}],"wp:attachment":[{"href":"https:\/\/www.fiemg.com.br\/regional-vale-do-paranaiba\/wp-json\/wp\/v2\/media?parent=2305"}],"wp:term":[{"taxonomy":"category","embeddable":true,"href":"https:\/\/www.fiemg.com.br\/regional-vale-do-paranaiba\/wp-json\/wp\/v2\/categories?post=2305"},{"taxonomy":"post_tag","embeddable":true,"href":"https:\/\/www.fiemg.com.br\/regional-vale-do-paranaiba\/wp-json\/wp\/v2\/tags?post=2305"}],"curies":[{"name":"wp","href":"https:\/\/api.w.org\/{rel}","templated":true}]}}