{"id":2349,"date":"2024-08-19T09:46:51","date_gmt":"2024-08-19T12:46:51","guid":{"rendered":"https:\/\/www.fiemg.com.br\/regional-vale-do-paranaiba\/?post_type=noticias&#038;p=2349"},"modified":"2024-08-19T09:46:52","modified_gmt":"2024-08-19T12:46:52","slug":"associados-do-sindivestu-embarcam-hoje-19-para-a-febratex-2024-em-blumenau-sc","status":"publish","type":"noticias","link":"https:\/\/www.fiemg.com.br\/regional-vale-do-paranaiba\/noticias\/associados-do-sindivestu-embarcam-hoje-19-para-a-febratex-2024-em-blumenau-sc\/","title":{"rendered":"Associados do Sindivestu embarcam hoje (19) para a FEBRATEX 2024 em Blumenau (SC)"},"content":{"rendered":"\n<figure class=\"wp-block-image size-large\"><img fetchpriority=\"high\" decoding=\"async\" width=\"1024\" height=\"395\" src=\"https:\/\/www.fiemg.com.br\/regional-vale-do-paranaiba\/wp-content\/uploads\/sites\/24\/2024\/08\/FEBRATEX-1-1024x395.jpg\" alt=\"\" class=\"wp-image-2351\" srcset=\"https:\/\/www.fiemg.com.br\/regional-vale-do-paranaiba\/wp-content\/uploads\/sites\/24\/2024\/08\/FEBRATEX-1-1024x395.jpg 1024w, https:\/\/www.fiemg.com.br\/regional-vale-do-paranaiba\/wp-content\/uploads\/sites\/24\/2024\/08\/FEBRATEX-1-300x116.jpg 300w, https:\/\/www.fiemg.com.br\/regional-vale-do-paranaiba\/wp-content\/uploads\/sites\/24\/2024\/08\/FEBRATEX-1-768x296.jpg 768w, https:\/\/www.fiemg.com.br\/regional-vale-do-paranaiba\/wp-content\/uploads\/sites\/24\/2024\/08\/FEBRATEX-1.jpg 1224w\" sizes=\"(max-width: 1024px) 100vw, 1024px\" \/><\/figure>\n\n\n\n<p>        Associados do Sindivestu (Sind. Ind. Vestu\u00e1rio de Uberl\u00e2ndia) embarcam hoje para Blumenau, munic\u00edpio do estado de Santa Catarina, que abriga entre os dias 20 e 23 de agosto, a FEBRATEX, Feira Brasileira da Ind\u00fastria T\u00eaxtil. O tema central da Feira este ano \u00e9 \u201cFEBRATEX 360, conex\u00f5es na cadeia t\u00eaxtil.\u201d<\/p>\n\n\n\n<p>&nbsp;&nbsp;&nbsp;&nbsp;&nbsp;&nbsp;&nbsp;&nbsp;&nbsp; A comitiva uberlandense partiu para Blumenau na manh\u00e3 de hoje (19) e retorna sexta (23); al\u00e9m da participa\u00e7\u00e3o central na Feira, os empres\u00e1rios do setor do vestu\u00e1rio far\u00e3o tr\u00eas visitas t\u00e9cnicas guiadas, na Stand Audaces, Kardten na Elastan.<\/p>\n\n\n\n<p>&nbsp;&nbsp;&nbsp;&nbsp;&nbsp;&nbsp;&nbsp;&nbsp;&nbsp; A miss\u00e3o para FEBRATEX comp\u00f5e o programa Integra Moda, realizado pelo SEBRAE, IEL e Sindivestu, cuja o objetivo \u00e9 ofertar para os empres\u00e1rios do setor de confec\u00e7\u00f5es de Uberl\u00e2ndia e regi\u00e3o, oportunidades de conhecimento e novas tecnologias para o nicho. O Integra Moda j\u00e1 levou a comitiva de Uberl\u00e2ndia para o SENAI CETIQT este ano e ainda prev\u00ea uma s\u00e9rie de a\u00e7\u00f5es de fomento ao setor.<\/p>\n\n\n\n<p>&nbsp;&nbsp;&nbsp;&nbsp;&nbsp;&nbsp;&nbsp;&nbsp;&nbsp; A presidente do Sindivestu, Alessiane Batoni, tem frisado a import\u00e2ncia da classe produtiva sair de suas ind\u00fastrias em prol de solu\u00e7\u00f5es. \u201c\u00c9 um tema que eu sempre trago, o empres\u00e1rio ele precisa buscar, ter este movimento em prol da solu\u00e7\u00e3o, em prol da alternativa. Esta din\u00e2mica \u00e9 muito positiva e atinge o coletivo, que \u00e9 a proposta do associativismo.\u201d<\/p>\n\n\n\n<p>&nbsp;&nbsp;&nbsp;&nbsp;&nbsp;&nbsp;&nbsp;&nbsp;&nbsp; Acompanhe os bastidores da comitiva de Uberl\u00e2ndia no instagram @sindivestu e @fiemgregionalvaledoparanaiba<\/p>\n\n\n\n<p>\u00a0\u00a0\u00a0\u00a0\u00a0\u00a0\u00a0\u00a0\u00a0 <strong>\u00a0\u00a0\u00a0\u00a0\u00a0\u00a0\u00a0\u00a0\u00a0\u00a0\u00a0\u00a0\u00a0\u00a0\u00a0\u00a0\u00a0\u00a0\u00a0                                   Conhe\u00e7a mais sobre a FEBRATEX<\/strong><\/p>\n\n\n\n<p>         De acordo com o site oficial do evento a FEBRATEX \u00e9 considerada a maior e melhor feira das Am\u00e9ricas para a ind\u00fastria t\u00eaxtil e no ano de \u00a02022 reuniu 2 mil marcas em 440 estandes, que ocuparam uma \u00e1rea total de 35.000 m\u00b2.<\/p>\n\n\n\n<p>        Em sua 17\u00aa edi\u00e7\u00e3o o evento registrou n\u00famero recorde de p\u00fablico e gera\u00e7\u00e3o de neg\u00f3cios. Foram cerca de 56 mil visitantes nos quatro dias de evento, que ocorreu no Parque Vila Germ\u00e2nica.<\/p>\n\n\n\n<p>        Este ano, a Feira oferta outros eventos que v\u00e3o acontecer de maneira simult\u00e2nea, s\u00e3o eles: Confer\u00eancia FEBRATEX, FEBRATEX Summit e o Startup Corner. Confira a programa\u00e7\u00e3o oficial em <a href=\"http:\/\/www.febratex.com.br\">www.febratex.com.br<\/a><\/p>\n","protected":false},"featured_media":2350,"template":"","categories":[],"tags":[],"class_list":["post-2349","noticias","type-noticias","status-publish","has-post-thumbnail","hentry"],"acf":[],"yoast_head":"<!-- This site is optimized with the Yoast SEO plugin v26.2 - https:\/\/yoast.com\/wordpress\/plugins\/seo\/ -->\n<title>Associados do Sindivestu embarcam hoje (19) para a FEBRATEX 2024 em Blumenau (SC) - Regional Vale do Parana\u00edba<\/title>\n<meta name=\"robots\" content=\"index, follow, max-snippet:-1, max-image-preview:large, max-video-preview:-1\" \/>\n<link rel=\"canonical\" href=\"https:\/\/www.fiemg.com.br\/regional-vale-do-paranaiba\/noticias\/associados-do-sindivestu-embarcam-hoje-19-para-a-febratex-2024-em-blumenau-sc\/\" \/>\n<meta property=\"og:locale\" content=\"pt_BR\" \/>\n<meta property=\"og:type\" content=\"article\" \/>\n<meta property=\"og:title\" content=\"Associados do Sindivestu embarcam hoje (19) para a FEBRATEX 2024 em Blumenau (SC) - Regional Vale do Parana\u00edba\" \/>\n<meta property=\"og:description\" content=\"Associados do Sindivestu (Sind. Ind. Vestu\u00e1rio de Uberl\u00e2ndia) embarcam hoje para Blumenau, munic\u00edpio do estado de Santa Catarina, que abriga entre os dias 20 e 23 de agosto, a FEBRATEX, Feira Brasileira da Ind\u00fastria T\u00eaxtil. O tema central da Feira este ano \u00e9 \u201cFEBRATEX 360, conex\u00f5es na cadeia t\u00eaxtil.\u201d &nbsp;&nbsp;&nbsp;&nbsp;&nbsp;&nbsp;&nbsp;&nbsp;&nbsp; A comitiva uberlandense partiu para [&hellip;]\" \/>\n<meta property=\"og:url\" content=\"https:\/\/www.fiemg.com.br\/regional-vale-do-paranaiba\/noticias\/associados-do-sindivestu-embarcam-hoje-19-para-a-febratex-2024-em-blumenau-sc\/\" \/>\n<meta property=\"og:site_name\" content=\"Regional Vale do Parana\u00edba\" \/>\n<meta property=\"article:modified_time\" content=\"2024-08-19T12:46:52+00:00\" \/>\n<meta property=\"og:image\" content=\"https:\/\/www.fiemg.com.br\/regional-vale-do-paranaiba\/wp-content\/uploads\/sites\/24\/2024\/08\/FEBRATEX.jpg\" \/>\n\t<meta property=\"og:image:width\" content=\"1224\" \/>\n\t<meta property=\"og:image:height\" content=\"472\" \/>\n\t<meta property=\"og:image:type\" content=\"image\/jpeg\" \/>\n<meta name=\"twitter:card\" content=\"summary_large_image\" \/>\n<meta name=\"twitter:label1\" content=\"Est. tempo de leitura\" \/>\n\t<meta name=\"twitter:data1\" content=\"3 minutos\" \/>\n<script type=\"application\/ld+json\" class=\"yoast-schema-graph\">{\"@context\":\"https:\/\/schema.org\",\"@graph\":[{\"@type\":\"WebPage\",\"@id\":\"https:\/\/www.fiemg.com.br\/regional-vale-do-paranaiba\/noticias\/associados-do-sindivestu-embarcam-hoje-19-para-a-febratex-2024-em-blumenau-sc\/\",\"url\":\"https:\/\/www.fiemg.com.br\/regional-vale-do-paranaiba\/noticias\/associados-do-sindivestu-embarcam-hoje-19-para-a-febratex-2024-em-blumenau-sc\/\",\"name\":\"Associados do Sindivestu embarcam hoje (19) para a FEBRATEX 2024 em Blumenau (SC) - Regional Vale do Parana\u00edba\",\"isPartOf\":{\"@id\":\"https:\/\/www.fiemg.com.br\/regional-vale-do-paranaiba\/#website\"},\"primaryImageOfPage\":{\"@id\":\"https:\/\/www.fiemg.com.br\/regional-vale-do-paranaiba\/noticias\/associados-do-sindivestu-embarcam-hoje-19-para-a-febratex-2024-em-blumenau-sc\/#primaryimage\"},\"image\":{\"@id\":\"https:\/\/www.fiemg.com.br\/regional-vale-do-paranaiba\/noticias\/associados-do-sindivestu-embarcam-hoje-19-para-a-febratex-2024-em-blumenau-sc\/#primaryimage\"},\"thumbnailUrl\":\"https:\/\/www.fiemg.com.br\/regional-vale-do-paranaiba\/wp-content\/uploads\/sites\/24\/2024\/08\/FEBRATEX.jpg\",\"datePublished\":\"2024-08-19T12:46:51+00:00\",\"dateModified\":\"2024-08-19T12:46:52+00:00\",\"breadcrumb\":{\"@id\":\"https:\/\/www.fiemg.com.br\/regional-vale-do-paranaiba\/noticias\/associados-do-sindivestu-embarcam-hoje-19-para-a-febratex-2024-em-blumenau-sc\/#breadcrumb\"},\"inLanguage\":\"pt-BR\",\"potentialAction\":[{\"@type\":\"ReadAction\",\"target\":[\"https:\/\/www.fiemg.com.br\/regional-vale-do-paranaiba\/noticias\/associados-do-sindivestu-embarcam-hoje-19-para-a-febratex-2024-em-blumenau-sc\/\"]}]},{\"@type\":\"ImageObject\",\"inLanguage\":\"pt-BR\",\"@id\":\"https:\/\/www.fiemg.com.br\/regional-vale-do-paranaiba\/noticias\/associados-do-sindivestu-embarcam-hoje-19-para-a-febratex-2024-em-blumenau-sc\/#primaryimage\",\"url\":\"https:\/\/www.fiemg.com.br\/regional-vale-do-paranaiba\/wp-content\/uploads\/sites\/24\/2024\/08\/FEBRATEX.jpg\",\"contentUrl\":\"https:\/\/www.fiemg.com.br\/regional-vale-do-paranaiba\/wp-content\/uploads\/sites\/24\/2024\/08\/FEBRATEX.jpg\",\"width\":1224,\"height\":472},{\"@type\":\"BreadcrumbList\",\"@id\":\"https:\/\/www.fiemg.com.br\/regional-vale-do-paranaiba\/noticias\/associados-do-sindivestu-embarcam-hoje-19-para-a-febratex-2024-em-blumenau-sc\/#breadcrumb\",\"itemListElement\":[{\"@type\":\"ListItem\",\"position\":1,\"name\":\"In\u00edcio\",\"item\":\"https:\/\/www.fiemg.com.br\/regional-vale-do-paranaiba\/\"},{\"@type\":\"ListItem\",\"position\":2,\"name\":\"Associados do Sindivestu embarcam hoje (19) para a FEBRATEX 2024 em Blumenau (SC)\"}]},{\"@type\":\"WebSite\",\"@id\":\"https:\/\/www.fiemg.com.br\/regional-vale-do-paranaiba\/#website\",\"url\":\"https:\/\/www.fiemg.com.br\/regional-vale-do-paranaiba\/\",\"name\":\"Regional Vale do Parana\u00edba\",\"description\":\"Federa\u00e7\u00e3o das Ind\u00fastrias do Estado de Minas Gerais\",\"publisher\":{\"@id\":\"https:\/\/www.fiemg.com.br\/regional-vale-do-paranaiba\/#organization\"},\"potentialAction\":[{\"@type\":\"SearchAction\",\"target\":{\"@type\":\"EntryPoint\",\"urlTemplate\":\"https:\/\/www.fiemg.com.br\/regional-vale-do-paranaiba\/?s={search_term_string}\"},\"query-input\":{\"@type\":\"PropertyValueSpecification\",\"valueRequired\":true,\"valueName\":\"search_term_string\"}}],\"inLanguage\":\"pt-BR\"},{\"@type\":\"Organization\",\"@id\":\"https:\/\/www.fiemg.com.br\/regional-vale-do-paranaiba\/#organization\",\"name\":\"Regional Vale do Parana\u00edba\",\"url\":\"https:\/\/www.fiemg.com.br\/regional-vale-do-paranaiba\/\",\"logo\":{\"@type\":\"ImageObject\",\"inLanguage\":\"pt-BR\",\"@id\":\"https:\/\/www.fiemg.com.br\/regional-vale-do-paranaiba\/#\/schema\/logo\/image\/\",\"url\":\"https:\/\/www.fiemg.com.br\/regional-vale-do-paranaiba\/wp-content\/uploads\/sites\/24\/2023\/02\/Ativo-1.png\",\"contentUrl\":\"https:\/\/www.fiemg.com.br\/regional-vale-do-paranaiba\/wp-content\/uploads\/sites\/24\/2023\/02\/Ativo-1.png\",\"width\":563,\"height\":149,\"caption\":\"Regional Vale do Parana\u00edba\"},\"image\":{\"@id\":\"https:\/\/www.fiemg.com.br\/regional-vale-do-paranaiba\/#\/schema\/logo\/image\/\"}}]}<\/script>\n<!-- \/ Yoast SEO plugin. -->","yoast_head_json":{"title":"Associados do Sindivestu embarcam hoje (19) para a FEBRATEX 2024 em Blumenau (SC) - Regional Vale do Parana\u00edba","robots":{"index":"index","follow":"follow","max-snippet":"max-snippet:-1","max-image-preview":"max-image-preview:large","max-video-preview":"max-video-preview:-1"},"canonical":"https:\/\/www.fiemg.com.br\/regional-vale-do-paranaiba\/noticias\/associados-do-sindivestu-embarcam-hoje-19-para-a-febratex-2024-em-blumenau-sc\/","og_locale":"pt_BR","og_type":"article","og_title":"Associados do Sindivestu embarcam hoje (19) para a FEBRATEX 2024 em Blumenau (SC) - Regional Vale do Parana\u00edba","og_description":"Associados do Sindivestu (Sind. Ind. Vestu\u00e1rio de Uberl\u00e2ndia) embarcam hoje para Blumenau, munic\u00edpio do estado de Santa Catarina, que abriga entre os dias 20 e 23 de agosto, a FEBRATEX, Feira Brasileira da Ind\u00fastria T\u00eaxtil. O tema central da Feira este ano \u00e9 \u201cFEBRATEX 360, conex\u00f5es na cadeia t\u00eaxtil.\u201d &nbsp;&nbsp;&nbsp;&nbsp;&nbsp;&nbsp;&nbsp;&nbsp;&nbsp; A comitiva uberlandense partiu para [&hellip;]","og_url":"https:\/\/www.fiemg.com.br\/regional-vale-do-paranaiba\/noticias\/associados-do-sindivestu-embarcam-hoje-19-para-a-febratex-2024-em-blumenau-sc\/","og_site_name":"Regional Vale do Parana\u00edba","article_modified_time":"2024-08-19T12:46:52+00:00","og_image":[{"width":1224,"height":472,"url":"https:\/\/www.fiemg.com.br\/regional-vale-do-paranaiba\/wp-content\/uploads\/sites\/24\/2024\/08\/FEBRATEX.jpg","type":"image\/jpeg"}],"twitter_card":"summary_large_image","twitter_misc":{"Est. tempo de leitura":"3 minutos"},"schema":{"@context":"https:\/\/schema.org","@graph":[{"@type":"WebPage","@id":"https:\/\/www.fiemg.com.br\/regional-vale-do-paranaiba\/noticias\/associados-do-sindivestu-embarcam-hoje-19-para-a-febratex-2024-em-blumenau-sc\/","url":"https:\/\/www.fiemg.com.br\/regional-vale-do-paranaiba\/noticias\/associados-do-sindivestu-embarcam-hoje-19-para-a-febratex-2024-em-blumenau-sc\/","name":"Associados do Sindivestu embarcam hoje (19) para a FEBRATEX 2024 em Blumenau (SC) - Regional Vale do Parana\u00edba","isPartOf":{"@id":"https:\/\/www.fiemg.com.br\/regional-vale-do-paranaiba\/#website"},"primaryImageOfPage":{"@id":"https:\/\/www.fiemg.com.br\/regional-vale-do-paranaiba\/noticias\/associados-do-sindivestu-embarcam-hoje-19-para-a-febratex-2024-em-blumenau-sc\/#primaryimage"},"image":{"@id":"https:\/\/www.fiemg.com.br\/regional-vale-do-paranaiba\/noticias\/associados-do-sindivestu-embarcam-hoje-19-para-a-febratex-2024-em-blumenau-sc\/#primaryimage"},"thumbnailUrl":"https:\/\/www.fiemg.com.br\/regional-vale-do-paranaiba\/wp-content\/uploads\/sites\/24\/2024\/08\/FEBRATEX.jpg","datePublished":"2024-08-19T12:46:51+00:00","dateModified":"2024-08-19T12:46:52+00:00","breadcrumb":{"@id":"https:\/\/www.fiemg.com.br\/regional-vale-do-paranaiba\/noticias\/associados-do-sindivestu-embarcam-hoje-19-para-a-febratex-2024-em-blumenau-sc\/#breadcrumb"},"inLanguage":"pt-BR","potentialAction":[{"@type":"ReadAction","target":["https:\/\/www.fiemg.com.br\/regional-vale-do-paranaiba\/noticias\/associados-do-sindivestu-embarcam-hoje-19-para-a-febratex-2024-em-blumenau-sc\/"]}]},{"@type":"ImageObject","inLanguage":"pt-BR","@id":"https:\/\/www.fiemg.com.br\/regional-vale-do-paranaiba\/noticias\/associados-do-sindivestu-embarcam-hoje-19-para-a-febratex-2024-em-blumenau-sc\/#primaryimage","url":"https:\/\/www.fiemg.com.br\/regional-vale-do-paranaiba\/wp-content\/uploads\/sites\/24\/2024\/08\/FEBRATEX.jpg","contentUrl":"https:\/\/www.fiemg.com.br\/regional-vale-do-paranaiba\/wp-content\/uploads\/sites\/24\/2024\/08\/FEBRATEX.jpg","width":1224,"height":472},{"@type":"BreadcrumbList","@id":"https:\/\/www.fiemg.com.br\/regional-vale-do-paranaiba\/noticias\/associados-do-sindivestu-embarcam-hoje-19-para-a-febratex-2024-em-blumenau-sc\/#breadcrumb","itemListElement":[{"@type":"ListItem","position":1,"name":"In\u00edcio","item":"https:\/\/www.fiemg.com.br\/regional-vale-do-paranaiba\/"},{"@type":"ListItem","position":2,"name":"Associados do Sindivestu embarcam hoje (19) para a FEBRATEX 2024 em Blumenau (SC)"}]},{"@type":"WebSite","@id":"https:\/\/www.fiemg.com.br\/regional-vale-do-paranaiba\/#website","url":"https:\/\/www.fiemg.com.br\/regional-vale-do-paranaiba\/","name":"Regional Vale do Parana\u00edba","description":"Federa\u00e7\u00e3o das Ind\u00fastrias do Estado de Minas Gerais","publisher":{"@id":"https:\/\/www.fiemg.com.br\/regional-vale-do-paranaiba\/#organization"},"potentialAction":[{"@type":"SearchAction","target":{"@type":"EntryPoint","urlTemplate":"https:\/\/www.fiemg.com.br\/regional-vale-do-paranaiba\/?s={search_term_string}"},"query-input":{"@type":"PropertyValueSpecification","valueRequired":true,"valueName":"search_term_string"}}],"inLanguage":"pt-BR"},{"@type":"Organization","@id":"https:\/\/www.fiemg.com.br\/regional-vale-do-paranaiba\/#organization","name":"Regional Vale do Parana\u00edba","url":"https:\/\/www.fiemg.com.br\/regional-vale-do-paranaiba\/","logo":{"@type":"ImageObject","inLanguage":"pt-BR","@id":"https:\/\/www.fiemg.com.br\/regional-vale-do-paranaiba\/#\/schema\/logo\/image\/","url":"https:\/\/www.fiemg.com.br\/regional-vale-do-paranaiba\/wp-content\/uploads\/sites\/24\/2023\/02\/Ativo-1.png","contentUrl":"https:\/\/www.fiemg.com.br\/regional-vale-do-paranaiba\/wp-content\/uploads\/sites\/24\/2023\/02\/Ativo-1.png","width":563,"height":149,"caption":"Regional Vale do Parana\u00edba"},"image":{"@id":"https:\/\/www.fiemg.com.br\/regional-vale-do-paranaiba\/#\/schema\/logo\/image\/"}}]}},"_links":{"self":[{"href":"https:\/\/www.fiemg.com.br\/regional-vale-do-paranaiba\/wp-json\/wp\/v2\/noticias\/2349","targetHints":{"allow":["GET"]}}],"collection":[{"href":"https:\/\/www.fiemg.com.br\/regional-vale-do-paranaiba\/wp-json\/wp\/v2\/noticias"}],"about":[{"href":"https:\/\/www.fiemg.com.br\/regional-vale-do-paranaiba\/wp-json\/wp\/v2\/types\/noticias"}],"wp:featuredmedia":[{"embeddable":true,"href":"https:\/\/www.fiemg.com.br\/regional-vale-do-paranaiba\/wp-json\/wp\/v2\/media\/2350"}],"wp:attachment":[{"href":"https:\/\/www.fiemg.com.br\/regional-vale-do-paranaiba\/wp-json\/wp\/v2\/media?parent=2349"}],"wp:term":[{"taxonomy":"category","embeddable":true,"href":"https:\/\/www.fiemg.com.br\/regional-vale-do-paranaiba\/wp-json\/wp\/v2\/categories?post=2349"},{"taxonomy":"post_tag","embeddable":true,"href":"https:\/\/www.fiemg.com.br\/regional-vale-do-paranaiba\/wp-json\/wp\/v2\/tags?post=2349"}],"curies":[{"name":"wp","href":"https:\/\/api.w.org\/{rel}","templated":true}]}}