{"id":2636,"date":"2025-01-22T14:29:02","date_gmt":"2025-01-22T17:29:02","guid":{"rendered":"https:\/\/www.fiemg.com.br\/regional-vale-do-paranaiba\/?post_type=noticias&#038;p=2636"},"modified":"2025-01-22T15:04:46","modified_gmt":"2025-01-22T18:04:46","slug":"prefeitura-municipal-de-uberlandia-em-parceria-com-sinduscon-tap-realiza-evento-de-conscientizacao-para-prevencao-da-dengue-nos-canteiros-de-obras","status":"publish","type":"noticias","link":"https:\/\/www.fiemg.com.br\/regional-vale-do-paranaiba\/noticias\/prefeitura-municipal-de-uberlandia-em-parceria-com-sinduscon-tap-realiza-evento-de-conscientizacao-para-prevencao-da-dengue-nos-canteiros-de-obras\/","title":{"rendered":"Prefeitura de Uberl\u00e2ndia e Sinduscon TAP realizam evento de conscientiza\u00e7\u00e3o para preven\u00e7\u00e3o da dengue"},"content":{"rendered":"\n<figure class=\"wp-block-image aligncenter size-large is-resized\"><img fetchpriority=\"high\" decoding=\"async\" width=\"1024\" height=\"768\" src=\"https:\/\/www.fiemg.com.br\/regional-vale-do-paranaiba\/wp-content\/uploads\/sites\/24\/2025\/01\/Sinduscon-contra-a-dengue-1024x768.jpeg\" alt=\"\" class=\"wp-image-2637\" style=\"width:701px;height:auto\" srcset=\"https:\/\/www.fiemg.com.br\/regional-vale-do-paranaiba\/wp-content\/uploads\/sites\/24\/2025\/01\/Sinduscon-contra-a-dengue-1024x768.jpeg 1024w, https:\/\/www.fiemg.com.br\/regional-vale-do-paranaiba\/wp-content\/uploads\/sites\/24\/2025\/01\/Sinduscon-contra-a-dengue-300x225.jpeg 300w, https:\/\/www.fiemg.com.br\/regional-vale-do-paranaiba\/wp-content\/uploads\/sites\/24\/2025\/01\/Sinduscon-contra-a-dengue-768x576.jpeg 768w, https:\/\/www.fiemg.com.br\/regional-vale-do-paranaiba\/wp-content\/uploads\/sites\/24\/2025\/01\/Sinduscon-contra-a-dengue-1536x1152.jpeg 1536w, https:\/\/www.fiemg.com.br\/regional-vale-do-paranaiba\/wp-content\/uploads\/sites\/24\/2025\/01\/Sinduscon-contra-a-dengue.jpeg 1600w\" sizes=\"(max-width: 1024px) 100vw, 1024px\" \/><\/figure>\n\n\n\n<p>Na manh\u00e3 desta quarta-feira (22) foi realizado no audit\u00f3rio da FIEMG Regional Vale do Parana\u00edba um evento de conscientiza\u00e7\u00e3o das empresas do ramo da constru\u00e7\u00e3o civil para preven\u00e7\u00e3o da dengue nos canteiros de obra.<\/p>\n\n\n\n<p>A iniciativa \u00e9 da Prefeitura Municipal de Uberl\u00e2ndia atrav\u00e9s da Secretaria de Sa\u00fade juntamente com a equipe Unidade de Controle de Zoonoses em parceria com o Sinduscon TAP (Sind. Ind. Constru\u00e7\u00e3o Civil do Tri\u00e2ngulo Mineiro e Alto Parana\u00edba). Os casos di\u00e1rios de dengue na cidade t\u00eam crescido; ontem (21) foram contabilizados novos 227 casos.<\/p>\n\n\n\n<p>Jos\u00e9 Humberto Arruda, coordenador da Unidade de Controle de Zoonoses, conduziu a palestra para os empres\u00e1rios focando em atitudes de preven\u00e7\u00e3o como manter os canteiros limpos, sem pontos de ac\u00famulos de \u00e1gua e principalmente, a orienta\u00e7\u00e3o aos funcion\u00e1rios. Participaram tamb\u00e9m o presidente da FIEMG Regional Vale do Parana\u00edba, Jos\u00e9 Alves, o presidente do Sinduscon TAP, Ant\u00f4nio Borges, o secret\u00e1rio de sa\u00fade, Adenilson Lima e demais lideran\u00e7as do setor da constru\u00e7\u00e3o civil no munic\u00edpio.<\/p>\n\n\n\n<p>Vale lembrar que o evento citado faz parte da iniciativa \u201c<em>Sabad\u00e3o da Sa\u00fade<\/em>\u201d, lan\u00e7ado pelo prefeito Paulo S\u00e9rgio na \u00faltima semana, e que engloba diversas outras a\u00e7\u00f5es tamb\u00e9m contra a dengue. S\u00e3o elas: contrata\u00e7\u00e3o de 100 novos agentes de endemia do Programa Municipal de Controle das Doen\u00e7as Transmitidas pelo <em>Aedes<\/em>, novos leitos de interna\u00e7\u00e3o e mutir\u00f5es nos bairros em combate ao mosquito.<\/p>\n\n\n\n<p><strong>Imprensa Vale do Parana\u00edba<\/strong><\/p>\n\n\n\n<p><\/p>\n","protected":false},"featured_media":2637,"template":"","categories":[13],"tags":[132,184],"class_list":["post-2636","noticias","type-noticias","status-publish","has-post-thumbnail","hentry","category-destaques","tag-fiemg","tag-industria"],"acf":[],"yoast_head":"<!-- This site is optimized with the Yoast SEO plugin v26.2 - https:\/\/yoast.com\/wordpress\/plugins\/seo\/ -->\n<title>Prefeitura de Uberl\u00e2ndia e Sinduscon TAP realizam evento de conscientiza\u00e7\u00e3o para preven\u00e7\u00e3o da dengue - Regional Vale do Parana\u00edba<\/title>\n<meta name=\"robots\" content=\"index, follow, max-snippet:-1, max-image-preview:large, max-video-preview:-1\" \/>\n<link rel=\"canonical\" href=\"https:\/\/www.fiemg.com.br\/regional-vale-do-paranaiba\/noticias\/prefeitura-municipal-de-uberlandia-em-parceria-com-sinduscon-tap-realiza-evento-de-conscientizacao-para-prevencao-da-dengue-nos-canteiros-de-obras\/\" \/>\n<meta property=\"og:locale\" content=\"pt_BR\" \/>\n<meta property=\"og:type\" content=\"article\" \/>\n<meta property=\"og:title\" content=\"Prefeitura de Uberl\u00e2ndia e Sinduscon TAP realizam evento de conscientiza\u00e7\u00e3o para preven\u00e7\u00e3o da dengue - Regional Vale do Parana\u00edba\" \/>\n<meta property=\"og:description\" content=\"Na manh\u00e3 desta quarta-feira (22) foi realizado no audit\u00f3rio da FIEMG Regional Vale do Parana\u00edba um evento de conscientiza\u00e7\u00e3o das empresas do ramo da constru\u00e7\u00e3o civil para preven\u00e7\u00e3o da dengue nos canteiros de obra. A iniciativa \u00e9 da Prefeitura Municipal de Uberl\u00e2ndia atrav\u00e9s da Secretaria de Sa\u00fade juntamente com a equipe Unidade de Controle de [&hellip;]\" \/>\n<meta property=\"og:url\" content=\"https:\/\/www.fiemg.com.br\/regional-vale-do-paranaiba\/noticias\/prefeitura-municipal-de-uberlandia-em-parceria-com-sinduscon-tap-realiza-evento-de-conscientizacao-para-prevencao-da-dengue-nos-canteiros-de-obras\/\" \/>\n<meta property=\"og:site_name\" content=\"Regional Vale do Parana\u00edba\" \/>\n<meta property=\"article:modified_time\" content=\"2025-01-22T18:04:46+00:00\" \/>\n<meta property=\"og:image\" content=\"https:\/\/www.fiemg.com.br\/regional-vale-do-paranaiba\/wp-content\/uploads\/sites\/24\/2025\/01\/Sinduscon-contra-a-dengue.jpeg\" \/>\n\t<meta property=\"og:image:width\" content=\"1600\" \/>\n\t<meta property=\"og:image:height\" content=\"1200\" \/>\n\t<meta property=\"og:image:type\" content=\"image\/jpeg\" \/>\n<meta name=\"twitter:card\" content=\"summary_large_image\" \/>\n<meta name=\"twitter:label1\" content=\"Est. tempo de leitura\" \/>\n\t<meta name=\"twitter:data1\" content=\"2 minutos\" \/>\n<script type=\"application\/ld+json\" class=\"yoast-schema-graph\">{\"@context\":\"https:\/\/schema.org\",\"@graph\":[{\"@type\":\"WebPage\",\"@id\":\"https:\/\/www.fiemg.com.br\/regional-vale-do-paranaiba\/noticias\/prefeitura-municipal-de-uberlandia-em-parceria-com-sinduscon-tap-realiza-evento-de-conscientizacao-para-prevencao-da-dengue-nos-canteiros-de-obras\/\",\"url\":\"https:\/\/www.fiemg.com.br\/regional-vale-do-paranaiba\/noticias\/prefeitura-municipal-de-uberlandia-em-parceria-com-sinduscon-tap-realiza-evento-de-conscientizacao-para-prevencao-da-dengue-nos-canteiros-de-obras\/\",\"name\":\"Prefeitura de Uberl\u00e2ndia e Sinduscon TAP realizam evento de conscientiza\u00e7\u00e3o para preven\u00e7\u00e3o da dengue - Regional Vale do Parana\u00edba\",\"isPartOf\":{\"@id\":\"https:\/\/www.fiemg.com.br\/regional-vale-do-paranaiba\/#website\"},\"primaryImageOfPage\":{\"@id\":\"https:\/\/www.fiemg.com.br\/regional-vale-do-paranaiba\/noticias\/prefeitura-municipal-de-uberlandia-em-parceria-com-sinduscon-tap-realiza-evento-de-conscientizacao-para-prevencao-da-dengue-nos-canteiros-de-obras\/#primaryimage\"},\"image\":{\"@id\":\"https:\/\/www.fiemg.com.br\/regional-vale-do-paranaiba\/noticias\/prefeitura-municipal-de-uberlandia-em-parceria-com-sinduscon-tap-realiza-evento-de-conscientizacao-para-prevencao-da-dengue-nos-canteiros-de-obras\/#primaryimage\"},\"thumbnailUrl\":\"https:\/\/www.fiemg.com.br\/regional-vale-do-paranaiba\/wp-content\/uploads\/sites\/24\/2025\/01\/Sinduscon-contra-a-dengue.jpeg\",\"datePublished\":\"2025-01-22T17:29:02+00:00\",\"dateModified\":\"2025-01-22T18:04:46+00:00\",\"breadcrumb\":{\"@id\":\"https:\/\/www.fiemg.com.br\/regional-vale-do-paranaiba\/noticias\/prefeitura-municipal-de-uberlandia-em-parceria-com-sinduscon-tap-realiza-evento-de-conscientizacao-para-prevencao-da-dengue-nos-canteiros-de-obras\/#breadcrumb\"},\"inLanguage\":\"pt-BR\",\"potentialAction\":[{\"@type\":\"ReadAction\",\"target\":[\"https:\/\/www.fiemg.com.br\/regional-vale-do-paranaiba\/noticias\/prefeitura-municipal-de-uberlandia-em-parceria-com-sinduscon-tap-realiza-evento-de-conscientizacao-para-prevencao-da-dengue-nos-canteiros-de-obras\/\"]}]},{\"@type\":\"ImageObject\",\"inLanguage\":\"pt-BR\",\"@id\":\"https:\/\/www.fiemg.com.br\/regional-vale-do-paranaiba\/noticias\/prefeitura-municipal-de-uberlandia-em-parceria-com-sinduscon-tap-realiza-evento-de-conscientizacao-para-prevencao-da-dengue-nos-canteiros-de-obras\/#primaryimage\",\"url\":\"https:\/\/www.fiemg.com.br\/regional-vale-do-paranaiba\/wp-content\/uploads\/sites\/24\/2025\/01\/Sinduscon-contra-a-dengue.jpeg\",\"contentUrl\":\"https:\/\/www.fiemg.com.br\/regional-vale-do-paranaiba\/wp-content\/uploads\/sites\/24\/2025\/01\/Sinduscon-contra-a-dengue.jpeg\",\"width\":1600,\"height\":1200},{\"@type\":\"BreadcrumbList\",\"@id\":\"https:\/\/www.fiemg.com.br\/regional-vale-do-paranaiba\/noticias\/prefeitura-municipal-de-uberlandia-em-parceria-com-sinduscon-tap-realiza-evento-de-conscientizacao-para-prevencao-da-dengue-nos-canteiros-de-obras\/#breadcrumb\",\"itemListElement\":[{\"@type\":\"ListItem\",\"position\":1,\"name\":\"In\u00edcio\",\"item\":\"https:\/\/www.fiemg.com.br\/regional-vale-do-paranaiba\/\"},{\"@type\":\"ListItem\",\"position\":2,\"name\":\"Prefeitura de Uberl\u00e2ndia e Sinduscon TAP realizam evento de conscientiza\u00e7\u00e3o para preven\u00e7\u00e3o da dengue\"}]},{\"@type\":\"WebSite\",\"@id\":\"https:\/\/www.fiemg.com.br\/regional-vale-do-paranaiba\/#website\",\"url\":\"https:\/\/www.fiemg.com.br\/regional-vale-do-paranaiba\/\",\"name\":\"Regional Vale do Parana\u00edba\",\"description\":\"Federa\u00e7\u00e3o das Ind\u00fastrias do Estado de Minas Gerais\",\"publisher\":{\"@id\":\"https:\/\/www.fiemg.com.br\/regional-vale-do-paranaiba\/#organization\"},\"potentialAction\":[{\"@type\":\"SearchAction\",\"target\":{\"@type\":\"EntryPoint\",\"urlTemplate\":\"https:\/\/www.fiemg.com.br\/regional-vale-do-paranaiba\/?s={search_term_string}\"},\"query-input\":{\"@type\":\"PropertyValueSpecification\",\"valueRequired\":true,\"valueName\":\"search_term_string\"}}],\"inLanguage\":\"pt-BR\"},{\"@type\":\"Organization\",\"@id\":\"https:\/\/www.fiemg.com.br\/regional-vale-do-paranaiba\/#organization\",\"name\":\"Regional Vale do Parana\u00edba\",\"url\":\"https:\/\/www.fiemg.com.br\/regional-vale-do-paranaiba\/\",\"logo\":{\"@type\":\"ImageObject\",\"inLanguage\":\"pt-BR\",\"@id\":\"https:\/\/www.fiemg.com.br\/regional-vale-do-paranaiba\/#\/schema\/logo\/image\/\",\"url\":\"https:\/\/www.fiemg.com.br\/regional-vale-do-paranaiba\/wp-content\/uploads\/sites\/24\/2023\/02\/Ativo-1.png\",\"contentUrl\":\"https:\/\/www.fiemg.com.br\/regional-vale-do-paranaiba\/wp-content\/uploads\/sites\/24\/2023\/02\/Ativo-1.png\",\"width\":563,\"height\":149,\"caption\":\"Regional Vale do Parana\u00edba\"},\"image\":{\"@id\":\"https:\/\/www.fiemg.com.br\/regional-vale-do-paranaiba\/#\/schema\/logo\/image\/\"}}]}<\/script>\n<!-- \/ Yoast SEO plugin. -->","yoast_head_json":{"title":"Prefeitura de Uberl\u00e2ndia e Sinduscon TAP realizam evento de conscientiza\u00e7\u00e3o para preven\u00e7\u00e3o da dengue - Regional Vale do Parana\u00edba","robots":{"index":"index","follow":"follow","max-snippet":"max-snippet:-1","max-image-preview":"max-image-preview:large","max-video-preview":"max-video-preview:-1"},"canonical":"https:\/\/www.fiemg.com.br\/regional-vale-do-paranaiba\/noticias\/prefeitura-municipal-de-uberlandia-em-parceria-com-sinduscon-tap-realiza-evento-de-conscientizacao-para-prevencao-da-dengue-nos-canteiros-de-obras\/","og_locale":"pt_BR","og_type":"article","og_title":"Prefeitura de Uberl\u00e2ndia e Sinduscon TAP realizam evento de conscientiza\u00e7\u00e3o para preven\u00e7\u00e3o da dengue - Regional Vale do Parana\u00edba","og_description":"Na manh\u00e3 desta quarta-feira (22) foi realizado no audit\u00f3rio da FIEMG Regional Vale do Parana\u00edba um evento de conscientiza\u00e7\u00e3o das empresas do ramo da constru\u00e7\u00e3o civil para preven\u00e7\u00e3o da dengue nos canteiros de obra. A iniciativa \u00e9 da Prefeitura Municipal de Uberl\u00e2ndia atrav\u00e9s da Secretaria de Sa\u00fade juntamente com a equipe Unidade de Controle de [&hellip;]","og_url":"https:\/\/www.fiemg.com.br\/regional-vale-do-paranaiba\/noticias\/prefeitura-municipal-de-uberlandia-em-parceria-com-sinduscon-tap-realiza-evento-de-conscientizacao-para-prevencao-da-dengue-nos-canteiros-de-obras\/","og_site_name":"Regional Vale do Parana\u00edba","article_modified_time":"2025-01-22T18:04:46+00:00","og_image":[{"width":1600,"height":1200,"url":"https:\/\/www.fiemg.com.br\/regional-vale-do-paranaiba\/wp-content\/uploads\/sites\/24\/2025\/01\/Sinduscon-contra-a-dengue.jpeg","type":"image\/jpeg"}],"twitter_card":"summary_large_image","twitter_misc":{"Est. tempo de leitura":"2 minutos"},"schema":{"@context":"https:\/\/schema.org","@graph":[{"@type":"WebPage","@id":"https:\/\/www.fiemg.com.br\/regional-vale-do-paranaiba\/noticias\/prefeitura-municipal-de-uberlandia-em-parceria-com-sinduscon-tap-realiza-evento-de-conscientizacao-para-prevencao-da-dengue-nos-canteiros-de-obras\/","url":"https:\/\/www.fiemg.com.br\/regional-vale-do-paranaiba\/noticias\/prefeitura-municipal-de-uberlandia-em-parceria-com-sinduscon-tap-realiza-evento-de-conscientizacao-para-prevencao-da-dengue-nos-canteiros-de-obras\/","name":"Prefeitura de Uberl\u00e2ndia e Sinduscon TAP realizam evento de conscientiza\u00e7\u00e3o para preven\u00e7\u00e3o da dengue - Regional Vale do Parana\u00edba","isPartOf":{"@id":"https:\/\/www.fiemg.com.br\/regional-vale-do-paranaiba\/#website"},"primaryImageOfPage":{"@id":"https:\/\/www.fiemg.com.br\/regional-vale-do-paranaiba\/noticias\/prefeitura-municipal-de-uberlandia-em-parceria-com-sinduscon-tap-realiza-evento-de-conscientizacao-para-prevencao-da-dengue-nos-canteiros-de-obras\/#primaryimage"},"image":{"@id":"https:\/\/www.fiemg.com.br\/regional-vale-do-paranaiba\/noticias\/prefeitura-municipal-de-uberlandia-em-parceria-com-sinduscon-tap-realiza-evento-de-conscientizacao-para-prevencao-da-dengue-nos-canteiros-de-obras\/#primaryimage"},"thumbnailUrl":"https:\/\/www.fiemg.com.br\/regional-vale-do-paranaiba\/wp-content\/uploads\/sites\/24\/2025\/01\/Sinduscon-contra-a-dengue.jpeg","datePublished":"2025-01-22T17:29:02+00:00","dateModified":"2025-01-22T18:04:46+00:00","breadcrumb":{"@id":"https:\/\/www.fiemg.com.br\/regional-vale-do-paranaiba\/noticias\/prefeitura-municipal-de-uberlandia-em-parceria-com-sinduscon-tap-realiza-evento-de-conscientizacao-para-prevencao-da-dengue-nos-canteiros-de-obras\/#breadcrumb"},"inLanguage":"pt-BR","potentialAction":[{"@type":"ReadAction","target":["https:\/\/www.fiemg.com.br\/regional-vale-do-paranaiba\/noticias\/prefeitura-municipal-de-uberlandia-em-parceria-com-sinduscon-tap-realiza-evento-de-conscientizacao-para-prevencao-da-dengue-nos-canteiros-de-obras\/"]}]},{"@type":"ImageObject","inLanguage":"pt-BR","@id":"https:\/\/www.fiemg.com.br\/regional-vale-do-paranaiba\/noticias\/prefeitura-municipal-de-uberlandia-em-parceria-com-sinduscon-tap-realiza-evento-de-conscientizacao-para-prevencao-da-dengue-nos-canteiros-de-obras\/#primaryimage","url":"https:\/\/www.fiemg.com.br\/regional-vale-do-paranaiba\/wp-content\/uploads\/sites\/24\/2025\/01\/Sinduscon-contra-a-dengue.jpeg","contentUrl":"https:\/\/www.fiemg.com.br\/regional-vale-do-paranaiba\/wp-content\/uploads\/sites\/24\/2025\/01\/Sinduscon-contra-a-dengue.jpeg","width":1600,"height":1200},{"@type":"BreadcrumbList","@id":"https:\/\/www.fiemg.com.br\/regional-vale-do-paranaiba\/noticias\/prefeitura-municipal-de-uberlandia-em-parceria-com-sinduscon-tap-realiza-evento-de-conscientizacao-para-prevencao-da-dengue-nos-canteiros-de-obras\/#breadcrumb","itemListElement":[{"@type":"ListItem","position":1,"name":"In\u00edcio","item":"https:\/\/www.fiemg.com.br\/regional-vale-do-paranaiba\/"},{"@type":"ListItem","position":2,"name":"Prefeitura de Uberl\u00e2ndia e Sinduscon TAP realizam evento de conscientiza\u00e7\u00e3o para preven\u00e7\u00e3o da dengue"}]},{"@type":"WebSite","@id":"https:\/\/www.fiemg.com.br\/regional-vale-do-paranaiba\/#website","url":"https:\/\/www.fiemg.com.br\/regional-vale-do-paranaiba\/","name":"Regional Vale do Parana\u00edba","description":"Federa\u00e7\u00e3o das Ind\u00fastrias do Estado de Minas Gerais","publisher":{"@id":"https:\/\/www.fiemg.com.br\/regional-vale-do-paranaiba\/#organization"},"potentialAction":[{"@type":"SearchAction","target":{"@type":"EntryPoint","urlTemplate":"https:\/\/www.fiemg.com.br\/regional-vale-do-paranaiba\/?s={search_term_string}"},"query-input":{"@type":"PropertyValueSpecification","valueRequired":true,"valueName":"search_term_string"}}],"inLanguage":"pt-BR"},{"@type":"Organization","@id":"https:\/\/www.fiemg.com.br\/regional-vale-do-paranaiba\/#organization","name":"Regional Vale do Parana\u00edba","url":"https:\/\/www.fiemg.com.br\/regional-vale-do-paranaiba\/","logo":{"@type":"ImageObject","inLanguage":"pt-BR","@id":"https:\/\/www.fiemg.com.br\/regional-vale-do-paranaiba\/#\/schema\/logo\/image\/","url":"https:\/\/www.fiemg.com.br\/regional-vale-do-paranaiba\/wp-content\/uploads\/sites\/24\/2023\/02\/Ativo-1.png","contentUrl":"https:\/\/www.fiemg.com.br\/regional-vale-do-paranaiba\/wp-content\/uploads\/sites\/24\/2023\/02\/Ativo-1.png","width":563,"height":149,"caption":"Regional Vale do Parana\u00edba"},"image":{"@id":"https:\/\/www.fiemg.com.br\/regional-vale-do-paranaiba\/#\/schema\/logo\/image\/"}}]}},"_links":{"self":[{"href":"https:\/\/www.fiemg.com.br\/regional-vale-do-paranaiba\/wp-json\/wp\/v2\/noticias\/2636","targetHints":{"allow":["GET"]}}],"collection":[{"href":"https:\/\/www.fiemg.com.br\/regional-vale-do-paranaiba\/wp-json\/wp\/v2\/noticias"}],"about":[{"href":"https:\/\/www.fiemg.com.br\/regional-vale-do-paranaiba\/wp-json\/wp\/v2\/types\/noticias"}],"wp:featuredmedia":[{"embeddable":true,"href":"https:\/\/www.fiemg.com.br\/regional-vale-do-paranaiba\/wp-json\/wp\/v2\/media\/2637"}],"wp:attachment":[{"href":"https:\/\/www.fiemg.com.br\/regional-vale-do-paranaiba\/wp-json\/wp\/v2\/media?parent=2636"}],"wp:term":[{"taxonomy":"category","embeddable":true,"href":"https:\/\/www.fiemg.com.br\/regional-vale-do-paranaiba\/wp-json\/wp\/v2\/categories?post=2636"},{"taxonomy":"post_tag","embeddable":true,"href":"https:\/\/www.fiemg.com.br\/regional-vale-do-paranaiba\/wp-json\/wp\/v2\/tags?post=2636"}],"curies":[{"name":"wp","href":"https:\/\/api.w.org\/{rel}","templated":true}]}}