{"id":2685,"date":"2025-02-13T15:47:50","date_gmt":"2025-02-13T18:47:50","guid":{"rendered":"https:\/\/www.fiemg.com.br\/regional-vale-do-paranaiba\/?post_type=noticias&#038;p=2685"},"modified":"2025-02-13T15:51:48","modified_gmt":"2025-02-13T18:51:48","slug":"fiemg-regional-vale-do-paranaiba-realiza-evento-sobre-credito-de-carbono","status":"publish","type":"noticias","link":"https:\/\/www.fiemg.com.br\/regional-vale-do-paranaiba\/noticias\/fiemg-regional-vale-do-paranaiba-realiza-evento-sobre-credito-de-carbono\/","title":{"rendered":"FIEMG Regional Vale do Parana\u00edba realiza evento sobre cr\u00e9dito de carbono"},"content":{"rendered":"\n<figure class=\"wp-block-image size-large\"><img fetchpriority=\"high\" decoding=\"async\" width=\"1024\" height=\"768\" src=\"https:\/\/www.fiemg.com.br\/regional-vale-do-paranaiba\/wp-content\/uploads\/sites\/24\/2025\/02\/WhatsApp-Image-2025-02-13-at-15.41.10-1024x768.jpeg\" alt=\"\" class=\"wp-image-2686\" srcset=\"https:\/\/www.fiemg.com.br\/regional-vale-do-paranaiba\/wp-content\/uploads\/sites\/24\/2025\/02\/WhatsApp-Image-2025-02-13-at-15.41.10-1024x768.jpeg 1024w, https:\/\/www.fiemg.com.br\/regional-vale-do-paranaiba\/wp-content\/uploads\/sites\/24\/2025\/02\/WhatsApp-Image-2025-02-13-at-15.41.10-300x225.jpeg 300w, https:\/\/www.fiemg.com.br\/regional-vale-do-paranaiba\/wp-content\/uploads\/sites\/24\/2025\/02\/WhatsApp-Image-2025-02-13-at-15.41.10-768x576.jpeg 768w, https:\/\/www.fiemg.com.br\/regional-vale-do-paranaiba\/wp-content\/uploads\/sites\/24\/2025\/02\/WhatsApp-Image-2025-02-13-at-15.41.10-1536x1152.jpeg 1536w, https:\/\/www.fiemg.com.br\/regional-vale-do-paranaiba\/wp-content\/uploads\/sites\/24\/2025\/02\/WhatsApp-Image-2025-02-13-at-15.41.10-2048x1536.jpeg 2048w\" sizes=\"(max-width: 1024px) 100vw, 1024px\" \/><\/figure>\n\n\n\n<p><\/p>\n\n\n\n<p>Na manh\u00e3 de hoje (13) foi realizado no audit\u00f3rio da FIEMG Regional Vale do Parana\u00edba, o evento &#8220;Mercado de Cr\u00e9dito de Carbono e Sustentabilidade&#8221; com objetivo de informar as ind\u00fastrias de Uberl\u00e2ndia e regi\u00e3o em rela\u00e7\u00e3o a esta possibilidade que alia benef\u00edcios ao meio ambiente e possibilidade de lucros para as empresas.<\/p>\n\n\n\n<p>O conte\u00fado ministrado foi de responsabilidade de Isabelle Alves e Nathiele Marques, especialistas em cr\u00e9dito de carbono com a media\u00e7\u00e3o do analista ambiental da FIEMG, Regis Abreu.<\/p>\n\n\n\n<p>De acordo com o analista e engenheiro ambiental por forma\u00e7\u00e3o, este tipo de iniciativa \u00e9 importante pois cumpre um dos pap\u00e9is da Federa\u00e7\u00e3o que \u00e9 manter as ind\u00fastrias sempre atualizadas em rela\u00e7\u00e3o a legisla\u00e7\u00f5es ambientais e seus desdobramentos. Legisla\u00e7\u00e3o federal aprovada pela c\u00e2mara dos deputados, ainda a ser regulamentada<\/p>\n\n\n\n<p>&#8220;No \u00faltimo dia 12\/12\/2024 foi aprovada pela C\u00e2mara dos Deputados uma nova legisla\u00e7\u00e3o, ainda a ser regulamentada, sobre cr\u00e9dito de carbono, na qual sinaliza uma s\u00e9rie de novas informa\u00e7\u00f5es importantes que todo empres\u00e1rio precisa ter conhecimento. E o cr\u00e9dito de carbono al\u00e9m de reduzir os impactos ambientais, traz tamb\u00e9m muitas oportunidades de mercado que ainda s\u00e3o muito desconhecidas pela classe produtiva.&#8221; afirmou Abreu que \u00e9 tamb\u00e9m doutorando em gest\u00e3o de res\u00edduos.<\/p>\n\n\n\n<p>O conte\u00fado ministrado no encontro abordou tamb\u00e9m o seguinte assuntos:<\/p>\n\n\n\n<p>Como obter cr\u00e9ditos de carbono, Certifica\u00e7\u00e3o de projetos de carbono industrial e florestal, Selos e certifica\u00e7\u00f5es com reconhecimento internacional, Invent\u00e1rio GEE, Oportunidades de neg\u00f3cios sustent\u00e1veis Obten\u00e7\u00e3o de recursos de fundos verdes e Green Bonds, Conex\u00e3o com investidores, Cases pr\u00e1ticos e estrat\u00e9gias reais.<\/p>\n\n\n\n<p>Wagner Luis, presidente do Sindmob, representou o presidente Jos\u00e9 Alves na abertura oficial. Tamb\u00e9m marcaram presen\u00e7a o presidente do Sindmetal, Arquimedes Rosa; representantes do DMAE (Departamento Municipal de \u00c1gua e Esgoto), Secretaria Municipal de Meio Ambiente e demais lideran\u00e7as locais.<\/p>\n","protected":false},"featured_media":2687,"template":"","categories":[],"tags":[],"class_list":["post-2685","noticias","type-noticias","status-publish","has-post-thumbnail","hentry"],"acf":[],"yoast_head":"<!-- This site is optimized with the Yoast SEO plugin v26.2 - https:\/\/yoast.com\/wordpress\/plugins\/seo\/ -->\n<title>FIEMG Regional Vale do Parana\u00edba realiza evento sobre cr\u00e9dito de carbono - Regional Vale do Parana\u00edba<\/title>\n<meta name=\"robots\" content=\"index, follow, max-snippet:-1, max-image-preview:large, max-video-preview:-1\" \/>\n<link rel=\"canonical\" href=\"https:\/\/www.fiemg.com.br\/regional-vale-do-paranaiba\/noticias\/fiemg-regional-vale-do-paranaiba-realiza-evento-sobre-credito-de-carbono\/\" \/>\n<meta property=\"og:locale\" content=\"pt_BR\" \/>\n<meta property=\"og:type\" content=\"article\" \/>\n<meta property=\"og:title\" content=\"FIEMG Regional Vale do Parana\u00edba realiza evento sobre cr\u00e9dito de carbono - Regional Vale do Parana\u00edba\" \/>\n<meta property=\"og:description\" content=\"Na manh\u00e3 de hoje (13) foi realizado no audit\u00f3rio da FIEMG Regional Vale do Parana\u00edba, o evento &#8220;Mercado de Cr\u00e9dito de Carbono e Sustentabilidade&#8221; com objetivo de informar as ind\u00fastrias de Uberl\u00e2ndia e regi\u00e3o em rela\u00e7\u00e3o a esta possibilidade que alia benef\u00edcios ao meio ambiente e possibilidade de lucros para as empresas. O conte\u00fado ministrado [&hellip;]\" \/>\n<meta property=\"og:url\" content=\"https:\/\/www.fiemg.com.br\/regional-vale-do-paranaiba\/noticias\/fiemg-regional-vale-do-paranaiba-realiza-evento-sobre-credito-de-carbono\/\" \/>\n<meta property=\"og:site_name\" content=\"Regional Vale do Parana\u00edba\" \/>\n<meta property=\"article:modified_time\" content=\"2025-02-13T18:51:48+00:00\" \/>\n<meta property=\"og:image\" content=\"https:\/\/www.fiemg.com.br\/regional-vale-do-paranaiba\/wp-content\/uploads\/sites\/24\/2025\/02\/WhatsApp-Image-2025-02-13-at-15.41.10-1-scaled.jpeg\" \/>\n\t<meta property=\"og:image:width\" content=\"2560\" \/>\n\t<meta property=\"og:image:height\" content=\"1920\" \/>\n\t<meta property=\"og:image:type\" content=\"image\/jpeg\" \/>\n<meta name=\"twitter:card\" content=\"summary_large_image\" \/>\n<meta name=\"twitter:label1\" content=\"Est. tempo de leitura\" \/>\n\t<meta name=\"twitter:data1\" content=\"3 minutos\" \/>\n<script type=\"application\/ld+json\" class=\"yoast-schema-graph\">{\"@context\":\"https:\/\/schema.org\",\"@graph\":[{\"@type\":\"WebPage\",\"@id\":\"https:\/\/www.fiemg.com.br\/regional-vale-do-paranaiba\/noticias\/fiemg-regional-vale-do-paranaiba-realiza-evento-sobre-credito-de-carbono\/\",\"url\":\"https:\/\/www.fiemg.com.br\/regional-vale-do-paranaiba\/noticias\/fiemg-regional-vale-do-paranaiba-realiza-evento-sobre-credito-de-carbono\/\",\"name\":\"FIEMG Regional Vale do Parana\u00edba realiza evento sobre cr\u00e9dito de carbono - Regional Vale do Parana\u00edba\",\"isPartOf\":{\"@id\":\"https:\/\/www.fiemg.com.br\/regional-vale-do-paranaiba\/#website\"},\"primaryImageOfPage\":{\"@id\":\"https:\/\/www.fiemg.com.br\/regional-vale-do-paranaiba\/noticias\/fiemg-regional-vale-do-paranaiba-realiza-evento-sobre-credito-de-carbono\/#primaryimage\"},\"image\":{\"@id\":\"https:\/\/www.fiemg.com.br\/regional-vale-do-paranaiba\/noticias\/fiemg-regional-vale-do-paranaiba-realiza-evento-sobre-credito-de-carbono\/#primaryimage\"},\"thumbnailUrl\":\"https:\/\/www.fiemg.com.br\/regional-vale-do-paranaiba\/wp-content\/uploads\/sites\/24\/2025\/02\/WhatsApp-Image-2025-02-13-at-15.41.10-1-scaled.jpeg\",\"datePublished\":\"2025-02-13T18:47:50+00:00\",\"dateModified\":\"2025-02-13T18:51:48+00:00\",\"breadcrumb\":{\"@id\":\"https:\/\/www.fiemg.com.br\/regional-vale-do-paranaiba\/noticias\/fiemg-regional-vale-do-paranaiba-realiza-evento-sobre-credito-de-carbono\/#breadcrumb\"},\"inLanguage\":\"pt-BR\",\"potentialAction\":[{\"@type\":\"ReadAction\",\"target\":[\"https:\/\/www.fiemg.com.br\/regional-vale-do-paranaiba\/noticias\/fiemg-regional-vale-do-paranaiba-realiza-evento-sobre-credito-de-carbono\/\"]}]},{\"@type\":\"ImageObject\",\"inLanguage\":\"pt-BR\",\"@id\":\"https:\/\/www.fiemg.com.br\/regional-vale-do-paranaiba\/noticias\/fiemg-regional-vale-do-paranaiba-realiza-evento-sobre-credito-de-carbono\/#primaryimage\",\"url\":\"https:\/\/www.fiemg.com.br\/regional-vale-do-paranaiba\/wp-content\/uploads\/sites\/24\/2025\/02\/WhatsApp-Image-2025-02-13-at-15.41.10-1-scaled.jpeg\",\"contentUrl\":\"https:\/\/www.fiemg.com.br\/regional-vale-do-paranaiba\/wp-content\/uploads\/sites\/24\/2025\/02\/WhatsApp-Image-2025-02-13-at-15.41.10-1-scaled.jpeg\",\"width\":2560,\"height\":1920},{\"@type\":\"BreadcrumbList\",\"@id\":\"https:\/\/www.fiemg.com.br\/regional-vale-do-paranaiba\/noticias\/fiemg-regional-vale-do-paranaiba-realiza-evento-sobre-credito-de-carbono\/#breadcrumb\",\"itemListElement\":[{\"@type\":\"ListItem\",\"position\":1,\"name\":\"In\u00edcio\",\"item\":\"https:\/\/www.fiemg.com.br\/regional-vale-do-paranaiba\/\"},{\"@type\":\"ListItem\",\"position\":2,\"name\":\"FIEMG Regional Vale do Parana\u00edba realiza evento sobre cr\u00e9dito de carbono\"}]},{\"@type\":\"WebSite\",\"@id\":\"https:\/\/www.fiemg.com.br\/regional-vale-do-paranaiba\/#website\",\"url\":\"https:\/\/www.fiemg.com.br\/regional-vale-do-paranaiba\/\",\"name\":\"Regional Vale do Parana\u00edba\",\"description\":\"Federa\u00e7\u00e3o das Ind\u00fastrias do Estado de Minas Gerais\",\"publisher\":{\"@id\":\"https:\/\/www.fiemg.com.br\/regional-vale-do-paranaiba\/#organization\"},\"potentialAction\":[{\"@type\":\"SearchAction\",\"target\":{\"@type\":\"EntryPoint\",\"urlTemplate\":\"https:\/\/www.fiemg.com.br\/regional-vale-do-paranaiba\/?s={search_term_string}\"},\"query-input\":{\"@type\":\"PropertyValueSpecification\",\"valueRequired\":true,\"valueName\":\"search_term_string\"}}],\"inLanguage\":\"pt-BR\"},{\"@type\":\"Organization\",\"@id\":\"https:\/\/www.fiemg.com.br\/regional-vale-do-paranaiba\/#organization\",\"name\":\"Regional Vale do Parana\u00edba\",\"url\":\"https:\/\/www.fiemg.com.br\/regional-vale-do-paranaiba\/\",\"logo\":{\"@type\":\"ImageObject\",\"inLanguage\":\"pt-BR\",\"@id\":\"https:\/\/www.fiemg.com.br\/regional-vale-do-paranaiba\/#\/schema\/logo\/image\/\",\"url\":\"https:\/\/www.fiemg.com.br\/regional-vale-do-paranaiba\/wp-content\/uploads\/sites\/24\/2023\/02\/Ativo-1.png\",\"contentUrl\":\"https:\/\/www.fiemg.com.br\/regional-vale-do-paranaiba\/wp-content\/uploads\/sites\/24\/2023\/02\/Ativo-1.png\",\"width\":563,\"height\":149,\"caption\":\"Regional Vale do Parana\u00edba\"},\"image\":{\"@id\":\"https:\/\/www.fiemg.com.br\/regional-vale-do-paranaiba\/#\/schema\/logo\/image\/\"}}]}<\/script>\n<!-- \/ Yoast SEO plugin. -->","yoast_head_json":{"title":"FIEMG Regional Vale do Parana\u00edba realiza evento sobre cr\u00e9dito de carbono - Regional Vale do Parana\u00edba","robots":{"index":"index","follow":"follow","max-snippet":"max-snippet:-1","max-image-preview":"max-image-preview:large","max-video-preview":"max-video-preview:-1"},"canonical":"https:\/\/www.fiemg.com.br\/regional-vale-do-paranaiba\/noticias\/fiemg-regional-vale-do-paranaiba-realiza-evento-sobre-credito-de-carbono\/","og_locale":"pt_BR","og_type":"article","og_title":"FIEMG Regional Vale do Parana\u00edba realiza evento sobre cr\u00e9dito de carbono - Regional Vale do Parana\u00edba","og_description":"Na manh\u00e3 de hoje (13) foi realizado no audit\u00f3rio da FIEMG Regional Vale do Parana\u00edba, o evento &#8220;Mercado de Cr\u00e9dito de Carbono e Sustentabilidade&#8221; com objetivo de informar as ind\u00fastrias de Uberl\u00e2ndia e regi\u00e3o em rela\u00e7\u00e3o a esta possibilidade que alia benef\u00edcios ao meio ambiente e possibilidade de lucros para as empresas. O conte\u00fado ministrado [&hellip;]","og_url":"https:\/\/www.fiemg.com.br\/regional-vale-do-paranaiba\/noticias\/fiemg-regional-vale-do-paranaiba-realiza-evento-sobre-credito-de-carbono\/","og_site_name":"Regional Vale do Parana\u00edba","article_modified_time":"2025-02-13T18:51:48+00:00","og_image":[{"width":2560,"height":1920,"url":"https:\/\/www.fiemg.com.br\/regional-vale-do-paranaiba\/wp-content\/uploads\/sites\/24\/2025\/02\/WhatsApp-Image-2025-02-13-at-15.41.10-1-scaled.jpeg","type":"image\/jpeg"}],"twitter_card":"summary_large_image","twitter_misc":{"Est. tempo de leitura":"3 minutos"},"schema":{"@context":"https:\/\/schema.org","@graph":[{"@type":"WebPage","@id":"https:\/\/www.fiemg.com.br\/regional-vale-do-paranaiba\/noticias\/fiemg-regional-vale-do-paranaiba-realiza-evento-sobre-credito-de-carbono\/","url":"https:\/\/www.fiemg.com.br\/regional-vale-do-paranaiba\/noticias\/fiemg-regional-vale-do-paranaiba-realiza-evento-sobre-credito-de-carbono\/","name":"FIEMG Regional Vale do Parana\u00edba realiza evento sobre cr\u00e9dito de carbono - Regional Vale do Parana\u00edba","isPartOf":{"@id":"https:\/\/www.fiemg.com.br\/regional-vale-do-paranaiba\/#website"},"primaryImageOfPage":{"@id":"https:\/\/www.fiemg.com.br\/regional-vale-do-paranaiba\/noticias\/fiemg-regional-vale-do-paranaiba-realiza-evento-sobre-credito-de-carbono\/#primaryimage"},"image":{"@id":"https:\/\/www.fiemg.com.br\/regional-vale-do-paranaiba\/noticias\/fiemg-regional-vale-do-paranaiba-realiza-evento-sobre-credito-de-carbono\/#primaryimage"},"thumbnailUrl":"https:\/\/www.fiemg.com.br\/regional-vale-do-paranaiba\/wp-content\/uploads\/sites\/24\/2025\/02\/WhatsApp-Image-2025-02-13-at-15.41.10-1-scaled.jpeg","datePublished":"2025-02-13T18:47:50+00:00","dateModified":"2025-02-13T18:51:48+00:00","breadcrumb":{"@id":"https:\/\/www.fiemg.com.br\/regional-vale-do-paranaiba\/noticias\/fiemg-regional-vale-do-paranaiba-realiza-evento-sobre-credito-de-carbono\/#breadcrumb"},"inLanguage":"pt-BR","potentialAction":[{"@type":"ReadAction","target":["https:\/\/www.fiemg.com.br\/regional-vale-do-paranaiba\/noticias\/fiemg-regional-vale-do-paranaiba-realiza-evento-sobre-credito-de-carbono\/"]}]},{"@type":"ImageObject","inLanguage":"pt-BR","@id":"https:\/\/www.fiemg.com.br\/regional-vale-do-paranaiba\/noticias\/fiemg-regional-vale-do-paranaiba-realiza-evento-sobre-credito-de-carbono\/#primaryimage","url":"https:\/\/www.fiemg.com.br\/regional-vale-do-paranaiba\/wp-content\/uploads\/sites\/24\/2025\/02\/WhatsApp-Image-2025-02-13-at-15.41.10-1-scaled.jpeg","contentUrl":"https:\/\/www.fiemg.com.br\/regional-vale-do-paranaiba\/wp-content\/uploads\/sites\/24\/2025\/02\/WhatsApp-Image-2025-02-13-at-15.41.10-1-scaled.jpeg","width":2560,"height":1920},{"@type":"BreadcrumbList","@id":"https:\/\/www.fiemg.com.br\/regional-vale-do-paranaiba\/noticias\/fiemg-regional-vale-do-paranaiba-realiza-evento-sobre-credito-de-carbono\/#breadcrumb","itemListElement":[{"@type":"ListItem","position":1,"name":"In\u00edcio","item":"https:\/\/www.fiemg.com.br\/regional-vale-do-paranaiba\/"},{"@type":"ListItem","position":2,"name":"FIEMG Regional Vale do Parana\u00edba realiza evento sobre cr\u00e9dito de carbono"}]},{"@type":"WebSite","@id":"https:\/\/www.fiemg.com.br\/regional-vale-do-paranaiba\/#website","url":"https:\/\/www.fiemg.com.br\/regional-vale-do-paranaiba\/","name":"Regional Vale do Parana\u00edba","description":"Federa\u00e7\u00e3o das Ind\u00fastrias do Estado de Minas Gerais","publisher":{"@id":"https:\/\/www.fiemg.com.br\/regional-vale-do-paranaiba\/#organization"},"potentialAction":[{"@type":"SearchAction","target":{"@type":"EntryPoint","urlTemplate":"https:\/\/www.fiemg.com.br\/regional-vale-do-paranaiba\/?s={search_term_string}"},"query-input":{"@type":"PropertyValueSpecification","valueRequired":true,"valueName":"search_term_string"}}],"inLanguage":"pt-BR"},{"@type":"Organization","@id":"https:\/\/www.fiemg.com.br\/regional-vale-do-paranaiba\/#organization","name":"Regional Vale do Parana\u00edba","url":"https:\/\/www.fiemg.com.br\/regional-vale-do-paranaiba\/","logo":{"@type":"ImageObject","inLanguage":"pt-BR","@id":"https:\/\/www.fiemg.com.br\/regional-vale-do-paranaiba\/#\/schema\/logo\/image\/","url":"https:\/\/www.fiemg.com.br\/regional-vale-do-paranaiba\/wp-content\/uploads\/sites\/24\/2023\/02\/Ativo-1.png","contentUrl":"https:\/\/www.fiemg.com.br\/regional-vale-do-paranaiba\/wp-content\/uploads\/sites\/24\/2023\/02\/Ativo-1.png","width":563,"height":149,"caption":"Regional Vale do Parana\u00edba"},"image":{"@id":"https:\/\/www.fiemg.com.br\/regional-vale-do-paranaiba\/#\/schema\/logo\/image\/"}}]}},"_links":{"self":[{"href":"https:\/\/www.fiemg.com.br\/regional-vale-do-paranaiba\/wp-json\/wp\/v2\/noticias\/2685","targetHints":{"allow":["GET"]}}],"collection":[{"href":"https:\/\/www.fiemg.com.br\/regional-vale-do-paranaiba\/wp-json\/wp\/v2\/noticias"}],"about":[{"href":"https:\/\/www.fiemg.com.br\/regional-vale-do-paranaiba\/wp-json\/wp\/v2\/types\/noticias"}],"wp:featuredmedia":[{"embeddable":true,"href":"https:\/\/www.fiemg.com.br\/regional-vale-do-paranaiba\/wp-json\/wp\/v2\/media\/2687"}],"wp:attachment":[{"href":"https:\/\/www.fiemg.com.br\/regional-vale-do-paranaiba\/wp-json\/wp\/v2\/media?parent=2685"}],"wp:term":[{"taxonomy":"category","embeddable":true,"href":"https:\/\/www.fiemg.com.br\/regional-vale-do-paranaiba\/wp-json\/wp\/v2\/categories?post=2685"},{"taxonomy":"post_tag","embeddable":true,"href":"https:\/\/www.fiemg.com.br\/regional-vale-do-paranaiba\/wp-json\/wp\/v2\/tags?post=2685"}],"curies":[{"name":"wp","href":"https:\/\/api.w.org\/{rel}","templated":true}]}}