{"id":2697,"date":"2025-02-18T09:40:29","date_gmt":"2025-02-18T12:40:29","guid":{"rendered":"https:\/\/www.fiemg.com.br\/regional-vale-do-paranaiba\/?post_type=noticias&#038;p=2697"},"modified":"2025-02-18T09:40:30","modified_gmt":"2025-02-18T12:40:30","slug":"parceria-entre-36o-batalhao-de-infantaria-mecanizado-fiemg-e-senai-uberlandia-visa-qualificacao-profissional-de-militares","status":"publish","type":"noticias","link":"https:\/\/www.fiemg.com.br\/regional-vale-do-paranaiba\/noticias\/parceria-entre-36o-batalhao-de-infantaria-mecanizado-fiemg-e-senai-uberlandia-visa-qualificacao-profissional-de-militares\/","title":{"rendered":"Parceria entre 36\u00ba Batalh\u00e3o de Infantaria Mecanizado, FIEMG e SENAI Uberl\u00e2ndia visa qualifica\u00e7\u00e3o profissional de militares"},"content":{"rendered":"\n<figure class=\"wp-block-image size-large\"><img fetchpriority=\"high\" decoding=\"async\" width=\"1024\" height=\"768\" src=\"https:\/\/www.fiemg.com.br\/regional-vale-do-paranaiba\/wp-content\/uploads\/sites\/24\/2025\/02\/WhatsApp-Image-2025-02-18-at-09.32.08-1-1024x768.jpeg\" alt=\"\" class=\"wp-image-2698\" srcset=\"https:\/\/www.fiemg.com.br\/regional-vale-do-paranaiba\/wp-content\/uploads\/sites\/24\/2025\/02\/WhatsApp-Image-2025-02-18-at-09.32.08-1-1024x768.jpeg 1024w, https:\/\/www.fiemg.com.br\/regional-vale-do-paranaiba\/wp-content\/uploads\/sites\/24\/2025\/02\/WhatsApp-Image-2025-02-18-at-09.32.08-1-300x225.jpeg 300w, https:\/\/www.fiemg.com.br\/regional-vale-do-paranaiba\/wp-content\/uploads\/sites\/24\/2025\/02\/WhatsApp-Image-2025-02-18-at-09.32.08-1-768x576.jpeg 768w, https:\/\/www.fiemg.com.br\/regional-vale-do-paranaiba\/wp-content\/uploads\/sites\/24\/2025\/02\/WhatsApp-Image-2025-02-18-at-09.32.08-1-1536x1152.jpeg 1536w, https:\/\/www.fiemg.com.br\/regional-vale-do-paranaiba\/wp-content\/uploads\/sites\/24\/2025\/02\/WhatsApp-Image-2025-02-18-at-09.32.08-1-2048x1536.jpeg 2048w\" sizes=\"(max-width: 1024px) 100vw, 1024px\" \/><\/figure>\n\n\n\n<p>Na tarde de ontem (17\/02), o Comandante do 36\u00ba Batalh\u00e3o de Infantaria Mecanizado, Domingos Pinto da Silva J\u00fanior, e o Adjunto de Comando, Cristiano S\u00e1vio de Aguiar, reuniram-se com representantes do SENAI Uberl\u00e2ndia e da FIEMG Regional Vale do Parana\u00edba para tratar de parcerias estrat\u00e9gicas na oferta de cursos profissionalizantes para os militares do batalh\u00e3o.<\/p>\n\n\n\n<p>O encontro contou com a presen\u00e7a do gerente do SENAI Uberl\u00e2ndia, Rog\u00e9rio Franco, do Analista de Rela\u00e7\u00f5es Governamentais C\u00e9sar Campos e do Presidente da FIEMG Regional Vale do Parana\u00edba, Jos\u00e9 Alves. Durante a reuni\u00e3o, foram discutidas iniciativas para aprimorar a qualifica\u00e7\u00e3o dos militares, garantindo que estejam preparados para atuar tanto na manuten\u00e7\u00e3o das instala\u00e7\u00f5es do Ex\u00e9rcito quanto na fiscaliza\u00e7\u00e3o de servi\u00e7os terceirizados.<\/p>\n\n\n\n<p>O Comandante Domingos Pinto da Silva J\u00fanior destacou a import\u00e2ncia da parceria com o SENAI: &#8220;Nosso objetivo \u00e9 sempre melhorar a qualifica\u00e7\u00e3o do nosso profissional, do nosso militar. Temos que manter um quadro de militares capazes de fazer a manuten\u00e7\u00e3o das nossas instala\u00e7\u00f5es, que pertencem ao patrim\u00f4nio da Uni\u00e3o. O SENAI \u00e9 um excelente parceiro, uma refer\u00eancia nacional e pela proximidade que j\u00e1 temos h\u00e1 algum tempo, temos o prazer, a satisfa\u00e7\u00e3o e a obriga\u00e7\u00e3o de manter essa parceria de longa data.&#8221;<\/p>\n\n\n\n<p>A iniciativa refor\u00e7a o compromisso do 36\u00ba Batalh\u00e3o de Infantaria Mecanizado com a qualifica\u00e7\u00e3o de seus militares, promovendo capacita\u00e7\u00e3o cont\u00ednua e assegurando maior efici\u00eancia na gest\u00e3o e manuten\u00e7\u00e3o das infraestruturas sob sua responsabilidade.<\/p>\n","protected":false},"featured_media":1529,"template":"","categories":[],"tags":[],"class_list":["post-2697","noticias","type-noticias","status-publish","has-post-thumbnail","hentry"],"acf":[],"yoast_head":"<!-- This site is optimized with the Yoast SEO plugin v26.2 - https:\/\/yoast.com\/wordpress\/plugins\/seo\/ -->\n<title>Parceria entre 36\u00ba Batalh\u00e3o de Infantaria Mecanizado, FIEMG e SENAI Uberl\u00e2ndia visa qualifica\u00e7\u00e3o profissional de militares - Regional Vale do Parana\u00edba<\/title>\n<meta name=\"robots\" content=\"index, follow, max-snippet:-1, max-image-preview:large, max-video-preview:-1\" \/>\n<link rel=\"canonical\" href=\"https:\/\/www.fiemg.com.br\/regional-vale-do-paranaiba\/noticias\/parceria-entre-36o-batalhao-de-infantaria-mecanizado-fiemg-e-senai-uberlandia-visa-qualificacao-profissional-de-militares\/\" \/>\n<meta property=\"og:locale\" content=\"pt_BR\" \/>\n<meta property=\"og:type\" content=\"article\" \/>\n<meta property=\"og:title\" content=\"Parceria entre 36\u00ba Batalh\u00e3o de Infantaria Mecanizado, FIEMG e SENAI Uberl\u00e2ndia visa qualifica\u00e7\u00e3o profissional de militares - Regional Vale do Parana\u00edba\" \/>\n<meta property=\"og:description\" content=\"Na tarde de ontem (17\/02), o Comandante do 36\u00ba Batalh\u00e3o de Infantaria Mecanizado, Domingos Pinto da Silva J\u00fanior, e o Adjunto de Comando, Cristiano S\u00e1vio de Aguiar, reuniram-se com representantes do SENAI Uberl\u00e2ndia e da FIEMG Regional Vale do Parana\u00edba para tratar de parcerias estrat\u00e9gicas na oferta de cursos profissionalizantes para os militares do batalh\u00e3o. [&hellip;]\" \/>\n<meta property=\"og:url\" content=\"https:\/\/www.fiemg.com.br\/regional-vale-do-paranaiba\/noticias\/parceria-entre-36o-batalhao-de-infantaria-mecanizado-fiemg-e-senai-uberlandia-visa-qualificacao-profissional-de-militares\/\" \/>\n<meta property=\"og:site_name\" content=\"Regional Vale do Parana\u00edba\" \/>\n<meta property=\"article:modified_time\" content=\"2025-02-18T12:40:30+00:00\" \/>\n<meta property=\"og:image\" content=\"https:\/\/www.fiemg.com.br\/regional-vale-do-paranaiba\/wp-content\/uploads\/sites\/24\/2025\/02\/WhatsApp-Image-2025-02-18-at-09.32.08-1-scaled.jpeg\" \/>\n\t<meta property=\"og:image:width\" content=\"2560\" \/>\n\t<meta property=\"og:image:height\" content=\"1920\" \/>\n\t<meta property=\"og:image:type\" content=\"image\/jpeg\" \/>\n<meta name=\"twitter:card\" content=\"summary_large_image\" \/>\n<meta name=\"twitter:label1\" content=\"Est. tempo de leitura\" \/>\n\t<meta name=\"twitter:data1\" content=\"2 minutos\" \/>\n<script type=\"application\/ld+json\" class=\"yoast-schema-graph\">{\"@context\":\"https:\/\/schema.org\",\"@graph\":[{\"@type\":\"WebPage\",\"@id\":\"https:\/\/www.fiemg.com.br\/regional-vale-do-paranaiba\/noticias\/parceria-entre-36o-batalhao-de-infantaria-mecanizado-fiemg-e-senai-uberlandia-visa-qualificacao-profissional-de-militares\/\",\"url\":\"https:\/\/www.fiemg.com.br\/regional-vale-do-paranaiba\/noticias\/parceria-entre-36o-batalhao-de-infantaria-mecanizado-fiemg-e-senai-uberlandia-visa-qualificacao-profissional-de-militares\/\",\"name\":\"Parceria entre 36\u00ba Batalh\u00e3o de Infantaria Mecanizado, FIEMG e SENAI Uberl\u00e2ndia visa qualifica\u00e7\u00e3o profissional de militares - Regional Vale do Parana\u00edba\",\"isPartOf\":{\"@id\":\"https:\/\/www.fiemg.com.br\/regional-vale-do-paranaiba\/#website\"},\"primaryImageOfPage\":{\"@id\":\"https:\/\/www.fiemg.com.br\/regional-vale-do-paranaiba\/noticias\/parceria-entre-36o-batalhao-de-infantaria-mecanizado-fiemg-e-senai-uberlandia-visa-qualificacao-profissional-de-militares\/#primaryimage\"},\"image\":{\"@id\":\"https:\/\/www.fiemg.com.br\/regional-vale-do-paranaiba\/noticias\/parceria-entre-36o-batalhao-de-infantaria-mecanizado-fiemg-e-senai-uberlandia-visa-qualificacao-profissional-de-militares\/#primaryimage\"},\"thumbnailUrl\":\"https:\/\/www.fiemg.com.br\/regional-vale-do-paranaiba\/wp-content\/uploads\/sites\/24\/2023\/08\/default.png\",\"datePublished\":\"2025-02-18T12:40:29+00:00\",\"dateModified\":\"2025-02-18T12:40:30+00:00\",\"breadcrumb\":{\"@id\":\"https:\/\/www.fiemg.com.br\/regional-vale-do-paranaiba\/noticias\/parceria-entre-36o-batalhao-de-infantaria-mecanizado-fiemg-e-senai-uberlandia-visa-qualificacao-profissional-de-militares\/#breadcrumb\"},\"inLanguage\":\"pt-BR\",\"potentialAction\":[{\"@type\":\"ReadAction\",\"target\":[\"https:\/\/www.fiemg.com.br\/regional-vale-do-paranaiba\/noticias\/parceria-entre-36o-batalhao-de-infantaria-mecanizado-fiemg-e-senai-uberlandia-visa-qualificacao-profissional-de-militares\/\"]}]},{\"@type\":\"ImageObject\",\"inLanguage\":\"pt-BR\",\"@id\":\"https:\/\/www.fiemg.com.br\/regional-vale-do-paranaiba\/noticias\/parceria-entre-36o-batalhao-de-infantaria-mecanizado-fiemg-e-senai-uberlandia-visa-qualificacao-profissional-de-militares\/#primaryimage\",\"url\":\"https:\/\/www.fiemg.com.br\/regional-vale-do-paranaiba\/wp-content\/uploads\/sites\/24\/2023\/08\/default.png\",\"contentUrl\":\"https:\/\/www.fiemg.com.br\/regional-vale-do-paranaiba\/wp-content\/uploads\/sites\/24\/2023\/08\/default.png\",\"width\":300,\"height\":300},{\"@type\":\"BreadcrumbList\",\"@id\":\"https:\/\/www.fiemg.com.br\/regional-vale-do-paranaiba\/noticias\/parceria-entre-36o-batalhao-de-infantaria-mecanizado-fiemg-e-senai-uberlandia-visa-qualificacao-profissional-de-militares\/#breadcrumb\",\"itemListElement\":[{\"@type\":\"ListItem\",\"position\":1,\"name\":\"In\u00edcio\",\"item\":\"https:\/\/www.fiemg.com.br\/regional-vale-do-paranaiba\/\"},{\"@type\":\"ListItem\",\"position\":2,\"name\":\"Parceria entre 36\u00ba Batalh\u00e3o de Infantaria Mecanizado, FIEMG e SENAI Uberl\u00e2ndia visa qualifica\u00e7\u00e3o profissional de militares\"}]},{\"@type\":\"WebSite\",\"@id\":\"https:\/\/www.fiemg.com.br\/regional-vale-do-paranaiba\/#website\",\"url\":\"https:\/\/www.fiemg.com.br\/regional-vale-do-paranaiba\/\",\"name\":\"Regional Vale do Parana\u00edba\",\"description\":\"Federa\u00e7\u00e3o das Ind\u00fastrias do Estado de Minas Gerais\",\"publisher\":{\"@id\":\"https:\/\/www.fiemg.com.br\/regional-vale-do-paranaiba\/#organization\"},\"potentialAction\":[{\"@type\":\"SearchAction\",\"target\":{\"@type\":\"EntryPoint\",\"urlTemplate\":\"https:\/\/www.fiemg.com.br\/regional-vale-do-paranaiba\/?s={search_term_string}\"},\"query-input\":{\"@type\":\"PropertyValueSpecification\",\"valueRequired\":true,\"valueName\":\"search_term_string\"}}],\"inLanguage\":\"pt-BR\"},{\"@type\":\"Organization\",\"@id\":\"https:\/\/www.fiemg.com.br\/regional-vale-do-paranaiba\/#organization\",\"name\":\"Regional Vale do Parana\u00edba\",\"url\":\"https:\/\/www.fiemg.com.br\/regional-vale-do-paranaiba\/\",\"logo\":{\"@type\":\"ImageObject\",\"inLanguage\":\"pt-BR\",\"@id\":\"https:\/\/www.fiemg.com.br\/regional-vale-do-paranaiba\/#\/schema\/logo\/image\/\",\"url\":\"https:\/\/www.fiemg.com.br\/regional-vale-do-paranaiba\/wp-content\/uploads\/sites\/24\/2023\/02\/Ativo-1.png\",\"contentUrl\":\"https:\/\/www.fiemg.com.br\/regional-vale-do-paranaiba\/wp-content\/uploads\/sites\/24\/2023\/02\/Ativo-1.png\",\"width\":563,\"height\":149,\"caption\":\"Regional Vale do Parana\u00edba\"},\"image\":{\"@id\":\"https:\/\/www.fiemg.com.br\/regional-vale-do-paranaiba\/#\/schema\/logo\/image\/\"}}]}<\/script>\n<!-- \/ Yoast SEO plugin. -->","yoast_head_json":{"title":"Parceria entre 36\u00ba Batalh\u00e3o de Infantaria Mecanizado, FIEMG e SENAI Uberl\u00e2ndia visa qualifica\u00e7\u00e3o profissional de militares - Regional Vale do Parana\u00edba","robots":{"index":"index","follow":"follow","max-snippet":"max-snippet:-1","max-image-preview":"max-image-preview:large","max-video-preview":"max-video-preview:-1"},"canonical":"https:\/\/www.fiemg.com.br\/regional-vale-do-paranaiba\/noticias\/parceria-entre-36o-batalhao-de-infantaria-mecanizado-fiemg-e-senai-uberlandia-visa-qualificacao-profissional-de-militares\/","og_locale":"pt_BR","og_type":"article","og_title":"Parceria entre 36\u00ba Batalh\u00e3o de Infantaria Mecanizado, FIEMG e SENAI Uberl\u00e2ndia visa qualifica\u00e7\u00e3o profissional de militares - Regional Vale do Parana\u00edba","og_description":"Na tarde de ontem (17\/02), o Comandante do 36\u00ba Batalh\u00e3o de Infantaria Mecanizado, Domingos Pinto da Silva J\u00fanior, e o Adjunto de Comando, Cristiano S\u00e1vio de Aguiar, reuniram-se com representantes do SENAI Uberl\u00e2ndia e da FIEMG Regional Vale do Parana\u00edba para tratar de parcerias estrat\u00e9gicas na oferta de cursos profissionalizantes para os militares do batalh\u00e3o. [&hellip;]","og_url":"https:\/\/www.fiemg.com.br\/regional-vale-do-paranaiba\/noticias\/parceria-entre-36o-batalhao-de-infantaria-mecanizado-fiemg-e-senai-uberlandia-visa-qualificacao-profissional-de-militares\/","og_site_name":"Regional Vale do Parana\u00edba","article_modified_time":"2025-02-18T12:40:30+00:00","og_image":[{"width":2560,"height":1920,"url":"https:\/\/www.fiemg.com.br\/regional-vale-do-paranaiba\/wp-content\/uploads\/sites\/24\/2025\/02\/WhatsApp-Image-2025-02-18-at-09.32.08-1-scaled.jpeg","type":"image\/jpeg"}],"twitter_card":"summary_large_image","twitter_misc":{"Est. tempo de leitura":"2 minutos"},"schema":{"@context":"https:\/\/schema.org","@graph":[{"@type":"WebPage","@id":"https:\/\/www.fiemg.com.br\/regional-vale-do-paranaiba\/noticias\/parceria-entre-36o-batalhao-de-infantaria-mecanizado-fiemg-e-senai-uberlandia-visa-qualificacao-profissional-de-militares\/","url":"https:\/\/www.fiemg.com.br\/regional-vale-do-paranaiba\/noticias\/parceria-entre-36o-batalhao-de-infantaria-mecanizado-fiemg-e-senai-uberlandia-visa-qualificacao-profissional-de-militares\/","name":"Parceria entre 36\u00ba Batalh\u00e3o de Infantaria Mecanizado, FIEMG e SENAI Uberl\u00e2ndia visa qualifica\u00e7\u00e3o profissional de militares - Regional Vale do Parana\u00edba","isPartOf":{"@id":"https:\/\/www.fiemg.com.br\/regional-vale-do-paranaiba\/#website"},"primaryImageOfPage":{"@id":"https:\/\/www.fiemg.com.br\/regional-vale-do-paranaiba\/noticias\/parceria-entre-36o-batalhao-de-infantaria-mecanizado-fiemg-e-senai-uberlandia-visa-qualificacao-profissional-de-militares\/#primaryimage"},"image":{"@id":"https:\/\/www.fiemg.com.br\/regional-vale-do-paranaiba\/noticias\/parceria-entre-36o-batalhao-de-infantaria-mecanizado-fiemg-e-senai-uberlandia-visa-qualificacao-profissional-de-militares\/#primaryimage"},"thumbnailUrl":"https:\/\/www.fiemg.com.br\/regional-vale-do-paranaiba\/wp-content\/uploads\/sites\/24\/2023\/08\/default.png","datePublished":"2025-02-18T12:40:29+00:00","dateModified":"2025-02-18T12:40:30+00:00","breadcrumb":{"@id":"https:\/\/www.fiemg.com.br\/regional-vale-do-paranaiba\/noticias\/parceria-entre-36o-batalhao-de-infantaria-mecanizado-fiemg-e-senai-uberlandia-visa-qualificacao-profissional-de-militares\/#breadcrumb"},"inLanguage":"pt-BR","potentialAction":[{"@type":"ReadAction","target":["https:\/\/www.fiemg.com.br\/regional-vale-do-paranaiba\/noticias\/parceria-entre-36o-batalhao-de-infantaria-mecanizado-fiemg-e-senai-uberlandia-visa-qualificacao-profissional-de-militares\/"]}]},{"@type":"ImageObject","inLanguage":"pt-BR","@id":"https:\/\/www.fiemg.com.br\/regional-vale-do-paranaiba\/noticias\/parceria-entre-36o-batalhao-de-infantaria-mecanizado-fiemg-e-senai-uberlandia-visa-qualificacao-profissional-de-militares\/#primaryimage","url":"https:\/\/www.fiemg.com.br\/regional-vale-do-paranaiba\/wp-content\/uploads\/sites\/24\/2023\/08\/default.png","contentUrl":"https:\/\/www.fiemg.com.br\/regional-vale-do-paranaiba\/wp-content\/uploads\/sites\/24\/2023\/08\/default.png","width":300,"height":300},{"@type":"BreadcrumbList","@id":"https:\/\/www.fiemg.com.br\/regional-vale-do-paranaiba\/noticias\/parceria-entre-36o-batalhao-de-infantaria-mecanizado-fiemg-e-senai-uberlandia-visa-qualificacao-profissional-de-militares\/#breadcrumb","itemListElement":[{"@type":"ListItem","position":1,"name":"In\u00edcio","item":"https:\/\/www.fiemg.com.br\/regional-vale-do-paranaiba\/"},{"@type":"ListItem","position":2,"name":"Parceria entre 36\u00ba Batalh\u00e3o de Infantaria Mecanizado, FIEMG e SENAI Uberl\u00e2ndia visa qualifica\u00e7\u00e3o profissional de militares"}]},{"@type":"WebSite","@id":"https:\/\/www.fiemg.com.br\/regional-vale-do-paranaiba\/#website","url":"https:\/\/www.fiemg.com.br\/regional-vale-do-paranaiba\/","name":"Regional Vale do Parana\u00edba","description":"Federa\u00e7\u00e3o das Ind\u00fastrias do Estado de Minas Gerais","publisher":{"@id":"https:\/\/www.fiemg.com.br\/regional-vale-do-paranaiba\/#organization"},"potentialAction":[{"@type":"SearchAction","target":{"@type":"EntryPoint","urlTemplate":"https:\/\/www.fiemg.com.br\/regional-vale-do-paranaiba\/?s={search_term_string}"},"query-input":{"@type":"PropertyValueSpecification","valueRequired":true,"valueName":"search_term_string"}}],"inLanguage":"pt-BR"},{"@type":"Organization","@id":"https:\/\/www.fiemg.com.br\/regional-vale-do-paranaiba\/#organization","name":"Regional Vale do Parana\u00edba","url":"https:\/\/www.fiemg.com.br\/regional-vale-do-paranaiba\/","logo":{"@type":"ImageObject","inLanguage":"pt-BR","@id":"https:\/\/www.fiemg.com.br\/regional-vale-do-paranaiba\/#\/schema\/logo\/image\/","url":"https:\/\/www.fiemg.com.br\/regional-vale-do-paranaiba\/wp-content\/uploads\/sites\/24\/2023\/02\/Ativo-1.png","contentUrl":"https:\/\/www.fiemg.com.br\/regional-vale-do-paranaiba\/wp-content\/uploads\/sites\/24\/2023\/02\/Ativo-1.png","width":563,"height":149,"caption":"Regional Vale do Parana\u00edba"},"image":{"@id":"https:\/\/www.fiemg.com.br\/regional-vale-do-paranaiba\/#\/schema\/logo\/image\/"}}]}},"_links":{"self":[{"href":"https:\/\/www.fiemg.com.br\/regional-vale-do-paranaiba\/wp-json\/wp\/v2\/noticias\/2697","targetHints":{"allow":["GET"]}}],"collection":[{"href":"https:\/\/www.fiemg.com.br\/regional-vale-do-paranaiba\/wp-json\/wp\/v2\/noticias"}],"about":[{"href":"https:\/\/www.fiemg.com.br\/regional-vale-do-paranaiba\/wp-json\/wp\/v2\/types\/noticias"}],"wp:featuredmedia":[{"embeddable":true,"href":"https:\/\/www.fiemg.com.br\/regional-vale-do-paranaiba\/wp-json\/wp\/v2\/media\/1529"}],"wp:attachment":[{"href":"https:\/\/www.fiemg.com.br\/regional-vale-do-paranaiba\/wp-json\/wp\/v2\/media?parent=2697"}],"wp:term":[{"taxonomy":"category","embeddable":true,"href":"https:\/\/www.fiemg.com.br\/regional-vale-do-paranaiba\/wp-json\/wp\/v2\/categories?post=2697"},{"taxonomy":"post_tag","embeddable":true,"href":"https:\/\/www.fiemg.com.br\/regional-vale-do-paranaiba\/wp-json\/wp\/v2\/tags?post=2697"}],"curies":[{"name":"wp","href":"https:\/\/api.w.org\/{rel}","templated":true}]}}