{"id":2733,"date":"2025-02-24T11:01:51","date_gmt":"2025-02-24T14:01:51","guid":{"rendered":"https:\/\/www.fiemg.com.br\/regional-vale-do-paranaiba\/?post_type=noticias&#038;p=2733"},"modified":"2025-02-24T11:01:52","modified_gmt":"2025-02-24T14:01:52","slug":"diretor-da-fiemg-regional-vale-do-paranaiba-visita-industria-trebeschi-em-araguari","status":"publish","type":"noticias","link":"https:\/\/www.fiemg.com.br\/regional-vale-do-paranaiba\/noticias\/diretor-da-fiemg-regional-vale-do-paranaiba-visita-industria-trebeschi-em-araguari\/","title":{"rendered":"Diretor da FIEMG Regional Vale do Parana\u00edba visita ind\u00fastria Trebeschi em Araguari"},"content":{"rendered":"\n<figure class=\"wp-block-image size-large\"><img fetchpriority=\"high\" decoding=\"async\" width=\"576\" height=\"1024\" src=\"https:\/\/www.fiemg.com.br\/regional-vale-do-paranaiba\/wp-content\/uploads\/sites\/24\/2025\/02\/WhatsApp-Image-2025-02-24-at-09.52.29-576x1024.jpeg\" alt=\"\" class=\"wp-image-2735\" srcset=\"https:\/\/www.fiemg.com.br\/regional-vale-do-paranaiba\/wp-content\/uploads\/sites\/24\/2025\/02\/WhatsApp-Image-2025-02-24-at-09.52.29-576x1024.jpeg 576w, https:\/\/www.fiemg.com.br\/regional-vale-do-paranaiba\/wp-content\/uploads\/sites\/24\/2025\/02\/WhatsApp-Image-2025-02-24-at-09.52.29-169x300.jpeg 169w, https:\/\/www.fiemg.com.br\/regional-vale-do-paranaiba\/wp-content\/uploads\/sites\/24\/2025\/02\/WhatsApp-Image-2025-02-24-at-09.52.29-768x1365.jpeg 768w, https:\/\/www.fiemg.com.br\/regional-vale-do-paranaiba\/wp-content\/uploads\/sites\/24\/2025\/02\/WhatsApp-Image-2025-02-24-at-09.52.29-864x1536.jpeg 864w, https:\/\/www.fiemg.com.br\/regional-vale-do-paranaiba\/wp-content\/uploads\/sites\/24\/2025\/02\/WhatsApp-Image-2025-02-24-at-09.52.29.jpeg 900w\" sizes=\"(max-width: 576px) 100vw, 576px\" \/><\/figure>\n\n\n\n<p>Foi realizada na manh\u00e3 de hoje (24), uma visita estrat\u00e9gica na tradicional ind\u00fastria de tomates araguarina, Trebeschi. Participaram do encontro o diretor da FIEMG Regional Vale do Parana\u00edba, Mauro Cunha, a gerente do SESI SENAI Araguari,. Vanda L\u00facia, o supervisor t\u00e9cnico, Alexandre Oliveira, um dos s\u00f3cios propriet\u00e1rios, Erico Trebeschi e o diretor da empresa, Jos\u00e9 Eduardo.<\/p>\n\n\n\n<p>De acordo com o site oficial da Trebeschi, a empresa est\u00e1 h\u00e1 29 anos cultivando e comercializando com alta tecnologia tomates e legumes especiais em todo o Brasil. A matriz est\u00e1 localizada em Araguari e as filiais nos estados de S\u00e3o Paulo, Santa Catarina, Goi\u00e1s, Bahia e Cear\u00e1.  A miss\u00e3o da empresa \u00e9 produzir com sustentabilidade alimentos saud\u00e1veis, naturais, saborosos e f\u00e1ceis de serem preparados e consumidos. A  Trebeschi \u00e9 considerada a maior produtora de Tomates in natura do Brasil assim como a principal marca do setor de Hortifrutis em nosso pa\u00eds.<\/p>\n\n\n\n<p>O objetivo da reuni\u00e3o foi a apresenta\u00e7\u00e3o detalhada dos servi\u00e7os ofertados pelo SESI SENAI de Araguari, para que desta forma, a ind\u00fastria visitada seja cada vez mais atendida pela FIEMG.<\/p>\n\n\n\n<p>A visita faz parte do projeto idealizado pelo diretor e empres\u00e1rio Mauro Cunha, que tem realizado reuni\u00f5es pessoalmente nas entidades p\u00fablicas da cidade, bem como nas ind\u00fastrias locais a fim de divulgar e disseminar as solu\u00e7\u00f5es FIEMG por todo munic\u00edpio e regi\u00e3o.<\/p>\n\n\n\n<p>&#8220;Este \u00e9 um projeto que eu nomeei como &#8216;Boa tacada&#8217;. Se a ind\u00fastria n\u00e3o vai at\u00e9 a FIEMG, a FIEMG vai at\u00e9 a ind\u00fastria. (risos). \u00c9 uma forma de estarmos cada vez mais pr\u00f3ximos do parque industrial local, e com isso, atender da melhor forma o nosso p\u00fablico. A FIEMG tem uma expertise e alcance de muito potencial, por isso a import\u00e2ncia deste relacionamento constante e da dissemina\u00e7\u00e3o das nossas solu\u00e7\u00f5es.&#8221;<\/p>\n\n\n\n<p>Somente em 2025, Mauro Cunha e a equipe SESI SENAI j\u00e1 visitaram o prefeito Municipal, Renato Carvalho, o vice prefeito, Wesley Lucas e na pr\u00f3xima semana iniciam encontros tamb\u00e9m com vereadores, al\u00e9m de outras ind\u00fastrias como a Mataboi.<\/p>\n\n\n\n<p><\/p>\n","protected":false},"featured_media":2735,"template":"","categories":[],"tags":[],"class_list":["post-2733","noticias","type-noticias","status-publish","has-post-thumbnail","hentry"],"acf":[],"yoast_head":"<!-- This site is optimized with the Yoast SEO plugin v26.2 - https:\/\/yoast.com\/wordpress\/plugins\/seo\/ -->\n<title>Diretor da FIEMG Regional Vale do Parana\u00edba visita ind\u00fastria Trebeschi em Araguari - Regional Vale do Parana\u00edba<\/title>\n<meta name=\"robots\" content=\"index, follow, max-snippet:-1, max-image-preview:large, max-video-preview:-1\" \/>\n<link rel=\"canonical\" href=\"https:\/\/www.fiemg.com.br\/regional-vale-do-paranaiba\/noticias\/diretor-da-fiemg-regional-vale-do-paranaiba-visita-industria-trebeschi-em-araguari\/\" \/>\n<meta property=\"og:locale\" content=\"pt_BR\" \/>\n<meta property=\"og:type\" content=\"article\" \/>\n<meta property=\"og:title\" content=\"Diretor da FIEMG Regional Vale do Parana\u00edba visita ind\u00fastria Trebeschi em Araguari - Regional Vale do Parana\u00edba\" \/>\n<meta property=\"og:description\" content=\"Foi realizada na manh\u00e3 de hoje (24), uma visita estrat\u00e9gica na tradicional ind\u00fastria de tomates araguarina, Trebeschi. Participaram do encontro o diretor da FIEMG Regional Vale do Parana\u00edba, Mauro Cunha, a gerente do SESI SENAI Araguari,. Vanda L\u00facia, o supervisor t\u00e9cnico, Alexandre Oliveira, um dos s\u00f3cios propriet\u00e1rios, Erico Trebeschi e o diretor da empresa, Jos\u00e9 [&hellip;]\" \/>\n<meta property=\"og:url\" content=\"https:\/\/www.fiemg.com.br\/regional-vale-do-paranaiba\/noticias\/diretor-da-fiemg-regional-vale-do-paranaiba-visita-industria-trebeschi-em-araguari\/\" \/>\n<meta property=\"og:site_name\" content=\"Regional Vale do Parana\u00edba\" \/>\n<meta property=\"article:modified_time\" content=\"2025-02-24T14:01:52+00:00\" \/>\n<meta property=\"og:image\" content=\"https:\/\/www.fiemg.com.br\/regional-vale-do-paranaiba\/wp-content\/uploads\/sites\/24\/2025\/02\/WhatsApp-Image-2025-02-24-at-09.52.29.jpeg\" \/>\n\t<meta property=\"og:image:width\" content=\"900\" \/>\n\t<meta property=\"og:image:height\" content=\"1600\" \/>\n\t<meta property=\"og:image:type\" content=\"image\/jpeg\" \/>\n<meta name=\"twitter:card\" content=\"summary_large_image\" \/>\n<meta name=\"twitter:label1\" content=\"Est. tempo de leitura\" \/>\n\t<meta name=\"twitter:data1\" content=\"3 minutos\" \/>\n<script type=\"application\/ld+json\" class=\"yoast-schema-graph\">{\"@context\":\"https:\/\/schema.org\",\"@graph\":[{\"@type\":\"WebPage\",\"@id\":\"https:\/\/www.fiemg.com.br\/regional-vale-do-paranaiba\/noticias\/diretor-da-fiemg-regional-vale-do-paranaiba-visita-industria-trebeschi-em-araguari\/\",\"url\":\"https:\/\/www.fiemg.com.br\/regional-vale-do-paranaiba\/noticias\/diretor-da-fiemg-regional-vale-do-paranaiba-visita-industria-trebeschi-em-araguari\/\",\"name\":\"Diretor da FIEMG Regional Vale do Parana\u00edba visita ind\u00fastria Trebeschi em Araguari - Regional Vale do Parana\u00edba\",\"isPartOf\":{\"@id\":\"https:\/\/www.fiemg.com.br\/regional-vale-do-paranaiba\/#website\"},\"primaryImageOfPage\":{\"@id\":\"https:\/\/www.fiemg.com.br\/regional-vale-do-paranaiba\/noticias\/diretor-da-fiemg-regional-vale-do-paranaiba-visita-industria-trebeschi-em-araguari\/#primaryimage\"},\"image\":{\"@id\":\"https:\/\/www.fiemg.com.br\/regional-vale-do-paranaiba\/noticias\/diretor-da-fiemg-regional-vale-do-paranaiba-visita-industria-trebeschi-em-araguari\/#primaryimage\"},\"thumbnailUrl\":\"https:\/\/www.fiemg.com.br\/regional-vale-do-paranaiba\/wp-content\/uploads\/sites\/24\/2025\/02\/WhatsApp-Image-2025-02-24-at-09.52.29.jpeg\",\"datePublished\":\"2025-02-24T14:01:51+00:00\",\"dateModified\":\"2025-02-24T14:01:52+00:00\",\"breadcrumb\":{\"@id\":\"https:\/\/www.fiemg.com.br\/regional-vale-do-paranaiba\/noticias\/diretor-da-fiemg-regional-vale-do-paranaiba-visita-industria-trebeschi-em-araguari\/#breadcrumb\"},\"inLanguage\":\"pt-BR\",\"potentialAction\":[{\"@type\":\"ReadAction\",\"target\":[\"https:\/\/www.fiemg.com.br\/regional-vale-do-paranaiba\/noticias\/diretor-da-fiemg-regional-vale-do-paranaiba-visita-industria-trebeschi-em-araguari\/\"]}]},{\"@type\":\"ImageObject\",\"inLanguage\":\"pt-BR\",\"@id\":\"https:\/\/www.fiemg.com.br\/regional-vale-do-paranaiba\/noticias\/diretor-da-fiemg-regional-vale-do-paranaiba-visita-industria-trebeschi-em-araguari\/#primaryimage\",\"url\":\"https:\/\/www.fiemg.com.br\/regional-vale-do-paranaiba\/wp-content\/uploads\/sites\/24\/2025\/02\/WhatsApp-Image-2025-02-24-at-09.52.29.jpeg\",\"contentUrl\":\"https:\/\/www.fiemg.com.br\/regional-vale-do-paranaiba\/wp-content\/uploads\/sites\/24\/2025\/02\/WhatsApp-Image-2025-02-24-at-09.52.29.jpeg\",\"width\":900,\"height\":1600},{\"@type\":\"BreadcrumbList\",\"@id\":\"https:\/\/www.fiemg.com.br\/regional-vale-do-paranaiba\/noticias\/diretor-da-fiemg-regional-vale-do-paranaiba-visita-industria-trebeschi-em-araguari\/#breadcrumb\",\"itemListElement\":[{\"@type\":\"ListItem\",\"position\":1,\"name\":\"In\u00edcio\",\"item\":\"https:\/\/www.fiemg.com.br\/regional-vale-do-paranaiba\/\"},{\"@type\":\"ListItem\",\"position\":2,\"name\":\"Diretor da FIEMG Regional Vale do Parana\u00edba visita ind\u00fastria Trebeschi em Araguari\"}]},{\"@type\":\"WebSite\",\"@id\":\"https:\/\/www.fiemg.com.br\/regional-vale-do-paranaiba\/#website\",\"url\":\"https:\/\/www.fiemg.com.br\/regional-vale-do-paranaiba\/\",\"name\":\"Regional Vale do Parana\u00edba\",\"description\":\"Federa\u00e7\u00e3o das Ind\u00fastrias do Estado de Minas Gerais\",\"publisher\":{\"@id\":\"https:\/\/www.fiemg.com.br\/regional-vale-do-paranaiba\/#organization\"},\"potentialAction\":[{\"@type\":\"SearchAction\",\"target\":{\"@type\":\"EntryPoint\",\"urlTemplate\":\"https:\/\/www.fiemg.com.br\/regional-vale-do-paranaiba\/?s={search_term_string}\"},\"query-input\":{\"@type\":\"PropertyValueSpecification\",\"valueRequired\":true,\"valueName\":\"search_term_string\"}}],\"inLanguage\":\"pt-BR\"},{\"@type\":\"Organization\",\"@id\":\"https:\/\/www.fiemg.com.br\/regional-vale-do-paranaiba\/#organization\",\"name\":\"Regional Vale do Parana\u00edba\",\"url\":\"https:\/\/www.fiemg.com.br\/regional-vale-do-paranaiba\/\",\"logo\":{\"@type\":\"ImageObject\",\"inLanguage\":\"pt-BR\",\"@id\":\"https:\/\/www.fiemg.com.br\/regional-vale-do-paranaiba\/#\/schema\/logo\/image\/\",\"url\":\"https:\/\/www.fiemg.com.br\/regional-vale-do-paranaiba\/wp-content\/uploads\/sites\/24\/2023\/02\/Ativo-1.png\",\"contentUrl\":\"https:\/\/www.fiemg.com.br\/regional-vale-do-paranaiba\/wp-content\/uploads\/sites\/24\/2023\/02\/Ativo-1.png\",\"width\":563,\"height\":149,\"caption\":\"Regional Vale do Parana\u00edba\"},\"image\":{\"@id\":\"https:\/\/www.fiemg.com.br\/regional-vale-do-paranaiba\/#\/schema\/logo\/image\/\"}}]}<\/script>\n<!-- \/ Yoast SEO plugin. -->","yoast_head_json":{"title":"Diretor da FIEMG Regional Vale do Parana\u00edba visita ind\u00fastria Trebeschi em Araguari - Regional Vale do Parana\u00edba","robots":{"index":"index","follow":"follow","max-snippet":"max-snippet:-1","max-image-preview":"max-image-preview:large","max-video-preview":"max-video-preview:-1"},"canonical":"https:\/\/www.fiemg.com.br\/regional-vale-do-paranaiba\/noticias\/diretor-da-fiemg-regional-vale-do-paranaiba-visita-industria-trebeschi-em-araguari\/","og_locale":"pt_BR","og_type":"article","og_title":"Diretor da FIEMG Regional Vale do Parana\u00edba visita ind\u00fastria Trebeschi em Araguari - Regional Vale do Parana\u00edba","og_description":"Foi realizada na manh\u00e3 de hoje (24), uma visita estrat\u00e9gica na tradicional ind\u00fastria de tomates araguarina, Trebeschi. Participaram do encontro o diretor da FIEMG Regional Vale do Parana\u00edba, Mauro Cunha, a gerente do SESI SENAI Araguari,. Vanda L\u00facia, o supervisor t\u00e9cnico, Alexandre Oliveira, um dos s\u00f3cios propriet\u00e1rios, Erico Trebeschi e o diretor da empresa, Jos\u00e9 [&hellip;]","og_url":"https:\/\/www.fiemg.com.br\/regional-vale-do-paranaiba\/noticias\/diretor-da-fiemg-regional-vale-do-paranaiba-visita-industria-trebeschi-em-araguari\/","og_site_name":"Regional Vale do Parana\u00edba","article_modified_time":"2025-02-24T14:01:52+00:00","og_image":[{"width":900,"height":1600,"url":"https:\/\/www.fiemg.com.br\/regional-vale-do-paranaiba\/wp-content\/uploads\/sites\/24\/2025\/02\/WhatsApp-Image-2025-02-24-at-09.52.29.jpeg","type":"image\/jpeg"}],"twitter_card":"summary_large_image","twitter_misc":{"Est. tempo de leitura":"3 minutos"},"schema":{"@context":"https:\/\/schema.org","@graph":[{"@type":"WebPage","@id":"https:\/\/www.fiemg.com.br\/regional-vale-do-paranaiba\/noticias\/diretor-da-fiemg-regional-vale-do-paranaiba-visita-industria-trebeschi-em-araguari\/","url":"https:\/\/www.fiemg.com.br\/regional-vale-do-paranaiba\/noticias\/diretor-da-fiemg-regional-vale-do-paranaiba-visita-industria-trebeschi-em-araguari\/","name":"Diretor da FIEMG Regional Vale do Parana\u00edba visita ind\u00fastria Trebeschi em Araguari - Regional Vale do Parana\u00edba","isPartOf":{"@id":"https:\/\/www.fiemg.com.br\/regional-vale-do-paranaiba\/#website"},"primaryImageOfPage":{"@id":"https:\/\/www.fiemg.com.br\/regional-vale-do-paranaiba\/noticias\/diretor-da-fiemg-regional-vale-do-paranaiba-visita-industria-trebeschi-em-araguari\/#primaryimage"},"image":{"@id":"https:\/\/www.fiemg.com.br\/regional-vale-do-paranaiba\/noticias\/diretor-da-fiemg-regional-vale-do-paranaiba-visita-industria-trebeschi-em-araguari\/#primaryimage"},"thumbnailUrl":"https:\/\/www.fiemg.com.br\/regional-vale-do-paranaiba\/wp-content\/uploads\/sites\/24\/2025\/02\/WhatsApp-Image-2025-02-24-at-09.52.29.jpeg","datePublished":"2025-02-24T14:01:51+00:00","dateModified":"2025-02-24T14:01:52+00:00","breadcrumb":{"@id":"https:\/\/www.fiemg.com.br\/regional-vale-do-paranaiba\/noticias\/diretor-da-fiemg-regional-vale-do-paranaiba-visita-industria-trebeschi-em-araguari\/#breadcrumb"},"inLanguage":"pt-BR","potentialAction":[{"@type":"ReadAction","target":["https:\/\/www.fiemg.com.br\/regional-vale-do-paranaiba\/noticias\/diretor-da-fiemg-regional-vale-do-paranaiba-visita-industria-trebeschi-em-araguari\/"]}]},{"@type":"ImageObject","inLanguage":"pt-BR","@id":"https:\/\/www.fiemg.com.br\/regional-vale-do-paranaiba\/noticias\/diretor-da-fiemg-regional-vale-do-paranaiba-visita-industria-trebeschi-em-araguari\/#primaryimage","url":"https:\/\/www.fiemg.com.br\/regional-vale-do-paranaiba\/wp-content\/uploads\/sites\/24\/2025\/02\/WhatsApp-Image-2025-02-24-at-09.52.29.jpeg","contentUrl":"https:\/\/www.fiemg.com.br\/regional-vale-do-paranaiba\/wp-content\/uploads\/sites\/24\/2025\/02\/WhatsApp-Image-2025-02-24-at-09.52.29.jpeg","width":900,"height":1600},{"@type":"BreadcrumbList","@id":"https:\/\/www.fiemg.com.br\/regional-vale-do-paranaiba\/noticias\/diretor-da-fiemg-regional-vale-do-paranaiba-visita-industria-trebeschi-em-araguari\/#breadcrumb","itemListElement":[{"@type":"ListItem","position":1,"name":"In\u00edcio","item":"https:\/\/www.fiemg.com.br\/regional-vale-do-paranaiba\/"},{"@type":"ListItem","position":2,"name":"Diretor da FIEMG Regional Vale do Parana\u00edba visita ind\u00fastria Trebeschi em Araguari"}]},{"@type":"WebSite","@id":"https:\/\/www.fiemg.com.br\/regional-vale-do-paranaiba\/#website","url":"https:\/\/www.fiemg.com.br\/regional-vale-do-paranaiba\/","name":"Regional Vale do Parana\u00edba","description":"Federa\u00e7\u00e3o das Ind\u00fastrias do Estado de Minas Gerais","publisher":{"@id":"https:\/\/www.fiemg.com.br\/regional-vale-do-paranaiba\/#organization"},"potentialAction":[{"@type":"SearchAction","target":{"@type":"EntryPoint","urlTemplate":"https:\/\/www.fiemg.com.br\/regional-vale-do-paranaiba\/?s={search_term_string}"},"query-input":{"@type":"PropertyValueSpecification","valueRequired":true,"valueName":"search_term_string"}}],"inLanguage":"pt-BR"},{"@type":"Organization","@id":"https:\/\/www.fiemg.com.br\/regional-vale-do-paranaiba\/#organization","name":"Regional Vale do Parana\u00edba","url":"https:\/\/www.fiemg.com.br\/regional-vale-do-paranaiba\/","logo":{"@type":"ImageObject","inLanguage":"pt-BR","@id":"https:\/\/www.fiemg.com.br\/regional-vale-do-paranaiba\/#\/schema\/logo\/image\/","url":"https:\/\/www.fiemg.com.br\/regional-vale-do-paranaiba\/wp-content\/uploads\/sites\/24\/2023\/02\/Ativo-1.png","contentUrl":"https:\/\/www.fiemg.com.br\/regional-vale-do-paranaiba\/wp-content\/uploads\/sites\/24\/2023\/02\/Ativo-1.png","width":563,"height":149,"caption":"Regional Vale do Parana\u00edba"},"image":{"@id":"https:\/\/www.fiemg.com.br\/regional-vale-do-paranaiba\/#\/schema\/logo\/image\/"}}]}},"_links":{"self":[{"href":"https:\/\/www.fiemg.com.br\/regional-vale-do-paranaiba\/wp-json\/wp\/v2\/noticias\/2733","targetHints":{"allow":["GET"]}}],"collection":[{"href":"https:\/\/www.fiemg.com.br\/regional-vale-do-paranaiba\/wp-json\/wp\/v2\/noticias"}],"about":[{"href":"https:\/\/www.fiemg.com.br\/regional-vale-do-paranaiba\/wp-json\/wp\/v2\/types\/noticias"}],"wp:featuredmedia":[{"embeddable":true,"href":"https:\/\/www.fiemg.com.br\/regional-vale-do-paranaiba\/wp-json\/wp\/v2\/media\/2735"}],"wp:attachment":[{"href":"https:\/\/www.fiemg.com.br\/regional-vale-do-paranaiba\/wp-json\/wp\/v2\/media?parent=2733"}],"wp:term":[{"taxonomy":"category","embeddable":true,"href":"https:\/\/www.fiemg.com.br\/regional-vale-do-paranaiba\/wp-json\/wp\/v2\/categories?post=2733"},{"taxonomy":"post_tag","embeddable":true,"href":"https:\/\/www.fiemg.com.br\/regional-vale-do-paranaiba\/wp-json\/wp\/v2\/tags?post=2733"}],"curies":[{"name":"wp","href":"https:\/\/api.w.org\/{rel}","templated":true}]}}