{"id":2764,"date":"2025-03-13T11:37:33","date_gmt":"2025-03-13T14:37:33","guid":{"rendered":"https:\/\/www.fiemg.com.br\/regional-vale-do-paranaiba\/?post_type=noticias&#038;p=2764"},"modified":"2025-03-13T11:40:23","modified_gmt":"2025-03-13T14:40:23","slug":"reuniao-mensal-com-executivas-sindicais-e-realizada-na-fiemg-regional-vale-do-paranaiba","status":"publish","type":"noticias","link":"https:\/\/www.fiemg.com.br\/regional-vale-do-paranaiba\/noticias\/reuniao-mensal-com-executivas-sindicais-e-realizada-na-fiemg-regional-vale-do-paranaiba\/","title":{"rendered":"Reuni\u00e3o mensal com executivas sindicais \u00e9 realizada na FIEMG Regional Vale do Parana\u00edba"},"content":{"rendered":"\n<figure class=\"wp-block-image size-large\"><img fetchpriority=\"high\" decoding=\"async\" width=\"1024\" height=\"576\" src=\"https:\/\/www.fiemg.com.br\/regional-vale-do-paranaiba\/wp-content\/uploads\/sites\/24\/2025\/03\/WhatsApp-Image-2025-03-13-at-10.07.41-1024x576.jpeg\" alt=\"\" class=\"wp-image-2765\" srcset=\"https:\/\/www.fiemg.com.br\/regional-vale-do-paranaiba\/wp-content\/uploads\/sites\/24\/2025\/03\/WhatsApp-Image-2025-03-13-at-10.07.41-1024x576.jpeg 1024w, https:\/\/www.fiemg.com.br\/regional-vale-do-paranaiba\/wp-content\/uploads\/sites\/24\/2025\/03\/WhatsApp-Image-2025-03-13-at-10.07.41-300x169.jpeg 300w, https:\/\/www.fiemg.com.br\/regional-vale-do-paranaiba\/wp-content\/uploads\/sites\/24\/2025\/03\/WhatsApp-Image-2025-03-13-at-10.07.41-768x432.jpeg 768w, https:\/\/www.fiemg.com.br\/regional-vale-do-paranaiba\/wp-content\/uploads\/sites\/24\/2025\/03\/WhatsApp-Image-2025-03-13-at-10.07.41-1536x864.jpeg 1536w, https:\/\/www.fiemg.com.br\/regional-vale-do-paranaiba\/wp-content\/uploads\/sites\/24\/2025\/03\/WhatsApp-Image-2025-03-13-at-10.07.41.jpeg 1600w\" sizes=\"(max-width: 1024px) 100vw, 1024px\" \/><\/figure>\n\n\n\n<p>Foi realizada na manh\u00e3 de hoje (13) a reuni\u00e3o mensal com as executivas sindicais da FIEMG Regional Vale do Parana\u00edba. O intuito dos encontros mensais \u00e9 manter o alinhamento de informa\u00e7\u00f5es e apresenta\u00e7\u00e3o de servi\u00e7os  \u00fateis para os sindicatos bem como suas ind\u00fastrias associadas.<\/p>\n\n\n\n<p>A pauta da reuni\u00e3o trouxe tem\u00e1ticas relevantes, como a nova atua\u00e7\u00e3o da Credifiemg, os servi\u00e7os do SESI Vida em Uberl\u00e2ndia e regi\u00e3o, desempenho da equipe comercial da FIEMG e apresenta\u00e7\u00e3o dos relat\u00f3rios de comunica\u00e7\u00e3o personalizados para cada sindicato.<\/p>\n\n\n\n<p>Participaram do encontro o representante da Credifiemg, Jairo In\u00e1cio, a gerente do SESI Vida, Aline Santos, o agente de relacionamento com mercado da FIEMG, Edson Bennet, e as executivas, Wellen Rezende (SIAU), Wyara Rezende (Sindmetal), Geuza F\u00e9lix (Sindmob, Sindpan, Sindgraf) e Luna Grazielly (Sindarroz).<\/p>\n\n\n\n<p>A equipe da FIEMG Regional Vale do Parana\u00edba, respons\u00e1vel por promover o encontro, tamb\u00e9m marcou presen\u00e7a com o analista de rela\u00e7\u00f5es empresarias da FIEMG Regional, M\u00e1rio S\u00e9rio Pires, a analista de comunica\u00e7\u00e3o, Ariane Bocamino e o assistente administrativo, Jo\u00e3o Paulo Santana.<\/p>\n\n\n\n<p>O feed back das coordenadoras logo ap\u00f3s a reuni\u00e3o foi muito positivo, em especial no que se refere a oportunidade de terem contato com informa\u00e7\u00f5es e solu\u00e7\u00f5es que a FIEMG oferta mas que n\u00e3o era de conhecimento delas at\u00e9 ent\u00e3o.<\/p>\n\n\n\n<p>As reuni\u00f5es com as executivas sindicais acontecem na FIEMG Regional Vale do Parana\u00edba em toda primeira quinzena de cada m\u00eas.<\/p>\n","protected":false},"featured_media":2765,"template":"","categories":[],"tags":[],"class_list":["post-2764","noticias","type-noticias","status-publish","has-post-thumbnail","hentry"],"acf":[],"yoast_head":"<!-- This site is optimized with the Yoast SEO plugin v26.2 - https:\/\/yoast.com\/wordpress\/plugins\/seo\/ -->\n<title>Reuni\u00e3o mensal com executivas sindicais \u00e9 realizada na FIEMG Regional Vale do Parana\u00edba - Regional Vale do Parana\u00edba<\/title>\n<meta name=\"robots\" content=\"index, follow, max-snippet:-1, max-image-preview:large, max-video-preview:-1\" \/>\n<link rel=\"canonical\" href=\"https:\/\/www.fiemg.com.br\/regional-vale-do-paranaiba\/noticias\/reuniao-mensal-com-executivas-sindicais-e-realizada-na-fiemg-regional-vale-do-paranaiba\/\" \/>\n<meta property=\"og:locale\" content=\"pt_BR\" \/>\n<meta property=\"og:type\" content=\"article\" \/>\n<meta property=\"og:title\" content=\"Reuni\u00e3o mensal com executivas sindicais \u00e9 realizada na FIEMG Regional Vale do Parana\u00edba - Regional Vale do Parana\u00edba\" \/>\n<meta property=\"og:description\" content=\"Foi realizada na manh\u00e3 de hoje (13) a reuni\u00e3o mensal com as executivas sindicais da FIEMG Regional Vale do Parana\u00edba. O intuito dos encontros mensais \u00e9 manter o alinhamento de informa\u00e7\u00f5es e apresenta\u00e7\u00e3o de servi\u00e7os \u00fateis para os sindicatos bem como suas ind\u00fastrias associadas. A pauta da reuni\u00e3o trouxe tem\u00e1ticas relevantes, como a nova atua\u00e7\u00e3o [&hellip;]\" \/>\n<meta property=\"og:url\" content=\"https:\/\/www.fiemg.com.br\/regional-vale-do-paranaiba\/noticias\/reuniao-mensal-com-executivas-sindicais-e-realizada-na-fiemg-regional-vale-do-paranaiba\/\" \/>\n<meta property=\"og:site_name\" content=\"Regional Vale do Parana\u00edba\" \/>\n<meta property=\"article:modified_time\" content=\"2025-03-13T14:40:23+00:00\" \/>\n<meta property=\"og:image\" content=\"https:\/\/www.fiemg.com.br\/regional-vale-do-paranaiba\/wp-content\/uploads\/sites\/24\/2025\/03\/WhatsApp-Image-2025-03-13-at-10.07.41.jpeg\" \/>\n\t<meta property=\"og:image:width\" content=\"1600\" \/>\n\t<meta property=\"og:image:height\" content=\"900\" \/>\n\t<meta property=\"og:image:type\" content=\"image\/jpeg\" \/>\n<meta name=\"twitter:card\" content=\"summary_large_image\" \/>\n<meta name=\"twitter:label1\" content=\"Est. tempo de leitura\" \/>\n\t<meta name=\"twitter:data1\" content=\"2 minutos\" \/>\n<script type=\"application\/ld+json\" class=\"yoast-schema-graph\">{\"@context\":\"https:\/\/schema.org\",\"@graph\":[{\"@type\":\"WebPage\",\"@id\":\"https:\/\/www.fiemg.com.br\/regional-vale-do-paranaiba\/noticias\/reuniao-mensal-com-executivas-sindicais-e-realizada-na-fiemg-regional-vale-do-paranaiba\/\",\"url\":\"https:\/\/www.fiemg.com.br\/regional-vale-do-paranaiba\/noticias\/reuniao-mensal-com-executivas-sindicais-e-realizada-na-fiemg-regional-vale-do-paranaiba\/\",\"name\":\"Reuni\u00e3o mensal com executivas sindicais \u00e9 realizada na FIEMG Regional Vale do Parana\u00edba - Regional Vale do Parana\u00edba\",\"isPartOf\":{\"@id\":\"https:\/\/www.fiemg.com.br\/regional-vale-do-paranaiba\/#website\"},\"primaryImageOfPage\":{\"@id\":\"https:\/\/www.fiemg.com.br\/regional-vale-do-paranaiba\/noticias\/reuniao-mensal-com-executivas-sindicais-e-realizada-na-fiemg-regional-vale-do-paranaiba\/#primaryimage\"},\"image\":{\"@id\":\"https:\/\/www.fiemg.com.br\/regional-vale-do-paranaiba\/noticias\/reuniao-mensal-com-executivas-sindicais-e-realizada-na-fiemg-regional-vale-do-paranaiba\/#primaryimage\"},\"thumbnailUrl\":\"https:\/\/www.fiemg.com.br\/regional-vale-do-paranaiba\/wp-content\/uploads\/sites\/24\/2025\/03\/WhatsApp-Image-2025-03-13-at-10.07.41.jpeg\",\"datePublished\":\"2025-03-13T14:37:33+00:00\",\"dateModified\":\"2025-03-13T14:40:23+00:00\",\"breadcrumb\":{\"@id\":\"https:\/\/www.fiemg.com.br\/regional-vale-do-paranaiba\/noticias\/reuniao-mensal-com-executivas-sindicais-e-realizada-na-fiemg-regional-vale-do-paranaiba\/#breadcrumb\"},\"inLanguage\":\"pt-BR\",\"potentialAction\":[{\"@type\":\"ReadAction\",\"target\":[\"https:\/\/www.fiemg.com.br\/regional-vale-do-paranaiba\/noticias\/reuniao-mensal-com-executivas-sindicais-e-realizada-na-fiemg-regional-vale-do-paranaiba\/\"]}]},{\"@type\":\"ImageObject\",\"inLanguage\":\"pt-BR\",\"@id\":\"https:\/\/www.fiemg.com.br\/regional-vale-do-paranaiba\/noticias\/reuniao-mensal-com-executivas-sindicais-e-realizada-na-fiemg-regional-vale-do-paranaiba\/#primaryimage\",\"url\":\"https:\/\/www.fiemg.com.br\/regional-vale-do-paranaiba\/wp-content\/uploads\/sites\/24\/2025\/03\/WhatsApp-Image-2025-03-13-at-10.07.41.jpeg\",\"contentUrl\":\"https:\/\/www.fiemg.com.br\/regional-vale-do-paranaiba\/wp-content\/uploads\/sites\/24\/2025\/03\/WhatsApp-Image-2025-03-13-at-10.07.41.jpeg\",\"width\":1600,\"height\":900},{\"@type\":\"BreadcrumbList\",\"@id\":\"https:\/\/www.fiemg.com.br\/regional-vale-do-paranaiba\/noticias\/reuniao-mensal-com-executivas-sindicais-e-realizada-na-fiemg-regional-vale-do-paranaiba\/#breadcrumb\",\"itemListElement\":[{\"@type\":\"ListItem\",\"position\":1,\"name\":\"In\u00edcio\",\"item\":\"https:\/\/www.fiemg.com.br\/regional-vale-do-paranaiba\/\"},{\"@type\":\"ListItem\",\"position\":2,\"name\":\"Reuni\u00e3o mensal com executivas sindicais \u00e9 realizada na FIEMG Regional Vale do Parana\u00edba\"}]},{\"@type\":\"WebSite\",\"@id\":\"https:\/\/www.fiemg.com.br\/regional-vale-do-paranaiba\/#website\",\"url\":\"https:\/\/www.fiemg.com.br\/regional-vale-do-paranaiba\/\",\"name\":\"Regional Vale do Parana\u00edba\",\"description\":\"Federa\u00e7\u00e3o das Ind\u00fastrias do Estado de Minas Gerais\",\"publisher\":{\"@id\":\"https:\/\/www.fiemg.com.br\/regional-vale-do-paranaiba\/#organization\"},\"potentialAction\":[{\"@type\":\"SearchAction\",\"target\":{\"@type\":\"EntryPoint\",\"urlTemplate\":\"https:\/\/www.fiemg.com.br\/regional-vale-do-paranaiba\/?s={search_term_string}\"},\"query-input\":{\"@type\":\"PropertyValueSpecification\",\"valueRequired\":true,\"valueName\":\"search_term_string\"}}],\"inLanguage\":\"pt-BR\"},{\"@type\":\"Organization\",\"@id\":\"https:\/\/www.fiemg.com.br\/regional-vale-do-paranaiba\/#organization\",\"name\":\"Regional Vale do Parana\u00edba\",\"url\":\"https:\/\/www.fiemg.com.br\/regional-vale-do-paranaiba\/\",\"logo\":{\"@type\":\"ImageObject\",\"inLanguage\":\"pt-BR\",\"@id\":\"https:\/\/www.fiemg.com.br\/regional-vale-do-paranaiba\/#\/schema\/logo\/image\/\",\"url\":\"https:\/\/www.fiemg.com.br\/regional-vale-do-paranaiba\/wp-content\/uploads\/sites\/24\/2023\/02\/Ativo-1.png\",\"contentUrl\":\"https:\/\/www.fiemg.com.br\/regional-vale-do-paranaiba\/wp-content\/uploads\/sites\/24\/2023\/02\/Ativo-1.png\",\"width\":563,\"height\":149,\"caption\":\"Regional Vale do Parana\u00edba\"},\"image\":{\"@id\":\"https:\/\/www.fiemg.com.br\/regional-vale-do-paranaiba\/#\/schema\/logo\/image\/\"}}]}<\/script>\n<!-- \/ Yoast SEO plugin. -->","yoast_head_json":{"title":"Reuni\u00e3o mensal com executivas sindicais \u00e9 realizada na FIEMG Regional Vale do Parana\u00edba - Regional Vale do Parana\u00edba","robots":{"index":"index","follow":"follow","max-snippet":"max-snippet:-1","max-image-preview":"max-image-preview:large","max-video-preview":"max-video-preview:-1"},"canonical":"https:\/\/www.fiemg.com.br\/regional-vale-do-paranaiba\/noticias\/reuniao-mensal-com-executivas-sindicais-e-realizada-na-fiemg-regional-vale-do-paranaiba\/","og_locale":"pt_BR","og_type":"article","og_title":"Reuni\u00e3o mensal com executivas sindicais \u00e9 realizada na FIEMG Regional Vale do Parana\u00edba - Regional Vale do Parana\u00edba","og_description":"Foi realizada na manh\u00e3 de hoje (13) a reuni\u00e3o mensal com as executivas sindicais da FIEMG Regional Vale do Parana\u00edba. O intuito dos encontros mensais \u00e9 manter o alinhamento de informa\u00e7\u00f5es e apresenta\u00e7\u00e3o de servi\u00e7os \u00fateis para os sindicatos bem como suas ind\u00fastrias associadas. A pauta da reuni\u00e3o trouxe tem\u00e1ticas relevantes, como a nova atua\u00e7\u00e3o [&hellip;]","og_url":"https:\/\/www.fiemg.com.br\/regional-vale-do-paranaiba\/noticias\/reuniao-mensal-com-executivas-sindicais-e-realizada-na-fiemg-regional-vale-do-paranaiba\/","og_site_name":"Regional Vale do Parana\u00edba","article_modified_time":"2025-03-13T14:40:23+00:00","og_image":[{"width":1600,"height":900,"url":"https:\/\/www.fiemg.com.br\/regional-vale-do-paranaiba\/wp-content\/uploads\/sites\/24\/2025\/03\/WhatsApp-Image-2025-03-13-at-10.07.41.jpeg","type":"image\/jpeg"}],"twitter_card":"summary_large_image","twitter_misc":{"Est. tempo de leitura":"2 minutos"},"schema":{"@context":"https:\/\/schema.org","@graph":[{"@type":"WebPage","@id":"https:\/\/www.fiemg.com.br\/regional-vale-do-paranaiba\/noticias\/reuniao-mensal-com-executivas-sindicais-e-realizada-na-fiemg-regional-vale-do-paranaiba\/","url":"https:\/\/www.fiemg.com.br\/regional-vale-do-paranaiba\/noticias\/reuniao-mensal-com-executivas-sindicais-e-realizada-na-fiemg-regional-vale-do-paranaiba\/","name":"Reuni\u00e3o mensal com executivas sindicais \u00e9 realizada na FIEMG Regional Vale do Parana\u00edba - Regional Vale do Parana\u00edba","isPartOf":{"@id":"https:\/\/www.fiemg.com.br\/regional-vale-do-paranaiba\/#website"},"primaryImageOfPage":{"@id":"https:\/\/www.fiemg.com.br\/regional-vale-do-paranaiba\/noticias\/reuniao-mensal-com-executivas-sindicais-e-realizada-na-fiemg-regional-vale-do-paranaiba\/#primaryimage"},"image":{"@id":"https:\/\/www.fiemg.com.br\/regional-vale-do-paranaiba\/noticias\/reuniao-mensal-com-executivas-sindicais-e-realizada-na-fiemg-regional-vale-do-paranaiba\/#primaryimage"},"thumbnailUrl":"https:\/\/www.fiemg.com.br\/regional-vale-do-paranaiba\/wp-content\/uploads\/sites\/24\/2025\/03\/WhatsApp-Image-2025-03-13-at-10.07.41.jpeg","datePublished":"2025-03-13T14:37:33+00:00","dateModified":"2025-03-13T14:40:23+00:00","breadcrumb":{"@id":"https:\/\/www.fiemg.com.br\/regional-vale-do-paranaiba\/noticias\/reuniao-mensal-com-executivas-sindicais-e-realizada-na-fiemg-regional-vale-do-paranaiba\/#breadcrumb"},"inLanguage":"pt-BR","potentialAction":[{"@type":"ReadAction","target":["https:\/\/www.fiemg.com.br\/regional-vale-do-paranaiba\/noticias\/reuniao-mensal-com-executivas-sindicais-e-realizada-na-fiemg-regional-vale-do-paranaiba\/"]}]},{"@type":"ImageObject","inLanguage":"pt-BR","@id":"https:\/\/www.fiemg.com.br\/regional-vale-do-paranaiba\/noticias\/reuniao-mensal-com-executivas-sindicais-e-realizada-na-fiemg-regional-vale-do-paranaiba\/#primaryimage","url":"https:\/\/www.fiemg.com.br\/regional-vale-do-paranaiba\/wp-content\/uploads\/sites\/24\/2025\/03\/WhatsApp-Image-2025-03-13-at-10.07.41.jpeg","contentUrl":"https:\/\/www.fiemg.com.br\/regional-vale-do-paranaiba\/wp-content\/uploads\/sites\/24\/2025\/03\/WhatsApp-Image-2025-03-13-at-10.07.41.jpeg","width":1600,"height":900},{"@type":"BreadcrumbList","@id":"https:\/\/www.fiemg.com.br\/regional-vale-do-paranaiba\/noticias\/reuniao-mensal-com-executivas-sindicais-e-realizada-na-fiemg-regional-vale-do-paranaiba\/#breadcrumb","itemListElement":[{"@type":"ListItem","position":1,"name":"In\u00edcio","item":"https:\/\/www.fiemg.com.br\/regional-vale-do-paranaiba\/"},{"@type":"ListItem","position":2,"name":"Reuni\u00e3o mensal com executivas sindicais \u00e9 realizada na FIEMG Regional Vale do Parana\u00edba"}]},{"@type":"WebSite","@id":"https:\/\/www.fiemg.com.br\/regional-vale-do-paranaiba\/#website","url":"https:\/\/www.fiemg.com.br\/regional-vale-do-paranaiba\/","name":"Regional Vale do Parana\u00edba","description":"Federa\u00e7\u00e3o das Ind\u00fastrias do Estado de Minas Gerais","publisher":{"@id":"https:\/\/www.fiemg.com.br\/regional-vale-do-paranaiba\/#organization"},"potentialAction":[{"@type":"SearchAction","target":{"@type":"EntryPoint","urlTemplate":"https:\/\/www.fiemg.com.br\/regional-vale-do-paranaiba\/?s={search_term_string}"},"query-input":{"@type":"PropertyValueSpecification","valueRequired":true,"valueName":"search_term_string"}}],"inLanguage":"pt-BR"},{"@type":"Organization","@id":"https:\/\/www.fiemg.com.br\/regional-vale-do-paranaiba\/#organization","name":"Regional Vale do Parana\u00edba","url":"https:\/\/www.fiemg.com.br\/regional-vale-do-paranaiba\/","logo":{"@type":"ImageObject","inLanguage":"pt-BR","@id":"https:\/\/www.fiemg.com.br\/regional-vale-do-paranaiba\/#\/schema\/logo\/image\/","url":"https:\/\/www.fiemg.com.br\/regional-vale-do-paranaiba\/wp-content\/uploads\/sites\/24\/2023\/02\/Ativo-1.png","contentUrl":"https:\/\/www.fiemg.com.br\/regional-vale-do-paranaiba\/wp-content\/uploads\/sites\/24\/2023\/02\/Ativo-1.png","width":563,"height":149,"caption":"Regional Vale do Parana\u00edba"},"image":{"@id":"https:\/\/www.fiemg.com.br\/regional-vale-do-paranaiba\/#\/schema\/logo\/image\/"}}]}},"_links":{"self":[{"href":"https:\/\/www.fiemg.com.br\/regional-vale-do-paranaiba\/wp-json\/wp\/v2\/noticias\/2764","targetHints":{"allow":["GET"]}}],"collection":[{"href":"https:\/\/www.fiemg.com.br\/regional-vale-do-paranaiba\/wp-json\/wp\/v2\/noticias"}],"about":[{"href":"https:\/\/www.fiemg.com.br\/regional-vale-do-paranaiba\/wp-json\/wp\/v2\/types\/noticias"}],"wp:featuredmedia":[{"embeddable":true,"href":"https:\/\/www.fiemg.com.br\/regional-vale-do-paranaiba\/wp-json\/wp\/v2\/media\/2765"}],"wp:attachment":[{"href":"https:\/\/www.fiemg.com.br\/regional-vale-do-paranaiba\/wp-json\/wp\/v2\/media?parent=2764"}],"wp:term":[{"taxonomy":"category","embeddable":true,"href":"https:\/\/www.fiemg.com.br\/regional-vale-do-paranaiba\/wp-json\/wp\/v2\/categories?post=2764"},{"taxonomy":"post_tag","embeddable":true,"href":"https:\/\/www.fiemg.com.br\/regional-vale-do-paranaiba\/wp-json\/wp\/v2\/tags?post=2764"}],"curies":[{"name":"wp","href":"https:\/\/api.w.org\/{rel}","templated":true}]}}