{"id":2852,"date":"2025-04-01T16:14:49","date_gmt":"2025-04-01T19:14:49","guid":{"rendered":"https:\/\/www.fiemg.com.br\/regional-vale-do-paranaiba\/?post_type=noticias&#038;p=2852"},"modified":"2025-04-01T16:15:06","modified_gmt":"2025-04-01T19:15:06","slug":"assembleia-publica-sobre-turismo-e-gastronomia-de-araguari-e-realizada-na-noite-de-ontem-com-a-presenca-do-diretor-da-fiemg-regional-mauro-cunha-2","status":"publish","type":"noticias","link":"https:\/\/www.fiemg.com.br\/regional-vale-do-paranaiba\/noticias\/assembleia-publica-sobre-turismo-e-gastronomia-de-araguari-e-realizada-na-noite-de-ontem-com-a-presenca-do-diretor-da-fiemg-regional-mauro-cunha-2\/","title":{"rendered":"Assembl\u00e9ia p\u00fablica sobre turismo e gastronomia de Araguari \u00e9 realizada na noite de ontem com a presen\u00e7a do diretor da FIEMG Regional, Mauro Cunha"},"content":{"rendered":"\n<figure class=\"wp-block-gallery has-nested-images columns-default is-cropped wp-block-gallery-1 is-layout-flex wp-block-gallery-is-layout-flex\">\n<figure class=\"wp-block-image size-large\"><img fetchpriority=\"high\" decoding=\"async\" width=\"1024\" height=\"657\" data-id=\"2853\" src=\"https:\/\/www.fiemg.com.br\/regional-vale-do-paranaiba\/wp-content\/uploads\/sites\/24\/2025\/04\/Maurinho-1-1024x657.jpg\" alt=\"\" class=\"wp-image-2853\" srcset=\"https:\/\/www.fiemg.com.br\/regional-vale-do-paranaiba\/wp-content\/uploads\/sites\/24\/2025\/04\/Maurinho-1-1024x657.jpg 1024w, https:\/\/www.fiemg.com.br\/regional-vale-do-paranaiba\/wp-content\/uploads\/sites\/24\/2025\/04\/Maurinho-1-300x192.jpg 300w, https:\/\/www.fiemg.com.br\/regional-vale-do-paranaiba\/wp-content\/uploads\/sites\/24\/2025\/04\/Maurinho-1-768x492.jpg 768w, https:\/\/www.fiemg.com.br\/regional-vale-do-paranaiba\/wp-content\/uploads\/sites\/24\/2025\/04\/Maurinho-1.jpg 1059w\" sizes=\"(max-width: 1024px) 100vw, 1024px\" \/><\/figure>\n<\/figure>\n\n\n\n<p><strong>&nbsp;&nbsp;&nbsp;&nbsp;&nbsp;&nbsp;&nbsp;&nbsp;&nbsp; <\/strong>Na noite de ontem (31) foi presidida pelo vereador Guilherme Santana a assembl\u00e9ia p\u00fablica para o debate do turismo e gastronomia e seus respectivos desdobramentos na cidade de Araguari. Considerada refer\u00eancia na presen\u00e7a de cachoeiras e trilhas, a cidade sorriso tem atra\u00eddo n\u00e3o somente visitantes mas tamb\u00e9m o olhar das autoridades para investimento nesta tem\u00e1tica.<\/p>\n\n\n\n<p>&nbsp;&nbsp;&nbsp;&nbsp;&nbsp;&nbsp;&nbsp;&nbsp;&nbsp; Participaram do encontro, entidades como a FIEMG representada pelo diretor Mauro Cunha, CDL com o presidente Pedro Luiz, Ascomari representada por D\u00e9bora Freitas, o vice prefeito Wesley Lucas, Gleiston Silva da Associa\u00e7\u00e3o de Bares e Restaurantes de Araguari entre outras lideran\u00e7as locais.<\/p>\n\n\n\n<p>&nbsp;&nbsp;&nbsp;&nbsp;&nbsp;&nbsp;&nbsp;&nbsp;&nbsp; Foram apresentadas durante a assembleia propostas e projetos que fomentam a culin\u00e1ria local bem como o turismo, as sugest\u00f5es partiram de membros do setor hoteleiro bem como de servi\u00e7os de alimenta\u00e7\u00e3o da cidade.<\/p>\n\n\n\n<p>&nbsp;&nbsp;&nbsp;&nbsp;&nbsp;&nbsp;&nbsp;&nbsp;&nbsp; A secretaria de desenvolvimento econ\u00f4mico e turismo de Araguari, tamb\u00e9m participante na Assembl\u00e9ia, aproveitou o momento para divulgar a\u00e7\u00f5es que j\u00e1 est\u00e3o sendo realizadas no munic\u00edpio com o circuito Comida di Buteco, que promove uma competi\u00e7\u00e3o de pratos t\u00edpicos entre os restaurantes locais, no qual o pr\u00f3prio p\u00fablico decide o melhor prato. Outro projeto apresentado que j\u00e1 est\u00e1 em andamento \u00e9 a programa\u00e7\u00e3o de turismo oficial da cidade, que no m\u00eas de abril apresenta op\u00e7\u00f5es com muito entretenimento, envolvendo natureza, culin\u00e1ria e divers\u00e3o. Clique aqui e saiba mais.<\/p>\n\n\n\n<p>&nbsp;&nbsp;&nbsp;&nbsp;&nbsp;&nbsp;&nbsp;&nbsp;&nbsp; Para o diretor da FIEMG, Mauro Cunha, projetos como estes s\u00e3o de extrema relev\u00e2ncia, tanto para moradores de Araguari, turistas, empres\u00e1rios locais e a ind\u00fastria que fornece a mat\u00e9ria prima para o com\u00e9rcio. \u201cAraguari tem muito potencial, nossas cachoeiras, a culin\u00e1ria mineiro, e o principal, nosso povo, nossa uni\u00e3o. Encontros como este potencializam as iniciativas j\u00e1 existem no turismo da cidade, mas abre espa\u00e7o para a chegada das novas. E a FIEMG sempre dando todo suporte para que o turismo e toda a cadeia produtiva local se desenvolvam.\u201d<\/p>\n\n\n\n<p>&nbsp;&nbsp;&nbsp;&nbsp;&nbsp;&nbsp;&nbsp;&nbsp;&nbsp; Confira o andamento das propostas apresentadas em @fiemgregionalvaledoparanaiba<\/p>\n","protected":false},"featured_media":2854,"template":"","categories":[],"tags":[],"class_list":["post-2852","noticias","type-noticias","status-publish","has-post-thumbnail","hentry"],"acf":[],"yoast_head":"<!-- This site is optimized with the Yoast SEO plugin v26.2 - https:\/\/yoast.com\/wordpress\/plugins\/seo\/ -->\n<title>Assembl\u00e9ia p\u00fablica sobre turismo e gastronomia de Araguari \u00e9 realizada na noite de ontem com a presen\u00e7a do diretor da FIEMG Regional, Mauro Cunha - Regional Vale do Parana\u00edba<\/title>\n<meta name=\"robots\" content=\"index, follow, max-snippet:-1, max-image-preview:large, max-video-preview:-1\" \/>\n<link rel=\"canonical\" href=\"https:\/\/www.fiemg.com.br\/regional-vale-do-paranaiba\/noticias\/assembleia-publica-sobre-turismo-e-gastronomia-de-araguari-e-realizada-na-noite-de-ontem-com-a-presenca-do-diretor-da-fiemg-regional-mauro-cunha-2\/\" \/>\n<meta property=\"og:locale\" content=\"pt_BR\" \/>\n<meta property=\"og:type\" content=\"article\" \/>\n<meta property=\"og:title\" content=\"Assembl\u00e9ia p\u00fablica sobre turismo e gastronomia de Araguari \u00e9 realizada na noite de ontem com a presen\u00e7a do diretor da FIEMG Regional, Mauro Cunha - Regional Vale do Parana\u00edba\" \/>\n<meta property=\"og:description\" content=\"&nbsp;&nbsp;&nbsp;&nbsp;&nbsp;&nbsp;&nbsp;&nbsp;&nbsp; Na noite de ontem (31) foi presidida pelo vereador Guilherme Santana a assembl\u00e9ia p\u00fablica para o debate do turismo e gastronomia e seus respectivos desdobramentos na cidade de Araguari. Considerada refer\u00eancia na presen\u00e7a de cachoeiras e trilhas, a cidade sorriso tem atra\u00eddo n\u00e3o somente visitantes mas tamb\u00e9m o olhar das autoridades para investimento nesta [&hellip;]\" \/>\n<meta property=\"og:url\" content=\"https:\/\/www.fiemg.com.br\/regional-vale-do-paranaiba\/noticias\/assembleia-publica-sobre-turismo-e-gastronomia-de-araguari-e-realizada-na-noite-de-ontem-com-a-presenca-do-diretor-da-fiemg-regional-mauro-cunha-2\/\" \/>\n<meta property=\"og:site_name\" content=\"Regional Vale do Parana\u00edba\" \/>\n<meta property=\"article:modified_time\" content=\"2025-04-01T19:15:06+00:00\" \/>\n<meta property=\"og:image\" content=\"https:\/\/www.fiemg.com.br\/regional-vale-do-paranaiba\/wp-content\/uploads\/sites\/24\/2025\/04\/Maurinho-2.jpg\" \/>\n\t<meta property=\"og:image:width\" content=\"1059\" \/>\n\t<meta property=\"og:image:height\" content=\"679\" \/>\n\t<meta property=\"og:image:type\" content=\"image\/jpeg\" \/>\n<meta name=\"twitter:card\" content=\"summary_large_image\" \/>\n<meta name=\"twitter:label1\" content=\"Est. tempo de leitura\" \/>\n\t<meta name=\"twitter:data1\" content=\"3 minutos\" \/>\n<script type=\"application\/ld+json\" class=\"yoast-schema-graph\">{\"@context\":\"https:\/\/schema.org\",\"@graph\":[{\"@type\":\"WebPage\",\"@id\":\"https:\/\/www.fiemg.com.br\/regional-vale-do-paranaiba\/noticias\/assembleia-publica-sobre-turismo-e-gastronomia-de-araguari-e-realizada-na-noite-de-ontem-com-a-presenca-do-diretor-da-fiemg-regional-mauro-cunha-2\/\",\"url\":\"https:\/\/www.fiemg.com.br\/regional-vale-do-paranaiba\/noticias\/assembleia-publica-sobre-turismo-e-gastronomia-de-araguari-e-realizada-na-noite-de-ontem-com-a-presenca-do-diretor-da-fiemg-regional-mauro-cunha-2\/\",\"name\":\"Assembl\u00e9ia p\u00fablica sobre turismo e gastronomia de Araguari \u00e9 realizada na noite de ontem com a presen\u00e7a do diretor da FIEMG Regional, Mauro Cunha - Regional Vale do Parana\u00edba\",\"isPartOf\":{\"@id\":\"https:\/\/www.fiemg.com.br\/regional-vale-do-paranaiba\/#website\"},\"primaryImageOfPage\":{\"@id\":\"https:\/\/www.fiemg.com.br\/regional-vale-do-paranaiba\/noticias\/assembleia-publica-sobre-turismo-e-gastronomia-de-araguari-e-realizada-na-noite-de-ontem-com-a-presenca-do-diretor-da-fiemg-regional-mauro-cunha-2\/#primaryimage\"},\"image\":{\"@id\":\"https:\/\/www.fiemg.com.br\/regional-vale-do-paranaiba\/noticias\/assembleia-publica-sobre-turismo-e-gastronomia-de-araguari-e-realizada-na-noite-de-ontem-com-a-presenca-do-diretor-da-fiemg-regional-mauro-cunha-2\/#primaryimage\"},\"thumbnailUrl\":\"https:\/\/www.fiemg.com.br\/regional-vale-do-paranaiba\/wp-content\/uploads\/sites\/24\/2025\/04\/Maurinho-2.jpg\",\"datePublished\":\"2025-04-01T19:14:49+00:00\",\"dateModified\":\"2025-04-01T19:15:06+00:00\",\"breadcrumb\":{\"@id\":\"https:\/\/www.fiemg.com.br\/regional-vale-do-paranaiba\/noticias\/assembleia-publica-sobre-turismo-e-gastronomia-de-araguari-e-realizada-na-noite-de-ontem-com-a-presenca-do-diretor-da-fiemg-regional-mauro-cunha-2\/#breadcrumb\"},\"inLanguage\":\"pt-BR\",\"potentialAction\":[{\"@type\":\"ReadAction\",\"target\":[\"https:\/\/www.fiemg.com.br\/regional-vale-do-paranaiba\/noticias\/assembleia-publica-sobre-turismo-e-gastronomia-de-araguari-e-realizada-na-noite-de-ontem-com-a-presenca-do-diretor-da-fiemg-regional-mauro-cunha-2\/\"]}]},{\"@type\":\"ImageObject\",\"inLanguage\":\"pt-BR\",\"@id\":\"https:\/\/www.fiemg.com.br\/regional-vale-do-paranaiba\/noticias\/assembleia-publica-sobre-turismo-e-gastronomia-de-araguari-e-realizada-na-noite-de-ontem-com-a-presenca-do-diretor-da-fiemg-regional-mauro-cunha-2\/#primaryimage\",\"url\":\"https:\/\/www.fiemg.com.br\/regional-vale-do-paranaiba\/wp-content\/uploads\/sites\/24\/2025\/04\/Maurinho-2.jpg\",\"contentUrl\":\"https:\/\/www.fiemg.com.br\/regional-vale-do-paranaiba\/wp-content\/uploads\/sites\/24\/2025\/04\/Maurinho-2.jpg\",\"width\":1059,\"height\":679},{\"@type\":\"BreadcrumbList\",\"@id\":\"https:\/\/www.fiemg.com.br\/regional-vale-do-paranaiba\/noticias\/assembleia-publica-sobre-turismo-e-gastronomia-de-araguari-e-realizada-na-noite-de-ontem-com-a-presenca-do-diretor-da-fiemg-regional-mauro-cunha-2\/#breadcrumb\",\"itemListElement\":[{\"@type\":\"ListItem\",\"position\":1,\"name\":\"In\u00edcio\",\"item\":\"https:\/\/www.fiemg.com.br\/regional-vale-do-paranaiba\/\"},{\"@type\":\"ListItem\",\"position\":2,\"name\":\"Assembl\u00e9ia p\u00fablica sobre turismo e gastronomia de Araguari \u00e9 realizada na noite de ontem com a presen\u00e7a do diretor da FIEMG Regional, Mauro Cunha\"}]},{\"@type\":\"WebSite\",\"@id\":\"https:\/\/www.fiemg.com.br\/regional-vale-do-paranaiba\/#website\",\"url\":\"https:\/\/www.fiemg.com.br\/regional-vale-do-paranaiba\/\",\"name\":\"Regional Vale do Parana\u00edba\",\"description\":\"Federa\u00e7\u00e3o das Ind\u00fastrias do Estado de Minas Gerais\",\"publisher\":{\"@id\":\"https:\/\/www.fiemg.com.br\/regional-vale-do-paranaiba\/#organization\"},\"potentialAction\":[{\"@type\":\"SearchAction\",\"target\":{\"@type\":\"EntryPoint\",\"urlTemplate\":\"https:\/\/www.fiemg.com.br\/regional-vale-do-paranaiba\/?s={search_term_string}\"},\"query-input\":{\"@type\":\"PropertyValueSpecification\",\"valueRequired\":true,\"valueName\":\"search_term_string\"}}],\"inLanguage\":\"pt-BR\"},{\"@type\":\"Organization\",\"@id\":\"https:\/\/www.fiemg.com.br\/regional-vale-do-paranaiba\/#organization\",\"name\":\"Regional Vale do Parana\u00edba\",\"url\":\"https:\/\/www.fiemg.com.br\/regional-vale-do-paranaiba\/\",\"logo\":{\"@type\":\"ImageObject\",\"inLanguage\":\"pt-BR\",\"@id\":\"https:\/\/www.fiemg.com.br\/regional-vale-do-paranaiba\/#\/schema\/logo\/image\/\",\"url\":\"https:\/\/www.fiemg.com.br\/regional-vale-do-paranaiba\/wp-content\/uploads\/sites\/24\/2023\/02\/Ativo-1.png\",\"contentUrl\":\"https:\/\/www.fiemg.com.br\/regional-vale-do-paranaiba\/wp-content\/uploads\/sites\/24\/2023\/02\/Ativo-1.png\",\"width\":563,\"height\":149,\"caption\":\"Regional Vale do Parana\u00edba\"},\"image\":{\"@id\":\"https:\/\/www.fiemg.com.br\/regional-vale-do-paranaiba\/#\/schema\/logo\/image\/\"}}]}<\/script>\n<!-- \/ Yoast SEO plugin. -->","yoast_head_json":{"title":"Assembl\u00e9ia p\u00fablica sobre turismo e gastronomia de Araguari \u00e9 realizada na noite de ontem com a presen\u00e7a do diretor da FIEMG Regional, Mauro Cunha - Regional Vale do Parana\u00edba","robots":{"index":"index","follow":"follow","max-snippet":"max-snippet:-1","max-image-preview":"max-image-preview:large","max-video-preview":"max-video-preview:-1"},"canonical":"https:\/\/www.fiemg.com.br\/regional-vale-do-paranaiba\/noticias\/assembleia-publica-sobre-turismo-e-gastronomia-de-araguari-e-realizada-na-noite-de-ontem-com-a-presenca-do-diretor-da-fiemg-regional-mauro-cunha-2\/","og_locale":"pt_BR","og_type":"article","og_title":"Assembl\u00e9ia p\u00fablica sobre turismo e gastronomia de Araguari \u00e9 realizada na noite de ontem com a presen\u00e7a do diretor da FIEMG Regional, Mauro Cunha - Regional Vale do Parana\u00edba","og_description":"&nbsp;&nbsp;&nbsp;&nbsp;&nbsp;&nbsp;&nbsp;&nbsp;&nbsp; Na noite de ontem (31) foi presidida pelo vereador Guilherme Santana a assembl\u00e9ia p\u00fablica para o debate do turismo e gastronomia e seus respectivos desdobramentos na cidade de Araguari. Considerada refer\u00eancia na presen\u00e7a de cachoeiras e trilhas, a cidade sorriso tem atra\u00eddo n\u00e3o somente visitantes mas tamb\u00e9m o olhar das autoridades para investimento nesta [&hellip;]","og_url":"https:\/\/www.fiemg.com.br\/regional-vale-do-paranaiba\/noticias\/assembleia-publica-sobre-turismo-e-gastronomia-de-araguari-e-realizada-na-noite-de-ontem-com-a-presenca-do-diretor-da-fiemg-regional-mauro-cunha-2\/","og_site_name":"Regional Vale do Parana\u00edba","article_modified_time":"2025-04-01T19:15:06+00:00","og_image":[{"width":1059,"height":679,"url":"https:\/\/www.fiemg.com.br\/regional-vale-do-paranaiba\/wp-content\/uploads\/sites\/24\/2025\/04\/Maurinho-2.jpg","type":"image\/jpeg"}],"twitter_card":"summary_large_image","twitter_misc":{"Est. tempo de leitura":"3 minutos"},"schema":{"@context":"https:\/\/schema.org","@graph":[{"@type":"WebPage","@id":"https:\/\/www.fiemg.com.br\/regional-vale-do-paranaiba\/noticias\/assembleia-publica-sobre-turismo-e-gastronomia-de-araguari-e-realizada-na-noite-de-ontem-com-a-presenca-do-diretor-da-fiemg-regional-mauro-cunha-2\/","url":"https:\/\/www.fiemg.com.br\/regional-vale-do-paranaiba\/noticias\/assembleia-publica-sobre-turismo-e-gastronomia-de-araguari-e-realizada-na-noite-de-ontem-com-a-presenca-do-diretor-da-fiemg-regional-mauro-cunha-2\/","name":"Assembl\u00e9ia p\u00fablica sobre turismo e gastronomia de Araguari \u00e9 realizada na noite de ontem com a presen\u00e7a do diretor da FIEMG Regional, Mauro Cunha - Regional Vale do Parana\u00edba","isPartOf":{"@id":"https:\/\/www.fiemg.com.br\/regional-vale-do-paranaiba\/#website"},"primaryImageOfPage":{"@id":"https:\/\/www.fiemg.com.br\/regional-vale-do-paranaiba\/noticias\/assembleia-publica-sobre-turismo-e-gastronomia-de-araguari-e-realizada-na-noite-de-ontem-com-a-presenca-do-diretor-da-fiemg-regional-mauro-cunha-2\/#primaryimage"},"image":{"@id":"https:\/\/www.fiemg.com.br\/regional-vale-do-paranaiba\/noticias\/assembleia-publica-sobre-turismo-e-gastronomia-de-araguari-e-realizada-na-noite-de-ontem-com-a-presenca-do-diretor-da-fiemg-regional-mauro-cunha-2\/#primaryimage"},"thumbnailUrl":"https:\/\/www.fiemg.com.br\/regional-vale-do-paranaiba\/wp-content\/uploads\/sites\/24\/2025\/04\/Maurinho-2.jpg","datePublished":"2025-04-01T19:14:49+00:00","dateModified":"2025-04-01T19:15:06+00:00","breadcrumb":{"@id":"https:\/\/www.fiemg.com.br\/regional-vale-do-paranaiba\/noticias\/assembleia-publica-sobre-turismo-e-gastronomia-de-araguari-e-realizada-na-noite-de-ontem-com-a-presenca-do-diretor-da-fiemg-regional-mauro-cunha-2\/#breadcrumb"},"inLanguage":"pt-BR","potentialAction":[{"@type":"ReadAction","target":["https:\/\/www.fiemg.com.br\/regional-vale-do-paranaiba\/noticias\/assembleia-publica-sobre-turismo-e-gastronomia-de-araguari-e-realizada-na-noite-de-ontem-com-a-presenca-do-diretor-da-fiemg-regional-mauro-cunha-2\/"]}]},{"@type":"ImageObject","inLanguage":"pt-BR","@id":"https:\/\/www.fiemg.com.br\/regional-vale-do-paranaiba\/noticias\/assembleia-publica-sobre-turismo-e-gastronomia-de-araguari-e-realizada-na-noite-de-ontem-com-a-presenca-do-diretor-da-fiemg-regional-mauro-cunha-2\/#primaryimage","url":"https:\/\/www.fiemg.com.br\/regional-vale-do-paranaiba\/wp-content\/uploads\/sites\/24\/2025\/04\/Maurinho-2.jpg","contentUrl":"https:\/\/www.fiemg.com.br\/regional-vale-do-paranaiba\/wp-content\/uploads\/sites\/24\/2025\/04\/Maurinho-2.jpg","width":1059,"height":679},{"@type":"BreadcrumbList","@id":"https:\/\/www.fiemg.com.br\/regional-vale-do-paranaiba\/noticias\/assembleia-publica-sobre-turismo-e-gastronomia-de-araguari-e-realizada-na-noite-de-ontem-com-a-presenca-do-diretor-da-fiemg-regional-mauro-cunha-2\/#breadcrumb","itemListElement":[{"@type":"ListItem","position":1,"name":"In\u00edcio","item":"https:\/\/www.fiemg.com.br\/regional-vale-do-paranaiba\/"},{"@type":"ListItem","position":2,"name":"Assembl\u00e9ia p\u00fablica sobre turismo e gastronomia de Araguari \u00e9 realizada na noite de ontem com a presen\u00e7a do diretor da FIEMG Regional, Mauro Cunha"}]},{"@type":"WebSite","@id":"https:\/\/www.fiemg.com.br\/regional-vale-do-paranaiba\/#website","url":"https:\/\/www.fiemg.com.br\/regional-vale-do-paranaiba\/","name":"Regional Vale do Parana\u00edba","description":"Federa\u00e7\u00e3o das Ind\u00fastrias do Estado de Minas Gerais","publisher":{"@id":"https:\/\/www.fiemg.com.br\/regional-vale-do-paranaiba\/#organization"},"potentialAction":[{"@type":"SearchAction","target":{"@type":"EntryPoint","urlTemplate":"https:\/\/www.fiemg.com.br\/regional-vale-do-paranaiba\/?s={search_term_string}"},"query-input":{"@type":"PropertyValueSpecification","valueRequired":true,"valueName":"search_term_string"}}],"inLanguage":"pt-BR"},{"@type":"Organization","@id":"https:\/\/www.fiemg.com.br\/regional-vale-do-paranaiba\/#organization","name":"Regional Vale do Parana\u00edba","url":"https:\/\/www.fiemg.com.br\/regional-vale-do-paranaiba\/","logo":{"@type":"ImageObject","inLanguage":"pt-BR","@id":"https:\/\/www.fiemg.com.br\/regional-vale-do-paranaiba\/#\/schema\/logo\/image\/","url":"https:\/\/www.fiemg.com.br\/regional-vale-do-paranaiba\/wp-content\/uploads\/sites\/24\/2023\/02\/Ativo-1.png","contentUrl":"https:\/\/www.fiemg.com.br\/regional-vale-do-paranaiba\/wp-content\/uploads\/sites\/24\/2023\/02\/Ativo-1.png","width":563,"height":149,"caption":"Regional Vale do Parana\u00edba"},"image":{"@id":"https:\/\/www.fiemg.com.br\/regional-vale-do-paranaiba\/#\/schema\/logo\/image\/"}}]}},"_links":{"self":[{"href":"https:\/\/www.fiemg.com.br\/regional-vale-do-paranaiba\/wp-json\/wp\/v2\/noticias\/2852","targetHints":{"allow":["GET"]}}],"collection":[{"href":"https:\/\/www.fiemg.com.br\/regional-vale-do-paranaiba\/wp-json\/wp\/v2\/noticias"}],"about":[{"href":"https:\/\/www.fiemg.com.br\/regional-vale-do-paranaiba\/wp-json\/wp\/v2\/types\/noticias"}],"wp:featuredmedia":[{"embeddable":true,"href":"https:\/\/www.fiemg.com.br\/regional-vale-do-paranaiba\/wp-json\/wp\/v2\/media\/2854"}],"wp:attachment":[{"href":"https:\/\/www.fiemg.com.br\/regional-vale-do-paranaiba\/wp-json\/wp\/v2\/media?parent=2852"}],"wp:term":[{"taxonomy":"category","embeddable":true,"href":"https:\/\/www.fiemg.com.br\/regional-vale-do-paranaiba\/wp-json\/wp\/v2\/categories?post=2852"},{"taxonomy":"post_tag","embeddable":true,"href":"https:\/\/www.fiemg.com.br\/regional-vale-do-paranaiba\/wp-json\/wp\/v2\/tags?post=2852"}],"curies":[{"name":"wp","href":"https:\/\/api.w.org\/{rel}","templated":true}]}}