{"id":2886,"date":"2025-04-10T17:17:48","date_gmt":"2025-04-10T20:17:48","guid":{"rendered":"https:\/\/www.fiemg.com.br\/regional-vale-do-paranaiba\/?post_type=noticias&#038;p=2886"},"modified":"2025-04-11T10:05:57","modified_gmt":"2025-04-11T13:05:57","slug":"carreta-industriagro-do-senai-e-apresentada-na-fenicafe-2025-em-araguari-2","status":"publish","type":"noticias","link":"https:\/\/www.fiemg.com.br\/regional-vale-do-paranaiba\/noticias\/carreta-industriagro-do-senai-e-apresentada-na-fenicafe-2025-em-araguari-2\/","title":{"rendered":"Carreta Industriagro do SENAI \u00e9 apresentada na Fenicaf\u00e9 2025 em Araguari"},"content":{"rendered":"\n<figure class=\"wp-block-image size-large\"><img fetchpriority=\"high\" decoding=\"async\" width=\"1024\" height=\"528\" src=\"https:\/\/www.fiemg.com.br\/regional-vale-do-paranaiba\/wp-content\/uploads\/sites\/24\/2025\/04\/Carreta-1024x528.jpg\" alt=\"\" class=\"wp-image-2887\" srcset=\"https:\/\/www.fiemg.com.br\/regional-vale-do-paranaiba\/wp-content\/uploads\/sites\/24\/2025\/04\/Carreta-1024x528.jpg 1024w, https:\/\/www.fiemg.com.br\/regional-vale-do-paranaiba\/wp-content\/uploads\/sites\/24\/2025\/04\/Carreta-300x155.jpg 300w, https:\/\/www.fiemg.com.br\/regional-vale-do-paranaiba\/wp-content\/uploads\/sites\/24\/2025\/04\/Carreta-768x396.jpg 768w, https:\/\/www.fiemg.com.br\/regional-vale-do-paranaiba\/wp-content\/uploads\/sites\/24\/2025\/04\/Carreta-1536x792.jpg 1536w, https:\/\/www.fiemg.com.br\/regional-vale-do-paranaiba\/wp-content\/uploads\/sites\/24\/2025\/04\/Carreta-2048x1057.jpg 2048w\" sizes=\"(max-width: 1024px) 100vw, 1024px\" \/><\/figure>\n\n\n\n<p>Durante os 4 dias da Fenicaf\u00e9 2025 (Feira Nacional de Irriga\u00e7\u00e3o em Cafeicultura) no munic\u00edpio de Araguari, Tri\u00e2ngulo Mineiro, a Carreta Industriagro do SENAI foi exposta para visitantes conhecerem o universo da agroind\u00fastria pelo olhar da tecnologia e com ferramentas que mostram na pr\u00e1tica alternativas inovadoras.<\/p>\n\n\n\n<p>O formato de Carreta, permite que a estrutura do projeto percorra todo o Estado em eventos estrat\u00e9gicos. Dentro da Carreta, que \u00e9 climatizada e iluminada, s\u00e3o apresentados rob\u00f4s colaborativos, \u00f3culos de realidade virtual, mesa de rob\u00f3tica, toda a estrutura para treinamento como mesas e cadeiras, al\u00e9m do drone T50, &nbsp;espec\u00edfico para a pulveriza\u00e7\u00e3o em lavouras e que chamou a aten\u00e7\u00e3o dos visitantes pelo&nbsp;tamanho: 82 cm de largura, 2,8m de largura e 3,085m de comprimento.<\/p>\n\n\n\n<p>\u201cEste drone \u00e9 exclusivo para \u00e1rea agr\u00edcola, a principal fun\u00e7\u00e3o dele \u00e9 a pulveriza\u00e7\u00e3o com capacidade de 40 litros de defensivo. Ele \u00e9 muito moderno, possui v\u00e1rios setores que n\u00e3o permite que ele levante v\u00f4o pr\u00f3ximo a outros objetos. Outro diferencial \u00e9 que o drone n\u00e3o precisa necessariamente do controle remoto em sua fun\u00e7\u00e3o \u2018tradicional\u2019, voc\u00ea pode montar a rota atrav\u00e9s de um mapa e o pr\u00f3prio aparelho realiza o trajeto.\u201d detalhou o instrutor do SENAI Araguari, Matheus Felipe. &nbsp;&nbsp;&nbsp;&nbsp;&nbsp;&nbsp;&nbsp;&nbsp;&nbsp;&nbsp;&nbsp;&nbsp;&nbsp;&nbsp;&nbsp;&nbsp;&nbsp;&nbsp;&nbsp;&nbsp;&nbsp;&nbsp;&nbsp;&nbsp;&nbsp;&nbsp;&nbsp;&nbsp;&nbsp;&nbsp;&nbsp;&nbsp;&nbsp;&nbsp;&nbsp;&nbsp;&nbsp;&nbsp;&nbsp;&nbsp;&nbsp;&nbsp;&nbsp;&nbsp;&nbsp;&nbsp;&nbsp;&nbsp;&nbsp;&nbsp;&nbsp;&nbsp;&nbsp;&nbsp;&nbsp;&nbsp;&nbsp;&nbsp;&nbsp;&nbsp;&nbsp;&nbsp;&nbsp;&nbsp;&nbsp;&nbsp;&nbsp;&nbsp;&nbsp;&nbsp;&nbsp;&nbsp;&nbsp;&nbsp;&nbsp;&nbsp;&nbsp;&nbsp;&nbsp;&nbsp;&nbsp;&nbsp;&nbsp;&nbsp;&nbsp;&nbsp;&nbsp;&nbsp;&nbsp;&nbsp;&nbsp;&nbsp;&nbsp;&nbsp;&nbsp;&nbsp;&nbsp;&nbsp;&nbsp;&nbsp;&nbsp;&nbsp;&nbsp;&nbsp;&nbsp;&nbsp;&nbsp;&nbsp;&nbsp;&nbsp;&nbsp;&nbsp;&nbsp;&nbsp;&nbsp;&nbsp;&nbsp;&nbsp;&nbsp;&nbsp;&nbsp;&nbsp;&nbsp;&nbsp;&nbsp;&nbsp;&nbsp;&nbsp;&nbsp;&nbsp;&nbsp;&nbsp;&nbsp;&nbsp;&nbsp;&nbsp;&nbsp;&nbsp;&nbsp;&nbsp;&nbsp;&nbsp;&nbsp;&nbsp;&nbsp;&nbsp;&nbsp;&nbsp;&nbsp;&nbsp;&nbsp;&nbsp;&nbsp;&nbsp;&nbsp;&nbsp;&nbsp;&nbsp;&nbsp;&nbsp;&nbsp;&nbsp;&nbsp;&nbsp;&nbsp;&nbsp;&nbsp;&nbsp;&nbsp;&nbsp;&nbsp;&nbsp;&nbsp;&nbsp;&nbsp;&nbsp;&nbsp;&nbsp;&nbsp;&nbsp;&nbsp;&nbsp;Os instrutores do SENAI promoveram o v\u00f4o seguro do drone no parque de exposi\u00e7oes da Fenicaf\u00e9 para que os visitantes pudessem ver a atua\u00e7\u00e3o do equipamento na pr\u00e1tica.<\/p>\n\n\n\n<p>A equipe de rob\u00f3tica da escola SESI Araguari, a <em>Startec, <\/em>ficou respons\u00e1vel pelo manuseio da mesa de rob\u00f3tica dentro da Carreta, a fim de proporcionar aos visitantes uma experi\u00eancia imersiva no universo da programa\u00e7\u00e3o atrav\u00e9s dos rob\u00f4s interativos da LEGO.<\/p>\n\n\n\n<p>Outro aparelho exposto na Carreta Industriagro \u00e9 o chamado Bra\u00e7o Servo Motor, dispositivo eletromec\u00e2nico&nbsp;utilizado em sistemas automatizados nas ind\u00fastrias que&nbsp;converte sinais de controle em movimento de precis\u00e3o.<\/p>\n\n\n\n<p>De acordo com o consultor de relacionamento com mercado da FIEMG, C\u00e9sar Campos, a participa\u00e7\u00e3o do SENAI com a Carreta Industriagro na Fenicaf\u00e9 foi uma parceria entre a FIEMG e a C\u00e2mara Municipal de Araguari: \u201cFoi uma solicita\u00e7\u00e3o dos representantes do legislativo de Araguari para que o p\u00fablico da Fenicaf\u00e9 tivesse a oportunidade de conhecer as solu\u00e7\u00f5es do SENAI voltadas para a agroindustria.\u201dCampos ainda destacou que outros equipamentos incluindo simuladores que tornam o ambiente do agro ainda mais real dentro da carreta, ser\u00e3o acrescentados para os pr\u00f3ximos eventos.<\/p>\n\n\n\n<p>A vereadora de Araguari e vice presidente da C\u00e2mara, Maria Cec\u00edlia Ara\u00fajo, foi respons\u00e1vel pela libera\u00e7\u00e3o do espa\u00e7o na Fenicaf\u00e9 2025 para que a exposi\u00e7\u00e3o da Carreta citada. Maria Cec\u00edlia que \u00e9 ex vice prefeita da cidade, articulou a proposta e refor\u00e7ou a parceria de sucesso entre a Federa\u00e7\u00e3o e o poder p\u00fablico municipal.<\/p>\n\n\n\n<p>O diretor da FIEMG Regional Vale do Parana\u00edba, Mauro Cunha, marcou presen\u00e7a nas atra\u00e7\u00f5es da Carreta e destacou a relev\u00e2ncia da atua\u00e7\u00e3o do SENAI no setor do agro em Minas. \u201cFicamos muito satisfeitos com a primeira vinda da Carreta para o Tri\u00e2ngulo Mineiro, e \u00e9 incr\u00edvel todo o equipamento disponibilizado, mostra para o visitante na pr\u00e1tica como a tecnologia pode agir em prol das solu\u00e7\u00f5es dos desafios no campo. E n\u00f3s tivemos muitas visitas importantes como a equipe do Sebrae, lideran\u00e7as e autoridades locais, &nbsp;alunos de escolas do munic\u00edpio, enfim, foi muito produtivo.\u201d<\/p>\n\n\n\n<p>Vale lembrar que a equipe SENAI de Araguari atrav\u00e9s da gerente Vanda L\u00facia e do supervisor t\u00e9cnico Alexandre Oliveira, apoiaram todo o tr\u00e2mite para exposi\u00e7\u00e3o da Carreta, desde o planejamento, montagem, conte\u00fado e finaliza\u00e7\u00e3o ap\u00f3s a ExpoAraguari.<\/p>\n\n\n\n<p>Acompanhe os bastidores da Carreta durante a Fenicaf\u00e9 2025 em @fiemgregionalvaledoparanaiba.<\/p>\n","protected":false},"featured_media":2888,"template":"","categories":[],"tags":[],"class_list":["post-2886","noticias","type-noticias","status-publish","has-post-thumbnail","hentry"],"acf":[],"yoast_head":"<!-- This site is optimized with the Yoast SEO plugin v26.2 - https:\/\/yoast.com\/wordpress\/plugins\/seo\/ -->\n<title>Carreta Industriagro do SENAI \u00e9 apresentada na Fenicaf\u00e9 2025 em Araguari - Regional Vale do Parana\u00edba<\/title>\n<meta name=\"robots\" content=\"index, follow, max-snippet:-1, max-image-preview:large, max-video-preview:-1\" \/>\n<link rel=\"canonical\" href=\"https:\/\/www.fiemg.com.br\/regional-vale-do-paranaiba\/noticias\/carreta-industriagro-do-senai-e-apresentada-na-fenicafe-2025-em-araguari-2\/\" \/>\n<meta property=\"og:locale\" content=\"pt_BR\" \/>\n<meta property=\"og:type\" content=\"article\" \/>\n<meta property=\"og:title\" content=\"Carreta Industriagro do SENAI \u00e9 apresentada na Fenicaf\u00e9 2025 em Araguari - Regional Vale do Parana\u00edba\" \/>\n<meta property=\"og:description\" content=\"Durante os 4 dias da Fenicaf\u00e9 2025 (Feira Nacional de Irriga\u00e7\u00e3o em Cafeicultura) no munic\u00edpio de Araguari, Tri\u00e2ngulo Mineiro, a Carreta Industriagro do SENAI foi exposta para visitantes conhecerem o universo da agroind\u00fastria pelo olhar da tecnologia e com ferramentas que mostram na pr\u00e1tica alternativas inovadoras. O formato de Carreta, permite que a estrutura do [&hellip;]\" \/>\n<meta property=\"og:url\" content=\"https:\/\/www.fiemg.com.br\/regional-vale-do-paranaiba\/noticias\/carreta-industriagro-do-senai-e-apresentada-na-fenicafe-2025-em-araguari-2\/\" \/>\n<meta property=\"og:site_name\" content=\"Regional Vale do Parana\u00edba\" \/>\n<meta property=\"article:modified_time\" content=\"2025-04-11T13:05:57+00:00\" \/>\n<meta property=\"og:image\" content=\"https:\/\/www.fiemg.com.br\/regional-vale-do-paranaiba\/wp-content\/uploads\/sites\/24\/2025\/04\/Carreta-1-scaled.jpg\" \/>\n\t<meta property=\"og:image:width\" content=\"2560\" \/>\n\t<meta property=\"og:image:height\" content=\"1321\" \/>\n\t<meta property=\"og:image:type\" content=\"image\/jpeg\" \/>\n<meta name=\"twitter:card\" content=\"summary_large_image\" \/>\n<meta name=\"twitter:label1\" content=\"Est. tempo de leitura\" \/>\n\t<meta name=\"twitter:data1\" content=\"4 minutos\" \/>\n<script type=\"application\/ld+json\" class=\"yoast-schema-graph\">{\"@context\":\"https:\/\/schema.org\",\"@graph\":[{\"@type\":\"WebPage\",\"@id\":\"https:\/\/www.fiemg.com.br\/regional-vale-do-paranaiba\/noticias\/carreta-industriagro-do-senai-e-apresentada-na-fenicafe-2025-em-araguari-2\/\",\"url\":\"https:\/\/www.fiemg.com.br\/regional-vale-do-paranaiba\/noticias\/carreta-industriagro-do-senai-e-apresentada-na-fenicafe-2025-em-araguari-2\/\",\"name\":\"Carreta Industriagro do SENAI \u00e9 apresentada na Fenicaf\u00e9 2025 em Araguari - Regional Vale do Parana\u00edba\",\"isPartOf\":{\"@id\":\"https:\/\/www.fiemg.com.br\/regional-vale-do-paranaiba\/#website\"},\"primaryImageOfPage\":{\"@id\":\"https:\/\/www.fiemg.com.br\/regional-vale-do-paranaiba\/noticias\/carreta-industriagro-do-senai-e-apresentada-na-fenicafe-2025-em-araguari-2\/#primaryimage\"},\"image\":{\"@id\":\"https:\/\/www.fiemg.com.br\/regional-vale-do-paranaiba\/noticias\/carreta-industriagro-do-senai-e-apresentada-na-fenicafe-2025-em-araguari-2\/#primaryimage\"},\"thumbnailUrl\":\"https:\/\/www.fiemg.com.br\/regional-vale-do-paranaiba\/wp-content\/uploads\/sites\/24\/2025\/04\/Carreta-1-scaled.jpg\",\"datePublished\":\"2025-04-10T20:17:48+00:00\",\"dateModified\":\"2025-04-11T13:05:57+00:00\",\"breadcrumb\":{\"@id\":\"https:\/\/www.fiemg.com.br\/regional-vale-do-paranaiba\/noticias\/carreta-industriagro-do-senai-e-apresentada-na-fenicafe-2025-em-araguari-2\/#breadcrumb\"},\"inLanguage\":\"pt-BR\",\"potentialAction\":[{\"@type\":\"ReadAction\",\"target\":[\"https:\/\/www.fiemg.com.br\/regional-vale-do-paranaiba\/noticias\/carreta-industriagro-do-senai-e-apresentada-na-fenicafe-2025-em-araguari-2\/\"]}]},{\"@type\":\"ImageObject\",\"inLanguage\":\"pt-BR\",\"@id\":\"https:\/\/www.fiemg.com.br\/regional-vale-do-paranaiba\/noticias\/carreta-industriagro-do-senai-e-apresentada-na-fenicafe-2025-em-araguari-2\/#primaryimage\",\"url\":\"https:\/\/www.fiemg.com.br\/regional-vale-do-paranaiba\/wp-content\/uploads\/sites\/24\/2025\/04\/Carreta-1-scaled.jpg\",\"contentUrl\":\"https:\/\/www.fiemg.com.br\/regional-vale-do-paranaiba\/wp-content\/uploads\/sites\/24\/2025\/04\/Carreta-1-scaled.jpg\",\"width\":2560,\"height\":1321},{\"@type\":\"BreadcrumbList\",\"@id\":\"https:\/\/www.fiemg.com.br\/regional-vale-do-paranaiba\/noticias\/carreta-industriagro-do-senai-e-apresentada-na-fenicafe-2025-em-araguari-2\/#breadcrumb\",\"itemListElement\":[{\"@type\":\"ListItem\",\"position\":1,\"name\":\"In\u00edcio\",\"item\":\"https:\/\/www.fiemg.com.br\/regional-vale-do-paranaiba\/\"},{\"@type\":\"ListItem\",\"position\":2,\"name\":\"Carreta Industriagro do SENAI \u00e9 apresentada na Fenicaf\u00e9 2025 em Araguari\"}]},{\"@type\":\"WebSite\",\"@id\":\"https:\/\/www.fiemg.com.br\/regional-vale-do-paranaiba\/#website\",\"url\":\"https:\/\/www.fiemg.com.br\/regional-vale-do-paranaiba\/\",\"name\":\"Regional Vale do Parana\u00edba\",\"description\":\"Federa\u00e7\u00e3o das Ind\u00fastrias do Estado de Minas Gerais\",\"publisher\":{\"@id\":\"https:\/\/www.fiemg.com.br\/regional-vale-do-paranaiba\/#organization\"},\"potentialAction\":[{\"@type\":\"SearchAction\",\"target\":{\"@type\":\"EntryPoint\",\"urlTemplate\":\"https:\/\/www.fiemg.com.br\/regional-vale-do-paranaiba\/?s={search_term_string}\"},\"query-input\":{\"@type\":\"PropertyValueSpecification\",\"valueRequired\":true,\"valueName\":\"search_term_string\"}}],\"inLanguage\":\"pt-BR\"},{\"@type\":\"Organization\",\"@id\":\"https:\/\/www.fiemg.com.br\/regional-vale-do-paranaiba\/#organization\",\"name\":\"Regional Vale do Parana\u00edba\",\"url\":\"https:\/\/www.fiemg.com.br\/regional-vale-do-paranaiba\/\",\"logo\":{\"@type\":\"ImageObject\",\"inLanguage\":\"pt-BR\",\"@id\":\"https:\/\/www.fiemg.com.br\/regional-vale-do-paranaiba\/#\/schema\/logo\/image\/\",\"url\":\"https:\/\/www.fiemg.com.br\/regional-vale-do-paranaiba\/wp-content\/uploads\/sites\/24\/2023\/02\/Ativo-1.png\",\"contentUrl\":\"https:\/\/www.fiemg.com.br\/regional-vale-do-paranaiba\/wp-content\/uploads\/sites\/24\/2023\/02\/Ativo-1.png\",\"width\":563,\"height\":149,\"caption\":\"Regional Vale do Parana\u00edba\"},\"image\":{\"@id\":\"https:\/\/www.fiemg.com.br\/regional-vale-do-paranaiba\/#\/schema\/logo\/image\/\"}}]}<\/script>\n<!-- \/ Yoast SEO plugin. -->","yoast_head_json":{"title":"Carreta Industriagro do SENAI \u00e9 apresentada na Fenicaf\u00e9 2025 em Araguari - Regional Vale do Parana\u00edba","robots":{"index":"index","follow":"follow","max-snippet":"max-snippet:-1","max-image-preview":"max-image-preview:large","max-video-preview":"max-video-preview:-1"},"canonical":"https:\/\/www.fiemg.com.br\/regional-vale-do-paranaiba\/noticias\/carreta-industriagro-do-senai-e-apresentada-na-fenicafe-2025-em-araguari-2\/","og_locale":"pt_BR","og_type":"article","og_title":"Carreta Industriagro do SENAI \u00e9 apresentada na Fenicaf\u00e9 2025 em Araguari - Regional Vale do Parana\u00edba","og_description":"Durante os 4 dias da Fenicaf\u00e9 2025 (Feira Nacional de Irriga\u00e7\u00e3o em Cafeicultura) no munic\u00edpio de Araguari, Tri\u00e2ngulo Mineiro, a Carreta Industriagro do SENAI foi exposta para visitantes conhecerem o universo da agroind\u00fastria pelo olhar da tecnologia e com ferramentas que mostram na pr\u00e1tica alternativas inovadoras. O formato de Carreta, permite que a estrutura do [&hellip;]","og_url":"https:\/\/www.fiemg.com.br\/regional-vale-do-paranaiba\/noticias\/carreta-industriagro-do-senai-e-apresentada-na-fenicafe-2025-em-araguari-2\/","og_site_name":"Regional Vale do Parana\u00edba","article_modified_time":"2025-04-11T13:05:57+00:00","og_image":[{"width":2560,"height":1321,"url":"https:\/\/www.fiemg.com.br\/regional-vale-do-paranaiba\/wp-content\/uploads\/sites\/24\/2025\/04\/Carreta-1-scaled.jpg","type":"image\/jpeg"}],"twitter_card":"summary_large_image","twitter_misc":{"Est. tempo de leitura":"4 minutos"},"schema":{"@context":"https:\/\/schema.org","@graph":[{"@type":"WebPage","@id":"https:\/\/www.fiemg.com.br\/regional-vale-do-paranaiba\/noticias\/carreta-industriagro-do-senai-e-apresentada-na-fenicafe-2025-em-araguari-2\/","url":"https:\/\/www.fiemg.com.br\/regional-vale-do-paranaiba\/noticias\/carreta-industriagro-do-senai-e-apresentada-na-fenicafe-2025-em-araguari-2\/","name":"Carreta Industriagro do SENAI \u00e9 apresentada na Fenicaf\u00e9 2025 em Araguari - Regional Vale do Parana\u00edba","isPartOf":{"@id":"https:\/\/www.fiemg.com.br\/regional-vale-do-paranaiba\/#website"},"primaryImageOfPage":{"@id":"https:\/\/www.fiemg.com.br\/regional-vale-do-paranaiba\/noticias\/carreta-industriagro-do-senai-e-apresentada-na-fenicafe-2025-em-araguari-2\/#primaryimage"},"image":{"@id":"https:\/\/www.fiemg.com.br\/regional-vale-do-paranaiba\/noticias\/carreta-industriagro-do-senai-e-apresentada-na-fenicafe-2025-em-araguari-2\/#primaryimage"},"thumbnailUrl":"https:\/\/www.fiemg.com.br\/regional-vale-do-paranaiba\/wp-content\/uploads\/sites\/24\/2025\/04\/Carreta-1-scaled.jpg","datePublished":"2025-04-10T20:17:48+00:00","dateModified":"2025-04-11T13:05:57+00:00","breadcrumb":{"@id":"https:\/\/www.fiemg.com.br\/regional-vale-do-paranaiba\/noticias\/carreta-industriagro-do-senai-e-apresentada-na-fenicafe-2025-em-araguari-2\/#breadcrumb"},"inLanguage":"pt-BR","potentialAction":[{"@type":"ReadAction","target":["https:\/\/www.fiemg.com.br\/regional-vale-do-paranaiba\/noticias\/carreta-industriagro-do-senai-e-apresentada-na-fenicafe-2025-em-araguari-2\/"]}]},{"@type":"ImageObject","inLanguage":"pt-BR","@id":"https:\/\/www.fiemg.com.br\/regional-vale-do-paranaiba\/noticias\/carreta-industriagro-do-senai-e-apresentada-na-fenicafe-2025-em-araguari-2\/#primaryimage","url":"https:\/\/www.fiemg.com.br\/regional-vale-do-paranaiba\/wp-content\/uploads\/sites\/24\/2025\/04\/Carreta-1-scaled.jpg","contentUrl":"https:\/\/www.fiemg.com.br\/regional-vale-do-paranaiba\/wp-content\/uploads\/sites\/24\/2025\/04\/Carreta-1-scaled.jpg","width":2560,"height":1321},{"@type":"BreadcrumbList","@id":"https:\/\/www.fiemg.com.br\/regional-vale-do-paranaiba\/noticias\/carreta-industriagro-do-senai-e-apresentada-na-fenicafe-2025-em-araguari-2\/#breadcrumb","itemListElement":[{"@type":"ListItem","position":1,"name":"In\u00edcio","item":"https:\/\/www.fiemg.com.br\/regional-vale-do-paranaiba\/"},{"@type":"ListItem","position":2,"name":"Carreta Industriagro do SENAI \u00e9 apresentada na Fenicaf\u00e9 2025 em Araguari"}]},{"@type":"WebSite","@id":"https:\/\/www.fiemg.com.br\/regional-vale-do-paranaiba\/#website","url":"https:\/\/www.fiemg.com.br\/regional-vale-do-paranaiba\/","name":"Regional Vale do Parana\u00edba","description":"Federa\u00e7\u00e3o das Ind\u00fastrias do Estado de Minas Gerais","publisher":{"@id":"https:\/\/www.fiemg.com.br\/regional-vale-do-paranaiba\/#organization"},"potentialAction":[{"@type":"SearchAction","target":{"@type":"EntryPoint","urlTemplate":"https:\/\/www.fiemg.com.br\/regional-vale-do-paranaiba\/?s={search_term_string}"},"query-input":{"@type":"PropertyValueSpecification","valueRequired":true,"valueName":"search_term_string"}}],"inLanguage":"pt-BR"},{"@type":"Organization","@id":"https:\/\/www.fiemg.com.br\/regional-vale-do-paranaiba\/#organization","name":"Regional Vale do Parana\u00edba","url":"https:\/\/www.fiemg.com.br\/regional-vale-do-paranaiba\/","logo":{"@type":"ImageObject","inLanguage":"pt-BR","@id":"https:\/\/www.fiemg.com.br\/regional-vale-do-paranaiba\/#\/schema\/logo\/image\/","url":"https:\/\/www.fiemg.com.br\/regional-vale-do-paranaiba\/wp-content\/uploads\/sites\/24\/2023\/02\/Ativo-1.png","contentUrl":"https:\/\/www.fiemg.com.br\/regional-vale-do-paranaiba\/wp-content\/uploads\/sites\/24\/2023\/02\/Ativo-1.png","width":563,"height":149,"caption":"Regional Vale do Parana\u00edba"},"image":{"@id":"https:\/\/www.fiemg.com.br\/regional-vale-do-paranaiba\/#\/schema\/logo\/image\/"}}]}},"_links":{"self":[{"href":"https:\/\/www.fiemg.com.br\/regional-vale-do-paranaiba\/wp-json\/wp\/v2\/noticias\/2886","targetHints":{"allow":["GET"]}}],"collection":[{"href":"https:\/\/www.fiemg.com.br\/regional-vale-do-paranaiba\/wp-json\/wp\/v2\/noticias"}],"about":[{"href":"https:\/\/www.fiemg.com.br\/regional-vale-do-paranaiba\/wp-json\/wp\/v2\/types\/noticias"}],"wp:featuredmedia":[{"embeddable":true,"href":"https:\/\/www.fiemg.com.br\/regional-vale-do-paranaiba\/wp-json\/wp\/v2\/media\/2888"}],"wp:attachment":[{"href":"https:\/\/www.fiemg.com.br\/regional-vale-do-paranaiba\/wp-json\/wp\/v2\/media?parent=2886"}],"wp:term":[{"taxonomy":"category","embeddable":true,"href":"https:\/\/www.fiemg.com.br\/regional-vale-do-paranaiba\/wp-json\/wp\/v2\/categories?post=2886"},{"taxonomy":"post_tag","embeddable":true,"href":"https:\/\/www.fiemg.com.br\/regional-vale-do-paranaiba\/wp-json\/wp\/v2\/tags?post=2886"}],"curies":[{"name":"wp","href":"https:\/\/api.w.org\/{rel}","templated":true}]}}