{"id":2900,"date":"2025-04-16T14:20:35","date_gmt":"2025-04-16T17:20:35","guid":{"rendered":"https:\/\/www.fiemg.com.br\/regional-vale-do-paranaiba\/?post_type=noticias&#038;p=2900"},"modified":"2025-04-16T14:20:36","modified_gmt":"2025-04-16T17:20:36","slug":"sindpan-uberlandia-desenvolve-projeto-de-capacitacao-para-padarias-locais-com-apoio-do-iel-e-sebrae","status":"publish","type":"noticias","link":"https:\/\/www.fiemg.com.br\/regional-vale-do-paranaiba\/noticias\/sindpan-uberlandia-desenvolve-projeto-de-capacitacao-para-padarias-locais-com-apoio-do-iel-e-sebrae\/","title":{"rendered":"Sindpan Uberl\u00e2ndia desenvolve projeto de capacita\u00e7\u00e3o para padarias locais com apoio do IEL e SEBRAE"},"content":{"rendered":"\n<figure class=\"wp-block-image size-large\"><img fetchpriority=\"high\" decoding=\"async\" width=\"768\" height=\"1024\" src=\"https:\/\/www.fiemg.com.br\/regional-vale-do-paranaiba\/wp-content\/uploads\/sites\/24\/2025\/04\/WhatsApp-Image-2025-04-16-at-13.28.04-768x1024.jpeg\" alt=\"\" class=\"wp-image-2901\" srcset=\"https:\/\/www.fiemg.com.br\/regional-vale-do-paranaiba\/wp-content\/uploads\/sites\/24\/2025\/04\/WhatsApp-Image-2025-04-16-at-13.28.04-768x1024.jpeg 768w, https:\/\/www.fiemg.com.br\/regional-vale-do-paranaiba\/wp-content\/uploads\/sites\/24\/2025\/04\/WhatsApp-Image-2025-04-16-at-13.28.04-225x300.jpeg 225w, https:\/\/www.fiemg.com.br\/regional-vale-do-paranaiba\/wp-content\/uploads\/sites\/24\/2025\/04\/WhatsApp-Image-2025-04-16-at-13.28.04.jpeg 867w\" sizes=\"(max-width: 768px) 100vw, 768px\" \/><\/figure>\n\n\n\n<p>Atrav\u00e9s do projeto FIEMG Competitiva desenvolvido pelo IEL e em parceria com o <em>Prepara Padaria<\/em>&nbsp;do SEBRAE, o Sindpan (Sind. Ind. Panifica\u00e7\u00e3o e Confeitaria de&nbsp;Uberl\u00e2ndia) est\u00e1 promovendo um projeto de capacita\u00e7\u00e3o para 15 padarias da cidade de Uberl\u00e2ndia.<\/p>\n\n\n\n<p>O objetivo da a\u00e7\u00e3o \u00e9 fomentar as empresas do setor com informa\u00e7\u00e3o de qualidade e com valor acess\u00edvel. Conhe\u00e7a o detalhamento das a\u00e7\u00f5es:<\/p>\n\n\n\n<ul class=\"wp-block-list\">\n<li><strong>Oferecer 3 capacita\u00e7\u00f5es coletivas presenciais <\/strong>para aprendizado t\u00e9cnico,<\/li>\n<\/ul>\n\n\n\n<p>nivelamento de conceitos e troca de experi\u00eancias entre os empres\u00e1rios;<\/p>\n\n\n\n<ul class=\"wp-block-list\">\n<li><strong>Realizar 30 horas de consultorias individuais<\/strong>, <strong>presenciais <\/strong>de interven\u00e7\u00e3o<\/li>\n<\/ul>\n\n\n\n<p>direta no processo, auxiliando na aplica\u00e7\u00e3o pr\u00e1tica dos conhecimentos<\/p>\n\n\n\n<p>adquiridos, com solu\u00e7\u00f5es adaptadas \u00e0 realidade de cada empresa e tamb\u00e9m<\/p>\n\n\n\n<p><strong>online<\/strong>, como monitoramento assistido;<\/p>\n\n\n\n<ul class=\"wp-block-list\">\n<li><strong>Promover o interc\u00e2mbio de neg\u00f3cios<\/strong>, levando os participantes a<\/li>\n<\/ul>\n\n\n\n<p>conhecerem novas realidades empresariais que estimulem inova\u00e7\u00e3o,<\/p>\n\n\n\n<p>criatividade e melhorias operacionais;<\/p>\n\n\n\n<ul class=\"wp-block-list\">\n<li><strong>Viabilizar palestras especializadas<\/strong>, aprofundando as tem\u00e1ticas abordadas<\/li>\n<\/ul>\n\n\n\n<p>no programa e trazendo insights de especialistas do mercado nas tem\u00e1ticas.<\/p>\n\n\n\n<p>Os 4 temas norteadores de todo o projeto s\u00e3o os seguintes: Gest\u00e3o de pessoas (lideran\u00e7a, RH etc), gest\u00e3o tribut\u00e1ria (estrat\u00e9gicas fiscais e reforma tribut\u00e1ria), inova\u00e7\u00e3o na produ\u00e7\u00e3o e palestras (conhecimento para os empres\u00e1rios).<\/p>\n\n\n\n<p>Entre as a\u00e7\u00f5es previstas no projeto est\u00e3o usar o dia do Panificador (8 de julho) como gatilho para apresentar temas importantes aos empres\u00e1rios do setor e por consequ\u00eancia ao consumidor final: como neuromarketing e marketing sensorial, gest\u00e3o estrat\u00e9gica de compras, uso de ingredientes e tecnologia na panifica\u00e7\u00e3o.<\/p>\n\n\n\n<p>O presidente do Sindpan, Milton Inhaquitti, frisou a import\u00e2ncia deste tipo de a\u00e7\u00e3o como benef\u00edcio que o Sindicato oferta a seus associados: \u201cEste tipo de projeto incentiva muito o empres\u00e1rio a vencer as dificuldades do dia a dia. E a iniciativa est\u00e1 bem completa, passando por v\u00e1rios setores da padaria. Estamos otimistas com os resultados que vir\u00e3o.\u201d<\/p>\n\n\n\n<p>A empres\u00e1ria do setor de panifica\u00e7\u00e3o, Alessiane Batoni, tamb\u00e9m est\u00e1 participando da elabora\u00e7\u00e3o deste projeto. \u201cA parceria entre IEL, SEBRAE e Sindpan representa um grande avan\u00e7o para o setor da Panifica\u00e7\u00e3o em Uberl\u00e2ndia trazendo inova\u00e7\u00e3o, capacita\u00e7\u00e3o e fortalecimento. Al\u00e9m dos benef\u00edcios para o meu neg\u00f3cio que ser\u00e1 participante do projeto, vejo como maior beneficiado o pr\u00f3prio setor, que est\u00e1 criando um ambiente de colabora\u00e7\u00e3o e troca de experi\u00eancias.\u201d<\/p>\n\n\n\n<p>O ponto focal do IEL \u00e9 a analista de projetos para ind\u00fastria Ana Carolina Cristiano e a coordenadora de projetos para ind\u00fastria, Raquel de Souza.<\/p>\n\n\n\n<p>A data prevista para in\u00edcio das capacita\u00e7\u00f5es \u00e9 em maio deste ano.<\/p>\n","protected":false},"featured_media":2902,"template":"","categories":[],"tags":[],"class_list":["post-2900","noticias","type-noticias","status-publish","has-post-thumbnail","hentry"],"acf":[],"yoast_head":"<!-- This site is optimized with the Yoast SEO plugin v26.2 - https:\/\/yoast.com\/wordpress\/plugins\/seo\/ -->\n<title>Sindpan Uberl\u00e2ndia desenvolve projeto de capacita\u00e7\u00e3o para padarias locais com apoio do IEL e SEBRAE - Regional Vale do Parana\u00edba<\/title>\n<meta name=\"robots\" content=\"index, follow, max-snippet:-1, max-image-preview:large, max-video-preview:-1\" \/>\n<link rel=\"canonical\" href=\"https:\/\/www.fiemg.com.br\/regional-vale-do-paranaiba\/noticias\/sindpan-uberlandia-desenvolve-projeto-de-capacitacao-para-padarias-locais-com-apoio-do-iel-e-sebrae\/\" \/>\n<meta property=\"og:locale\" content=\"pt_BR\" \/>\n<meta property=\"og:type\" content=\"article\" \/>\n<meta property=\"og:title\" content=\"Sindpan Uberl\u00e2ndia desenvolve projeto de capacita\u00e7\u00e3o para padarias locais com apoio do IEL e SEBRAE - Regional Vale do Parana\u00edba\" \/>\n<meta property=\"og:description\" content=\"Atrav\u00e9s do projeto FIEMG Competitiva desenvolvido pelo IEL e em parceria com o Prepara Padaria&nbsp;do SEBRAE, o Sindpan (Sind. Ind. Panifica\u00e7\u00e3o e Confeitaria de&nbsp;Uberl\u00e2ndia) est\u00e1 promovendo um projeto de capacita\u00e7\u00e3o para 15 padarias da cidade de Uberl\u00e2ndia. O objetivo da a\u00e7\u00e3o \u00e9 fomentar as empresas do setor com informa\u00e7\u00e3o de qualidade e com valor acess\u00edvel. [&hellip;]\" \/>\n<meta property=\"og:url\" content=\"https:\/\/www.fiemg.com.br\/regional-vale-do-paranaiba\/noticias\/sindpan-uberlandia-desenvolve-projeto-de-capacitacao-para-padarias-locais-com-apoio-do-iel-e-sebrae\/\" \/>\n<meta property=\"og:site_name\" content=\"Regional Vale do Parana\u00edba\" \/>\n<meta property=\"article:modified_time\" content=\"2025-04-16T17:20:36+00:00\" \/>\n<meta property=\"og:image\" content=\"https:\/\/www.fiemg.com.br\/regional-vale-do-paranaiba\/wp-content\/uploads\/sites\/24\/2025\/04\/WhatsApp-Image-2025-04-16-at-13.28.04-1.jpeg\" \/>\n\t<meta property=\"og:image:width\" content=\"867\" \/>\n\t<meta property=\"og:image:height\" content=\"1156\" \/>\n\t<meta property=\"og:image:type\" content=\"image\/jpeg\" \/>\n<meta name=\"twitter:card\" content=\"summary_large_image\" \/>\n<meta name=\"twitter:label1\" content=\"Est. tempo de leitura\" \/>\n\t<meta name=\"twitter:data1\" content=\"3 minutos\" \/>\n<script type=\"application\/ld+json\" class=\"yoast-schema-graph\">{\"@context\":\"https:\/\/schema.org\",\"@graph\":[{\"@type\":\"WebPage\",\"@id\":\"https:\/\/www.fiemg.com.br\/regional-vale-do-paranaiba\/noticias\/sindpan-uberlandia-desenvolve-projeto-de-capacitacao-para-padarias-locais-com-apoio-do-iel-e-sebrae\/\",\"url\":\"https:\/\/www.fiemg.com.br\/regional-vale-do-paranaiba\/noticias\/sindpan-uberlandia-desenvolve-projeto-de-capacitacao-para-padarias-locais-com-apoio-do-iel-e-sebrae\/\",\"name\":\"Sindpan Uberl\u00e2ndia desenvolve projeto de capacita\u00e7\u00e3o para padarias locais com apoio do IEL e SEBRAE - Regional Vale do Parana\u00edba\",\"isPartOf\":{\"@id\":\"https:\/\/www.fiemg.com.br\/regional-vale-do-paranaiba\/#website\"},\"primaryImageOfPage\":{\"@id\":\"https:\/\/www.fiemg.com.br\/regional-vale-do-paranaiba\/noticias\/sindpan-uberlandia-desenvolve-projeto-de-capacitacao-para-padarias-locais-com-apoio-do-iel-e-sebrae\/#primaryimage\"},\"image\":{\"@id\":\"https:\/\/www.fiemg.com.br\/regional-vale-do-paranaiba\/noticias\/sindpan-uberlandia-desenvolve-projeto-de-capacitacao-para-padarias-locais-com-apoio-do-iel-e-sebrae\/#primaryimage\"},\"thumbnailUrl\":\"https:\/\/www.fiemg.com.br\/regional-vale-do-paranaiba\/wp-content\/uploads\/sites\/24\/2025\/04\/WhatsApp-Image-2025-04-16-at-13.28.04-1.jpeg\",\"datePublished\":\"2025-04-16T17:20:35+00:00\",\"dateModified\":\"2025-04-16T17:20:36+00:00\",\"breadcrumb\":{\"@id\":\"https:\/\/www.fiemg.com.br\/regional-vale-do-paranaiba\/noticias\/sindpan-uberlandia-desenvolve-projeto-de-capacitacao-para-padarias-locais-com-apoio-do-iel-e-sebrae\/#breadcrumb\"},\"inLanguage\":\"pt-BR\",\"potentialAction\":[{\"@type\":\"ReadAction\",\"target\":[\"https:\/\/www.fiemg.com.br\/regional-vale-do-paranaiba\/noticias\/sindpan-uberlandia-desenvolve-projeto-de-capacitacao-para-padarias-locais-com-apoio-do-iel-e-sebrae\/\"]}]},{\"@type\":\"ImageObject\",\"inLanguage\":\"pt-BR\",\"@id\":\"https:\/\/www.fiemg.com.br\/regional-vale-do-paranaiba\/noticias\/sindpan-uberlandia-desenvolve-projeto-de-capacitacao-para-padarias-locais-com-apoio-do-iel-e-sebrae\/#primaryimage\",\"url\":\"https:\/\/www.fiemg.com.br\/regional-vale-do-paranaiba\/wp-content\/uploads\/sites\/24\/2025\/04\/WhatsApp-Image-2025-04-16-at-13.28.04-1.jpeg\",\"contentUrl\":\"https:\/\/www.fiemg.com.br\/regional-vale-do-paranaiba\/wp-content\/uploads\/sites\/24\/2025\/04\/WhatsApp-Image-2025-04-16-at-13.28.04-1.jpeg\",\"width\":867,\"height\":1156},{\"@type\":\"BreadcrumbList\",\"@id\":\"https:\/\/www.fiemg.com.br\/regional-vale-do-paranaiba\/noticias\/sindpan-uberlandia-desenvolve-projeto-de-capacitacao-para-padarias-locais-com-apoio-do-iel-e-sebrae\/#breadcrumb\",\"itemListElement\":[{\"@type\":\"ListItem\",\"position\":1,\"name\":\"In\u00edcio\",\"item\":\"https:\/\/www.fiemg.com.br\/regional-vale-do-paranaiba\/\"},{\"@type\":\"ListItem\",\"position\":2,\"name\":\"Sindpan Uberl\u00e2ndia desenvolve projeto de capacita\u00e7\u00e3o para padarias locais com apoio do IEL e SEBRAE\"}]},{\"@type\":\"WebSite\",\"@id\":\"https:\/\/www.fiemg.com.br\/regional-vale-do-paranaiba\/#website\",\"url\":\"https:\/\/www.fiemg.com.br\/regional-vale-do-paranaiba\/\",\"name\":\"Regional Vale do Parana\u00edba\",\"description\":\"Federa\u00e7\u00e3o das Ind\u00fastrias do Estado de Minas Gerais\",\"publisher\":{\"@id\":\"https:\/\/www.fiemg.com.br\/regional-vale-do-paranaiba\/#organization\"},\"potentialAction\":[{\"@type\":\"SearchAction\",\"target\":{\"@type\":\"EntryPoint\",\"urlTemplate\":\"https:\/\/www.fiemg.com.br\/regional-vale-do-paranaiba\/?s={search_term_string}\"},\"query-input\":{\"@type\":\"PropertyValueSpecification\",\"valueRequired\":true,\"valueName\":\"search_term_string\"}}],\"inLanguage\":\"pt-BR\"},{\"@type\":\"Organization\",\"@id\":\"https:\/\/www.fiemg.com.br\/regional-vale-do-paranaiba\/#organization\",\"name\":\"Regional Vale do Parana\u00edba\",\"url\":\"https:\/\/www.fiemg.com.br\/regional-vale-do-paranaiba\/\",\"logo\":{\"@type\":\"ImageObject\",\"inLanguage\":\"pt-BR\",\"@id\":\"https:\/\/www.fiemg.com.br\/regional-vale-do-paranaiba\/#\/schema\/logo\/image\/\",\"url\":\"https:\/\/www.fiemg.com.br\/regional-vale-do-paranaiba\/wp-content\/uploads\/sites\/24\/2023\/02\/Ativo-1.png\",\"contentUrl\":\"https:\/\/www.fiemg.com.br\/regional-vale-do-paranaiba\/wp-content\/uploads\/sites\/24\/2023\/02\/Ativo-1.png\",\"width\":563,\"height\":149,\"caption\":\"Regional Vale do Parana\u00edba\"},\"image\":{\"@id\":\"https:\/\/www.fiemg.com.br\/regional-vale-do-paranaiba\/#\/schema\/logo\/image\/\"}}]}<\/script>\n<!-- \/ Yoast SEO plugin. -->","yoast_head_json":{"title":"Sindpan Uberl\u00e2ndia desenvolve projeto de capacita\u00e7\u00e3o para padarias locais com apoio do IEL e SEBRAE - Regional Vale do Parana\u00edba","robots":{"index":"index","follow":"follow","max-snippet":"max-snippet:-1","max-image-preview":"max-image-preview:large","max-video-preview":"max-video-preview:-1"},"canonical":"https:\/\/www.fiemg.com.br\/regional-vale-do-paranaiba\/noticias\/sindpan-uberlandia-desenvolve-projeto-de-capacitacao-para-padarias-locais-com-apoio-do-iel-e-sebrae\/","og_locale":"pt_BR","og_type":"article","og_title":"Sindpan Uberl\u00e2ndia desenvolve projeto de capacita\u00e7\u00e3o para padarias locais com apoio do IEL e SEBRAE - Regional Vale do Parana\u00edba","og_description":"Atrav\u00e9s do projeto FIEMG Competitiva desenvolvido pelo IEL e em parceria com o Prepara Padaria&nbsp;do SEBRAE, o Sindpan (Sind. Ind. Panifica\u00e7\u00e3o e Confeitaria de&nbsp;Uberl\u00e2ndia) est\u00e1 promovendo um projeto de capacita\u00e7\u00e3o para 15 padarias da cidade de Uberl\u00e2ndia. O objetivo da a\u00e7\u00e3o \u00e9 fomentar as empresas do setor com informa\u00e7\u00e3o de qualidade e com valor acess\u00edvel. [&hellip;]","og_url":"https:\/\/www.fiemg.com.br\/regional-vale-do-paranaiba\/noticias\/sindpan-uberlandia-desenvolve-projeto-de-capacitacao-para-padarias-locais-com-apoio-do-iel-e-sebrae\/","og_site_name":"Regional Vale do Parana\u00edba","article_modified_time":"2025-04-16T17:20:36+00:00","og_image":[{"width":867,"height":1156,"url":"https:\/\/www.fiemg.com.br\/regional-vale-do-paranaiba\/wp-content\/uploads\/sites\/24\/2025\/04\/WhatsApp-Image-2025-04-16-at-13.28.04-1.jpeg","type":"image\/jpeg"}],"twitter_card":"summary_large_image","twitter_misc":{"Est. tempo de leitura":"3 minutos"},"schema":{"@context":"https:\/\/schema.org","@graph":[{"@type":"WebPage","@id":"https:\/\/www.fiemg.com.br\/regional-vale-do-paranaiba\/noticias\/sindpan-uberlandia-desenvolve-projeto-de-capacitacao-para-padarias-locais-com-apoio-do-iel-e-sebrae\/","url":"https:\/\/www.fiemg.com.br\/regional-vale-do-paranaiba\/noticias\/sindpan-uberlandia-desenvolve-projeto-de-capacitacao-para-padarias-locais-com-apoio-do-iel-e-sebrae\/","name":"Sindpan Uberl\u00e2ndia desenvolve projeto de capacita\u00e7\u00e3o para padarias locais com apoio do IEL e SEBRAE - Regional Vale do Parana\u00edba","isPartOf":{"@id":"https:\/\/www.fiemg.com.br\/regional-vale-do-paranaiba\/#website"},"primaryImageOfPage":{"@id":"https:\/\/www.fiemg.com.br\/regional-vale-do-paranaiba\/noticias\/sindpan-uberlandia-desenvolve-projeto-de-capacitacao-para-padarias-locais-com-apoio-do-iel-e-sebrae\/#primaryimage"},"image":{"@id":"https:\/\/www.fiemg.com.br\/regional-vale-do-paranaiba\/noticias\/sindpan-uberlandia-desenvolve-projeto-de-capacitacao-para-padarias-locais-com-apoio-do-iel-e-sebrae\/#primaryimage"},"thumbnailUrl":"https:\/\/www.fiemg.com.br\/regional-vale-do-paranaiba\/wp-content\/uploads\/sites\/24\/2025\/04\/WhatsApp-Image-2025-04-16-at-13.28.04-1.jpeg","datePublished":"2025-04-16T17:20:35+00:00","dateModified":"2025-04-16T17:20:36+00:00","breadcrumb":{"@id":"https:\/\/www.fiemg.com.br\/regional-vale-do-paranaiba\/noticias\/sindpan-uberlandia-desenvolve-projeto-de-capacitacao-para-padarias-locais-com-apoio-do-iel-e-sebrae\/#breadcrumb"},"inLanguage":"pt-BR","potentialAction":[{"@type":"ReadAction","target":["https:\/\/www.fiemg.com.br\/regional-vale-do-paranaiba\/noticias\/sindpan-uberlandia-desenvolve-projeto-de-capacitacao-para-padarias-locais-com-apoio-do-iel-e-sebrae\/"]}]},{"@type":"ImageObject","inLanguage":"pt-BR","@id":"https:\/\/www.fiemg.com.br\/regional-vale-do-paranaiba\/noticias\/sindpan-uberlandia-desenvolve-projeto-de-capacitacao-para-padarias-locais-com-apoio-do-iel-e-sebrae\/#primaryimage","url":"https:\/\/www.fiemg.com.br\/regional-vale-do-paranaiba\/wp-content\/uploads\/sites\/24\/2025\/04\/WhatsApp-Image-2025-04-16-at-13.28.04-1.jpeg","contentUrl":"https:\/\/www.fiemg.com.br\/regional-vale-do-paranaiba\/wp-content\/uploads\/sites\/24\/2025\/04\/WhatsApp-Image-2025-04-16-at-13.28.04-1.jpeg","width":867,"height":1156},{"@type":"BreadcrumbList","@id":"https:\/\/www.fiemg.com.br\/regional-vale-do-paranaiba\/noticias\/sindpan-uberlandia-desenvolve-projeto-de-capacitacao-para-padarias-locais-com-apoio-do-iel-e-sebrae\/#breadcrumb","itemListElement":[{"@type":"ListItem","position":1,"name":"In\u00edcio","item":"https:\/\/www.fiemg.com.br\/regional-vale-do-paranaiba\/"},{"@type":"ListItem","position":2,"name":"Sindpan Uberl\u00e2ndia desenvolve projeto de capacita\u00e7\u00e3o para padarias locais com apoio do IEL e SEBRAE"}]},{"@type":"WebSite","@id":"https:\/\/www.fiemg.com.br\/regional-vale-do-paranaiba\/#website","url":"https:\/\/www.fiemg.com.br\/regional-vale-do-paranaiba\/","name":"Regional Vale do Parana\u00edba","description":"Federa\u00e7\u00e3o das Ind\u00fastrias do Estado de Minas Gerais","publisher":{"@id":"https:\/\/www.fiemg.com.br\/regional-vale-do-paranaiba\/#organization"},"potentialAction":[{"@type":"SearchAction","target":{"@type":"EntryPoint","urlTemplate":"https:\/\/www.fiemg.com.br\/regional-vale-do-paranaiba\/?s={search_term_string}"},"query-input":{"@type":"PropertyValueSpecification","valueRequired":true,"valueName":"search_term_string"}}],"inLanguage":"pt-BR"},{"@type":"Organization","@id":"https:\/\/www.fiemg.com.br\/regional-vale-do-paranaiba\/#organization","name":"Regional Vale do Parana\u00edba","url":"https:\/\/www.fiemg.com.br\/regional-vale-do-paranaiba\/","logo":{"@type":"ImageObject","inLanguage":"pt-BR","@id":"https:\/\/www.fiemg.com.br\/regional-vale-do-paranaiba\/#\/schema\/logo\/image\/","url":"https:\/\/www.fiemg.com.br\/regional-vale-do-paranaiba\/wp-content\/uploads\/sites\/24\/2023\/02\/Ativo-1.png","contentUrl":"https:\/\/www.fiemg.com.br\/regional-vale-do-paranaiba\/wp-content\/uploads\/sites\/24\/2023\/02\/Ativo-1.png","width":563,"height":149,"caption":"Regional Vale do Parana\u00edba"},"image":{"@id":"https:\/\/www.fiemg.com.br\/regional-vale-do-paranaiba\/#\/schema\/logo\/image\/"}}]}},"_links":{"self":[{"href":"https:\/\/www.fiemg.com.br\/regional-vale-do-paranaiba\/wp-json\/wp\/v2\/noticias\/2900","targetHints":{"allow":["GET"]}}],"collection":[{"href":"https:\/\/www.fiemg.com.br\/regional-vale-do-paranaiba\/wp-json\/wp\/v2\/noticias"}],"about":[{"href":"https:\/\/www.fiemg.com.br\/regional-vale-do-paranaiba\/wp-json\/wp\/v2\/types\/noticias"}],"wp:featuredmedia":[{"embeddable":true,"href":"https:\/\/www.fiemg.com.br\/regional-vale-do-paranaiba\/wp-json\/wp\/v2\/media\/2902"}],"wp:attachment":[{"href":"https:\/\/www.fiemg.com.br\/regional-vale-do-paranaiba\/wp-json\/wp\/v2\/media?parent=2900"}],"wp:term":[{"taxonomy":"category","embeddable":true,"href":"https:\/\/www.fiemg.com.br\/regional-vale-do-paranaiba\/wp-json\/wp\/v2\/categories?post=2900"},{"taxonomy":"post_tag","embeddable":true,"href":"https:\/\/www.fiemg.com.br\/regional-vale-do-paranaiba\/wp-json\/wp\/v2\/tags?post=2900"}],"curies":[{"name":"wp","href":"https:\/\/api.w.org\/{rel}","templated":true}]}}