{"id":3018,"date":"2025-07-02T17:13:02","date_gmt":"2025-07-02T20:13:02","guid":{"rendered":"https:\/\/www.fiemg.com.br\/regional-vale-do-paranaiba\/noticias\/premio-fiemg-de-economia-vai-selecionar-melhores-artigos-sobre-temas-da-industria\/"},"modified":"2025-07-02T17:13:09","modified_gmt":"2025-07-02T20:13:09","slug":"premio-fiemg-de-economia-vai-selecionar-melhores-artigos-sobre-temas-da-industria","status":"publish","type":"noticias","link":"https:\/\/www.fiemg.com.br\/regional-vale-do-paranaiba\/noticias\/premio-fiemg-de-economia-vai-selecionar-melhores-artigos-sobre-temas-da-industria\/","title":{"rendered":"Pr\u00eamio FIEMG de Economia vai selecionar melhores artigos sobre temas da ind\u00fastria"},"content":{"rendered":"\n<p>A Federa\u00e7\u00e3o das Ind\u00fastrias de Minas Gerais (FIEMG) lan\u00e7ou, nesta quarta-feira (2\/7), a primeira edi\u00e7\u00e3o do Pr\u00eamio FIEMG de Economia. A iniciativa vai selecionar os melhores artigos acad\u00eamicos economia sobre a ind\u00fastria, elaborados por estudantes de gradua\u00e7\u00e3o e p\u00f3s-gradua\u00e7\u00e3o, professores, pesquisadores, profissionais do setor produtivo e empres\u00e1rios. As produ\u00e7\u00f5es podem ser submetidas at\u00e9 22 de julho, no site <a href=\"https:\/\/www.fiemg.com.br\/premio-fiemg-de-economia\"><strong>https:\/\/www.fiemg.com.br\/premio-fiemg-de-economia<\/strong><\/a>\/.<\/p>\n\n\n\n<p>Segundo a coordenadora da Ger\u00eancia de Economia e Finan\u00e7as Empresariais da FIEMG, Juliana Galgiardi, o pr\u00eamio foi idealizado para incentivar a pesquisa e valorizar autores cujos trabalhos contribuam com solu\u00e7\u00f5es e an\u00e1lises relevantes para a ind\u00fastria. \u201cPor meio da integra\u00e7\u00e3o entre o setor produtivo, a academia e as pol\u00edticas p\u00fablicas, o projeto est\u00e1 alinhado ao objetivo institucional da FIEMG, que visa fortalecer o segmento em Minas Gerais e no Brasil\u201d, ressalta a coordenadora.<\/p>\n\n\n\n<p>Elaborados de forma individual ou coletiva, os artigos ser\u00e3o avaliados por uma banca formada por representantes da ind\u00fastria e do setor p\u00fablico e especialistas da academia, tendo como base crit\u00e9rios de relev\u00e2ncia do tema, originalidade e coer\u00eancia. Os autores das tr\u00eas melhores produ\u00e7\u00f5es v\u00e3o receber uma premia\u00e7\u00e3o em dinheiro, sendo R$ 20 mil para o primeiro lugar, R$ 12 mil, o segundo, e R$ 8 mil, o terceiro.<\/p>\n\n\n\n<p>A divulga\u00e7\u00e3o do resultado ser\u00e1 em 15 de setembro e a premia\u00e7\u00e3o dos vencedores est\u00e1 prevista para 2 de outubro, em um evento na sede da FIEMG. O edital e outras informa\u00e7\u00f5es do Pr\u00eamio FIEMG de Economia est\u00e3o no site <a href=\"https:\/\/www.fiemg.com.br\/premio-fiemg-de-economia\/\"><strong>https:\/\/www.fiemg.com.br\/premio-fiemg-de-economia\/<\/strong><\/a>.<br><br><em>Rafael Passos<br><\/em><strong>Imprensa FIEMG<\/strong><\/p>\n\n\n\n<p><\/p>\n","protected":false},"featured_media":1529,"template":"","categories":[],"tags":[],"class_list":["post-3018","noticias","type-noticias","status-publish","has-post-thumbnail","hentry"],"acf":[],"yoast_head":"<!-- This site is optimized with the Yoast SEO plugin v26.2 - https:\/\/yoast.com\/wordpress\/plugins\/seo\/ -->\n<title>Pr\u00eamio FIEMG de Economia vai selecionar melhores artigos sobre temas da ind\u00fastria - Regional Vale do Parana\u00edba<\/title>\n<meta name=\"robots\" content=\"index, follow, max-snippet:-1, max-image-preview:large, max-video-preview:-1\" \/>\n<link rel=\"canonical\" href=\"https:\/\/www.fiemg.com.br\/regional-vale-do-paranaiba\/noticias\/premio-fiemg-de-economia-vai-selecionar-melhores-artigos-sobre-temas-da-industria\/\" \/>\n<meta property=\"og:locale\" content=\"pt_BR\" \/>\n<meta property=\"og:type\" content=\"article\" \/>\n<meta property=\"og:title\" content=\"Pr\u00eamio FIEMG de Economia vai selecionar melhores artigos sobre temas da ind\u00fastria - Regional Vale do Parana\u00edba\" \/>\n<meta property=\"og:description\" content=\"A Federa\u00e7\u00e3o das Ind\u00fastrias de Minas Gerais (FIEMG) lan\u00e7ou, nesta quarta-feira (2\/7), a primeira edi\u00e7\u00e3o do Pr\u00eamio FIEMG de Economia. A iniciativa vai selecionar os melhores artigos acad\u00eamicos economia sobre a ind\u00fastria, elaborados por estudantes de gradua\u00e7\u00e3o e p\u00f3s-gradua\u00e7\u00e3o, professores, pesquisadores, profissionais do setor produtivo e empres\u00e1rios. As produ\u00e7\u00f5es podem ser submetidas at\u00e9 22 de [&hellip;]\" \/>\n<meta property=\"og:url\" content=\"https:\/\/www.fiemg.com.br\/regional-vale-do-paranaiba\/noticias\/premio-fiemg-de-economia-vai-selecionar-melhores-artigos-sobre-temas-da-industria\/\" \/>\n<meta property=\"og:site_name\" content=\"Regional Vale do Parana\u00edba\" \/>\n<meta property=\"article:modified_time\" content=\"2025-07-02T20:13:09+00:00\" \/>\n<meta property=\"og:image\" content=\"https:\/\/www.fiemg.com.br\/regional-vale-do-paranaiba\/wp-content\/uploads\/sites\/24\/2023\/08\/default.png\" \/>\n\t<meta property=\"og:image:width\" content=\"300\" \/>\n\t<meta property=\"og:image:height\" content=\"300\" \/>\n\t<meta property=\"og:image:type\" content=\"image\/png\" \/>\n<meta name=\"twitter:card\" content=\"summary_large_image\" \/>\n<meta name=\"twitter:label1\" content=\"Est. tempo de leitura\" \/>\n\t<meta name=\"twitter:data1\" content=\"1 minuto\" \/>\n<script type=\"application\/ld+json\" class=\"yoast-schema-graph\">{\"@context\":\"https:\/\/schema.org\",\"@graph\":[{\"@type\":\"WebPage\",\"@id\":\"https:\/\/www.fiemg.com.br\/regional-vale-do-paranaiba\/noticias\/premio-fiemg-de-economia-vai-selecionar-melhores-artigos-sobre-temas-da-industria\/\",\"url\":\"https:\/\/www.fiemg.com.br\/regional-vale-do-paranaiba\/noticias\/premio-fiemg-de-economia-vai-selecionar-melhores-artigos-sobre-temas-da-industria\/\",\"name\":\"Pr\u00eamio FIEMG de Economia vai selecionar melhores artigos sobre temas da ind\u00fastria - Regional Vale do Parana\u00edba\",\"isPartOf\":{\"@id\":\"https:\/\/www.fiemg.com.br\/regional-vale-do-paranaiba\/#website\"},\"primaryImageOfPage\":{\"@id\":\"https:\/\/www.fiemg.com.br\/regional-vale-do-paranaiba\/noticias\/premio-fiemg-de-economia-vai-selecionar-melhores-artigos-sobre-temas-da-industria\/#primaryimage\"},\"image\":{\"@id\":\"https:\/\/www.fiemg.com.br\/regional-vale-do-paranaiba\/noticias\/premio-fiemg-de-economia-vai-selecionar-melhores-artigos-sobre-temas-da-industria\/#primaryimage\"},\"thumbnailUrl\":\"https:\/\/www.fiemg.com.br\/regional-vale-do-paranaiba\/wp-content\/uploads\/sites\/24\/2023\/08\/default.png\",\"datePublished\":\"2025-07-02T20:13:02+00:00\",\"dateModified\":\"2025-07-02T20:13:09+00:00\",\"breadcrumb\":{\"@id\":\"https:\/\/www.fiemg.com.br\/regional-vale-do-paranaiba\/noticias\/premio-fiemg-de-economia-vai-selecionar-melhores-artigos-sobre-temas-da-industria\/#breadcrumb\"},\"inLanguage\":\"pt-BR\",\"potentialAction\":[{\"@type\":\"ReadAction\",\"target\":[\"https:\/\/www.fiemg.com.br\/regional-vale-do-paranaiba\/noticias\/premio-fiemg-de-economia-vai-selecionar-melhores-artigos-sobre-temas-da-industria\/\"]}]},{\"@type\":\"ImageObject\",\"inLanguage\":\"pt-BR\",\"@id\":\"https:\/\/www.fiemg.com.br\/regional-vale-do-paranaiba\/noticias\/premio-fiemg-de-economia-vai-selecionar-melhores-artigos-sobre-temas-da-industria\/#primaryimage\",\"url\":\"https:\/\/www.fiemg.com.br\/regional-vale-do-paranaiba\/wp-content\/uploads\/sites\/24\/2023\/08\/default.png\",\"contentUrl\":\"https:\/\/www.fiemg.com.br\/regional-vale-do-paranaiba\/wp-content\/uploads\/sites\/24\/2023\/08\/default.png\",\"width\":300,\"height\":300},{\"@type\":\"BreadcrumbList\",\"@id\":\"https:\/\/www.fiemg.com.br\/regional-vale-do-paranaiba\/noticias\/premio-fiemg-de-economia-vai-selecionar-melhores-artigos-sobre-temas-da-industria\/#breadcrumb\",\"itemListElement\":[{\"@type\":\"ListItem\",\"position\":1,\"name\":\"In\u00edcio\",\"item\":\"https:\/\/www.fiemg.com.br\/regional-vale-do-paranaiba\/\"},{\"@type\":\"ListItem\",\"position\":2,\"name\":\"Pr\u00eamio FIEMG de Economia vai selecionar melhores artigos sobre temas da ind\u00fastria\"}]},{\"@type\":\"WebSite\",\"@id\":\"https:\/\/www.fiemg.com.br\/regional-vale-do-paranaiba\/#website\",\"url\":\"https:\/\/www.fiemg.com.br\/regional-vale-do-paranaiba\/\",\"name\":\"Regional Vale do Parana\u00edba\",\"description\":\"Federa\u00e7\u00e3o das Ind\u00fastrias do Estado de Minas Gerais\",\"publisher\":{\"@id\":\"https:\/\/www.fiemg.com.br\/regional-vale-do-paranaiba\/#organization\"},\"potentialAction\":[{\"@type\":\"SearchAction\",\"target\":{\"@type\":\"EntryPoint\",\"urlTemplate\":\"https:\/\/www.fiemg.com.br\/regional-vale-do-paranaiba\/?s={search_term_string}\"},\"query-input\":{\"@type\":\"PropertyValueSpecification\",\"valueRequired\":true,\"valueName\":\"search_term_string\"}}],\"inLanguage\":\"pt-BR\"},{\"@type\":\"Organization\",\"@id\":\"https:\/\/www.fiemg.com.br\/regional-vale-do-paranaiba\/#organization\",\"name\":\"Regional Vale do Parana\u00edba\",\"url\":\"https:\/\/www.fiemg.com.br\/regional-vale-do-paranaiba\/\",\"logo\":{\"@type\":\"ImageObject\",\"inLanguage\":\"pt-BR\",\"@id\":\"https:\/\/www.fiemg.com.br\/regional-vale-do-paranaiba\/#\/schema\/logo\/image\/\",\"url\":\"https:\/\/www.fiemg.com.br\/regional-vale-do-paranaiba\/wp-content\/uploads\/sites\/24\/2023\/02\/Ativo-1.png\",\"contentUrl\":\"https:\/\/www.fiemg.com.br\/regional-vale-do-paranaiba\/wp-content\/uploads\/sites\/24\/2023\/02\/Ativo-1.png\",\"width\":563,\"height\":149,\"caption\":\"Regional Vale do Parana\u00edba\"},\"image\":{\"@id\":\"https:\/\/www.fiemg.com.br\/regional-vale-do-paranaiba\/#\/schema\/logo\/image\/\"}}]}<\/script>\n<!-- \/ Yoast SEO plugin. -->","yoast_head_json":{"title":"Pr\u00eamio FIEMG de Economia vai selecionar melhores artigos sobre temas da ind\u00fastria - Regional Vale do Parana\u00edba","robots":{"index":"index","follow":"follow","max-snippet":"max-snippet:-1","max-image-preview":"max-image-preview:large","max-video-preview":"max-video-preview:-1"},"canonical":"https:\/\/www.fiemg.com.br\/regional-vale-do-paranaiba\/noticias\/premio-fiemg-de-economia-vai-selecionar-melhores-artigos-sobre-temas-da-industria\/","og_locale":"pt_BR","og_type":"article","og_title":"Pr\u00eamio FIEMG de Economia vai selecionar melhores artigos sobre temas da ind\u00fastria - Regional Vale do Parana\u00edba","og_description":"A Federa\u00e7\u00e3o das Ind\u00fastrias de Minas Gerais (FIEMG) lan\u00e7ou, nesta quarta-feira (2\/7), a primeira edi\u00e7\u00e3o do Pr\u00eamio FIEMG de Economia. A iniciativa vai selecionar os melhores artigos acad\u00eamicos economia sobre a ind\u00fastria, elaborados por estudantes de gradua\u00e7\u00e3o e p\u00f3s-gradua\u00e7\u00e3o, professores, pesquisadores, profissionais do setor produtivo e empres\u00e1rios. As produ\u00e7\u00f5es podem ser submetidas at\u00e9 22 de [&hellip;]","og_url":"https:\/\/www.fiemg.com.br\/regional-vale-do-paranaiba\/noticias\/premio-fiemg-de-economia-vai-selecionar-melhores-artigos-sobre-temas-da-industria\/","og_site_name":"Regional Vale do Parana\u00edba","article_modified_time":"2025-07-02T20:13:09+00:00","og_image":[{"width":300,"height":300,"url":"https:\/\/www.fiemg.com.br\/regional-vale-do-paranaiba\/wp-content\/uploads\/sites\/24\/2023\/08\/default.png","type":"image\/png"}],"twitter_card":"summary_large_image","twitter_misc":{"Est. tempo de leitura":"1 minuto"},"schema":{"@context":"https:\/\/schema.org","@graph":[{"@type":"WebPage","@id":"https:\/\/www.fiemg.com.br\/regional-vale-do-paranaiba\/noticias\/premio-fiemg-de-economia-vai-selecionar-melhores-artigos-sobre-temas-da-industria\/","url":"https:\/\/www.fiemg.com.br\/regional-vale-do-paranaiba\/noticias\/premio-fiemg-de-economia-vai-selecionar-melhores-artigos-sobre-temas-da-industria\/","name":"Pr\u00eamio FIEMG de Economia vai selecionar melhores artigos sobre temas da ind\u00fastria - Regional Vale do Parana\u00edba","isPartOf":{"@id":"https:\/\/www.fiemg.com.br\/regional-vale-do-paranaiba\/#website"},"primaryImageOfPage":{"@id":"https:\/\/www.fiemg.com.br\/regional-vale-do-paranaiba\/noticias\/premio-fiemg-de-economia-vai-selecionar-melhores-artigos-sobre-temas-da-industria\/#primaryimage"},"image":{"@id":"https:\/\/www.fiemg.com.br\/regional-vale-do-paranaiba\/noticias\/premio-fiemg-de-economia-vai-selecionar-melhores-artigos-sobre-temas-da-industria\/#primaryimage"},"thumbnailUrl":"https:\/\/www.fiemg.com.br\/regional-vale-do-paranaiba\/wp-content\/uploads\/sites\/24\/2023\/08\/default.png","datePublished":"2025-07-02T20:13:02+00:00","dateModified":"2025-07-02T20:13:09+00:00","breadcrumb":{"@id":"https:\/\/www.fiemg.com.br\/regional-vale-do-paranaiba\/noticias\/premio-fiemg-de-economia-vai-selecionar-melhores-artigos-sobre-temas-da-industria\/#breadcrumb"},"inLanguage":"pt-BR","potentialAction":[{"@type":"ReadAction","target":["https:\/\/www.fiemg.com.br\/regional-vale-do-paranaiba\/noticias\/premio-fiemg-de-economia-vai-selecionar-melhores-artigos-sobre-temas-da-industria\/"]}]},{"@type":"ImageObject","inLanguage":"pt-BR","@id":"https:\/\/www.fiemg.com.br\/regional-vale-do-paranaiba\/noticias\/premio-fiemg-de-economia-vai-selecionar-melhores-artigos-sobre-temas-da-industria\/#primaryimage","url":"https:\/\/www.fiemg.com.br\/regional-vale-do-paranaiba\/wp-content\/uploads\/sites\/24\/2023\/08\/default.png","contentUrl":"https:\/\/www.fiemg.com.br\/regional-vale-do-paranaiba\/wp-content\/uploads\/sites\/24\/2023\/08\/default.png","width":300,"height":300},{"@type":"BreadcrumbList","@id":"https:\/\/www.fiemg.com.br\/regional-vale-do-paranaiba\/noticias\/premio-fiemg-de-economia-vai-selecionar-melhores-artigos-sobre-temas-da-industria\/#breadcrumb","itemListElement":[{"@type":"ListItem","position":1,"name":"In\u00edcio","item":"https:\/\/www.fiemg.com.br\/regional-vale-do-paranaiba\/"},{"@type":"ListItem","position":2,"name":"Pr\u00eamio FIEMG de Economia vai selecionar melhores artigos sobre temas da ind\u00fastria"}]},{"@type":"WebSite","@id":"https:\/\/www.fiemg.com.br\/regional-vale-do-paranaiba\/#website","url":"https:\/\/www.fiemg.com.br\/regional-vale-do-paranaiba\/","name":"Regional Vale do Parana\u00edba","description":"Federa\u00e7\u00e3o das Ind\u00fastrias do Estado de Minas Gerais","publisher":{"@id":"https:\/\/www.fiemg.com.br\/regional-vale-do-paranaiba\/#organization"},"potentialAction":[{"@type":"SearchAction","target":{"@type":"EntryPoint","urlTemplate":"https:\/\/www.fiemg.com.br\/regional-vale-do-paranaiba\/?s={search_term_string}"},"query-input":{"@type":"PropertyValueSpecification","valueRequired":true,"valueName":"search_term_string"}}],"inLanguage":"pt-BR"},{"@type":"Organization","@id":"https:\/\/www.fiemg.com.br\/regional-vale-do-paranaiba\/#organization","name":"Regional Vale do Parana\u00edba","url":"https:\/\/www.fiemg.com.br\/regional-vale-do-paranaiba\/","logo":{"@type":"ImageObject","inLanguage":"pt-BR","@id":"https:\/\/www.fiemg.com.br\/regional-vale-do-paranaiba\/#\/schema\/logo\/image\/","url":"https:\/\/www.fiemg.com.br\/regional-vale-do-paranaiba\/wp-content\/uploads\/sites\/24\/2023\/02\/Ativo-1.png","contentUrl":"https:\/\/www.fiemg.com.br\/regional-vale-do-paranaiba\/wp-content\/uploads\/sites\/24\/2023\/02\/Ativo-1.png","width":563,"height":149,"caption":"Regional Vale do Parana\u00edba"},"image":{"@id":"https:\/\/www.fiemg.com.br\/regional-vale-do-paranaiba\/#\/schema\/logo\/image\/"}}]}},"_links":{"self":[{"href":"https:\/\/www.fiemg.com.br\/regional-vale-do-paranaiba\/wp-json\/wp\/v2\/noticias\/3018","targetHints":{"allow":["GET"]}}],"collection":[{"href":"https:\/\/www.fiemg.com.br\/regional-vale-do-paranaiba\/wp-json\/wp\/v2\/noticias"}],"about":[{"href":"https:\/\/www.fiemg.com.br\/regional-vale-do-paranaiba\/wp-json\/wp\/v2\/types\/noticias"}],"wp:featuredmedia":[{"embeddable":true,"href":"https:\/\/www.fiemg.com.br\/regional-vale-do-paranaiba\/wp-json\/wp\/v2\/media\/1529"}],"wp:attachment":[{"href":"https:\/\/www.fiemg.com.br\/regional-vale-do-paranaiba\/wp-json\/wp\/v2\/media?parent=3018"}],"wp:term":[{"taxonomy":"category","embeddable":true,"href":"https:\/\/www.fiemg.com.br\/regional-vale-do-paranaiba\/wp-json\/wp\/v2\/categories?post=3018"},{"taxonomy":"post_tag","embeddable":true,"href":"https:\/\/www.fiemg.com.br\/regional-vale-do-paranaiba\/wp-json\/wp\/v2\/tags?post=3018"}],"curies":[{"name":"wp","href":"https:\/\/api.w.org\/{rel}","templated":true}]}}