{"id":3234,"date":"2025-12-01T15:51:23","date_gmt":"2025-12-01T18:51:23","guid":{"rendered":"https:\/\/www.fiemg.com.br\/regional-vale-do-paranaiba\/noticias\/com-alto-indice-de-empregabilidade-senai-mg-abre-matriculas-para-cursos-tecnicos-2026\/"},"modified":"2025-12-01T16:17:22","modified_gmt":"2025-12-01T19:17:22","slug":"com-alto-indice-de-empregabilidade-senai-mg-abre-matriculas-para-cursos-tecnicos-2026","status":"publish","type":"noticias","link":"https:\/\/www.fiemg.com.br\/regional-vale-do-paranaiba\/noticias\/com-alto-indice-de-empregabilidade-senai-mg-abre-matriculas-para-cursos-tecnicos-2026\/","title":{"rendered":"Com alto \u00edndice de empregabilidade, SENAI MG abre matr\u00edculas para cursos t\u00e9cnicos 2026"},"content":{"rendered":"\n<figure class=\"wp-block-image aligncenter size-large\"><img fetchpriority=\"high\" decoding=\"async\" width=\"1024\" height=\"396\" src=\"https:\/\/www.fiemg.com.br\/regional-vale-do-paranaiba\/wp-content\/uploads\/sites\/24\/2025\/12\/EA004925D_SENAI_CURSOS_TECNICOS_PECAS_DIGITAIS_BANNER_NOTICIA-1024x396.png\" alt=\"\" class=\"wp-image-3236\" srcset=\"https:\/\/www.fiemg.com.br\/regional-vale-do-paranaiba\/wp-content\/uploads\/sites\/24\/2025\/12\/EA004925D_SENAI_CURSOS_TECNICOS_PECAS_DIGITAIS_BANNER_NOTICIA-1024x396.png 1024w, https:\/\/www.fiemg.com.br\/regional-vale-do-paranaiba\/wp-content\/uploads\/sites\/24\/2025\/12\/EA004925D_SENAI_CURSOS_TECNICOS_PECAS_DIGITAIS_BANNER_NOTICIA-300x116.png 300w, https:\/\/www.fiemg.com.br\/regional-vale-do-paranaiba\/wp-content\/uploads\/sites\/24\/2025\/12\/EA004925D_SENAI_CURSOS_TECNICOS_PECAS_DIGITAIS_BANNER_NOTICIA-768x297.png 768w, https:\/\/www.fiemg.com.br\/regional-vale-do-paranaiba\/wp-content\/uploads\/sites\/24\/2025\/12\/EA004925D_SENAI_CURSOS_TECNICOS_PECAS_DIGITAIS_BANNER_NOTICIA.png 1080w\" sizes=\"(max-width: 1024px) 100vw, 1024px\" \/><\/figure>\n\n\n\n<p><\/p>\n\n\n\n<p>O SENAI Minas Gerais iniciou, nesta segunda-feira (01\/12), a campanha de matr\u00edculas para os Cursos T\u00e9cnicos 2026. A nova oferta contempla mais de 27 cursos, distribu\u00eddos em 40 unidades em todas as regi\u00f5es do Estado, com in\u00edcio das aulas previsto para 2 de fevereiro.<\/p>\n\n\n\n<p>A procura crescente por forma\u00e7\u00e3o t\u00e9cnica tem acompanhado a demanda da ind\u00fastria por profissionais qualificados. Um levantamento realizado em 2024 revela que 91% dos alunos formados pelo SENAI MG em cursos t\u00e9cnicos estavam empregados, \u00edndice que refor\u00e7a a import\u00e2ncia da educa\u00e7\u00e3o profissional para a inser\u00e7\u00e3o r\u00e1pida no mercado de trabalho.<\/p>\n\n\n\n<p>As forma\u00e7\u00f5es incluem atividades em laborat\u00f3rios equipados, uso de tecnologias aplicadas aos processos produtivos e acompanhamento de instrutores especializados, que atuam ou j\u00e1 atuaram no setor. A metodologia combina teoria e pr\u00e1tica de forma integrada, permitindo que os estudantes desenvolvam compet\u00eancias alinhadas \u00e0s necessidades reais das empresas.<\/p>\n\n\n\n<p>Al\u00e9m da prepara\u00e7\u00e3o t\u00e9cnica, os alunos t\u00eam acesso a projetos aplicados, viv\u00eancias em ambientes que simulam situa\u00e7\u00f5es de trabalho e conte\u00fados voltados para inova\u00e7\u00e3o, fatores que contribuem para a empregabilidade e para o reconhecimento dos diplomas emitidos pela institui\u00e7\u00e3o nos \u00e2mbitos estadual e nacional.<\/p>\n\n\n\n<p>A taxa de matr\u00edcula \u00e9 de R$ 79,90, e os cursos t\u00eam parcelas fixas durante toda a forma\u00e7\u00e3o, podendo variar conforme a unidade e o curso escolhido. As cargas hor\u00e1rias ser\u00e3o distribu\u00eddas ao longo de 12 a 18 meses, dependendo da modalidade. Os interessados podem se inscrever at\u00e9 22 de janeiro de 2026.<\/p>\n\n\n\n<p>Para Lucimara Assis, coordenadora de Educa\u00e7\u00e3o Profissional do SENAI MG, a forma\u00e7\u00e3o t\u00e9cnica tem se consolidado como uma alternativa concreta tanto para jovens que desejam iniciar uma carreira quanto para quem busca reposicionamento no mercado. \u201cO SENAI forma profissionais alinhados \u00e0s necessidades reais da ind\u00fastria, com pr\u00e1tica constante e tecnologias atualizadas. Os resultados de empregabilidade mostram que a forma\u00e7\u00e3o t\u00e9cnica continua sendo uma porta r\u00e1pida e consistente de entrada no mercado de trabalho\u201d, afirma.<\/p>\n\n\n\n<p>A rela\u00e7\u00e3o completa de cursos ofertados, as unidades participantes e todas as orienta\u00e7\u00f5es para matr\u00edcula est\u00e3o dispon\u00edveis <a href=\"http:\/\/www.fiemg.com.br\/cursos-tecnicos-senai\" target=\"_blank\" rel=\"noreferrer noopener\">neste link<\/a>.<br><br><strong>Imprensa FIEMG<\/strong><\/p>\n","protected":false},"featured_media":3235,"template":"","categories":[16],"tags":[132,184,109],"class_list":["post-3234","noticias","type-noticias","status-publish","has-post-thumbnail","hentry","category-educacao","tag-fiemg","tag-industria","tag-senai"],"acf":[],"yoast_head":"<!-- This site is optimized with the Yoast SEO plugin v26.2 - https:\/\/yoast.com\/wordpress\/plugins\/seo\/ -->\n<title>Com alto \u00edndice de empregabilidade, SENAI MG abre matr\u00edculas para cursos t\u00e9cnicos 2026 - Regional Vale do Parana\u00edba<\/title>\n<meta name=\"description\" content=\"Campanha oferece cursos em 40 unidades, com in\u00edcio das aulas em fevereiro\" \/>\n<meta name=\"robots\" content=\"index, follow, max-snippet:-1, max-image-preview:large, max-video-preview:-1\" \/>\n<link rel=\"canonical\" href=\"https:\/\/www.fiemg.com.br\/regional-vale-do-paranaiba\/noticias\/com-alto-indice-de-empregabilidade-senai-mg-abre-matriculas-para-cursos-tecnicos-2026\/\" \/>\n<meta property=\"og:locale\" content=\"pt_BR\" \/>\n<meta property=\"og:type\" content=\"article\" \/>\n<meta property=\"og:title\" content=\"Com alto \u00edndice de empregabilidade, SENAI MG abre matr\u00edculas para cursos t\u00e9cnicos 2026 - Regional Vale do Parana\u00edba\" \/>\n<meta property=\"og:description\" content=\"Campanha oferece cursos em 40 unidades, com in\u00edcio das aulas em fevereiro\" \/>\n<meta property=\"og:url\" content=\"https:\/\/www.fiemg.com.br\/regional-vale-do-paranaiba\/noticias\/com-alto-indice-de-empregabilidade-senai-mg-abre-matriculas-para-cursos-tecnicos-2026\/\" \/>\n<meta property=\"og:site_name\" content=\"Regional Vale do Parana\u00edba\" \/>\n<meta property=\"article:modified_time\" content=\"2025-12-01T19:17:22+00:00\" \/>\n<meta property=\"og:image\" content=\"https:\/\/www.fiemg.com.br\/regional-vale-do-paranaiba\/wp-content\/uploads\/sites\/24\/2025\/12\/EA004925D_SENAI_CURSOS_TECNICOS_PECAS_DIGITAIS_THUMB_NOTICIA.png\" \/>\n\t<meta property=\"og:image:width\" content=\"512\" \/>\n\t<meta property=\"og:image:height\" content=\"512\" \/>\n\t<meta property=\"og:image:type\" content=\"image\/png\" \/>\n<meta name=\"twitter:card\" content=\"summary_large_image\" \/>\n<meta name=\"twitter:label1\" content=\"Est. tempo de leitura\" \/>\n\t<meta name=\"twitter:data1\" content=\"3 minutos\" \/>\n<script type=\"application\/ld+json\" class=\"yoast-schema-graph\">{\"@context\":\"https:\/\/schema.org\",\"@graph\":[{\"@type\":\"WebPage\",\"@id\":\"https:\/\/www.fiemg.com.br\/regional-vale-do-paranaiba\/noticias\/com-alto-indice-de-empregabilidade-senai-mg-abre-matriculas-para-cursos-tecnicos-2026\/\",\"url\":\"https:\/\/www.fiemg.com.br\/regional-vale-do-paranaiba\/noticias\/com-alto-indice-de-empregabilidade-senai-mg-abre-matriculas-para-cursos-tecnicos-2026\/\",\"name\":\"Com alto \u00edndice de empregabilidade, SENAI MG abre matr\u00edculas para cursos t\u00e9cnicos 2026 - Regional Vale do Parana\u00edba\",\"isPartOf\":{\"@id\":\"https:\/\/www.fiemg.com.br\/regional-vale-do-paranaiba\/#website\"},\"primaryImageOfPage\":{\"@id\":\"https:\/\/www.fiemg.com.br\/regional-vale-do-paranaiba\/noticias\/com-alto-indice-de-empregabilidade-senai-mg-abre-matriculas-para-cursos-tecnicos-2026\/#primaryimage\"},\"image\":{\"@id\":\"https:\/\/www.fiemg.com.br\/regional-vale-do-paranaiba\/noticias\/com-alto-indice-de-empregabilidade-senai-mg-abre-matriculas-para-cursos-tecnicos-2026\/#primaryimage\"},\"thumbnailUrl\":\"https:\/\/www.fiemg.com.br\/regional-vale-do-paranaiba\/wp-content\/uploads\/sites\/24\/2025\/12\/EA004925D_SENAI_CURSOS_TECNICOS_PECAS_DIGITAIS_THUMB_NOTICIA.png\",\"datePublished\":\"2025-12-01T18:51:23+00:00\",\"dateModified\":\"2025-12-01T19:17:22+00:00\",\"description\":\"Campanha oferece cursos em 40 unidades, com in\u00edcio das aulas em fevereiro\",\"breadcrumb\":{\"@id\":\"https:\/\/www.fiemg.com.br\/regional-vale-do-paranaiba\/noticias\/com-alto-indice-de-empregabilidade-senai-mg-abre-matriculas-para-cursos-tecnicos-2026\/#breadcrumb\"},\"inLanguage\":\"pt-BR\",\"potentialAction\":[{\"@type\":\"ReadAction\",\"target\":[\"https:\/\/www.fiemg.com.br\/regional-vale-do-paranaiba\/noticias\/com-alto-indice-de-empregabilidade-senai-mg-abre-matriculas-para-cursos-tecnicos-2026\/\"]}]},{\"@type\":\"ImageObject\",\"inLanguage\":\"pt-BR\",\"@id\":\"https:\/\/www.fiemg.com.br\/regional-vale-do-paranaiba\/noticias\/com-alto-indice-de-empregabilidade-senai-mg-abre-matriculas-para-cursos-tecnicos-2026\/#primaryimage\",\"url\":\"https:\/\/www.fiemg.com.br\/regional-vale-do-paranaiba\/wp-content\/uploads\/sites\/24\/2025\/12\/EA004925D_SENAI_CURSOS_TECNICOS_PECAS_DIGITAIS_THUMB_NOTICIA.png\",\"contentUrl\":\"https:\/\/www.fiemg.com.br\/regional-vale-do-paranaiba\/wp-content\/uploads\/sites\/24\/2025\/12\/EA004925D_SENAI_CURSOS_TECNICOS_PECAS_DIGITAIS_THUMB_NOTICIA.png\",\"width\":512,\"height\":512},{\"@type\":\"BreadcrumbList\",\"@id\":\"https:\/\/www.fiemg.com.br\/regional-vale-do-paranaiba\/noticias\/com-alto-indice-de-empregabilidade-senai-mg-abre-matriculas-para-cursos-tecnicos-2026\/#breadcrumb\",\"itemListElement\":[{\"@type\":\"ListItem\",\"position\":1,\"name\":\"In\u00edcio\",\"item\":\"https:\/\/www.fiemg.com.br\/regional-vale-do-paranaiba\/\"},{\"@type\":\"ListItem\",\"position\":2,\"name\":\"Com alto \u00edndice de empregabilidade, SENAI MG abre matr\u00edculas para cursos t\u00e9cnicos 2026\"}]},{\"@type\":\"WebSite\",\"@id\":\"https:\/\/www.fiemg.com.br\/regional-vale-do-paranaiba\/#website\",\"url\":\"https:\/\/www.fiemg.com.br\/regional-vale-do-paranaiba\/\",\"name\":\"Regional Vale do Parana\u00edba\",\"description\":\"Federa\u00e7\u00e3o das Ind\u00fastrias do Estado de Minas Gerais\",\"publisher\":{\"@id\":\"https:\/\/www.fiemg.com.br\/regional-vale-do-paranaiba\/#organization\"},\"potentialAction\":[{\"@type\":\"SearchAction\",\"target\":{\"@type\":\"EntryPoint\",\"urlTemplate\":\"https:\/\/www.fiemg.com.br\/regional-vale-do-paranaiba\/?s={search_term_string}\"},\"query-input\":{\"@type\":\"PropertyValueSpecification\",\"valueRequired\":true,\"valueName\":\"search_term_string\"}}],\"inLanguage\":\"pt-BR\"},{\"@type\":\"Organization\",\"@id\":\"https:\/\/www.fiemg.com.br\/regional-vale-do-paranaiba\/#organization\",\"name\":\"Regional Vale do Parana\u00edba\",\"url\":\"https:\/\/www.fiemg.com.br\/regional-vale-do-paranaiba\/\",\"logo\":{\"@type\":\"ImageObject\",\"inLanguage\":\"pt-BR\",\"@id\":\"https:\/\/www.fiemg.com.br\/regional-vale-do-paranaiba\/#\/schema\/logo\/image\/\",\"url\":\"https:\/\/www.fiemg.com.br\/regional-vale-do-paranaiba\/wp-content\/uploads\/sites\/24\/2023\/02\/Ativo-1.png\",\"contentUrl\":\"https:\/\/www.fiemg.com.br\/regional-vale-do-paranaiba\/wp-content\/uploads\/sites\/24\/2023\/02\/Ativo-1.png\",\"width\":563,\"height\":149,\"caption\":\"Regional Vale do Parana\u00edba\"},\"image\":{\"@id\":\"https:\/\/www.fiemg.com.br\/regional-vale-do-paranaiba\/#\/schema\/logo\/image\/\"}}]}<\/script>\n<!-- \/ Yoast SEO plugin. -->","yoast_head_json":{"title":"Com alto \u00edndice de empregabilidade, SENAI MG abre matr\u00edculas para cursos t\u00e9cnicos 2026 - Regional Vale do Parana\u00edba","description":"Campanha oferece cursos em 40 unidades, com in\u00edcio das aulas em fevereiro","robots":{"index":"index","follow":"follow","max-snippet":"max-snippet:-1","max-image-preview":"max-image-preview:large","max-video-preview":"max-video-preview:-1"},"canonical":"https:\/\/www.fiemg.com.br\/regional-vale-do-paranaiba\/noticias\/com-alto-indice-de-empregabilidade-senai-mg-abre-matriculas-para-cursos-tecnicos-2026\/","og_locale":"pt_BR","og_type":"article","og_title":"Com alto \u00edndice de empregabilidade, SENAI MG abre matr\u00edculas para cursos t\u00e9cnicos 2026 - Regional Vale do Parana\u00edba","og_description":"Campanha oferece cursos em 40 unidades, com in\u00edcio das aulas em fevereiro","og_url":"https:\/\/www.fiemg.com.br\/regional-vale-do-paranaiba\/noticias\/com-alto-indice-de-empregabilidade-senai-mg-abre-matriculas-para-cursos-tecnicos-2026\/","og_site_name":"Regional Vale do Parana\u00edba","article_modified_time":"2025-12-01T19:17:22+00:00","og_image":[{"width":512,"height":512,"url":"https:\/\/www.fiemg.com.br\/regional-vale-do-paranaiba\/wp-content\/uploads\/sites\/24\/2025\/12\/EA004925D_SENAI_CURSOS_TECNICOS_PECAS_DIGITAIS_THUMB_NOTICIA.png","type":"image\/png"}],"twitter_card":"summary_large_image","twitter_misc":{"Est. tempo de leitura":"3 minutos"},"schema":{"@context":"https:\/\/schema.org","@graph":[{"@type":"WebPage","@id":"https:\/\/www.fiemg.com.br\/regional-vale-do-paranaiba\/noticias\/com-alto-indice-de-empregabilidade-senai-mg-abre-matriculas-para-cursos-tecnicos-2026\/","url":"https:\/\/www.fiemg.com.br\/regional-vale-do-paranaiba\/noticias\/com-alto-indice-de-empregabilidade-senai-mg-abre-matriculas-para-cursos-tecnicos-2026\/","name":"Com alto \u00edndice de empregabilidade, SENAI MG abre matr\u00edculas para cursos t\u00e9cnicos 2026 - Regional Vale do Parana\u00edba","isPartOf":{"@id":"https:\/\/www.fiemg.com.br\/regional-vale-do-paranaiba\/#website"},"primaryImageOfPage":{"@id":"https:\/\/www.fiemg.com.br\/regional-vale-do-paranaiba\/noticias\/com-alto-indice-de-empregabilidade-senai-mg-abre-matriculas-para-cursos-tecnicos-2026\/#primaryimage"},"image":{"@id":"https:\/\/www.fiemg.com.br\/regional-vale-do-paranaiba\/noticias\/com-alto-indice-de-empregabilidade-senai-mg-abre-matriculas-para-cursos-tecnicos-2026\/#primaryimage"},"thumbnailUrl":"https:\/\/www.fiemg.com.br\/regional-vale-do-paranaiba\/wp-content\/uploads\/sites\/24\/2025\/12\/EA004925D_SENAI_CURSOS_TECNICOS_PECAS_DIGITAIS_THUMB_NOTICIA.png","datePublished":"2025-12-01T18:51:23+00:00","dateModified":"2025-12-01T19:17:22+00:00","description":"Campanha oferece cursos em 40 unidades, com in\u00edcio das aulas em fevereiro","breadcrumb":{"@id":"https:\/\/www.fiemg.com.br\/regional-vale-do-paranaiba\/noticias\/com-alto-indice-de-empregabilidade-senai-mg-abre-matriculas-para-cursos-tecnicos-2026\/#breadcrumb"},"inLanguage":"pt-BR","potentialAction":[{"@type":"ReadAction","target":["https:\/\/www.fiemg.com.br\/regional-vale-do-paranaiba\/noticias\/com-alto-indice-de-empregabilidade-senai-mg-abre-matriculas-para-cursos-tecnicos-2026\/"]}]},{"@type":"ImageObject","inLanguage":"pt-BR","@id":"https:\/\/www.fiemg.com.br\/regional-vale-do-paranaiba\/noticias\/com-alto-indice-de-empregabilidade-senai-mg-abre-matriculas-para-cursos-tecnicos-2026\/#primaryimage","url":"https:\/\/www.fiemg.com.br\/regional-vale-do-paranaiba\/wp-content\/uploads\/sites\/24\/2025\/12\/EA004925D_SENAI_CURSOS_TECNICOS_PECAS_DIGITAIS_THUMB_NOTICIA.png","contentUrl":"https:\/\/www.fiemg.com.br\/regional-vale-do-paranaiba\/wp-content\/uploads\/sites\/24\/2025\/12\/EA004925D_SENAI_CURSOS_TECNICOS_PECAS_DIGITAIS_THUMB_NOTICIA.png","width":512,"height":512},{"@type":"BreadcrumbList","@id":"https:\/\/www.fiemg.com.br\/regional-vale-do-paranaiba\/noticias\/com-alto-indice-de-empregabilidade-senai-mg-abre-matriculas-para-cursos-tecnicos-2026\/#breadcrumb","itemListElement":[{"@type":"ListItem","position":1,"name":"In\u00edcio","item":"https:\/\/www.fiemg.com.br\/regional-vale-do-paranaiba\/"},{"@type":"ListItem","position":2,"name":"Com alto \u00edndice de empregabilidade, SENAI MG abre matr\u00edculas para cursos t\u00e9cnicos 2026"}]},{"@type":"WebSite","@id":"https:\/\/www.fiemg.com.br\/regional-vale-do-paranaiba\/#website","url":"https:\/\/www.fiemg.com.br\/regional-vale-do-paranaiba\/","name":"Regional Vale do Parana\u00edba","description":"Federa\u00e7\u00e3o das Ind\u00fastrias do Estado de Minas Gerais","publisher":{"@id":"https:\/\/www.fiemg.com.br\/regional-vale-do-paranaiba\/#organization"},"potentialAction":[{"@type":"SearchAction","target":{"@type":"EntryPoint","urlTemplate":"https:\/\/www.fiemg.com.br\/regional-vale-do-paranaiba\/?s={search_term_string}"},"query-input":{"@type":"PropertyValueSpecification","valueRequired":true,"valueName":"search_term_string"}}],"inLanguage":"pt-BR"},{"@type":"Organization","@id":"https:\/\/www.fiemg.com.br\/regional-vale-do-paranaiba\/#organization","name":"Regional Vale do Parana\u00edba","url":"https:\/\/www.fiemg.com.br\/regional-vale-do-paranaiba\/","logo":{"@type":"ImageObject","inLanguage":"pt-BR","@id":"https:\/\/www.fiemg.com.br\/regional-vale-do-paranaiba\/#\/schema\/logo\/image\/","url":"https:\/\/www.fiemg.com.br\/regional-vale-do-paranaiba\/wp-content\/uploads\/sites\/24\/2023\/02\/Ativo-1.png","contentUrl":"https:\/\/www.fiemg.com.br\/regional-vale-do-paranaiba\/wp-content\/uploads\/sites\/24\/2023\/02\/Ativo-1.png","width":563,"height":149,"caption":"Regional Vale do Parana\u00edba"},"image":{"@id":"https:\/\/www.fiemg.com.br\/regional-vale-do-paranaiba\/#\/schema\/logo\/image\/"}}]}},"_links":{"self":[{"href":"https:\/\/www.fiemg.com.br\/regional-vale-do-paranaiba\/wp-json\/wp\/v2\/noticias\/3234","targetHints":{"allow":["GET"]}}],"collection":[{"href":"https:\/\/www.fiemg.com.br\/regional-vale-do-paranaiba\/wp-json\/wp\/v2\/noticias"}],"about":[{"href":"https:\/\/www.fiemg.com.br\/regional-vale-do-paranaiba\/wp-json\/wp\/v2\/types\/noticias"}],"wp:featuredmedia":[{"embeddable":true,"href":"https:\/\/www.fiemg.com.br\/regional-vale-do-paranaiba\/wp-json\/wp\/v2\/media\/3235"}],"wp:attachment":[{"href":"https:\/\/www.fiemg.com.br\/regional-vale-do-paranaiba\/wp-json\/wp\/v2\/media?parent=3234"}],"wp:term":[{"taxonomy":"category","embeddable":true,"href":"https:\/\/www.fiemg.com.br\/regional-vale-do-paranaiba\/wp-json\/wp\/v2\/categories?post=3234"},{"taxonomy":"post_tag","embeddable":true,"href":"https:\/\/www.fiemg.com.br\/regional-vale-do-paranaiba\/wp-json\/wp\/v2\/tags?post=3234"}],"curies":[{"name":"wp","href":"https:\/\/api.w.org\/{rel}","templated":true}]}}