{"id":3437,"date":"2026-03-05T15:25:01","date_gmt":"2026-03-05T18:25:01","guid":{"rendered":"https:\/\/www.fiemg.com.br\/regional-vale-do-paranaiba\/?post_type=noticias&#038;p=3437"},"modified":"2026-03-05T15:25:05","modified_gmt":"2026-03-05T18:25:05","slug":"diretor-da-fiemg-regional-vale-do-paranaiba-mauro-cunha-promove-reuniao-na-prefeitura-de-araguari-para-apresentar-solucoes-e-parcerias-da-federacao","status":"publish","type":"noticias","link":"https:\/\/www.fiemg.com.br\/regional-vale-do-paranaiba\/noticias\/diretor-da-fiemg-regional-vale-do-paranaiba-mauro-cunha-promove-reuniao-na-prefeitura-de-araguari-para-apresentar-solucoes-e-parcerias-da-federacao\/","title":{"rendered":"Diretor da FIEMG Regional Vale do Parana\u00edba, Mauro Cunha, promove reuni\u00e3o na Prefeitura de Araguari para apresentar solu\u00e7\u00f5es e parcerias da Federa\u00e7\u00e3o"},"content":{"rendered":"\n<figure class=\"wp-block-image size-large\"><img fetchpriority=\"high\" decoding=\"async\" width=\"1024\" height=\"768\" src=\"https:\/\/www.fiemg.com.br\/regional-vale-do-paranaiba\/wp-content\/uploads\/sites\/24\/2026\/03\/WhatsApp-Image-2026-03-04-at-12.35.18-1024x768.jpeg\" alt=\"\" class=\"wp-image-3438\" srcset=\"https:\/\/www.fiemg.com.br\/regional-vale-do-paranaiba\/wp-content\/uploads\/sites\/24\/2026\/03\/WhatsApp-Image-2026-03-04-at-12.35.18-1024x768.jpeg 1024w, https:\/\/www.fiemg.com.br\/regional-vale-do-paranaiba\/wp-content\/uploads\/sites\/24\/2026\/03\/WhatsApp-Image-2026-03-04-at-12.35.18-300x225.jpeg 300w, https:\/\/www.fiemg.com.br\/regional-vale-do-paranaiba\/wp-content\/uploads\/sites\/24\/2026\/03\/WhatsApp-Image-2026-03-04-at-12.35.18-768x576.jpeg 768w, https:\/\/www.fiemg.com.br\/regional-vale-do-paranaiba\/wp-content\/uploads\/sites\/24\/2026\/03\/WhatsApp-Image-2026-03-04-at-12.35.18.jpeg 1280w\" sizes=\"(max-width: 1024px) 100vw, 1024px\" \/><\/figure>\n\n\n\n<p class=\"has-text-align-left\">Realizada na manh\u00e3 de ontem (4), a reuni\u00e3o contou com a presen\u00e7a do diretor da FIEMG Regional Vale do Parana\u00edba, Mauro Cunha, o vice prefeito Wesley Lucas, o secret\u00e1rio de governo Rafael Guedes e o supervisor t\u00e9cnico, Alexandre Oliveira.<\/p>\n\n\n\n<p class=\"has-text-align-left\">\u00a0O objetivo do encontro foi compartilhar com as lideran\u00e7as de Araguari os principais projetos que a Federa\u00e7\u00e3o oferece em prol n\u00e3o somente das ind\u00fastrias mas da sociedade em geral. Uma das iniciativas consideradas pioneiras e com muita ader\u00eancias nas empresas \u00e9 o \u201cRecriar\u201d, no qual a ind\u00fastria oferta bolsa de estudos para filhos de colaboradores no SESI, a maior rede de ensino privada no estado de Minas e refer\u00eancia em qualidade.<\/p>\n\n\n\n<p class=\"has-text-align-left\">\u00a0Foi tratado tamb\u00e9m durante a reuni\u00e3o, a elabora\u00e7\u00e3o de um evento no m\u00eas de abril, que vai reunir a classe produtiva araguarina para que os empres\u00e1rios possam conhecer detalhadamente o portfolio da FIEMG.<\/p>\n\n\n\n<p class=\"has-text-align-left\">De acordo com Mauro Cunha, nem toda empresa ou entidade conhece a grandeza da FIEMG, por isso a necessidade deste tipo de divulga\u00e7\u00e3o. \u201cN\u00f3s temos um portfolio muito extenso de produtos e solu\u00e7\u00f5es que hoje em dia n\u00e3o atendem somente a ind\u00fastria em si, mas a sociedade como um todo. E este evento que estamos organizando ter\u00e1 este papel, divulgar e compartilhar tudo o que a FIEMG pode oferecer aqui no Tri\u00e2ngulo Mineiro.\u201d<\/p>\n\n\n\n<p class=\"has-text-align-left\">Continue acompanhando as a\u00e7\u00f5es da chamada \u201cCidade Sorriso\u201d em @fiemgregionalvp<\/p>\n","protected":false},"featured_media":3439,"template":"","categories":[],"tags":[],"class_list":["post-3437","noticias","type-noticias","status-publish","has-post-thumbnail","hentry"],"acf":[],"yoast_head":"<!-- This site is optimized with the Yoast SEO plugin v26.2 - https:\/\/yoast.com\/wordpress\/plugins\/seo\/ -->\n<title>Diretor da FIEMG Regional Vale do Parana\u00edba, Mauro Cunha, promove reuni\u00e3o na Prefeitura de Araguari para apresentar solu\u00e7\u00f5es e parcerias da Federa\u00e7\u00e3o - Regional Vale do Parana\u00edba<\/title>\n<meta name=\"robots\" content=\"index, follow, max-snippet:-1, max-image-preview:large, max-video-preview:-1\" \/>\n<link rel=\"canonical\" href=\"https:\/\/www.fiemg.com.br\/regional-vale-do-paranaiba\/noticias\/diretor-da-fiemg-regional-vale-do-paranaiba-mauro-cunha-promove-reuniao-na-prefeitura-de-araguari-para-apresentar-solucoes-e-parcerias-da-federacao\/\" \/>\n<meta property=\"og:locale\" content=\"pt_BR\" \/>\n<meta property=\"og:type\" content=\"article\" \/>\n<meta property=\"og:title\" content=\"Diretor da FIEMG Regional Vale do Parana\u00edba, Mauro Cunha, promove reuni\u00e3o na Prefeitura de Araguari para apresentar solu\u00e7\u00f5es e parcerias da Federa\u00e7\u00e3o - Regional Vale do Parana\u00edba\" \/>\n<meta property=\"og:description\" content=\"Realizada na manh\u00e3 de ontem (4), a reuni\u00e3o contou com a presen\u00e7a do diretor da FIEMG Regional Vale do Parana\u00edba, Mauro Cunha, o vice prefeito Wesley Lucas, o secret\u00e1rio de governo Rafael Guedes e o supervisor t\u00e9cnico, Alexandre Oliveira. \u00a0O objetivo do encontro foi compartilhar com as lideran\u00e7as de Araguari os principais projetos que a [&hellip;]\" \/>\n<meta property=\"og:url\" content=\"https:\/\/www.fiemg.com.br\/regional-vale-do-paranaiba\/noticias\/diretor-da-fiemg-regional-vale-do-paranaiba-mauro-cunha-promove-reuniao-na-prefeitura-de-araguari-para-apresentar-solucoes-e-parcerias-da-federacao\/\" \/>\n<meta property=\"og:site_name\" content=\"Regional Vale do Parana\u00edba\" \/>\n<meta property=\"article:modified_time\" content=\"2026-03-05T18:25:05+00:00\" \/>\n<meta property=\"og:image\" content=\"https:\/\/www.fiemg.com.br\/regional-vale-do-paranaiba\/wp-content\/uploads\/sites\/24\/2026\/03\/WhatsApp-Image-2026-03-04-at-12.35.18-1.jpeg\" \/>\n\t<meta property=\"og:image:width\" content=\"1280\" \/>\n\t<meta property=\"og:image:height\" content=\"960\" \/>\n\t<meta property=\"og:image:type\" content=\"image\/jpeg\" \/>\n<meta name=\"twitter:card\" content=\"summary_large_image\" \/>\n<meta name=\"twitter:label1\" content=\"Est. tempo de leitura\" \/>\n\t<meta name=\"twitter:data1\" content=\"2 minutos\" \/>\n<script type=\"application\/ld+json\" class=\"yoast-schema-graph\">{\"@context\":\"https:\/\/schema.org\",\"@graph\":[{\"@type\":\"WebPage\",\"@id\":\"https:\/\/www.fiemg.com.br\/regional-vale-do-paranaiba\/noticias\/diretor-da-fiemg-regional-vale-do-paranaiba-mauro-cunha-promove-reuniao-na-prefeitura-de-araguari-para-apresentar-solucoes-e-parcerias-da-federacao\/\",\"url\":\"https:\/\/www.fiemg.com.br\/regional-vale-do-paranaiba\/noticias\/diretor-da-fiemg-regional-vale-do-paranaiba-mauro-cunha-promove-reuniao-na-prefeitura-de-araguari-para-apresentar-solucoes-e-parcerias-da-federacao\/\",\"name\":\"Diretor da FIEMG Regional Vale do Parana\u00edba, Mauro Cunha, promove reuni\u00e3o na Prefeitura de Araguari para apresentar solu\u00e7\u00f5es e parcerias da Federa\u00e7\u00e3o - Regional Vale do Parana\u00edba\",\"isPartOf\":{\"@id\":\"https:\/\/www.fiemg.com.br\/regional-vale-do-paranaiba\/#website\"},\"primaryImageOfPage\":{\"@id\":\"https:\/\/www.fiemg.com.br\/regional-vale-do-paranaiba\/noticias\/diretor-da-fiemg-regional-vale-do-paranaiba-mauro-cunha-promove-reuniao-na-prefeitura-de-araguari-para-apresentar-solucoes-e-parcerias-da-federacao\/#primaryimage\"},\"image\":{\"@id\":\"https:\/\/www.fiemg.com.br\/regional-vale-do-paranaiba\/noticias\/diretor-da-fiemg-regional-vale-do-paranaiba-mauro-cunha-promove-reuniao-na-prefeitura-de-araguari-para-apresentar-solucoes-e-parcerias-da-federacao\/#primaryimage\"},\"thumbnailUrl\":\"https:\/\/www.fiemg.com.br\/regional-vale-do-paranaiba\/wp-content\/uploads\/sites\/24\/2026\/03\/WhatsApp-Image-2026-03-04-at-12.35.18-1.jpeg\",\"datePublished\":\"2026-03-05T18:25:01+00:00\",\"dateModified\":\"2026-03-05T18:25:05+00:00\",\"breadcrumb\":{\"@id\":\"https:\/\/www.fiemg.com.br\/regional-vale-do-paranaiba\/noticias\/diretor-da-fiemg-regional-vale-do-paranaiba-mauro-cunha-promove-reuniao-na-prefeitura-de-araguari-para-apresentar-solucoes-e-parcerias-da-federacao\/#breadcrumb\"},\"inLanguage\":\"pt-BR\",\"potentialAction\":[{\"@type\":\"ReadAction\",\"target\":[\"https:\/\/www.fiemg.com.br\/regional-vale-do-paranaiba\/noticias\/diretor-da-fiemg-regional-vale-do-paranaiba-mauro-cunha-promove-reuniao-na-prefeitura-de-araguari-para-apresentar-solucoes-e-parcerias-da-federacao\/\"]}]},{\"@type\":\"ImageObject\",\"inLanguage\":\"pt-BR\",\"@id\":\"https:\/\/www.fiemg.com.br\/regional-vale-do-paranaiba\/noticias\/diretor-da-fiemg-regional-vale-do-paranaiba-mauro-cunha-promove-reuniao-na-prefeitura-de-araguari-para-apresentar-solucoes-e-parcerias-da-federacao\/#primaryimage\",\"url\":\"https:\/\/www.fiemg.com.br\/regional-vale-do-paranaiba\/wp-content\/uploads\/sites\/24\/2026\/03\/WhatsApp-Image-2026-03-04-at-12.35.18-1.jpeg\",\"contentUrl\":\"https:\/\/www.fiemg.com.br\/regional-vale-do-paranaiba\/wp-content\/uploads\/sites\/24\/2026\/03\/WhatsApp-Image-2026-03-04-at-12.35.18-1.jpeg\",\"width\":1280,\"height\":960},{\"@type\":\"BreadcrumbList\",\"@id\":\"https:\/\/www.fiemg.com.br\/regional-vale-do-paranaiba\/noticias\/diretor-da-fiemg-regional-vale-do-paranaiba-mauro-cunha-promove-reuniao-na-prefeitura-de-araguari-para-apresentar-solucoes-e-parcerias-da-federacao\/#breadcrumb\",\"itemListElement\":[{\"@type\":\"ListItem\",\"position\":1,\"name\":\"In\u00edcio\",\"item\":\"https:\/\/www.fiemg.com.br\/regional-vale-do-paranaiba\/\"},{\"@type\":\"ListItem\",\"position\":2,\"name\":\"Diretor da FIEMG Regional Vale do Parana\u00edba, Mauro Cunha, promove reuni\u00e3o na Prefeitura de Araguari para apresentar solu\u00e7\u00f5es e parcerias da Federa\u00e7\u00e3o\"}]},{\"@type\":\"WebSite\",\"@id\":\"https:\/\/www.fiemg.com.br\/regional-vale-do-paranaiba\/#website\",\"url\":\"https:\/\/www.fiemg.com.br\/regional-vale-do-paranaiba\/\",\"name\":\"Regional Vale do Parana\u00edba\",\"description\":\"Federa\u00e7\u00e3o das Ind\u00fastrias do Estado de Minas Gerais\",\"publisher\":{\"@id\":\"https:\/\/www.fiemg.com.br\/regional-vale-do-paranaiba\/#organization\"},\"potentialAction\":[{\"@type\":\"SearchAction\",\"target\":{\"@type\":\"EntryPoint\",\"urlTemplate\":\"https:\/\/www.fiemg.com.br\/regional-vale-do-paranaiba\/?s={search_term_string}\"},\"query-input\":{\"@type\":\"PropertyValueSpecification\",\"valueRequired\":true,\"valueName\":\"search_term_string\"}}],\"inLanguage\":\"pt-BR\"},{\"@type\":\"Organization\",\"@id\":\"https:\/\/www.fiemg.com.br\/regional-vale-do-paranaiba\/#organization\",\"name\":\"Regional Vale do Parana\u00edba\",\"url\":\"https:\/\/www.fiemg.com.br\/regional-vale-do-paranaiba\/\",\"logo\":{\"@type\":\"ImageObject\",\"inLanguage\":\"pt-BR\",\"@id\":\"https:\/\/www.fiemg.com.br\/regional-vale-do-paranaiba\/#\/schema\/logo\/image\/\",\"url\":\"https:\/\/www.fiemg.com.br\/regional-vale-do-paranaiba\/wp-content\/uploads\/sites\/24\/2023\/02\/Ativo-1.png\",\"contentUrl\":\"https:\/\/www.fiemg.com.br\/regional-vale-do-paranaiba\/wp-content\/uploads\/sites\/24\/2023\/02\/Ativo-1.png\",\"width\":563,\"height\":149,\"caption\":\"Regional Vale do Parana\u00edba\"},\"image\":{\"@id\":\"https:\/\/www.fiemg.com.br\/regional-vale-do-paranaiba\/#\/schema\/logo\/image\/\"}}]}<\/script>\n<!-- \/ Yoast SEO plugin. -->","yoast_head_json":{"title":"Diretor da FIEMG Regional Vale do Parana\u00edba, Mauro Cunha, promove reuni\u00e3o na Prefeitura de Araguari para apresentar solu\u00e7\u00f5es e parcerias da Federa\u00e7\u00e3o - Regional Vale do Parana\u00edba","robots":{"index":"index","follow":"follow","max-snippet":"max-snippet:-1","max-image-preview":"max-image-preview:large","max-video-preview":"max-video-preview:-1"},"canonical":"https:\/\/www.fiemg.com.br\/regional-vale-do-paranaiba\/noticias\/diretor-da-fiemg-regional-vale-do-paranaiba-mauro-cunha-promove-reuniao-na-prefeitura-de-araguari-para-apresentar-solucoes-e-parcerias-da-federacao\/","og_locale":"pt_BR","og_type":"article","og_title":"Diretor da FIEMG Regional Vale do Parana\u00edba, Mauro Cunha, promove reuni\u00e3o na Prefeitura de Araguari para apresentar solu\u00e7\u00f5es e parcerias da Federa\u00e7\u00e3o - Regional Vale do Parana\u00edba","og_description":"Realizada na manh\u00e3 de ontem (4), a reuni\u00e3o contou com a presen\u00e7a do diretor da FIEMG Regional Vale do Parana\u00edba, Mauro Cunha, o vice prefeito Wesley Lucas, o secret\u00e1rio de governo Rafael Guedes e o supervisor t\u00e9cnico, Alexandre Oliveira. \u00a0O objetivo do encontro foi compartilhar com as lideran\u00e7as de Araguari os principais projetos que a [&hellip;]","og_url":"https:\/\/www.fiemg.com.br\/regional-vale-do-paranaiba\/noticias\/diretor-da-fiemg-regional-vale-do-paranaiba-mauro-cunha-promove-reuniao-na-prefeitura-de-araguari-para-apresentar-solucoes-e-parcerias-da-federacao\/","og_site_name":"Regional Vale do Parana\u00edba","article_modified_time":"2026-03-05T18:25:05+00:00","og_image":[{"width":1280,"height":960,"url":"https:\/\/www.fiemg.com.br\/regional-vale-do-paranaiba\/wp-content\/uploads\/sites\/24\/2026\/03\/WhatsApp-Image-2026-03-04-at-12.35.18-1.jpeg","type":"image\/jpeg"}],"twitter_card":"summary_large_image","twitter_misc":{"Est. tempo de leitura":"2 minutos"},"schema":{"@context":"https:\/\/schema.org","@graph":[{"@type":"WebPage","@id":"https:\/\/www.fiemg.com.br\/regional-vale-do-paranaiba\/noticias\/diretor-da-fiemg-regional-vale-do-paranaiba-mauro-cunha-promove-reuniao-na-prefeitura-de-araguari-para-apresentar-solucoes-e-parcerias-da-federacao\/","url":"https:\/\/www.fiemg.com.br\/regional-vale-do-paranaiba\/noticias\/diretor-da-fiemg-regional-vale-do-paranaiba-mauro-cunha-promove-reuniao-na-prefeitura-de-araguari-para-apresentar-solucoes-e-parcerias-da-federacao\/","name":"Diretor da FIEMG Regional Vale do Parana\u00edba, Mauro Cunha, promove reuni\u00e3o na Prefeitura de Araguari para apresentar solu\u00e7\u00f5es e parcerias da Federa\u00e7\u00e3o - Regional Vale do Parana\u00edba","isPartOf":{"@id":"https:\/\/www.fiemg.com.br\/regional-vale-do-paranaiba\/#website"},"primaryImageOfPage":{"@id":"https:\/\/www.fiemg.com.br\/regional-vale-do-paranaiba\/noticias\/diretor-da-fiemg-regional-vale-do-paranaiba-mauro-cunha-promove-reuniao-na-prefeitura-de-araguari-para-apresentar-solucoes-e-parcerias-da-federacao\/#primaryimage"},"image":{"@id":"https:\/\/www.fiemg.com.br\/regional-vale-do-paranaiba\/noticias\/diretor-da-fiemg-regional-vale-do-paranaiba-mauro-cunha-promove-reuniao-na-prefeitura-de-araguari-para-apresentar-solucoes-e-parcerias-da-federacao\/#primaryimage"},"thumbnailUrl":"https:\/\/www.fiemg.com.br\/regional-vale-do-paranaiba\/wp-content\/uploads\/sites\/24\/2026\/03\/WhatsApp-Image-2026-03-04-at-12.35.18-1.jpeg","datePublished":"2026-03-05T18:25:01+00:00","dateModified":"2026-03-05T18:25:05+00:00","breadcrumb":{"@id":"https:\/\/www.fiemg.com.br\/regional-vale-do-paranaiba\/noticias\/diretor-da-fiemg-regional-vale-do-paranaiba-mauro-cunha-promove-reuniao-na-prefeitura-de-araguari-para-apresentar-solucoes-e-parcerias-da-federacao\/#breadcrumb"},"inLanguage":"pt-BR","potentialAction":[{"@type":"ReadAction","target":["https:\/\/www.fiemg.com.br\/regional-vale-do-paranaiba\/noticias\/diretor-da-fiemg-regional-vale-do-paranaiba-mauro-cunha-promove-reuniao-na-prefeitura-de-araguari-para-apresentar-solucoes-e-parcerias-da-federacao\/"]}]},{"@type":"ImageObject","inLanguage":"pt-BR","@id":"https:\/\/www.fiemg.com.br\/regional-vale-do-paranaiba\/noticias\/diretor-da-fiemg-regional-vale-do-paranaiba-mauro-cunha-promove-reuniao-na-prefeitura-de-araguari-para-apresentar-solucoes-e-parcerias-da-federacao\/#primaryimage","url":"https:\/\/www.fiemg.com.br\/regional-vale-do-paranaiba\/wp-content\/uploads\/sites\/24\/2026\/03\/WhatsApp-Image-2026-03-04-at-12.35.18-1.jpeg","contentUrl":"https:\/\/www.fiemg.com.br\/regional-vale-do-paranaiba\/wp-content\/uploads\/sites\/24\/2026\/03\/WhatsApp-Image-2026-03-04-at-12.35.18-1.jpeg","width":1280,"height":960},{"@type":"BreadcrumbList","@id":"https:\/\/www.fiemg.com.br\/regional-vale-do-paranaiba\/noticias\/diretor-da-fiemg-regional-vale-do-paranaiba-mauro-cunha-promove-reuniao-na-prefeitura-de-araguari-para-apresentar-solucoes-e-parcerias-da-federacao\/#breadcrumb","itemListElement":[{"@type":"ListItem","position":1,"name":"In\u00edcio","item":"https:\/\/www.fiemg.com.br\/regional-vale-do-paranaiba\/"},{"@type":"ListItem","position":2,"name":"Diretor da FIEMG Regional Vale do Parana\u00edba, Mauro Cunha, promove reuni\u00e3o na Prefeitura de Araguari para apresentar solu\u00e7\u00f5es e parcerias da Federa\u00e7\u00e3o"}]},{"@type":"WebSite","@id":"https:\/\/www.fiemg.com.br\/regional-vale-do-paranaiba\/#website","url":"https:\/\/www.fiemg.com.br\/regional-vale-do-paranaiba\/","name":"Regional Vale do Parana\u00edba","description":"Federa\u00e7\u00e3o das Ind\u00fastrias do Estado de Minas Gerais","publisher":{"@id":"https:\/\/www.fiemg.com.br\/regional-vale-do-paranaiba\/#organization"},"potentialAction":[{"@type":"SearchAction","target":{"@type":"EntryPoint","urlTemplate":"https:\/\/www.fiemg.com.br\/regional-vale-do-paranaiba\/?s={search_term_string}"},"query-input":{"@type":"PropertyValueSpecification","valueRequired":true,"valueName":"search_term_string"}}],"inLanguage":"pt-BR"},{"@type":"Organization","@id":"https:\/\/www.fiemg.com.br\/regional-vale-do-paranaiba\/#organization","name":"Regional Vale do Parana\u00edba","url":"https:\/\/www.fiemg.com.br\/regional-vale-do-paranaiba\/","logo":{"@type":"ImageObject","inLanguage":"pt-BR","@id":"https:\/\/www.fiemg.com.br\/regional-vale-do-paranaiba\/#\/schema\/logo\/image\/","url":"https:\/\/www.fiemg.com.br\/regional-vale-do-paranaiba\/wp-content\/uploads\/sites\/24\/2023\/02\/Ativo-1.png","contentUrl":"https:\/\/www.fiemg.com.br\/regional-vale-do-paranaiba\/wp-content\/uploads\/sites\/24\/2023\/02\/Ativo-1.png","width":563,"height":149,"caption":"Regional Vale do Parana\u00edba"},"image":{"@id":"https:\/\/www.fiemg.com.br\/regional-vale-do-paranaiba\/#\/schema\/logo\/image\/"}}]}},"_links":{"self":[{"href":"https:\/\/www.fiemg.com.br\/regional-vale-do-paranaiba\/wp-json\/wp\/v2\/noticias\/3437","targetHints":{"allow":["GET"]}}],"collection":[{"href":"https:\/\/www.fiemg.com.br\/regional-vale-do-paranaiba\/wp-json\/wp\/v2\/noticias"}],"about":[{"href":"https:\/\/www.fiemg.com.br\/regional-vale-do-paranaiba\/wp-json\/wp\/v2\/types\/noticias"}],"wp:featuredmedia":[{"embeddable":true,"href":"https:\/\/www.fiemg.com.br\/regional-vale-do-paranaiba\/wp-json\/wp\/v2\/media\/3439"}],"wp:attachment":[{"href":"https:\/\/www.fiemg.com.br\/regional-vale-do-paranaiba\/wp-json\/wp\/v2\/media?parent=3437"}],"wp:term":[{"taxonomy":"category","embeddable":true,"href":"https:\/\/www.fiemg.com.br\/regional-vale-do-paranaiba\/wp-json\/wp\/v2\/categories?post=3437"},{"taxonomy":"post_tag","embeddable":true,"href":"https:\/\/www.fiemg.com.br\/regional-vale-do-paranaiba\/wp-json\/wp\/v2\/tags?post=3437"}],"curies":[{"name":"wp","href":"https:\/\/api.w.org\/{rel}","templated":true}]}}