{"id":3456,"date":"2026-03-11T12:32:11","date_gmt":"2026-03-11T15:32:11","guid":{"rendered":"https:\/\/www.fiemg.com.br\/regional-vale-do-paranaiba\/?post_type=noticias&#038;p=3456"},"modified":"2026-03-11T12:33:03","modified_gmt":"2026-03-11T15:33:03","slug":"empresarios-do-setor-grafico-de-uberlandia-se-unem-para-reativacao-do-sindgraf-sindicato-intermunicipal-ind-graficas-de-uberlandia","status":"publish","type":"noticias","link":"https:\/\/www.fiemg.com.br\/regional-vale-do-paranaiba\/noticias\/empresarios-do-setor-grafico-de-uberlandia-se-unem-para-reativacao-do-sindgraf-sindicato-intermunicipal-ind-graficas-de-uberlandia\/","title":{"rendered":"Empres\u00e1rios do setor gr\u00e1fico de Uberl\u00e2ndia se unem para reativa\u00e7\u00e3o do Sindgraf (Sindicato Intermunicipal Ind. Gr\u00e1ficas de Uberl\u00e2ndia)"},"content":{"rendered":"\n<figure class=\"wp-block-image size-large\"><img fetchpriority=\"high\" decoding=\"async\" width=\"1024\" height=\"576\" src=\"https:\/\/www.fiemg.com.br\/regional-vale-do-paranaiba\/wp-content\/uploads\/sites\/24\/2026\/03\/WhatsApp-Image-2026-03-11-at-12.12.10-8-1024x576.jpeg\" alt=\"\" class=\"wp-image-3459\" srcset=\"https:\/\/www.fiemg.com.br\/regional-vale-do-paranaiba\/wp-content\/uploads\/sites\/24\/2026\/03\/WhatsApp-Image-2026-03-11-at-12.12.10-8-1024x576.jpeg 1024w, https:\/\/www.fiemg.com.br\/regional-vale-do-paranaiba\/wp-content\/uploads\/sites\/24\/2026\/03\/WhatsApp-Image-2026-03-11-at-12.12.10-8-300x169.jpeg 300w, https:\/\/www.fiemg.com.br\/regional-vale-do-paranaiba\/wp-content\/uploads\/sites\/24\/2026\/03\/WhatsApp-Image-2026-03-11-at-12.12.10-8-768x432.jpeg 768w, https:\/\/www.fiemg.com.br\/regional-vale-do-paranaiba\/wp-content\/uploads\/sites\/24\/2026\/03\/WhatsApp-Image-2026-03-11-at-12.12.10-8-1536x864.jpeg 1536w, https:\/\/www.fiemg.com.br\/regional-vale-do-paranaiba\/wp-content\/uploads\/sites\/24\/2026\/03\/WhatsApp-Image-2026-03-11-at-12.12.10-8.jpeg 1600w\" sizes=\"(max-width: 1024px) 100vw, 1024px\" \/><\/figure>\n\n\n\n<p>Foi realizada na tarde de ontem (10) na Sede do SENAI Dr. Celso Charulli em Uberl\u00e2ndia uma reuni\u00e3o com empres\u00e1rios do setor gr\u00e1fico com o objetivo de reativar o Sindgraf (Sindicato Intermunicipal Ind. Gr\u00e1ficas de Uberl\u00e2ndia).<\/p>\n\n\n\n<p>O Sindicato que foi fundado em 1989 estava com dificuldades de manter as movimenta\u00e7\u00f5es oficiais desde 2020. O encontro foi idealizado pelo atual presidente D\u00e9cio das Gra\u00e7as, juntamente com o analista de rela\u00e7\u00f5es empresariais da FIEMG Regional Vale do Parana\u00edba, M\u00e1rio S\u00e9rgio Pires.<\/p>\n\n\n\n<p>Participaram do encontro o diretor da gr\u00e1fica C\u00f4rtes, Emerson C\u00f4rtes; o diretor da Sincopel localizada na cidade de Araguari, Luciano Siqueira, a empres\u00e1ria Eliane das Gra\u00e7as, o supervisor t\u00e9cnico do SENAI, Marcos Jos\u00e9, o analista de tecnologias Marden da Silva, e a analista de comunica\u00e7\u00e3o da FIEMG Regional, Ariane Bocamino.<\/p>\n\n\n\n<p>Ficou acordado entre os presentes, a abordagem com os demais empres\u00e1rios do setor, a fim de convid\u00e1-los para retornarem para o Sindicato, destacando os benef\u00edcios ofertados, em especial a representatividade que s\u00f3 o sindicato empresarial pode oferecer.<\/p>\n\n\n\n<p>Luciano Siqueira frisou que o Sindgraf na d\u00e9cada de 90 foi um dos respons\u00e1veis por trazer a FIEMG Regional para a cidade de Uberl\u00e2ndia. \u201cO sindicato era muito ativo; t\u00ednhamos tanta representatividade que nossas demandas e projetos, auxiliaram na tomada de decis\u00e3o para que fosse criada em Uberl\u00e2ndia uma Regional da FIEMG. Aos poucos vamos conseguir trazer novamente os associados bem como a atua\u00e7\u00e3o do Sindicato.\u201d<\/p>\n\n\n\n<p>O presidente do Sindgraf, D\u00e9cio das Gra\u00e7as, destacou que s\u00e3o muitos os desafios em especial devido ao avan\u00e7o da tecnologia, mas que \u00e9 poss\u00edvel esta retomada em especial com o apoio da FIEMG. \u201cA FIEMG est\u00e1 \u00e0 disposi\u00e7\u00e3o para este movimento o que nos deixa mais otimista, com solu\u00e7\u00f5es em cr\u00e9dito, meio ambiente, comunica\u00e7\u00e3o. Tudo isso cria um cen\u00e1rio mais favor\u00e1vel para o retorno ativo do Sindicato.\u201d<\/p>\n\n\n\n<p>Acompanhe as demais iniciativas do Sindigraf em @fiemgregionalvaledoparanaiba<\/p>\n","protected":false},"featured_media":3460,"template":"","categories":[],"tags":[],"class_list":["post-3456","noticias","type-noticias","status-publish","has-post-thumbnail","hentry"],"acf":[],"yoast_head":"<!-- This site is optimized with the Yoast SEO plugin v26.2 - https:\/\/yoast.com\/wordpress\/plugins\/seo\/ -->\n<title>Empres\u00e1rios do setor gr\u00e1fico de Uberl\u00e2ndia se unem para reativa\u00e7\u00e3o do Sindgraf (Sindicato Intermunicipal Ind. Gr\u00e1ficas de Uberl\u00e2ndia) - Regional Vale do Parana\u00edba<\/title>\n<meta name=\"robots\" content=\"index, follow, max-snippet:-1, max-image-preview:large, max-video-preview:-1\" \/>\n<link rel=\"canonical\" href=\"https:\/\/www.fiemg.com.br\/regional-vale-do-paranaiba\/noticias\/empresarios-do-setor-grafico-de-uberlandia-se-unem-para-reativacao-do-sindgraf-sindicato-intermunicipal-ind-graficas-de-uberlandia\/\" \/>\n<meta property=\"og:locale\" content=\"pt_BR\" \/>\n<meta property=\"og:type\" content=\"article\" \/>\n<meta property=\"og:title\" content=\"Empres\u00e1rios do setor gr\u00e1fico de Uberl\u00e2ndia se unem para reativa\u00e7\u00e3o do Sindgraf (Sindicato Intermunicipal Ind. Gr\u00e1ficas de Uberl\u00e2ndia) - Regional Vale do Parana\u00edba\" \/>\n<meta property=\"og:description\" content=\"Foi realizada na tarde de ontem (10) na Sede do SENAI Dr. Celso Charulli em Uberl\u00e2ndia uma reuni\u00e3o com empres\u00e1rios do setor gr\u00e1fico com o objetivo de reativar o Sindgraf (Sindicato Intermunicipal Ind. Gr\u00e1ficas de Uberl\u00e2ndia). O Sindicato que foi fundado em 1989 estava com dificuldades de manter as movimenta\u00e7\u00f5es oficiais desde 2020. O encontro [&hellip;]\" \/>\n<meta property=\"og:url\" content=\"https:\/\/www.fiemg.com.br\/regional-vale-do-paranaiba\/noticias\/empresarios-do-setor-grafico-de-uberlandia-se-unem-para-reativacao-do-sindgraf-sindicato-intermunicipal-ind-graficas-de-uberlandia\/\" \/>\n<meta property=\"og:site_name\" content=\"Regional Vale do Parana\u00edba\" \/>\n<meta property=\"article:modified_time\" content=\"2026-03-11T15:33:03+00:00\" \/>\n<meta property=\"og:image\" content=\"https:\/\/www.fiemg.com.br\/regional-vale-do-paranaiba\/wp-content\/uploads\/sites\/24\/2026\/03\/WhatsApp-Image-2026-03-11-at-12.12.10-9.jpeg\" \/>\n\t<meta property=\"og:image:width\" content=\"1600\" \/>\n\t<meta property=\"og:image:height\" content=\"900\" \/>\n\t<meta property=\"og:image:type\" content=\"image\/jpeg\" \/>\n<meta name=\"twitter:card\" content=\"summary_large_image\" \/>\n<meta name=\"twitter:label1\" content=\"Est. tempo de leitura\" \/>\n\t<meta name=\"twitter:data1\" content=\"3 minutos\" \/>\n<script type=\"application\/ld+json\" class=\"yoast-schema-graph\">{\"@context\":\"https:\/\/schema.org\",\"@graph\":[{\"@type\":\"WebPage\",\"@id\":\"https:\/\/www.fiemg.com.br\/regional-vale-do-paranaiba\/noticias\/empresarios-do-setor-grafico-de-uberlandia-se-unem-para-reativacao-do-sindgraf-sindicato-intermunicipal-ind-graficas-de-uberlandia\/\",\"url\":\"https:\/\/www.fiemg.com.br\/regional-vale-do-paranaiba\/noticias\/empresarios-do-setor-grafico-de-uberlandia-se-unem-para-reativacao-do-sindgraf-sindicato-intermunicipal-ind-graficas-de-uberlandia\/\",\"name\":\"Empres\u00e1rios do setor gr\u00e1fico de Uberl\u00e2ndia se unem para reativa\u00e7\u00e3o do Sindgraf (Sindicato Intermunicipal Ind. Gr\u00e1ficas de Uberl\u00e2ndia) - Regional Vale do Parana\u00edba\",\"isPartOf\":{\"@id\":\"https:\/\/www.fiemg.com.br\/regional-vale-do-paranaiba\/#website\"},\"primaryImageOfPage\":{\"@id\":\"https:\/\/www.fiemg.com.br\/regional-vale-do-paranaiba\/noticias\/empresarios-do-setor-grafico-de-uberlandia-se-unem-para-reativacao-do-sindgraf-sindicato-intermunicipal-ind-graficas-de-uberlandia\/#primaryimage\"},\"image\":{\"@id\":\"https:\/\/www.fiemg.com.br\/regional-vale-do-paranaiba\/noticias\/empresarios-do-setor-grafico-de-uberlandia-se-unem-para-reativacao-do-sindgraf-sindicato-intermunicipal-ind-graficas-de-uberlandia\/#primaryimage\"},\"thumbnailUrl\":\"https:\/\/www.fiemg.com.br\/regional-vale-do-paranaiba\/wp-content\/uploads\/sites\/24\/2026\/03\/WhatsApp-Image-2026-03-11-at-12.12.10-9.jpeg\",\"datePublished\":\"2026-03-11T15:32:11+00:00\",\"dateModified\":\"2026-03-11T15:33:03+00:00\",\"breadcrumb\":{\"@id\":\"https:\/\/www.fiemg.com.br\/regional-vale-do-paranaiba\/noticias\/empresarios-do-setor-grafico-de-uberlandia-se-unem-para-reativacao-do-sindgraf-sindicato-intermunicipal-ind-graficas-de-uberlandia\/#breadcrumb\"},\"inLanguage\":\"pt-BR\",\"potentialAction\":[{\"@type\":\"ReadAction\",\"target\":[\"https:\/\/www.fiemg.com.br\/regional-vale-do-paranaiba\/noticias\/empresarios-do-setor-grafico-de-uberlandia-se-unem-para-reativacao-do-sindgraf-sindicato-intermunicipal-ind-graficas-de-uberlandia\/\"]}]},{\"@type\":\"ImageObject\",\"inLanguage\":\"pt-BR\",\"@id\":\"https:\/\/www.fiemg.com.br\/regional-vale-do-paranaiba\/noticias\/empresarios-do-setor-grafico-de-uberlandia-se-unem-para-reativacao-do-sindgraf-sindicato-intermunicipal-ind-graficas-de-uberlandia\/#primaryimage\",\"url\":\"https:\/\/www.fiemg.com.br\/regional-vale-do-paranaiba\/wp-content\/uploads\/sites\/24\/2026\/03\/WhatsApp-Image-2026-03-11-at-12.12.10-9.jpeg\",\"contentUrl\":\"https:\/\/www.fiemg.com.br\/regional-vale-do-paranaiba\/wp-content\/uploads\/sites\/24\/2026\/03\/WhatsApp-Image-2026-03-11-at-12.12.10-9.jpeg\",\"width\":1600,\"height\":900},{\"@type\":\"BreadcrumbList\",\"@id\":\"https:\/\/www.fiemg.com.br\/regional-vale-do-paranaiba\/noticias\/empresarios-do-setor-grafico-de-uberlandia-se-unem-para-reativacao-do-sindgraf-sindicato-intermunicipal-ind-graficas-de-uberlandia\/#breadcrumb\",\"itemListElement\":[{\"@type\":\"ListItem\",\"position\":1,\"name\":\"In\u00edcio\",\"item\":\"https:\/\/www.fiemg.com.br\/regional-vale-do-paranaiba\/\"},{\"@type\":\"ListItem\",\"position\":2,\"name\":\"Empres\u00e1rios do setor gr\u00e1fico de Uberl\u00e2ndia se unem para reativa\u00e7\u00e3o do Sindgraf (Sindicato Intermunicipal Ind. Gr\u00e1ficas de Uberl\u00e2ndia)\"}]},{\"@type\":\"WebSite\",\"@id\":\"https:\/\/www.fiemg.com.br\/regional-vale-do-paranaiba\/#website\",\"url\":\"https:\/\/www.fiemg.com.br\/regional-vale-do-paranaiba\/\",\"name\":\"Regional Vale do Parana\u00edba\",\"description\":\"Federa\u00e7\u00e3o das Ind\u00fastrias do Estado de Minas Gerais\",\"publisher\":{\"@id\":\"https:\/\/www.fiemg.com.br\/regional-vale-do-paranaiba\/#organization\"},\"potentialAction\":[{\"@type\":\"SearchAction\",\"target\":{\"@type\":\"EntryPoint\",\"urlTemplate\":\"https:\/\/www.fiemg.com.br\/regional-vale-do-paranaiba\/?s={search_term_string}\"},\"query-input\":{\"@type\":\"PropertyValueSpecification\",\"valueRequired\":true,\"valueName\":\"search_term_string\"}}],\"inLanguage\":\"pt-BR\"},{\"@type\":\"Organization\",\"@id\":\"https:\/\/www.fiemg.com.br\/regional-vale-do-paranaiba\/#organization\",\"name\":\"Regional Vale do Parana\u00edba\",\"url\":\"https:\/\/www.fiemg.com.br\/regional-vale-do-paranaiba\/\",\"logo\":{\"@type\":\"ImageObject\",\"inLanguage\":\"pt-BR\",\"@id\":\"https:\/\/www.fiemg.com.br\/regional-vale-do-paranaiba\/#\/schema\/logo\/image\/\",\"url\":\"https:\/\/www.fiemg.com.br\/regional-vale-do-paranaiba\/wp-content\/uploads\/sites\/24\/2023\/02\/Ativo-1.png\",\"contentUrl\":\"https:\/\/www.fiemg.com.br\/regional-vale-do-paranaiba\/wp-content\/uploads\/sites\/24\/2023\/02\/Ativo-1.png\",\"width\":563,\"height\":149,\"caption\":\"Regional Vale do Parana\u00edba\"},\"image\":{\"@id\":\"https:\/\/www.fiemg.com.br\/regional-vale-do-paranaiba\/#\/schema\/logo\/image\/\"}}]}<\/script>\n<!-- \/ Yoast SEO plugin. -->","yoast_head_json":{"title":"Empres\u00e1rios do setor gr\u00e1fico de Uberl\u00e2ndia se unem para reativa\u00e7\u00e3o do Sindgraf (Sindicato Intermunicipal Ind. Gr\u00e1ficas de Uberl\u00e2ndia) - Regional Vale do Parana\u00edba","robots":{"index":"index","follow":"follow","max-snippet":"max-snippet:-1","max-image-preview":"max-image-preview:large","max-video-preview":"max-video-preview:-1"},"canonical":"https:\/\/www.fiemg.com.br\/regional-vale-do-paranaiba\/noticias\/empresarios-do-setor-grafico-de-uberlandia-se-unem-para-reativacao-do-sindgraf-sindicato-intermunicipal-ind-graficas-de-uberlandia\/","og_locale":"pt_BR","og_type":"article","og_title":"Empres\u00e1rios do setor gr\u00e1fico de Uberl\u00e2ndia se unem para reativa\u00e7\u00e3o do Sindgraf (Sindicato Intermunicipal Ind. Gr\u00e1ficas de Uberl\u00e2ndia) - Regional Vale do Parana\u00edba","og_description":"Foi realizada na tarde de ontem (10) na Sede do SENAI Dr. Celso Charulli em Uberl\u00e2ndia uma reuni\u00e3o com empres\u00e1rios do setor gr\u00e1fico com o objetivo de reativar o Sindgraf (Sindicato Intermunicipal Ind. Gr\u00e1ficas de Uberl\u00e2ndia). O Sindicato que foi fundado em 1989 estava com dificuldades de manter as movimenta\u00e7\u00f5es oficiais desde 2020. O encontro [&hellip;]","og_url":"https:\/\/www.fiemg.com.br\/regional-vale-do-paranaiba\/noticias\/empresarios-do-setor-grafico-de-uberlandia-se-unem-para-reativacao-do-sindgraf-sindicato-intermunicipal-ind-graficas-de-uberlandia\/","og_site_name":"Regional Vale do Parana\u00edba","article_modified_time":"2026-03-11T15:33:03+00:00","og_image":[{"width":1600,"height":900,"url":"https:\/\/www.fiemg.com.br\/regional-vale-do-paranaiba\/wp-content\/uploads\/sites\/24\/2026\/03\/WhatsApp-Image-2026-03-11-at-12.12.10-9.jpeg","type":"image\/jpeg"}],"twitter_card":"summary_large_image","twitter_misc":{"Est. tempo de leitura":"3 minutos"},"schema":{"@context":"https:\/\/schema.org","@graph":[{"@type":"WebPage","@id":"https:\/\/www.fiemg.com.br\/regional-vale-do-paranaiba\/noticias\/empresarios-do-setor-grafico-de-uberlandia-se-unem-para-reativacao-do-sindgraf-sindicato-intermunicipal-ind-graficas-de-uberlandia\/","url":"https:\/\/www.fiemg.com.br\/regional-vale-do-paranaiba\/noticias\/empresarios-do-setor-grafico-de-uberlandia-se-unem-para-reativacao-do-sindgraf-sindicato-intermunicipal-ind-graficas-de-uberlandia\/","name":"Empres\u00e1rios do setor gr\u00e1fico de Uberl\u00e2ndia se unem para reativa\u00e7\u00e3o do Sindgraf (Sindicato Intermunicipal Ind. Gr\u00e1ficas de Uberl\u00e2ndia) - Regional Vale do Parana\u00edba","isPartOf":{"@id":"https:\/\/www.fiemg.com.br\/regional-vale-do-paranaiba\/#website"},"primaryImageOfPage":{"@id":"https:\/\/www.fiemg.com.br\/regional-vale-do-paranaiba\/noticias\/empresarios-do-setor-grafico-de-uberlandia-se-unem-para-reativacao-do-sindgraf-sindicato-intermunicipal-ind-graficas-de-uberlandia\/#primaryimage"},"image":{"@id":"https:\/\/www.fiemg.com.br\/regional-vale-do-paranaiba\/noticias\/empresarios-do-setor-grafico-de-uberlandia-se-unem-para-reativacao-do-sindgraf-sindicato-intermunicipal-ind-graficas-de-uberlandia\/#primaryimage"},"thumbnailUrl":"https:\/\/www.fiemg.com.br\/regional-vale-do-paranaiba\/wp-content\/uploads\/sites\/24\/2026\/03\/WhatsApp-Image-2026-03-11-at-12.12.10-9.jpeg","datePublished":"2026-03-11T15:32:11+00:00","dateModified":"2026-03-11T15:33:03+00:00","breadcrumb":{"@id":"https:\/\/www.fiemg.com.br\/regional-vale-do-paranaiba\/noticias\/empresarios-do-setor-grafico-de-uberlandia-se-unem-para-reativacao-do-sindgraf-sindicato-intermunicipal-ind-graficas-de-uberlandia\/#breadcrumb"},"inLanguage":"pt-BR","potentialAction":[{"@type":"ReadAction","target":["https:\/\/www.fiemg.com.br\/regional-vale-do-paranaiba\/noticias\/empresarios-do-setor-grafico-de-uberlandia-se-unem-para-reativacao-do-sindgraf-sindicato-intermunicipal-ind-graficas-de-uberlandia\/"]}]},{"@type":"ImageObject","inLanguage":"pt-BR","@id":"https:\/\/www.fiemg.com.br\/regional-vale-do-paranaiba\/noticias\/empresarios-do-setor-grafico-de-uberlandia-se-unem-para-reativacao-do-sindgraf-sindicato-intermunicipal-ind-graficas-de-uberlandia\/#primaryimage","url":"https:\/\/www.fiemg.com.br\/regional-vale-do-paranaiba\/wp-content\/uploads\/sites\/24\/2026\/03\/WhatsApp-Image-2026-03-11-at-12.12.10-9.jpeg","contentUrl":"https:\/\/www.fiemg.com.br\/regional-vale-do-paranaiba\/wp-content\/uploads\/sites\/24\/2026\/03\/WhatsApp-Image-2026-03-11-at-12.12.10-9.jpeg","width":1600,"height":900},{"@type":"BreadcrumbList","@id":"https:\/\/www.fiemg.com.br\/regional-vale-do-paranaiba\/noticias\/empresarios-do-setor-grafico-de-uberlandia-se-unem-para-reativacao-do-sindgraf-sindicato-intermunicipal-ind-graficas-de-uberlandia\/#breadcrumb","itemListElement":[{"@type":"ListItem","position":1,"name":"In\u00edcio","item":"https:\/\/www.fiemg.com.br\/regional-vale-do-paranaiba\/"},{"@type":"ListItem","position":2,"name":"Empres\u00e1rios do setor gr\u00e1fico de Uberl\u00e2ndia se unem para reativa\u00e7\u00e3o do Sindgraf (Sindicato Intermunicipal Ind. Gr\u00e1ficas de Uberl\u00e2ndia)"}]},{"@type":"WebSite","@id":"https:\/\/www.fiemg.com.br\/regional-vale-do-paranaiba\/#website","url":"https:\/\/www.fiemg.com.br\/regional-vale-do-paranaiba\/","name":"Regional Vale do Parana\u00edba","description":"Federa\u00e7\u00e3o das Ind\u00fastrias do Estado de Minas Gerais","publisher":{"@id":"https:\/\/www.fiemg.com.br\/regional-vale-do-paranaiba\/#organization"},"potentialAction":[{"@type":"SearchAction","target":{"@type":"EntryPoint","urlTemplate":"https:\/\/www.fiemg.com.br\/regional-vale-do-paranaiba\/?s={search_term_string}"},"query-input":{"@type":"PropertyValueSpecification","valueRequired":true,"valueName":"search_term_string"}}],"inLanguage":"pt-BR"},{"@type":"Organization","@id":"https:\/\/www.fiemg.com.br\/regional-vale-do-paranaiba\/#organization","name":"Regional Vale do Parana\u00edba","url":"https:\/\/www.fiemg.com.br\/regional-vale-do-paranaiba\/","logo":{"@type":"ImageObject","inLanguage":"pt-BR","@id":"https:\/\/www.fiemg.com.br\/regional-vale-do-paranaiba\/#\/schema\/logo\/image\/","url":"https:\/\/www.fiemg.com.br\/regional-vale-do-paranaiba\/wp-content\/uploads\/sites\/24\/2023\/02\/Ativo-1.png","contentUrl":"https:\/\/www.fiemg.com.br\/regional-vale-do-paranaiba\/wp-content\/uploads\/sites\/24\/2023\/02\/Ativo-1.png","width":563,"height":149,"caption":"Regional Vale do Parana\u00edba"},"image":{"@id":"https:\/\/www.fiemg.com.br\/regional-vale-do-paranaiba\/#\/schema\/logo\/image\/"}}]}},"_links":{"self":[{"href":"https:\/\/www.fiemg.com.br\/regional-vale-do-paranaiba\/wp-json\/wp\/v2\/noticias\/3456","targetHints":{"allow":["GET"]}}],"collection":[{"href":"https:\/\/www.fiemg.com.br\/regional-vale-do-paranaiba\/wp-json\/wp\/v2\/noticias"}],"about":[{"href":"https:\/\/www.fiemg.com.br\/regional-vale-do-paranaiba\/wp-json\/wp\/v2\/types\/noticias"}],"wp:featuredmedia":[{"embeddable":true,"href":"https:\/\/www.fiemg.com.br\/regional-vale-do-paranaiba\/wp-json\/wp\/v2\/media\/3460"}],"wp:attachment":[{"href":"https:\/\/www.fiemg.com.br\/regional-vale-do-paranaiba\/wp-json\/wp\/v2\/media?parent=3456"}],"wp:term":[{"taxonomy":"category","embeddable":true,"href":"https:\/\/www.fiemg.com.br\/regional-vale-do-paranaiba\/wp-json\/wp\/v2\/categories?post=3456"},{"taxonomy":"post_tag","embeddable":true,"href":"https:\/\/www.fiemg.com.br\/regional-vale-do-paranaiba\/wp-json\/wp\/v2\/tags?post=3456"}],"curies":[{"name":"wp","href":"https:\/\/api.w.org\/{rel}","templated":true}]}}